{"id":51564,"date":"2023-07-02T18:47:44","date_gmt":"2023-07-02T21:47:44","guid":{"rendered":"http:\/\/lahoradelcampo.com.uy\/site\/?p=51564"},"modified":"2023-07-02T18:48:19","modified_gmt":"2023-07-02T21:48:19","slug":"recomendaciones-del-sul-para-planificar-el-manejo-del-ovino-en-julio","status":"publish","type":"post","link":"https:\/\/lahoradelcampo.com.uy\/site\/recomendaciones-del-sul-para-planificar-el-manejo-del-ovino-en-julio\/","title":{"rendered":"Recomendaciones del SUL; para planificar el manejo del ovino en julio"},"content":{"rendered":"\n<figure class=\"wp-block-image size-full\"><a href=\"https:\/\/i0.wp.com\/lahoradelcampo.com.uy\/site\/wp-content\/uploads\/2023\/07\/SUL-Ovinos.jpg\"><img data-recalc-dims=\"1\" loading=\"lazy\" decoding=\"async\" width=\"810\" height=\"405\" data-attachment-id=\"51566\" data-permalink=\"https:\/\/lahoradelcampo.com.uy\/site\/recomendaciones-del-sul-para-planificar-el-manejo-del-ovino-en-julio\/sul-ovinos\/\" data-orig-file=\"https:\/\/i0.wp.com\/lahoradelcampo.com.uy\/site\/wp-content\/uploads\/2023\/07\/SUL-Ovinos.jpg?fit=880%2C440&amp;ssl=1\" data-orig-size=\"880,440\" data-comments-opened=\"1\" data-image-meta=\"{&quot;aperture&quot;:&quot;0&quot;,&quot;credit&quot;:&quot;&quot;,&quot;camera&quot;:&quot;&quot;,&quot;caption&quot;:&quot;&quot;,&quot;created_timestamp&quot;:&quot;0&quot;,&quot;copyright&quot;:&quot;&quot;,&quot;focal_length&quot;:&quot;0&quot;,&quot;iso&quot;:&quot;0&quot;,&quot;shutter_speed&quot;:&quot;0&quot;,&quot;title&quot;:&quot;&quot;,&quot;orientation&quot;:&quot;1&quot;}\" data-image-title=\"SUL-Ovinos\" data-image-description=\"\" data-image-caption=\"\" data-large-file=\"https:\/\/i0.wp.com\/lahoradelcampo.com.uy\/site\/wp-content\/uploads\/2023\/07\/SUL-Ovinos.jpg?fit=810%2C405&amp;ssl=1\" src=\"https:\/\/i0.wp.com\/lahoradelcampo.com.uy\/site\/wp-content\/uploads\/2023\/07\/SUL-Ovinos.jpg?resize=810%2C405\" alt=\"\" class=\"wp-image-51566\" srcset=\"https:\/\/i0.wp.com\/lahoradelcampo.com.uy\/site\/wp-content\/uploads\/2023\/07\/SUL-Ovinos.jpg?w=880&amp;ssl=1 880w, https:\/\/i0.wp.com\/lahoradelcampo.com.uy\/site\/wp-content\/uploads\/2023\/07\/SUL-Ovinos.jpg?resize=300%2C150&amp;ssl=1 300w, https:\/\/i0.wp.com\/lahoradelcampo.com.uy\/site\/wp-content\/uploads\/2023\/07\/SUL-Ovinos.jpg?resize=768%2C384&amp;ssl=1 768w, https:\/\/i0.wp.com\/lahoradelcampo.com.uy\/site\/wp-content\/uploads\/2023\/07\/SUL-Ovinos.jpg?resize=820%2C410&amp;ssl=1 820w\" sizes=\"auto, (max-width: 810px) 100vw, 810px\" \/><\/a><\/figure>\n\n\n\n<p>El Secretariado Uruguayo de la Lana (SUL) ha compartido una serie de recomendaciones t\u00e9cnicas para el manejo adecuado de ovejas durante el mes de julio. Estas directrices buscan optimizar la salud y el rendimiento de los animales, asegurando una producci\u00f3n exitosa en el sector ovino.<\/p>\n\n\n\n<p>Una de las recomendaciones clave es coordinar la realizaci\u00f3n de ecograf\u00edas entre 70 y 100 d\u00edas despu\u00e9s del inicio del servicio, o entre 30 y 60 d\u00edas despu\u00e9s de retirar a los carneros. Esto permite obtener informaci\u00f3n precisa sobre la gestaci\u00f3n y tomar las medidas necesarias en cuanto a alimentaci\u00f3n y cuidados.<\/p>\n\n\n\n<p>En el aspecto alimenticio, se hace hincapi\u00e9 en mejorar la nutrici\u00f3n de las ovejas con baja condici\u00f3n corporal, es decir, aquellas que presentan un \u00edndice menor a 3, as\u00ed como de las ovejas que esperan gestar mellizos. Se recomienda ofrecer pasturas y\/o granos como suplemento.<\/p>\n\n\n\n<p>En caso de ser necesario, se sugiere planificar la suplementaci\u00f3n de la majada al menos 30 d\u00edas antes del parto, utilizando raciones o granos enteros como ma\u00edz, sorgo o afrechillos. Es importante asegurarse de que las ovejas sepan consumir estos alimentos, o en su defecto, ense\u00f1arles con anticipaci\u00f3n suficiente.<\/p>\n\n\n\n<p>La esquila preparto tambi\u00e9n es un punto destacado en estas recomendaciones. Se recomienda realizarla al menos 30 d\u00edas antes del inicio del parto, permitiendo as\u00ed una limpieza exhaustiva de puntas quemadas en las hembras. Adem\u00e1s, este es el momento ideal para llevar a cabo un tratamiento contra los piojos.<\/p>\n\n\n\n<p>Para proteger a las ovejas despu\u00e9s de la esquila, se aconseja el uso de implementos como el peine Beyuan, capas y encierros. En caso de haber utilizado capas, es importante retirarlas antes de que comience el parto.<\/p>\n\n\n\n<p>Por \u00faltimo, se hace hincapi\u00e9 en la importancia de realizar una dosificaci\u00f3n efectiva contra los par\u00e1sitos gastrointestinales y la vacunaci\u00f3n contra la clostridiosis entre 30 y 15 d\u00edas antes del inicio del parto, para asegurar la salud de las ovejas y los corderos.<\/p>\n\n\n\n<p>Salto, 2 de julio de 2023<\/p>\n","protected":false},"excerpt":{"rendered":"<p>El Secretariado Uruguayo de la Lana (SUL) ha compartido una serie de recomendaciones t\u00e9cnicas para el manejo adecuado de ovejas durante el mes de julio. Estas directrices buscan optimizar la [&hellip;]<\/p>\n","protected":false},"author":5,"featured_media":51566,"comment_status":"open","ping_status":"open","sticky":false,"template":"","format":"standard","meta":{"_price":"","_stock":"","_tribe_ticket_header":"","_tribe_default_ticket_provider":"","_tribe_ticket_capacity":"0","_ticket_start_date":"","_ticket_end_date":"","_tribe_ticket_show_description":"","_tribe_ticket_show_not_going":false,"_tribe_ticket_use_global_stock":"","_tribe_ticket_global_stock_level":"","_global_stock_mode":"","_global_stock_cap":"","_tribe_rsvp_for_event":"","_tribe_ticket_going_count":"","_tribe_ticket_not_going_count":"","_tribe_tickets_list":"[]","_tribe_ticket_has_attendee_info_fields":false,"h5ap_radio_sources":[],"_jetpack_newsletter_access":"","_jetpack_dont_email_post_to_subs":false,"_jetpack_newsletter_tier_id":0,"_jetpack_memberships_contains_paywalled_content":false,"_jetpack_memberships_contains_paid_content":false,"footnotes":""},"categories":[21,13],"tags":[],"class_list":["post-51564","post","type-post","status-publish","format-standard","has-post-thumbnail","hentry","category-actualidad","category-ovinos"],"jetpack_featured_media_url":"https:\/\/i0.wp.com\/lahoradelcampo.com.uy\/site\/wp-content\/uploads\/2023\/07\/SUL-Ovinos.jpg?fit=880%2C440&ssl=1","jetpack_sharing_enabled":true,"jetpack_shortlink":"https:\/\/wp.me\/p99IaT-dpG","jetpack-related-posts":[{"id":50869,"url":"https:\/\/lahoradelcampo.com.uy\/site\/sul-junio-un-mes-clave-para-preparar-la-proxima-paricion-en-el-ovino\/","url_meta":{"origin":51564,"position":0},"title":"SUL: Junio, un mes clave para preparar la pr\u00f3xima parici\u00f3n en el ovino","author":"La Hora del Campo","date":"30 mayo, 2023","format":false,"excerpt":"El Secretariado Uruguayo de la Lana (SUL) ha emitido una serie de recomendaciones t\u00e9cnicas para el adecuado manejo del ovino durante el mes de junio. Estas pautas buscan optimizar la producci\u00f3n y el cuidado de las ovejas, garantizar su bienestar y preparar el predio y la majada para la pr\u00f3xima\u2026","rel":"","context":"En \u00abActualidad\u00bb","block_context":{"text":"Actualidad","link":"https:\/\/lahoradelcampo.com.uy\/site\/category\/actualidad\/"},"img":{"alt_text":"","src":"https:\/\/i0.wp.com\/lahoradelcampo.com.uy\/site\/wp-content\/uploads\/2023\/03\/Ovejas-ovinosSUL.jpg?fit=880%2C440&ssl=1&resize=350%2C200","width":350,"height":200,"srcset":"https:\/\/i0.wp.com\/lahoradelcampo.com.uy\/site\/wp-content\/uploads\/2023\/03\/Ovejas-ovinosSUL.jpg?fit=880%2C440&ssl=1&resize=350%2C200 1x, https:\/\/i0.wp.com\/lahoradelcampo.com.uy\/site\/wp-content\/uploads\/2023\/03\/Ovejas-ovinosSUL.jpg?fit=880%2C440&ssl=1&resize=525%2C300 1.5x, https:\/\/i0.wp.com\/lahoradelcampo.com.uy\/site\/wp-content\/uploads\/2023\/03\/Ovejas-ovinosSUL.jpg?fit=880%2C440&ssl=1&resize=700%2C400 2x"},"classes":[]},{"id":54114,"url":"https:\/\/lahoradelcampo.com.uy\/site\/recomendaciones-para-preparar-las-majadas-para-la-paricion\/","url_meta":{"origin":51564,"position":1},"title":"Recomendaciones para preparar las majadas para la parici\u00f3n","author":"La Hora del Campo","date":"31 julio, 2024","format":false,"excerpt":"El Secretariado Uruguayo de la Lana ha emitido una serie de recomendaciones t\u00e9cnicas para el manejo adecuado del ovino durante el mes de agosto, enfocadas en optimizar la salud y el bienestar de las majadas en el preparto. Una de las principales sugerencias es realizar la esquila preparto al menos\u2026","rel":"","context":"En \u00abActualidad\u00bb","block_context":{"text":"Actualidad","link":"https:\/\/lahoradelcampo.com.uy\/site\/category\/actualidad\/"},"img":{"alt_text":"","src":"https:\/\/i0.wp.com\/lahoradelcampo.com.uy\/site\/wp-content\/uploads\/2024\/07\/Ovino-corderos-1.jpg?fit=880%2C440&ssl=1&resize=350%2C200","width":350,"height":200,"srcset":"https:\/\/i0.wp.com\/lahoradelcampo.com.uy\/site\/wp-content\/uploads\/2024\/07\/Ovino-corderos-1.jpg?fit=880%2C440&ssl=1&resize=350%2C200 1x, https:\/\/i0.wp.com\/lahoradelcampo.com.uy\/site\/wp-content\/uploads\/2024\/07\/Ovino-corderos-1.jpg?fit=880%2C440&ssl=1&resize=525%2C300 1.5x, https:\/\/i0.wp.com\/lahoradelcampo.com.uy\/site\/wp-content\/uploads\/2024\/07\/Ovino-corderos-1.jpg?fit=880%2C440&ssl=1&resize=700%2C400 2x"},"classes":[]},{"id":55014,"url":"https:\/\/lahoradelcampo.com.uy\/site\/recomendaciones-para-el-manejo-de-los-corderos-hasta-el-destete\/","url_meta":{"origin":51564,"position":2},"title":"Recomendaciones para el manejo de los corderos hasta el destete","author":"La Hora del Campo","date":"4 noviembre, 2024","format":false,"excerpt":"Con la llegada de los meses de verano, el Secretariado Uruguayo de la Lana (SUL) ha emitido una serie de recomendaciones t\u00e9cnicas clave para los productores ovinos, orientadas a mejorar la salud y productividad de sus animales. Durante noviembre, diciembre y enero, el SUL sugiere realizar un manejo espec\u00edfico en\u2026","rel":"","context":"En \u00abActualidad\u00bb","block_context":{"text":"Actualidad","link":"https:\/\/lahoradelcampo.com.uy\/site\/category\/actualidad\/"},"img":{"alt_text":"","src":"https:\/\/i0.wp.com\/lahoradelcampo.com.uy\/site\/wp-content\/uploads\/2024\/11\/Ovinos-corderos-ovejas.jpg?fit=880%2C440&ssl=1&resize=350%2C200","width":350,"height":200,"srcset":"https:\/\/i0.wp.com\/lahoradelcampo.com.uy\/site\/wp-content\/uploads\/2024\/11\/Ovinos-corderos-ovejas.jpg?fit=880%2C440&ssl=1&resize=350%2C200 1x, https:\/\/i0.wp.com\/lahoradelcampo.com.uy\/site\/wp-content\/uploads\/2024\/11\/Ovinos-corderos-ovejas.jpg?fit=880%2C440&ssl=1&resize=525%2C300 1.5x, https:\/\/i0.wp.com\/lahoradelcampo.com.uy\/site\/wp-content\/uploads\/2024\/11\/Ovinos-corderos-ovejas.jpg?fit=880%2C440&ssl=1&resize=700%2C400 2x"},"classes":[]},{"id":53231,"url":"https:\/\/lahoradelcampo.com.uy\/site\/sul-emitio-recomendaciones-para-una-primavera-verano-lluviosos\/","url_meta":{"origin":51564,"position":3},"title":"SUL emiti\u00f3 recomendaciones para una primavera \u2013 verano lluviosos","author":"La Hora del Campo","date":"30 noviembre, 2023","format":false,"excerpt":"El equipo t\u00e9cnico de SUL ha compartido una serie de medidas sanitarias cruciales para asegurar la salud y el rendimiento \u00f3ptimo de los ovinos durante los periodos lluviosos y de temperaturas elevadas, factores que pueden impactar significativamente en la producci\u00f3n y el bienestar animal. En una cartilla t\u00e9cnica elaborada por\u2026","rel":"","context":"En \u00abActualidad\u00bb","block_context":{"text":"Actualidad","link":"https:\/\/lahoradelcampo.com.uy\/site\/category\/actualidad\/"},"img":{"alt_text":"","src":"https:\/\/i0.wp.com\/lahoradelcampo.com.uy\/site\/wp-content\/uploads\/2023\/11\/Ovinos23.jpg?fit=880%2C440&ssl=1&resize=350%2C200","width":350,"height":200,"srcset":"https:\/\/i0.wp.com\/lahoradelcampo.com.uy\/site\/wp-content\/uploads\/2023\/11\/Ovinos23.jpg?fit=880%2C440&ssl=1&resize=350%2C200 1x, https:\/\/i0.wp.com\/lahoradelcampo.com.uy\/site\/wp-content\/uploads\/2023\/11\/Ovinos23.jpg?fit=880%2C440&ssl=1&resize=525%2C300 1.5x, https:\/\/i0.wp.com\/lahoradelcampo.com.uy\/site\/wp-content\/uploads\/2023\/11\/Ovinos23.jpg?fit=880%2C440&ssl=1&resize=700%2C400 2x"},"classes":[]},{"id":39803,"url":"https:\/\/lahoradelcampo.com.uy\/site\/recomendaciones-para-el-manejo-de-la-majada-en-marzo-abril-y-mayo\/","url_meta":{"origin":51564,"position":4},"title":"Recomendaciones para el manejo de la majada en marzo, abril y mayo","author":"La Hora del Campo","date":"12 marzo, 2022","format":false,"excerpt":"El Secretariado Uruguayo de la Lana brind\u00f3 recomendaciones para el manejo de la majada en los meses de marzo, abril y mayo. En este sentido se indica que es necesario aclarar que esta \u00e9poca de servicio es para el norte y en Basalto. En suelos arenosos del noreste y de\u2026","rel":"","context":"En \u00abActualidad\u00bb","block_context":{"text":"Actualidad","link":"https:\/\/lahoradelcampo.com.uy\/site\/category\/actualidad\/"},"img":{"alt_text":"","src":"https:\/\/i0.wp.com\/lahoradelcampo.com.uy\/site\/wp-content\/uploads\/2019\/11\/ovinos-b.jpg?fit=880%2C440&ssl=1&resize=350%2C200","width":350,"height":200,"srcset":"https:\/\/i0.wp.com\/lahoradelcampo.com.uy\/site\/wp-content\/uploads\/2019\/11\/ovinos-b.jpg?fit=880%2C440&ssl=1&resize=350%2C200 1x, https:\/\/i0.wp.com\/lahoradelcampo.com.uy\/site\/wp-content\/uploads\/2019\/11\/ovinos-b.jpg?fit=880%2C440&ssl=1&resize=525%2C300 1.5x, https:\/\/i0.wp.com\/lahoradelcampo.com.uy\/site\/wp-content\/uploads\/2019\/11\/ovinos-b.jpg?fit=880%2C440&ssl=1&resize=700%2C400 2x"},"classes":[]},{"id":43557,"url":"https:\/\/lahoradelcampo.com.uy\/site\/es-momento-de-controlar-las-parasitosis-internas-en-el-preparto-ovino\/","url_meta":{"origin":51564,"position":5},"title":"Es momento de controlar las parasitosis internas en el preparto ovino","author":"La Hora del Campo","date":"6 julio, 2022","format":false,"excerpt":"La sanidad en el pre-parto de los ovinos, conjuntamente con la esquila y el manejo nutricional diferencial, es fundamental para lograr una mayor sobrevida de los corderos. Es un momento importante para controlar la carga parasitaria de las ovejas, para ello se deben usar productos que no presenten resistencia. Adem\u00e1s\u2026","rel":"","context":"En \u00abActualidad\u00bb","block_context":{"text":"Actualidad","link":"https:\/\/lahoradelcampo.com.uy\/site\/category\/actualidad\/"},"img":{"alt_text":"","src":"https:\/\/i0.wp.com\/lahoradelcampo.com.uy\/site\/wp-content\/uploads\/2022\/05\/Biogenesis-Mederos.jpg?fit=880%2C440&ssl=1&resize=350%2C200","width":350,"height":200,"srcset":"https:\/\/i0.wp.com\/lahoradelcampo.com.uy\/site\/wp-content\/uploads\/2022\/05\/Biogenesis-Mederos.jpg?fit=880%2C440&ssl=1&resize=350%2C200 1x, https:\/\/i0.wp.com\/lahoradelcampo.com.uy\/site\/wp-content\/uploads\/2022\/05\/Biogenesis-Mederos.jpg?fit=880%2C440&ssl=1&resize=525%2C300 1.5x, https:\/\/i0.wp.com\/lahoradelcampo.com.uy\/site\/wp-content\/uploads\/2022\/05\/Biogenesis-Mederos.jpg?fit=880%2C440&ssl=1&resize=700%2C400 2x"},"classes":[]}],"jetpack_likes_enabled":true,"_links":{"self":[{"href":"https:\/\/lahoradelcampo.com.uy\/site\/wp-json\/wp\/v2\/posts\/51564","targetHints":{"allow":["GET"]}}],"collection":[{"href":"https:\/\/lahoradelcampo.com.uy\/site\/wp-json\/wp\/v2\/posts"}],"about":[{"href":"https:\/\/lahoradelcampo.com.uy\/site\/wp-json\/wp\/v2\/types\/post"}],"author":[{"embeddable":true,"href":"https:\/\/lahoradelcampo.com.uy\/site\/wp-json\/wp\/v2\/users\/5"}],"replies":[{"embeddable":true,"href":"https:\/\/lahoradelcampo.com.uy\/site\/wp-json\/wp\/v2\/comments?post=51564"}],"version-history":[{"count":1,"href":"https:\/\/lahoradelcampo.com.uy\/site\/wp-json\/wp\/v2\/posts\/51564\/revisions"}],"predecessor-version":[{"id":51568,"href":"https:\/\/lahoradelcampo.com.uy\/site\/wp-json\/wp\/v2\/posts\/51564\/revisions\/51568"}],"wp:featuredmedia":[{"embeddable":true,"href":"https:\/\/lahoradelcampo.com.uy\/site\/wp-json\/wp\/v2\/media\/51566"}],"wp:attachment":[{"href":"https:\/\/lahoradelcampo.com.uy\/site\/wp-json\/wp\/v2\/media?parent=51564"}],"wp:term":[{"taxonomy":"category","embeddable":true,"href":"https:\/\/lahoradelcampo.com.uy\/site\/wp-json\/wp\/v2\/categories?post=51564"},{"taxonomy":"post_tag","embeddable":true,"href":"https:\/\/lahoradelcampo.com.uy\/site\/wp-json\/wp\/v2\/tags?post=51564"}],"curies":[{"name":"wp","href":"https:\/\/api.w.org\/{rel}","templated":true}]}}