{"id":51533,"date":"2023-06-29T07:51:57","date_gmt":"2023-06-29T10:51:57","guid":{"rendered":"http:\/\/lahoradelcampo.com.uy\/site\/?p=51533"},"modified":"2023-06-29T07:52:56","modified_gmt":"2023-06-29T10:52:56","slug":"indarte-y-cia-concreto-exitosa-licitacion-de-arrendamiento-de-campo-en-salto","status":"publish","type":"post","link":"https:\/\/lahoradelcampo.com.uy\/site\/indarte-y-cia-concreto-exitosa-licitacion-de-arrendamiento-de-campo-en-salto\/","title":{"rendered":"Indarte y C\u00eda. concret\u00f3 exitosa licitaci\u00f3n de arrendamiento de campo en Salto"},"content":{"rendered":"\n<figure class=\"wp-block-image size-full\"><a href=\"https:\/\/i0.wp.com\/lahoradelcampo.com.uy\/site\/wp-content\/uploads\/2023\/06\/Indarte-licitacion.jpg\"><img data-recalc-dims=\"1\" loading=\"lazy\" decoding=\"async\" width=\"810\" height=\"405\" data-attachment-id=\"51535\" data-permalink=\"https:\/\/lahoradelcampo.com.uy\/site\/indarte-y-cia-concreto-exitosa-licitacion-de-arrendamiento-de-campo-en-salto\/indarte-licitacion-2\/\" data-orig-file=\"https:\/\/i0.wp.com\/lahoradelcampo.com.uy\/site\/wp-content\/uploads\/2023\/06\/Indarte-licitacion.jpg?fit=880%2C440&amp;ssl=1\" data-orig-size=\"880,440\" data-comments-opened=\"1\" data-image-meta=\"{&quot;aperture&quot;:&quot;0&quot;,&quot;credit&quot;:&quot;&quot;,&quot;camera&quot;:&quot;&quot;,&quot;caption&quot;:&quot;&quot;,&quot;created_timestamp&quot;:&quot;0&quot;,&quot;copyright&quot;:&quot;&quot;,&quot;focal_length&quot;:&quot;0&quot;,&quot;iso&quot;:&quot;0&quot;,&quot;shutter_speed&quot;:&quot;0&quot;,&quot;title&quot;:&quot;&quot;,&quot;orientation&quot;:&quot;1&quot;}\" data-image-title=\"Indarte licitacion\" data-image-description=\"\" data-image-caption=\"\" data-large-file=\"https:\/\/i0.wp.com\/lahoradelcampo.com.uy\/site\/wp-content\/uploads\/2023\/06\/Indarte-licitacion.jpg?fit=810%2C405&amp;ssl=1\" src=\"https:\/\/i0.wp.com\/lahoradelcampo.com.uy\/site\/wp-content\/uploads\/2023\/06\/Indarte-licitacion.jpg?resize=810%2C405\" alt=\"\" class=\"wp-image-51535\" srcset=\"https:\/\/i0.wp.com\/lahoradelcampo.com.uy\/site\/wp-content\/uploads\/2023\/06\/Indarte-licitacion.jpg?w=880&amp;ssl=1 880w, https:\/\/i0.wp.com\/lahoradelcampo.com.uy\/site\/wp-content\/uploads\/2023\/06\/Indarte-licitacion.jpg?resize=300%2C150&amp;ssl=1 300w, https:\/\/i0.wp.com\/lahoradelcampo.com.uy\/site\/wp-content\/uploads\/2023\/06\/Indarte-licitacion.jpg?resize=768%2C384&amp;ssl=1 768w, https:\/\/i0.wp.com\/lahoradelcampo.com.uy\/site\/wp-content\/uploads\/2023\/06\/Indarte-licitacion.jpg?resize=820%2C410&amp;ssl=1 820w\" sizes=\"auto, (max-width: 810px) 100vw, 810px\" \/><\/a><\/figure>\n\n\n\n<p>La firma Indarte y C\u00eda. llev\u00f3 a cabo la licitaci\u00f3n de arrendamiento de un campo en la zona de Puntas de Valent\u00edn, en el departamento de Salto. El ingeniero agr\u00f3nomo Fernando Indarte Gianoni, director de la compa\u00f1\u00eda, destac\u00f3 que el campo de 2.413 hect\u00e1reas fue arrendado al mejor postor, quien ofreci\u00f3 46 kilos de novillo, tomando como referencia los valores publicados por la Asociaci\u00f3n de Consignatarios de Ganado (ACG) para arrendamientos.<\/p>\n\n\n\n<p>En la licitaci\u00f3n se presentaron varias ofertas similares, oscilando entre 44 y 43,6 kilos de novillo. Adem\u00e1s, se recibi\u00f3 una oferta de 42 kilos, la cual inclu\u00eda el pago adelantado de dos a\u00f1os. El inter\u00e9s generado por la oportunidad de arrendamiento fue evidente, ya que se entregaron carpetas informativas a m\u00e1s de 80 personas. Esto demuestra la demanda existente en el mercado, donde los clientes buscan campos para arrendar con el objetivo de expandir sus negocios o iniciar nuevos proyectos.<\/p>\n\n\n\n<p>El director de Indarte y C\u00eda. resalt\u00f3 la atractiva ubicaci\u00f3n del campo, pero tambi\u00e9n mencion\u00f3 la importancia de tener en cuenta el volumen de animales necesarios para trabajar m\u00e1s de 2.400 hect\u00e1reas. El arrendamiento implica el pago de la renta y la necesidad de poblar el campo, lo que requiere un capital considerable.<\/p>\n\n\n\n<p>En cuanto al valor de la licitaci\u00f3n, el Ing. Indarte se\u00f1al\u00f3 que las referencias habituales para campos similares oscilan entre 40 y 45 kilos de novillo. Considera que es fundamental que los precios se ajusten al mercado, evitando tanto valores excesivamente altos como demasiado bajos, ya que esto no resulta beneficioso para ninguna de las partes involucradas.<\/p>\n\n\n\n<p>En relaci\u00f3n a la participaci\u00f3n en la licitaci\u00f3n, el director de la firma destac\u00f3 que todos los participantes fueron productores uruguayos conocidos en el \u00e1mbito ganadero. <\/p>\n\n\n\n<p>Salto, 29 de junio de 2023<\/p>\n","protected":false},"excerpt":{"rendered":"<p>La firma Indarte y C\u00eda. llev\u00f3 a cabo la licitaci\u00f3n de arrendamiento de un campo en la zona de Puntas de Valent\u00edn, en el departamento de Salto. El ingeniero agr\u00f3nomo [&hellip;]<\/p>\n","protected":false},"author":5,"featured_media":51535,"comment_status":"open","ping_status":"open","sticky":false,"template":"","format":"standard","meta":{"_price":"","_stock":"","_tribe_ticket_header":"","_tribe_default_ticket_provider":"","_tribe_ticket_capacity":"0","_ticket_start_date":"","_ticket_end_date":"","_tribe_ticket_show_description":"","_tribe_ticket_show_not_going":false,"_tribe_ticket_use_global_stock":"","_tribe_ticket_global_stock_level":"","_global_stock_mode":"","_global_stock_cap":"","_tribe_rsvp_for_event":"","_tribe_ticket_going_count":"","_tribe_ticket_not_going_count":"","_tribe_tickets_list":"[]","_tribe_ticket_has_attendee_info_fields":false,"h5ap_radio_sources":[],"_jetpack_newsletter_access":"","_jetpack_dont_email_post_to_subs":false,"_jetpack_newsletter_tier_id":0,"_jetpack_memberships_contains_paywalled_content":false,"_jetpack_memberships_contains_paid_content":false,"footnotes":""},"categories":[21,5],"tags":[],"class_list":["post-51533","post","type-post","status-publish","format-standard","has-post-thumbnail","hentry","category-actualidad","category-ganaderia"],"jetpack_featured_media_url":"https:\/\/i0.wp.com\/lahoradelcampo.com.uy\/site\/wp-content\/uploads\/2023\/06\/Indarte-licitacion.jpg?fit=880%2C440&ssl=1","jetpack_sharing_enabled":true,"jetpack_shortlink":"https:\/\/wp.me\/p99IaT-dpb","jetpack-related-posts":[{"id":50020,"url":"https:\/\/lahoradelcampo.com.uy\/site\/indarte-cia-abre-licitacion-para-el-arrendamiento-de-dos-campos-en-salto\/","url_meta":{"origin":51533,"position":0},"title":"Indarte &#038; C\u00eda abre licitaci\u00f3n para el arrendamiento de dos campos en Salto","author":"La Hora del Campo","date":"17 abril, 2023","format":false,"excerpt":"El escritorio Indarte & C\u00eda anunci\u00f3 la apertura de una licitaci\u00f3n para el arrendamiento de dos campos ubicados en la zona de Paso Herrer\u00eda, departamento de Salto. Los campos, que son independientes, cuentan con \u00edndices Coneat 83 y 54, y tienen un \u00e1rea de 1.446 y 1.186 hect\u00e1reas respectivamente. Seg\u00fan\u2026","rel":"","context":"En \u00abActualidad\u00bb","block_context":{"text":"Actualidad","link":"https:\/\/lahoradelcampo.com.uy\/site\/category\/actualidad\/"},"img":{"alt_text":"","src":"https:\/\/i0.wp.com\/lahoradelcampo.com.uy\/site\/wp-content\/uploads\/2022\/11\/campos.jpg?fit=880%2C440&ssl=1&resize=350%2C200","width":350,"height":200,"srcset":"https:\/\/i0.wp.com\/lahoradelcampo.com.uy\/site\/wp-content\/uploads\/2022\/11\/campos.jpg?fit=880%2C440&ssl=1&resize=350%2C200 1x, https:\/\/i0.wp.com\/lahoradelcampo.com.uy\/site\/wp-content\/uploads\/2022\/11\/campos.jpg?fit=880%2C440&ssl=1&resize=525%2C300 1.5x, https:\/\/i0.wp.com\/lahoradelcampo.com.uy\/site\/wp-content\/uploads\/2022\/11\/campos.jpg?fit=880%2C440&ssl=1&resize=700%2C400 2x"},"classes":[]},{"id":53904,"url":"https:\/\/lahoradelcampo.com.uy\/site\/indarte-cerro-licitacion-de-campo-en-paysandu-a-us-75-la-hectarea\/","url_meta":{"origin":51533,"position":1},"title":"Indarte cerr\u00f3 licitaci\u00f3n de campo en Paysand\u00fa a US$ 75 la hect\u00e1rea","author":"La Hora del Campo","date":"24 mayo, 2024","format":false,"excerpt":"La firma Indarte & C\u00eda. realiz\u00f3 al cierre de la pasada semana, en su sucursal Salto, la apertura de sobres de una licitaci\u00f3n de un campo ganadero la zona de Cuchilla del Fuego en Paysand\u00fa. El establecimiento \"La Nueva\", perteneciente a Laura Pesce, es un campo criador de basalto, con\u2026","rel":"","context":"En \u00abActualidad\u00bb","block_context":{"text":"Actualidad","link":"https:\/\/lahoradelcampo.com.uy\/site\/category\/actualidad\/"},"img":{"alt_text":"","src":"https:\/\/i0.wp.com\/lahoradelcampo.com.uy\/site\/wp-content\/uploads\/2024\/05\/indarte-arrendamiento.jpg?fit=880%2C440&ssl=1&resize=350%2C200","width":350,"height":200,"srcset":"https:\/\/i0.wp.com\/lahoradelcampo.com.uy\/site\/wp-content\/uploads\/2024\/05\/indarte-arrendamiento.jpg?fit=880%2C440&ssl=1&resize=350%2C200 1x, https:\/\/i0.wp.com\/lahoradelcampo.com.uy\/site\/wp-content\/uploads\/2024\/05\/indarte-arrendamiento.jpg?fit=880%2C440&ssl=1&resize=525%2C300 1.5x, https:\/\/i0.wp.com\/lahoradelcampo.com.uy\/site\/wp-content\/uploads\/2024\/05\/indarte-arrendamiento.jpg?fit=880%2C440&ssl=1&resize=700%2C400 2x"},"classes":[]},{"id":50098,"url":"https:\/\/lahoradelcampo.com.uy\/site\/indarte-cia-recibe-mas-de-30-ofertas-en-licitacion-de-campos-en-salto\/","url_meta":{"origin":51533,"position":2},"title":"Indarte &#038; C\u00eda recibe m\u00e1s de 30 ofertas en licitaci\u00f3n de campos en Salto","author":"La Hora del Campo","date":"19 abril, 2023","format":false,"excerpt":"M\u00e1s de treinta ofertas fueron presentadas en la apertura de la licitaci\u00f3n para el arrendamiento de dos campos ganaderos en la zona de Paso Herrer\u00eda, Salto, realizada por la firma Indarte & C\u00eda el pasado martes 18 de abril. Dicha apertura de sobres cont\u00f3 con la presencia de los principales\u2026","rel":"","context":"En \u00abActualidad\u00bb","block_context":{"text":"Actualidad","link":"https:\/\/lahoradelcampo.com.uy\/site\/category\/actualidad\/"},"img":{"alt_text":"","src":"https:\/\/i0.wp.com\/lahoradelcampo.com.uy\/site\/wp-content\/uploads\/2023\/04\/Indarte-licitacion.jpg?fit=880%2C440&ssl=1&resize=350%2C200","width":350,"height":200,"srcset":"https:\/\/i0.wp.com\/lahoradelcampo.com.uy\/site\/wp-content\/uploads\/2023\/04\/Indarte-licitacion.jpg?fit=880%2C440&ssl=1&resize=350%2C200 1x, https:\/\/i0.wp.com\/lahoradelcampo.com.uy\/site\/wp-content\/uploads\/2023\/04\/Indarte-licitacion.jpg?fit=880%2C440&ssl=1&resize=525%2C300 1.5x, https:\/\/i0.wp.com\/lahoradelcampo.com.uy\/site\/wp-content\/uploads\/2023\/04\/Indarte-licitacion.jpg?fit=880%2C440&ssl=1&resize=700%2C400 2x"},"classes":[]},{"id":48455,"url":"https:\/\/lahoradelcampo.com.uy\/site\/indarte-cia-con-buena-oferta-en-plaza-rural\/","url_meta":{"origin":51533,"position":3},"title":"Indarte &#038; C\u00eda, con buena  oferta en Plaza Rural","author":"La Hora del Campo","date":"31 enero, 2023","format":false,"excerpt":"A diferencia de lo que se podr\u00eda presumir para esta \u00e9poca del a\u00f1o, la oferta de reposici\u00f3n es menor a la demanda que existe en el mercado y luego de las \u00faltimas lluvias, con pron\u00f3sticos de que el clima comienza a normalizarse, las expectativas est\u00e1n centradas en una mejora del\u2026","rel":"","context":"En \u00abActualidad\u00bb","block_context":{"text":"Actualidad","link":"https:\/\/lahoradelcampo.com.uy\/site\/category\/actualidad\/"},"img":{"alt_text":"","src":"https:\/\/i0.wp.com\/lahoradelcampo.com.uy\/site\/wp-content\/uploads\/2022\/09\/Indarte-Gonzalo.jpg?fit=880%2C440&ssl=1&resize=350%2C200","width":350,"height":200,"srcset":"https:\/\/i0.wp.com\/lahoradelcampo.com.uy\/site\/wp-content\/uploads\/2022\/09\/Indarte-Gonzalo.jpg?fit=880%2C440&ssl=1&resize=350%2C200 1x, https:\/\/i0.wp.com\/lahoradelcampo.com.uy\/site\/wp-content\/uploads\/2022\/09\/Indarte-Gonzalo.jpg?fit=880%2C440&ssl=1&resize=525%2C300 1.5x, https:\/\/i0.wp.com\/lahoradelcampo.com.uy\/site\/wp-content\/uploads\/2022\/09\/Indarte-Gonzalo.jpg?fit=880%2C440&ssl=1&resize=700%2C400 2x"},"classes":[]},{"id":7163,"url":"https:\/\/lahoradelcampo.com.uy\/site\/volumen-y-flete-hacen-la-diferencia-en-los-valores-del-novillo-gordo\/","url_meta":{"origin":51533,"position":4},"title":"Volumen y flete hacen la diferencia en los valores del novillo gordo","author":"La Hora del Campo","date":"15 mayo, 2018","format":false,"excerpt":"En la pasada semana la faena vacuna volvi\u00f3 a recuperarse y se posicion\u00f3 nuevamente por encima de las 42.000 reses seg\u00fan los datos del Instituto Nacional de Carnes. En la semana del 6 al 12 de mayo se procesaron en la industria 42.901 vacunos, correspondiendo el 49% a novillos, el\u2026","rel":"","context":"En \u00abActualidad\u00bb","block_context":{"text":"Actualidad","link":"https:\/\/lahoradelcampo.com.uy\/site\/category\/actualidad\/"},"img":{"alt_text":"","src":"https:\/\/i0.wp.com\/lahoradelcampo.com.uy\/site\/wp-content\/uploads\/2018\/05\/Indarte.jpg?fit=880%2C440&ssl=1&resize=350%2C200","width":350,"height":200,"srcset":"https:\/\/i0.wp.com\/lahoradelcampo.com.uy\/site\/wp-content\/uploads\/2018\/05\/Indarte.jpg?fit=880%2C440&ssl=1&resize=350%2C200 1x, https:\/\/i0.wp.com\/lahoradelcampo.com.uy\/site\/wp-content\/uploads\/2018\/05\/Indarte.jpg?fit=880%2C440&ssl=1&resize=525%2C300 1.5x, https:\/\/i0.wp.com\/lahoradelcampo.com.uy\/site\/wp-content\/uploads\/2018\/05\/Indarte.jpg?fit=880%2C440&ssl=1&resize=700%2C400 2x"},"classes":[]},{"id":53067,"url":"https:\/\/lahoradelcampo.com.uy\/site\/destacada-oferta-de-indarte-ciaen-plaza-rural\/","url_meta":{"origin":51533,"position":5},"title":"Destacada oferta de Indarte &#038; C\u00eda en Plaza Rural","author":"La Hora del Campo","date":"8 noviembre, 2023","format":false,"excerpt":"Con un destacada oferta, en volumen y calidad, Indarte & C\u00eda. participa a partir de hoy mi\u00e9rcoles y ma\u00f1ana jueves, en el primer remate de noviembre de Plaza Rural. La subasta se realiza desde el hotel Cottage en la capital del pa\u00eds, con transmisi\u00f3n por Tv Cable e Internet. El\u2026","rel":"","context":"En \u00abActualidad\u00bb","block_context":{"text":"Actualidad","link":"https:\/\/lahoradelcampo.com.uy\/site\/category\/actualidad\/"},"img":{"alt_text":"","src":"https:\/\/i0.wp.com\/lahoradelcampo.com.uy\/site\/wp-content\/uploads\/2023\/11\/Indarte-Cia.jpg?fit=880%2C440&ssl=1&resize=350%2C200","width":350,"height":200,"srcset":"https:\/\/i0.wp.com\/lahoradelcampo.com.uy\/site\/wp-content\/uploads\/2023\/11\/Indarte-Cia.jpg?fit=880%2C440&ssl=1&resize=350%2C200 1x, https:\/\/i0.wp.com\/lahoradelcampo.com.uy\/site\/wp-content\/uploads\/2023\/11\/Indarte-Cia.jpg?fit=880%2C440&ssl=1&resize=525%2C300 1.5x, https:\/\/i0.wp.com\/lahoradelcampo.com.uy\/site\/wp-content\/uploads\/2023\/11\/Indarte-Cia.jpg?fit=880%2C440&ssl=1&resize=700%2C400 2x"},"classes":[]}],"jetpack_likes_enabled":true,"_links":{"self":[{"href":"https:\/\/lahoradelcampo.com.uy\/site\/wp-json\/wp\/v2\/posts\/51533","targetHints":{"allow":["GET"]}}],"collection":[{"href":"https:\/\/lahoradelcampo.com.uy\/site\/wp-json\/wp\/v2\/posts"}],"about":[{"href":"https:\/\/lahoradelcampo.com.uy\/site\/wp-json\/wp\/v2\/types\/post"}],"author":[{"embeddable":true,"href":"https:\/\/lahoradelcampo.com.uy\/site\/wp-json\/wp\/v2\/users\/5"}],"replies":[{"embeddable":true,"href":"https:\/\/lahoradelcampo.com.uy\/site\/wp-json\/wp\/v2\/comments?post=51533"}],"version-history":[{"count":1,"href":"https:\/\/lahoradelcampo.com.uy\/site\/wp-json\/wp\/v2\/posts\/51533\/revisions"}],"predecessor-version":[{"id":51537,"href":"https:\/\/lahoradelcampo.com.uy\/site\/wp-json\/wp\/v2\/posts\/51533\/revisions\/51537"}],"wp:featuredmedia":[{"embeddable":true,"href":"https:\/\/lahoradelcampo.com.uy\/site\/wp-json\/wp\/v2\/media\/51535"}],"wp:attachment":[{"href":"https:\/\/lahoradelcampo.com.uy\/site\/wp-json\/wp\/v2\/media?parent=51533"}],"wp:term":[{"taxonomy":"category","embeddable":true,"href":"https:\/\/lahoradelcampo.com.uy\/site\/wp-json\/wp\/v2\/categories?post=51533"},{"taxonomy":"post_tag","embeddable":true,"href":"https:\/\/lahoradelcampo.com.uy\/site\/wp-json\/wp\/v2\/tags?post=51533"}],"curies":[{"name":"wp","href":"https:\/\/api.w.org\/{rel}","templated":true}]}}