{"id":51527,"date":"2023-06-29T07:47:34","date_gmt":"2023-06-29T10:47:34","guid":{"rendered":"http:\/\/lahoradelcampo.com.uy\/site\/?p=51527"},"modified":"2023-06-29T07:47:59","modified_gmt":"2023-06-29T10:47:59","slug":"parada-herreria-un-remate-desafiado-por-la-presencia-de-garrapatas","status":"publish","type":"post","link":"https:\/\/lahoradelcampo.com.uy\/site\/parada-herreria-un-remate-desafiado-por-la-presencia-de-garrapatas\/","title":{"rendered":"Parada Herrer\u00eda: Un remate desafiado por la presencia de garrapatas"},"content":{"rendered":"\n<figure class=\"wp-block-image size-full\"><a href=\"https:\/\/i0.wp.com\/lahoradelcampo.com.uy\/site\/wp-content\/uploads\/2023\/06\/JulioGaudin3.jpg\"><img data-recalc-dims=\"1\" loading=\"lazy\" decoding=\"async\" width=\"810\" height=\"405\" data-attachment-id=\"51529\" data-permalink=\"https:\/\/lahoradelcampo.com.uy\/site\/parada-herreria-un-remate-desafiado-por-la-presencia-de-garrapatas\/juliogaudin3\/\" data-orig-file=\"https:\/\/i0.wp.com\/lahoradelcampo.com.uy\/site\/wp-content\/uploads\/2023\/06\/JulioGaudin3.jpg?fit=880%2C440&amp;ssl=1\" data-orig-size=\"880,440\" data-comments-opened=\"1\" data-image-meta=\"{&quot;aperture&quot;:&quot;0&quot;,&quot;credit&quot;:&quot;&quot;,&quot;camera&quot;:&quot;&quot;,&quot;caption&quot;:&quot;&quot;,&quot;created_timestamp&quot;:&quot;0&quot;,&quot;copyright&quot;:&quot;&quot;,&quot;focal_length&quot;:&quot;0&quot;,&quot;iso&quot;:&quot;0&quot;,&quot;shutter_speed&quot;:&quot;0&quot;,&quot;title&quot;:&quot;&quot;,&quot;orientation&quot;:&quot;1&quot;}\" data-image-title=\"JulioGaudin3\" data-image-description=\"\" data-image-caption=\"\" data-large-file=\"https:\/\/i0.wp.com\/lahoradelcampo.com.uy\/site\/wp-content\/uploads\/2023\/06\/JulioGaudin3.jpg?fit=810%2C405&amp;ssl=1\" src=\"https:\/\/i0.wp.com\/lahoradelcampo.com.uy\/site\/wp-content\/uploads\/2023\/06\/JulioGaudin3.jpg?resize=810%2C405\" alt=\"\" class=\"wp-image-51529\" srcset=\"https:\/\/i0.wp.com\/lahoradelcampo.com.uy\/site\/wp-content\/uploads\/2023\/06\/JulioGaudin3.jpg?w=880&amp;ssl=1 880w, https:\/\/i0.wp.com\/lahoradelcampo.com.uy\/site\/wp-content\/uploads\/2023\/06\/JulioGaudin3.jpg?resize=300%2C150&amp;ssl=1 300w, https:\/\/i0.wp.com\/lahoradelcampo.com.uy\/site\/wp-content\/uploads\/2023\/06\/JulioGaudin3.jpg?resize=768%2C384&amp;ssl=1 768w, https:\/\/i0.wp.com\/lahoradelcampo.com.uy\/site\/wp-content\/uploads\/2023\/06\/JulioGaudin3.jpg?resize=820%2C410&amp;ssl=1 820w\" sizes=\"auto, (max-width: 810px) 100vw, 810px\" \/><\/a><\/figure>\n\n\n\n<p>En el remate realizado en Parada Herrer\u00eda en el d\u00eda de ayer, se vivi\u00f3 una jornada at\u00edpica tanto en t\u00e9rminos de precios como en la modalidad de las ventas. El director del escritorio Gaud\u00edn Hnos., Julio Gaud\u00edn, destac\u00f3 que un alto porcentaje de ganado no pudo ser presentado en las pistas debido a la presencia de garrapatas, una problem\u00e1tica actual en la regi\u00f3n. Esto llev\u00f3 a realizar ventas fuera de pista. La situaci\u00f3n tambi\u00e9n afect\u00f3 a los ovinos, donde dos de los tres lotes anunciados presentaban complicaciones por piojos, por lo que tambi\u00e9n se tuvo que recurrir a ventas fuera de pista.<\/p>\n\n\n\n<p>A pesar de estos desaf\u00edos, los valores se mantuvieron dentro de la tendencia del mercado actual y fueron favorables. El ganado gordo destinado a faena se vendi\u00f3 con agilidad, contando con la participaci\u00f3n de los abastecedores locales, as\u00ed como de Constituci\u00f3n y Bel\u00e9n. Las vacas m\u00e1s pesadas y terminadas alcanzaron precios referenciales de entre 650 y 670 d\u00f3lares. Por su parte, los terneros y terneras se vendieron muy bien, incluso superando los valores actuales del mercado.<\/p>\n\n\n\n<p>Sin embargo, la categor\u00eda que enfrent\u00f3 mayores dificultades fue la de los novillitos de 1 a 2 a\u00f1os, cuyos precios se ubicaron por debajo de las expectativas, oscilando entre los 400 y 430 d\u00f3lares, explic\u00f3 Gaud\u00edn.<br>En cuanto a los ovinos, se registraron ventas en un rango de 60 a 62 d\u00f3lares para los borregos m\u00e1s pesados, listos para el consumo. Luego los m\u00e1s livianos tuvieron valores de 41 a 42 d\u00f3lares.<\/p>\n\n\n\n<p>Julio Gaud\u00edn destac\u00f3 la importancia de poder concretar las ventas, recordando que en otras ocasiones los lotes afectados por garrapata quedaban afuera y no se pod\u00edan comercializar ni fuera de pista. En este sentido agradeci\u00f3 a las autoridades por permitir realizar las ventas fuera de la modalidad de remate en la pista debido a restricciones legales. Esta alternativa permiti\u00f3 a los productores aflojar los campos y obtener ingresos en un momento crucial, donde la escasez de forraje y los gastos como los aguinaldos demandan liquidez.<\/p>\n\n\n\n<p>Lote 21<\/p>\n\n\n\n<p>En relaci\u00f3n al pr\u00f3ximo remate, Julio Gaud\u00edn inform\u00f3 que Lote 21 se encuentra a aproximadamente 12 d\u00edas de su realizaci\u00f3n. En esta ocasi\u00f3n, el remate ser\u00e1 virtual. El escritorio est\u00e1 recibiendo consignaciones, aunque en menor cantidad en comparaci\u00f3n con otros momentos del a\u00f1o.<\/p>\n\n\n\n<p>Mercado lanero<\/p>\n\n\n\n<p>En cuanto al mercado de la lana, Julio Gaud\u00edn mencion\u00f3 que la zafra est\u00e1 llegando a su fin y destac\u00f3 la tendencia a la baja en los precios. El mercado exterior est\u00e1 afectando tanto a la lana como a la carne en el ovino, y es necesario adaptarse y observar c\u00f3mo se desarrollar\u00e1 el mercado despu\u00e9s del receso de tres semanas.<\/p>\n\n\n\n<p>En relaci\u00f3n al mercado interno de lana, Gaud\u00edn indic\u00f3 que se encuentra pr\u00e1cticamente parado. El escritorio cuenta con una cantidad considerable de kilos de lana acumulados de varias zafras, especialmente en el rango de 22 a 25 micras. \u00abLos precios actuales, donde la lana de 21 micras se ha vendido a 5 d\u00f3lares, est\u00e1n muy por debajo de las expectativas de los productores hace uno o dos meses\u00bb explic\u00f3 el consignatario. Ante esta situaci\u00f3n, dijo que muchos productores consideran enviar la lana a consignaci\u00f3n o guardarla para ofrecerla cuando el mercado mejore en la pr\u00f3xima zafra 2023-24. Las expectativas son de una reacci\u00f3n y mejora en los precios de \u00abal menos un 15 o 20% respecto a los valores actuales\u00bb.<\/p>\n\n\n\n<p>Salto, 29 de junio de 2023<\/p>\n","protected":false},"excerpt":{"rendered":"<p>En el remate realizado en Parada Herrer\u00eda en el d\u00eda de ayer, se vivi\u00f3 una jornada at\u00edpica tanto en t\u00e9rminos de precios como en la modalidad de las ventas. El [&hellip;]<\/p>\n","protected":false},"author":5,"featured_media":51529,"comment_status":"open","ping_status":"open","sticky":false,"template":"","format":"standard","meta":{"_price":"","_stock":"","_tribe_ticket_header":"","_tribe_default_ticket_provider":"","_tribe_ticket_capacity":"0","_ticket_start_date":"","_ticket_end_date":"","_tribe_ticket_show_description":"","_tribe_ticket_show_not_going":false,"_tribe_ticket_use_global_stock":"","_tribe_ticket_global_stock_level":"","_global_stock_mode":"","_global_stock_cap":"","_tribe_rsvp_for_event":"","_tribe_ticket_going_count":"","_tribe_ticket_not_going_count":"","_tribe_tickets_list":"[]","_tribe_ticket_has_attendee_info_fields":false,"h5ap_radio_sources":[],"_jetpack_newsletter_access":"","_jetpack_dont_email_post_to_subs":false,"_jetpack_newsletter_tier_id":0,"_jetpack_memberships_contains_paywalled_content":false,"_jetpack_memberships_contains_paid_content":false,"footnotes":""},"categories":[21,5],"tags":[],"class_list":["post-51527","post","type-post","status-publish","format-standard","has-post-thumbnail","hentry","category-actualidad","category-ganaderia"],"jetpack_featured_media_url":"https:\/\/i0.wp.com\/lahoradelcampo.com.uy\/site\/wp-content\/uploads\/2023\/06\/JulioGaudin3.jpg?fit=880%2C440&ssl=1","jetpack_sharing_enabled":true,"jetpack_shortlink":"https:\/\/wp.me\/p99IaT-dp5","jetpack-related-posts":[{"id":11853,"url":"https:\/\/lahoradelcampo.com.uy\/site\/gaudin-hnos-realizo-con-ventas-totales-su-remate-en-parada-herreria\/","url_meta":{"origin":51527,"position":0},"title":"Gaud\u00edn Hnos. realiz\u00f3 con ventas totales su remate en Parada Herrer\u00eda","author":"La Hora del Campo","date":"15 junio, 2019","format":false,"excerpt":"En la jornada de ayer el escritorio Gaud\u00edn Hnos, realiz\u00f3 su venta tradicional en el local Parada Herrer\u00eda, con colocaci\u00f3n total de la oferta presentada en pista, en un mercado \u00e1vido por reposici\u00f3n. \u201cDe acuerdo a lo que se esperaba, dado el momento que se est\u00e1 viviendo en la comercializaci\u00f3n\u2026","rel":"","context":"En \u00abActualidad\u00bb","block_context":{"text":"Actualidad","link":"https:\/\/lahoradelcampo.com.uy\/site\/category\/actualidad\/"},"img":{"alt_text":"","src":"https:\/\/i0.wp.com\/lahoradelcampo.com.uy\/site\/wp-content\/uploads\/2019\/04\/Parada-Herreria.jpg?fit=880%2C440&ssl=1&resize=350%2C200","width":350,"height":200,"srcset":"https:\/\/i0.wp.com\/lahoradelcampo.com.uy\/site\/wp-content\/uploads\/2019\/04\/Parada-Herreria.jpg?fit=880%2C440&ssl=1&resize=350%2C200 1x, https:\/\/i0.wp.com\/lahoradelcampo.com.uy\/site\/wp-content\/uploads\/2019\/04\/Parada-Herreria.jpg?fit=880%2C440&ssl=1&resize=525%2C300 1.5x, https:\/\/i0.wp.com\/lahoradelcampo.com.uy\/site\/wp-content\/uploads\/2019\/04\/Parada-Herreria.jpg?fit=880%2C440&ssl=1&resize=700%2C400 2x"},"classes":[]},{"id":56020,"url":"https:\/\/lahoradelcampo.com.uy\/site\/ventas-totales-y-valores-firmes-en-parada-herreria\/","url_meta":{"origin":51527,"position":1},"title":"Ventas totales y valores firmes en Parada Herrer\u00eda","author":"La Hora del Campo","date":"28 abril, 2025","format":false,"excerpt":"Con un 100 % de colocaci\u00f3n y puja firme en todas las categor\u00edas, el escritorio Gaud\u00edn Hnos. realiz\u00f3 el viernes un nuevo remate en el local Parada Herrer\u00eda, donde se vendieron lanares, vacunos y un yeguarizo. El valor m\u00e1ximo alcanzado en la pista fue para un novillo Normando que se\u2026","rel":"","context":"En \u00abActualidad\u00bb","block_context":{"text":"Actualidad","link":"https:\/\/lahoradelcampo.com.uy\/site\/category\/actualidad\/"},"img":{"alt_text":"","src":"https:\/\/i0.wp.com\/lahoradelcampo.com.uy\/site\/wp-content\/uploads\/2025\/04\/paradaherreria-gaudinhnos.jpg?fit=880%2C440&ssl=1&resize=350%2C200","width":350,"height":200,"srcset":"https:\/\/i0.wp.com\/lahoradelcampo.com.uy\/site\/wp-content\/uploads\/2025\/04\/paradaherreria-gaudinhnos.jpg?fit=880%2C440&ssl=1&resize=350%2C200 1x, https:\/\/i0.wp.com\/lahoradelcampo.com.uy\/site\/wp-content\/uploads\/2025\/04\/paradaherreria-gaudinhnos.jpg?fit=880%2C440&ssl=1&resize=525%2C300 1.5x, https:\/\/i0.wp.com\/lahoradelcampo.com.uy\/site\/wp-content\/uploads\/2025\/04\/paradaherreria-gaudinhnos.jpg?fit=880%2C440&ssl=1&resize=700%2C400 2x"},"classes":[]},{"id":44415,"url":"https:\/\/lahoradelcampo.com.uy\/site\/ventas-totales-de-gaudin-hnos-en-el-local-parada-herreria\/","url_meta":{"origin":51527,"position":2},"title":"Ventas totales de Gaud\u00edn Hnos. en el local Parada Herrer\u00eda","author":"La Hora del Campo","date":"2 agosto, 2022","format":false,"excerpt":"Con una oferta reducida, t\u00edpico de la \u00e9poca del a\u00f1o, el escritorio Gaud\u00edn Hnos. realiz\u00f3 un nuevo remate en la jornada de ayer en el local Parada Herrer\u00eda. La buena presencia de p\u00fablico y la firmeza que mostr\u00f3 la demanda en todas las categor\u00edas marca la necesidad de reponer en\u2026","rel":"","context":"En \u00abActualidad\u00bb","block_context":{"text":"Actualidad","link":"https:\/\/lahoradelcampo.com.uy\/site\/category\/actualidad\/"},"img":{"alt_text":"","src":"https:\/\/i0.wp.com\/lahoradelcampo.com.uy\/site\/wp-content\/uploads\/2022\/02\/GAUDIN-PARADA.jpg?fit=880%2C440&ssl=1&resize=350%2C200","width":350,"height":200,"srcset":"https:\/\/i0.wp.com\/lahoradelcampo.com.uy\/site\/wp-content\/uploads\/2022\/02\/GAUDIN-PARADA.jpg?fit=880%2C440&ssl=1&resize=350%2C200 1x, https:\/\/i0.wp.com\/lahoradelcampo.com.uy\/site\/wp-content\/uploads\/2022\/02\/GAUDIN-PARADA.jpg?fit=880%2C440&ssl=1&resize=525%2C300 1.5x, https:\/\/i0.wp.com\/lahoradelcampo.com.uy\/site\/wp-content\/uploads\/2022\/02\/GAUDIN-PARADA.jpg?fit=880%2C440&ssl=1&resize=700%2C400 2x"},"classes":[]},{"id":39349,"url":"https:\/\/lahoradelcampo.com.uy\/site\/gaudin-hnos-con-ventas-totales-en-parada-herreria-2\/","url_meta":{"origin":51527,"position":3},"title":"Gaud\u00edn Hnos, con ventas totales en Parada Herrer\u00eda","author":"La Hora del Campo","date":"22 febrero, 2022","format":false,"excerpt":"Con ventas totales tanto en ovinos como en vacunos, el escritorio Gaud\u00edn Hnos concret\u00f3 su remate de ayer 21 de febrero en el local Parada Herrer\u00eda. Como es tradicional la subasta comenz\u00f3 con los ovinos, donde se comercializ\u00f3 un lote importante de ovejas, de forma fraccionada, a US$ 47, mientras\u2026","rel":"","context":"En \u00abActualidad\u00bb","block_context":{"text":"Actualidad","link":"https:\/\/lahoradelcampo.com.uy\/site\/category\/actualidad\/"},"img":{"alt_text":"","src":"https:\/\/i0.wp.com\/lahoradelcampo.com.uy\/site\/wp-content\/uploads\/2022\/02\/GAUDIN-PARADA.jpg?fit=880%2C440&ssl=1&resize=350%2C200","width":350,"height":200,"srcset":"https:\/\/i0.wp.com\/lahoradelcampo.com.uy\/site\/wp-content\/uploads\/2022\/02\/GAUDIN-PARADA.jpg?fit=880%2C440&ssl=1&resize=350%2C200 1x, https:\/\/i0.wp.com\/lahoradelcampo.com.uy\/site\/wp-content\/uploads\/2022\/02\/GAUDIN-PARADA.jpg?fit=880%2C440&ssl=1&resize=525%2C300 1.5x, https:\/\/i0.wp.com\/lahoradelcampo.com.uy\/site\/wp-content\/uploads\/2022\/02\/GAUDIN-PARADA.jpg?fit=880%2C440&ssl=1&resize=700%2C400 2x"},"classes":[]},{"id":53161,"url":"https:\/\/lahoradelcampo.com.uy\/site\/parada-herreria-con-dinamismo-en-el-mercado-de-la-reposicion\/","url_meta":{"origin":51527,"position":4},"title":"Parada Herrer\u00eda con dinamismo en el mercado de la reposici\u00f3n","author":"La Hora del Campo","date":"20 noviembre, 2023","format":false,"excerpt":"Remate en Parada Herrer\u00eda En la jornada de ayer se realiz\u00f3 una nueva venta del escritorio Gaud\u00edn Hnos. en el local Parada Herrer\u00eda, con gran dinamismo y puja en la reposici\u00f3n y un mercado m\u00e1s calmo y selectivo en los reproductores.Las ventas iniciaron con los ovinos, donde un lote de\u2026","rel":"","context":"En \u00abActualidad\u00bb","block_context":{"text":"Actualidad","link":"https:\/\/lahoradelcampo.com.uy\/site\/category\/actualidad\/"},"img":{"alt_text":"","src":"https:\/\/i0.wp.com\/lahoradelcampo.com.uy\/site\/wp-content\/uploads\/2017\/12\/Parada-herreria.jpg?fit=880%2C440&ssl=1&resize=350%2C200","width":350,"height":200,"srcset":"https:\/\/i0.wp.com\/lahoradelcampo.com.uy\/site\/wp-content\/uploads\/2017\/12\/Parada-herreria.jpg?fit=880%2C440&ssl=1&resize=350%2C200 1x, https:\/\/i0.wp.com\/lahoradelcampo.com.uy\/site\/wp-content\/uploads\/2017\/12\/Parada-herreria.jpg?fit=880%2C440&ssl=1&resize=525%2C300 1.5x, https:\/\/i0.wp.com\/lahoradelcampo.com.uy\/site\/wp-content\/uploads\/2017\/12\/Parada-herreria.jpg?fit=880%2C440&ssl=1&resize=700%2C400 2x"},"classes":[]},{"id":19676,"url":"https:\/\/lahoradelcampo.com.uy\/site\/parada-herreria-volvio-a-las-ventas-con-colocacion-total\/","url_meta":{"origin":51527,"position":5},"title":"Parada Herrer\u00eda volvi\u00f3 a las ventas con colocaci\u00f3n total","author":"La Hora del Campo","date":"12 mayo, 2020","format":false,"excerpt":"El escritorio Gaud\u00edn Hnos concret\u00f3 en la jornada de ayer un nuevo remate en el local Parada Herrer\u00eda, luego del parate ocasionado por la pandemia del Covid-19, y claramente se observ\u00f3 en la pista demanda por reposici\u00f3n y del abasto local. Como es tradicional en este local, concurri\u00f3 un buen\u2026","rel":"","context":"En \u00abActualidad\u00bb","block_context":{"text":"Actualidad","link":"https:\/\/lahoradelcampo.com.uy\/site\/category\/actualidad\/"},"img":{"alt_text":"","src":"https:\/\/i0.wp.com\/lahoradelcampo.com.uy\/site\/wp-content\/uploads\/2019\/12\/ParadaGaudin.jpg?fit=880%2C440&ssl=1&resize=350%2C200","width":350,"height":200,"srcset":"https:\/\/i0.wp.com\/lahoradelcampo.com.uy\/site\/wp-content\/uploads\/2019\/12\/ParadaGaudin.jpg?fit=880%2C440&ssl=1&resize=350%2C200 1x, https:\/\/i0.wp.com\/lahoradelcampo.com.uy\/site\/wp-content\/uploads\/2019\/12\/ParadaGaudin.jpg?fit=880%2C440&ssl=1&resize=525%2C300 1.5x, https:\/\/i0.wp.com\/lahoradelcampo.com.uy\/site\/wp-content\/uploads\/2019\/12\/ParadaGaudin.jpg?fit=880%2C440&ssl=1&resize=700%2C400 2x"},"classes":[]}],"jetpack_likes_enabled":true,"_links":{"self":[{"href":"https:\/\/lahoradelcampo.com.uy\/site\/wp-json\/wp\/v2\/posts\/51527","targetHints":{"allow":["GET"]}}],"collection":[{"href":"https:\/\/lahoradelcampo.com.uy\/site\/wp-json\/wp\/v2\/posts"}],"about":[{"href":"https:\/\/lahoradelcampo.com.uy\/site\/wp-json\/wp\/v2\/types\/post"}],"author":[{"embeddable":true,"href":"https:\/\/lahoradelcampo.com.uy\/site\/wp-json\/wp\/v2\/users\/5"}],"replies":[{"embeddable":true,"href":"https:\/\/lahoradelcampo.com.uy\/site\/wp-json\/wp\/v2\/comments?post=51527"}],"version-history":[{"count":1,"href":"https:\/\/lahoradelcampo.com.uy\/site\/wp-json\/wp\/v2\/posts\/51527\/revisions"}],"predecessor-version":[{"id":51531,"href":"https:\/\/lahoradelcampo.com.uy\/site\/wp-json\/wp\/v2\/posts\/51527\/revisions\/51531"}],"wp:featuredmedia":[{"embeddable":true,"href":"https:\/\/lahoradelcampo.com.uy\/site\/wp-json\/wp\/v2\/media\/51529"}],"wp:attachment":[{"href":"https:\/\/lahoradelcampo.com.uy\/site\/wp-json\/wp\/v2\/media?parent=51527"}],"wp:term":[{"taxonomy":"category","embeddable":true,"href":"https:\/\/lahoradelcampo.com.uy\/site\/wp-json\/wp\/v2\/categories?post=51527"},{"taxonomy":"post_tag","embeddable":true,"href":"https:\/\/lahoradelcampo.com.uy\/site\/wp-json\/wp\/v2\/tags?post=51527"}],"curies":[{"name":"wp","href":"https:\/\/api.w.org\/{rel}","templated":true}]}}