{"id":51521,"date":"2023-06-29T07:39:13","date_gmt":"2023-06-29T10:39:13","guid":{"rendered":"http:\/\/lahoradelcampo.com.uy\/site\/?p=51521"},"modified":"2023-06-29T07:39:59","modified_gmt":"2023-06-29T10:39:59","slug":"83-anos-de-seleccion-y-genetica-se-fue-en-las-manos-de-irresponsables","status":"publish","type":"post","link":"https:\/\/lahoradelcampo.com.uy\/site\/83-anos-de-seleccion-y-genetica-se-fue-en-las-manos-de-irresponsables\/","title":{"rendered":"83 a\u00f1os de selecci\u00f3n y gen\u00e9tica se fue en las manos de \u00bfirresponsables?"},"content":{"rendered":"\n<figure class=\"wp-block-image size-full\"><a href=\"https:\/\/i0.wp.com\/lahoradelcampo.com.uy\/site\/wp-content\/uploads\/2023\/06\/GranjaRoland-carnero.jpg\"><img data-recalc-dims=\"1\" loading=\"lazy\" decoding=\"async\" width=\"810\" height=\"405\" data-attachment-id=\"51523\" data-permalink=\"https:\/\/lahoradelcampo.com.uy\/site\/83-anos-de-seleccion-y-genetica-se-fue-en-las-manos-de-irresponsables\/granjaroland-carnero\/\" data-orig-file=\"https:\/\/i0.wp.com\/lahoradelcampo.com.uy\/site\/wp-content\/uploads\/2023\/06\/GranjaRoland-carnero.jpg?fit=880%2C440&amp;ssl=1\" data-orig-size=\"880,440\" data-comments-opened=\"1\" data-image-meta=\"{&quot;aperture&quot;:&quot;0&quot;,&quot;credit&quot;:&quot;&quot;,&quot;camera&quot;:&quot;&quot;,&quot;caption&quot;:&quot;&quot;,&quot;created_timestamp&quot;:&quot;0&quot;,&quot;copyright&quot;:&quot;&quot;,&quot;focal_length&quot;:&quot;0&quot;,&quot;iso&quot;:&quot;0&quot;,&quot;shutter_speed&quot;:&quot;0&quot;,&quot;title&quot;:&quot;&quot;,&quot;orientation&quot;:&quot;1&quot;}\" data-image-title=\"GranjaRoland-carnero\" data-image-description=\"\" data-image-caption=\"\" data-large-file=\"https:\/\/i0.wp.com\/lahoradelcampo.com.uy\/site\/wp-content\/uploads\/2023\/06\/GranjaRoland-carnero.jpg?fit=810%2C405&amp;ssl=1\" src=\"https:\/\/i0.wp.com\/lahoradelcampo.com.uy\/site\/wp-content\/uploads\/2023\/06\/GranjaRoland-carnero.jpg?resize=810%2C405\" alt=\"\" class=\"wp-image-51523\" srcset=\"https:\/\/i0.wp.com\/lahoradelcampo.com.uy\/site\/wp-content\/uploads\/2023\/06\/GranjaRoland-carnero.jpg?w=880&amp;ssl=1 880w, https:\/\/i0.wp.com\/lahoradelcampo.com.uy\/site\/wp-content\/uploads\/2023\/06\/GranjaRoland-carnero.jpg?resize=300%2C150&amp;ssl=1 300w, https:\/\/i0.wp.com\/lahoradelcampo.com.uy\/site\/wp-content\/uploads\/2023\/06\/GranjaRoland-carnero.jpg?resize=768%2C384&amp;ssl=1 768w, https:\/\/i0.wp.com\/lahoradelcampo.com.uy\/site\/wp-content\/uploads\/2023\/06\/GranjaRoland-carnero.jpg?resize=820%2C410&amp;ssl=1 820w\" sizes=\"auto, (max-width: 810px) 100vw, 810px\" \/><\/a><\/figure>\n\n\n\n<p>Hoy, el t\u00e9rmino \u00abirresponsable\u00bb para definir a los due\u00f1os de uno o m\u00e1s perros que terminan en pocos minutos con a\u00f1os de selecci\u00f3n e inversi\u00f3n en gen\u00e9tica, queda lamentablemente minimizado ante la gravedad de los hechos que vienen ocurriendo en todo el pa\u00eds. Esto afecta a un rubro que atraviesa momentos complicados en cuanto a la comercializaci\u00f3n de carne y lana. Quiz\u00e1s en la actualidad, el t\u00e9rmino \u00abirresponsable\u00bb sea m\u00e1s adecuado para aquellos que tienen la responsabilidad de asumir y desarrollar las pol\u00edticas p\u00fablicas necesarias para evitar que esto vuelva a suceder.<\/p>\n\n\n\n<p>En la jornada de ayer, a las seis de la ma\u00f1ana, el propietario de la caba\u00f1a Granja Roland, Pablo Caorsi, junto a su personal, fue a alimentar a los animales que se estaban preparando para la pr\u00f3xima edici\u00f3n de la Expo Prado, as\u00ed como a los reproductores que est\u00e1n generando descendencia en los planteles. All\u00ed se encontraron con dos perros desconocidos que mordieron y mataron a los mejores ejemplares del plantel de la caba\u00f1a.<\/p>\n\n\n\n<p>Caorsi prefiri\u00f3 no hacer declaraciones al respecto, pero dej\u00f3 en claro la impotencia que sent\u00eda en ese momento debido a la falta de responsabilidad por parte de los due\u00f1os de los perros. Agradeci\u00f3 el trabajo del \u00e1rea t\u00e9cnica del Ministerio del Interior que estuvo presente en el lugar.<\/p>\n\n\n\n<p>La caba\u00f1a fundada en 1940, este a\u00f1o hab\u00eda logrado las dos Reservadas de Grandes Campeonas en Durazno, tanto en la categor\u00eda PI como PO, y el Reservado de Gran Campe\u00f3n en machos. Estos animales, junto con otros ejemplares seleccionados, estaban siendo preparados para la Expo Prado 2023. En el mismo local de la caba\u00f1a se encontraba el carnero padre T170, adquirido en el remate de \u00abEl Piramidal\u00bb de Gambeta hace cuatro a\u00f1os, en sociedad con otros cinco criadores, y que hoy se encuentra en la cima de la evaluaci\u00f3n gen\u00e9tica de la raza.<\/p>\n\n\n\n<p>Caorsi informo que se proceder\u00e1 a esquilar a los animales y se har\u00e1 todo lo posible para salvar los reproductores y ovejas. Sin embargo, advirti\u00f3 que es muy dif\u00edcil que la mitad de los animales mordidos logren recuperarse.<\/p>\n\n\n\n<p>Lamentablemente, recurrir a la tenencia responsable de los due\u00f1os de perros no est\u00e1 resultando ser la medida m\u00e1s efectiva para el bienestar animal, y tampoco para las organizaciones protectoras de animales. Ser\u00eda un error de nuestra parte el recordarle a las autoridades gubernamentales y a las ONGs que las ovejas tambi\u00e9n son animales y deben ser protegidas, tal como lo establece la ley de creaci\u00f3n del INBA.<\/p>\n\n\n\n<p>Haciendo un paralelismo con el reciente logro obtenido por la Selecci\u00f3n de F\u00fatbol Sub-20, Uruguay tiene las caracter\u00edsticas y cualidades necesarias para ser un gran productor de lana y carne ovina, y sorprender a muchos. Sin embargo, al sector pol\u00edtico nacional, tanto del gobierno actual como el anterior, le resulta dif\u00edcil tomar decisiones de fondo que resuelvan el problema e impulsen el rubro ovino.<\/p>\n\n\n\n<p>Salto, 29 de junio de 2023<\/p>\n","protected":false},"excerpt":{"rendered":"<p>Hoy, el t\u00e9rmino \u00abirresponsable\u00bb para definir a los due\u00f1os de uno o m\u00e1s perros que terminan en pocos minutos con a\u00f1os de selecci\u00f3n e inversi\u00f3n en gen\u00e9tica, queda lamentablemente minimizado [&hellip;]<\/p>\n","protected":false},"author":5,"featured_media":51523,"comment_status":"open","ping_status":"open","sticky":false,"template":"","format":"standard","meta":{"_price":"","_stock":"","_tribe_ticket_header":"","_tribe_default_ticket_provider":"","_tribe_ticket_capacity":"0","_ticket_start_date":"","_ticket_end_date":"","_tribe_ticket_show_description":"","_tribe_ticket_show_not_going":false,"_tribe_ticket_use_global_stock":"","_tribe_ticket_global_stock_level":"","_global_stock_mode":"","_global_stock_cap":"","_tribe_rsvp_for_event":"","_tribe_ticket_going_count":"","_tribe_ticket_not_going_count":"","_tribe_tickets_list":"[]","_tribe_ticket_has_attendee_info_fields":false,"h5ap_radio_sources":[],"_jetpack_newsletter_access":"","_jetpack_dont_email_post_to_subs":false,"_jetpack_newsletter_tier_id":0,"_jetpack_memberships_contains_paywalled_content":false,"_jetpack_memberships_contains_paid_content":false,"footnotes":""},"categories":[21,13],"tags":[],"class_list":["post-51521","post","type-post","status-publish","format-standard","has-post-thumbnail","hentry","category-actualidad","category-ovinos"],"jetpack_featured_media_url":"https:\/\/i0.wp.com\/lahoradelcampo.com.uy\/site\/wp-content\/uploads\/2023\/06\/GranjaRoland-carnero.jpg?fit=880%2C440&ssl=1","jetpack_sharing_enabled":true,"jetpack_shortlink":"https:\/\/wp.me\/p99IaT-doZ","jetpack-related-posts":[{"id":56494,"url":"https:\/\/lahoradelcampo.com.uy\/site\/la-genetica-como-eje-estrategico-claves-para-una-ganaderia-mas-rentable-y-adaptada\/","url_meta":{"origin":51521,"position":0},"title":"La gen\u00e9tica como eje estrat\u00e9gico: claves para una ganader\u00eda m\u00e1s rentable y adaptada","author":"La Hora del Campo","date":"7 agosto, 2025","format":false,"excerpt":"En el marco del Segundo Simposio de Integraci\u00f3n Estrat\u00e9gica organizado por Biog\u00e9nesis Bag\u00f3, realizado el pasado 4 de agosto en la sede de la Asociaci\u00f3n Agropecuaria de Salto, destacados referentes del sector abordaron los desaf\u00edos actuales y las oportunidades para lograr una ganader\u00eda m\u00e1s eficiente y visionaria. Entre ellos, se\u2026","rel":"","context":"En \u00abActualidad\u00bb","block_context":{"text":"Actualidad","link":"https:\/\/lahoradelcampo.com.uy\/site\/category\/actualidad\/"},"img":{"alt_text":"","src":"https:\/\/i0.wp.com\/lahoradelcampo.com.uy\/site\/wp-content\/uploads\/2025\/08\/Santiago-de-Bernardi.jpg?fit=880%2C440&ssl=1&resize=350%2C200","width":350,"height":200,"srcset":"https:\/\/i0.wp.com\/lahoradelcampo.com.uy\/site\/wp-content\/uploads\/2025\/08\/Santiago-de-Bernardi.jpg?fit=880%2C440&ssl=1&resize=350%2C200 1x, https:\/\/i0.wp.com\/lahoradelcampo.com.uy\/site\/wp-content\/uploads\/2025\/08\/Santiago-de-Bernardi.jpg?fit=880%2C440&ssl=1&resize=525%2C300 1.5x, https:\/\/i0.wp.com\/lahoradelcampo.com.uy\/site\/wp-content\/uploads\/2025\/08\/Santiago-de-Bernardi.jpg?fit=880%2C440&ssl=1&resize=700%2C400 2x"},"classes":[]},{"id":17728,"url":"https:\/\/lahoradelcampo.com.uy\/site\/reflexiones-de-un-criador\/","url_meta":{"origin":51521,"position":1},"title":"Reflexiones de un criador","author":"La Hora del Campo","date":"2 marzo, 2020","format":false,"excerpt":"Por el Dr Guillermo de Nava Cuando la selecci\u00f3n gen\u00e9tica del ganado se implementa m\u00e1s como biolog\u00eda, que como f\u00f3rmulas aritm\u00e9ticas o n\u00fameros. Cuando los que deciden los apareamientos est\u00e1n detr\u00e1s de las vacas, y sus botas se suelen ensuciar de bosta todo el a\u00f1o entero. Cuando se entiende que\u2026","rel":"","context":"En \u00abActualidad\u00bb","block_context":{"text":"Actualidad","link":"https:\/\/lahoradelcampo.com.uy\/site\/category\/actualidad\/"},"img":{"alt_text":"","src":"https:\/\/i0.wp.com\/lahoradelcampo.com.uy\/site\/wp-content\/uploads\/2020\/01\/guillermo-de-nava.jpg?fit=880%2C440&ssl=1&resize=350%2C200","width":350,"height":200,"srcset":"https:\/\/i0.wp.com\/lahoradelcampo.com.uy\/site\/wp-content\/uploads\/2020\/01\/guillermo-de-nava.jpg?fit=880%2C440&ssl=1&resize=350%2C200 1x, https:\/\/i0.wp.com\/lahoradelcampo.com.uy\/site\/wp-content\/uploads\/2020\/01\/guillermo-de-nava.jpg?fit=880%2C440&ssl=1&resize=525%2C300 1.5x, https:\/\/i0.wp.com\/lahoradelcampo.com.uy\/site\/wp-content\/uploads\/2020\/01\/guillermo-de-nava.jpg?fit=880%2C440&ssl=1&resize=700%2C400 2x"},"classes":[]},{"id":29484,"url":"https:\/\/lahoradelcampo.com.uy\/site\/argentina-posterga-la-expo-palermo-para-el-2022\/","url_meta":{"origin":51521,"position":2},"title":"Argentina posterga la  Expo Palermo para el 2022","author":"La Hora del Campo","date":"23 abril, 2021","format":false,"excerpt":"La Exposici\u00f3n de Ganader\u00eda, Agricultura e Industrial Internacional del a\u00f1o 2021 y que anualmente se realiza en el predio ferial La Rural se posterga para el a\u00f1o pr\u00f3ximo. La decisi\u00f3n de trasladar el 134\u00aa edici\u00f3n de la Exposici\u00f3n Rural, como se le conoce popularmente, fue tomada por el Comit\u00e9 Organizador\u2026","rel":"","context":"En \u00abActualidad\u00bb","block_context":{"text":"Actualidad","link":"https:\/\/lahoradelcampo.com.uy\/site\/category\/actualidad\/"},"img":{"alt_text":"","src":"https:\/\/i0.wp.com\/lahoradelcampo.com.uy\/site\/wp-content\/uploads\/2019\/07\/palermo.jpg?fit=880%2C440&ssl=1&resize=350%2C200","width":350,"height":200,"srcset":"https:\/\/i0.wp.com\/lahoradelcampo.com.uy\/site\/wp-content\/uploads\/2019\/07\/palermo.jpg?fit=880%2C440&ssl=1&resize=350%2C200 1x, https:\/\/i0.wp.com\/lahoradelcampo.com.uy\/site\/wp-content\/uploads\/2019\/07\/palermo.jpg?fit=880%2C440&ssl=1&resize=525%2C300 1.5x, https:\/\/i0.wp.com\/lahoradelcampo.com.uy\/site\/wp-content\/uploads\/2019\/07\/palermo.jpg?fit=880%2C440&ssl=1&resize=700%2C400 2x"},"classes":[]},{"id":56691,"url":"https:\/\/lahoradelcampo.com.uy\/site\/la-genetica-como-motor-de-la-produccion-de-terneros\/","url_meta":{"origin":51521,"position":3},"title":"La gen\u00e9tica como motor de la producci\u00f3n de terneros","author":"La Hora del Campo","date":"3 septiembre, 2025","format":false,"excerpt":"El doctor H\u00e9ctor Bonomi, integrante de Gensur Uruguay, dijo que \"la eficiencia reproductiva es la primera que golpea a toda la cadena productiva, y por eso debemos trabajar a fondo para obtener cada vez m\u00e1s terneros\". Explic\u00f3 que las herramientas claves para lograr mayor productividad combinan buen manejo, adecuada nutrici\u00f3n,\u2026","rel":"","context":"En \u00abActualidad\u00bb","block_context":{"text":"Actualidad","link":"https:\/\/lahoradelcampo.com.uy\/site\/category\/actualidad\/"},"img":{"alt_text":"","src":"https:\/\/i0.wp.com\/lahoradelcampo.com.uy\/site\/wp-content\/uploads\/2025\/09\/Hectorbonomi.jpg?fit=880%2C440&ssl=1&resize=350%2C200","width":350,"height":200,"srcset":"https:\/\/i0.wp.com\/lahoradelcampo.com.uy\/site\/wp-content\/uploads\/2025\/09\/Hectorbonomi.jpg?fit=880%2C440&ssl=1&resize=350%2C200 1x, https:\/\/i0.wp.com\/lahoradelcampo.com.uy\/site\/wp-content\/uploads\/2025\/09\/Hectorbonomi.jpg?fit=880%2C440&ssl=1&resize=525%2C300 1.5x, https:\/\/i0.wp.com\/lahoradelcampo.com.uy\/site\/wp-content\/uploads\/2025\/09\/Hectorbonomi.jpg?fit=880%2C440&ssl=1&resize=700%2C400 2x"},"classes":[]},{"id":55239,"url":"https:\/\/lahoradelcampo.com.uy\/site\/como-lograr-animales-mas-sostenibles-sin-resignar-productividad\/","url_meta":{"origin":51521,"position":4},"title":"\u00bfC\u00f3mo lograr animales m\u00e1s sostenibles, sin resignar productividad?","author":"La Hora del Campo","date":"9 diciembre, 2024","format":false,"excerpt":"El Instituto Nacional de Investigaci\u00f3n Agropecuaria (INIA), la Sociedad de Criadores de Hereford del Uruguay (SCHU) y la empresa especialista en nutrici\u00f3n animal Nutex, fueron coanfitriones de la cuarta edici\u00f3n del evento \u201cGen\u00e9tica para una ganader\u00eda sustentable\u201d. El Club de Golf, en la capital del pa\u00eds, fue escenario del encuentro,\u2026","rel":"","context":"En \u00abActualidad\u00bb","block_context":{"text":"Actualidad","link":"https:\/\/lahoradelcampo.com.uy\/site\/category\/actualidad\/"},"img":{"alt_text":"","src":"https:\/\/i0.wp.com\/lahoradelcampo.com.uy\/site\/wp-content\/uploads\/2024\/12\/EllyNavajas-INIA.jpg?fit=880%2C440&ssl=1&resize=350%2C200","width":350,"height":200,"srcset":"https:\/\/i0.wp.com\/lahoradelcampo.com.uy\/site\/wp-content\/uploads\/2024\/12\/EllyNavajas-INIA.jpg?fit=880%2C440&ssl=1&resize=350%2C200 1x, https:\/\/i0.wp.com\/lahoradelcampo.com.uy\/site\/wp-content\/uploads\/2024\/12\/EllyNavajas-INIA.jpg?fit=880%2C440&ssl=1&resize=525%2C300 1.5x, https:\/\/i0.wp.com\/lahoradelcampo.com.uy\/site\/wp-content\/uploads\/2024\/12\/EllyNavajas-INIA.jpg?fit=880%2C440&ssl=1&resize=700%2C400 2x"},"classes":[]},{"id":51890,"url":"https:\/\/lahoradelcampo.com.uy\/site\/mayor-prenez-y-presencia-de-mellizos-en-las-majadas-del-norte-del-pais\/","url_meta":{"origin":51521,"position":5},"title":"Mayor pre\u00f1ez y presencia de mellizos en las majadas del norte del pa\u00eds","author":"La Hora del Campo","date":"19 julio, 2023","format":false,"excerpt":"En el marco del 8vo. Taller de Diagn\u00f3sticos de Gestaci\u00f3n en Ovinos, que se llevar\u00e1 a cabo el pr\u00f3ximo 3 de agosto, el Instituto Nacional de Investigaci\u00f3n Agropecuaria (INIA) ha organizado una interesante propuesta para los productores, asesores y estudiantes del agro en Uruguay. Este taller, que combina una visita\u2026","rel":"","context":"En \u00abActualidad\u00bb","block_context":{"text":"Actualidad","link":"https:\/\/lahoradelcampo.com.uy\/site\/category\/actualidad\/"},"img":{"alt_text":"","src":"https:\/\/i0.wp.com\/lahoradelcampo.com.uy\/site\/wp-content\/uploads\/2023\/07\/JoseHermann1.jpg?fit=880%2C440&ssl=1&resize=350%2C200","width":350,"height":200,"srcset":"https:\/\/i0.wp.com\/lahoradelcampo.com.uy\/site\/wp-content\/uploads\/2023\/07\/JoseHermann1.jpg?fit=880%2C440&ssl=1&resize=350%2C200 1x, https:\/\/i0.wp.com\/lahoradelcampo.com.uy\/site\/wp-content\/uploads\/2023\/07\/JoseHermann1.jpg?fit=880%2C440&ssl=1&resize=525%2C300 1.5x, https:\/\/i0.wp.com\/lahoradelcampo.com.uy\/site\/wp-content\/uploads\/2023\/07\/JoseHermann1.jpg?fit=880%2C440&ssl=1&resize=700%2C400 2x"},"classes":[]}],"jetpack_likes_enabled":true,"_links":{"self":[{"href":"https:\/\/lahoradelcampo.com.uy\/site\/wp-json\/wp\/v2\/posts\/51521","targetHints":{"allow":["GET"]}}],"collection":[{"href":"https:\/\/lahoradelcampo.com.uy\/site\/wp-json\/wp\/v2\/posts"}],"about":[{"href":"https:\/\/lahoradelcampo.com.uy\/site\/wp-json\/wp\/v2\/types\/post"}],"author":[{"embeddable":true,"href":"https:\/\/lahoradelcampo.com.uy\/site\/wp-json\/wp\/v2\/users\/5"}],"replies":[{"embeddable":true,"href":"https:\/\/lahoradelcampo.com.uy\/site\/wp-json\/wp\/v2\/comments?post=51521"}],"version-history":[{"count":1,"href":"https:\/\/lahoradelcampo.com.uy\/site\/wp-json\/wp\/v2\/posts\/51521\/revisions"}],"predecessor-version":[{"id":51525,"href":"https:\/\/lahoradelcampo.com.uy\/site\/wp-json\/wp\/v2\/posts\/51521\/revisions\/51525"}],"wp:featuredmedia":[{"embeddable":true,"href":"https:\/\/lahoradelcampo.com.uy\/site\/wp-json\/wp\/v2\/media\/51523"}],"wp:attachment":[{"href":"https:\/\/lahoradelcampo.com.uy\/site\/wp-json\/wp\/v2\/media?parent=51521"}],"wp:term":[{"taxonomy":"category","embeddable":true,"href":"https:\/\/lahoradelcampo.com.uy\/site\/wp-json\/wp\/v2\/categories?post=51521"},{"taxonomy":"post_tag","embeddable":true,"href":"https:\/\/lahoradelcampo.com.uy\/site\/wp-json\/wp\/v2\/tags?post=51521"}],"curies":[{"name":"wp","href":"https:\/\/api.w.org\/{rel}","templated":true}]}}