{"id":51513,"date":"2023-06-29T07:32:42","date_gmt":"2023-06-29T10:32:42","guid":{"rendered":"http:\/\/lahoradelcampo.com.uy\/site\/?p=51513"},"modified":"2023-06-29T07:33:46","modified_gmt":"2023-06-29T10:33:46","slug":"se-comercializo-el-100-de-la-oferta-en-el-remate-virtual-del-norte","status":"publish","type":"post","link":"https:\/\/lahoradelcampo.com.uy\/site\/se-comercializo-el-100-de-la-oferta-en-el-remate-virtual-del-norte\/","title":{"rendered":"Se comercializ\u00f3 el 100% de la oferta en el Remate Virtual del Norte"},"content":{"rendered":"\n<figure class=\"wp-block-image size-full\"><a href=\"https:\/\/i0.wp.com\/lahoradelcampo.com.uy\/site\/wp-content\/uploads\/2023\/06\/RVN-Beriauremate.jpg\"><img data-recalc-dims=\"1\" loading=\"lazy\" decoding=\"async\" width=\"810\" height=\"405\" data-attachment-id=\"51517\" data-permalink=\"https:\/\/lahoradelcampo.com.uy\/site\/se-comercializo-el-100-de-la-oferta-en-el-remate-virtual-del-norte\/rvn-beriauremate\/\" data-orig-file=\"https:\/\/i0.wp.com\/lahoradelcampo.com.uy\/site\/wp-content\/uploads\/2023\/06\/RVN-Beriauremate.jpg?fit=880%2C440&amp;ssl=1\" data-orig-size=\"880,440\" data-comments-opened=\"1\" data-image-meta=\"{&quot;aperture&quot;:&quot;0&quot;,&quot;credit&quot;:&quot;&quot;,&quot;camera&quot;:&quot;&quot;,&quot;caption&quot;:&quot;&quot;,&quot;created_timestamp&quot;:&quot;0&quot;,&quot;copyright&quot;:&quot;&quot;,&quot;focal_length&quot;:&quot;0&quot;,&quot;iso&quot;:&quot;0&quot;,&quot;shutter_speed&quot;:&quot;0&quot;,&quot;title&quot;:&quot;&quot;,&quot;orientation&quot;:&quot;1&quot;}\" data-image-title=\"RVN-Beriauremate\" data-image-description=\"\" data-image-caption=\"\" data-large-file=\"https:\/\/i0.wp.com\/lahoradelcampo.com.uy\/site\/wp-content\/uploads\/2023\/06\/RVN-Beriauremate.jpg?fit=810%2C405&amp;ssl=1\" src=\"https:\/\/i0.wp.com\/lahoradelcampo.com.uy\/site\/wp-content\/uploads\/2023\/06\/RVN-Beriauremate.jpg?resize=810%2C405\" alt=\"\" class=\"wp-image-51517\" srcset=\"https:\/\/i0.wp.com\/lahoradelcampo.com.uy\/site\/wp-content\/uploads\/2023\/06\/RVN-Beriauremate.jpg?w=880&amp;ssl=1 880w, https:\/\/i0.wp.com\/lahoradelcampo.com.uy\/site\/wp-content\/uploads\/2023\/06\/RVN-Beriauremate.jpg?resize=300%2C150&amp;ssl=1 300w, https:\/\/i0.wp.com\/lahoradelcampo.com.uy\/site\/wp-content\/uploads\/2023\/06\/RVN-Beriauremate.jpg?resize=768%2C384&amp;ssl=1 768w, https:\/\/i0.wp.com\/lahoradelcampo.com.uy\/site\/wp-content\/uploads\/2023\/06\/RVN-Beriauremate.jpg?resize=820%2C410&amp;ssl=1 820w\" sizes=\"auto, (max-width: 810px) 100vw, 810px\" \/><\/a><\/figure>\n\n\n\n<p>El Remate Virtual del Norte, realizado ayer en el local de la parrillada \u00abEl Port\u00f3n\u00bb, ha dejado buenos resultados para el sector ganadero. Con una oferta voluminosa y de alta calidad, el remate logr\u00f3 vender el 100% de los lotes subastados, dejando satisfechos a los organizadores y participantes.<\/p>\n\n\n\n<p>Desde el escritorio Enrique Beriau, se destac\u00f3 el trabajo realizado para conseguir una oferta tan destacada por parte del consorcio de rematadores. El Dr. Ignacio Beriau expres\u00f3: \u00abComenzando por el volumen y la calidad de la oferta que logramos conseguir, el consorcio ha hecho un gran trabajo en este sentido\u00bb. Se presentaron 700 vacunos, provenientes principalmente de Salto, pero tambi\u00e9n de Artigas y Paysand\u00fa.<\/p>\n\n\n\n<p>El remate, que cont\u00f3 con la participaci\u00f3n de compradores de diferentes puntos del pa\u00eds, se caracteriz\u00f3 por su agilidad y dinamismo. Mauricio Garc\u00eda Da Rosa, del escritorio El Estribo, destac\u00f3: \u00abEl remate fue muy activo y eso nos sorprendi\u00f3, especialmente considerando el momento en el que nos encontramos, ya que estamos entrando al invierno y el ganado gordo no ha estado en su mejor momento\u00bb. A pesar de las circunstancias, todas las categor\u00edas alcanzaron valores destacados, y el 100% de los lotes se vendieron, generando satisfacci\u00f3n entre los organizadores.<\/p>\n\n\n\n<p>Francisco Migliaro, del escritorio Azanza-Migliaro, resalt\u00f3 la calidad de los lotes ofrecidos, tanto de vaquillonas como de novillos. Adem\u00e1s, mencion\u00f3 la tranquilidad que les brind\u00f3 contar con un alto porcentaje de lotes preofertados al comienzo del remate. A lo largo de la subasta, se registraron pujas en pr\u00e1cticamente todos los lotes, demostrando el inter\u00e9s de los compradores. Migliaro enfatiz\u00f3: \u00abCreo que los valores superaron los promedios que se han estado manejando en otros remates\u00bb.<\/p>\n\n\n\n<p>La presencia de nuevos compradores de diferentes zonas del pa\u00eds fue otro aspecto destacado en el Remate Virtual del Norte. Los organizadores agradecieron la confianza de los clientes habituales y se mostraron contentos por la participaci\u00f3n de compradores provenientes de distintas regiones.<\/p>\n\n\n\n<figure class=\"wp-block-image size-large\"><a href=\"https:\/\/i0.wp.com\/lahoradelcampo.com.uy\/site\/wp-content\/uploads\/2023\/06\/rvn-resultados.jpg\"><img data-recalc-dims=\"1\" loading=\"lazy\" decoding=\"async\" width=\"810\" height=\"543\" data-attachment-id=\"51515\" data-permalink=\"https:\/\/lahoradelcampo.com.uy\/site\/se-comercializo-el-100-de-la-oferta-en-el-remate-virtual-del-norte\/rvn-resultados\/\" data-orig-file=\"https:\/\/i0.wp.com\/lahoradelcampo.com.uy\/site\/wp-content\/uploads\/2023\/06\/rvn-resultados.jpg?fit=1074%2C721&amp;ssl=1\" data-orig-size=\"1074,721\" data-comments-opened=\"1\" data-image-meta=\"{&quot;aperture&quot;:&quot;0&quot;,&quot;credit&quot;:&quot;&quot;,&quot;camera&quot;:&quot;&quot;,&quot;caption&quot;:&quot;&quot;,&quot;created_timestamp&quot;:&quot;0&quot;,&quot;copyright&quot;:&quot;&quot;,&quot;focal_length&quot;:&quot;0&quot;,&quot;iso&quot;:&quot;0&quot;,&quot;shutter_speed&quot;:&quot;0&quot;,&quot;title&quot;:&quot;&quot;,&quot;orientation&quot;:&quot;1&quot;}\" data-image-title=\"rvn-resultados\" data-image-description=\"\" data-image-caption=\"\" data-large-file=\"https:\/\/i0.wp.com\/lahoradelcampo.com.uy\/site\/wp-content\/uploads\/2023\/06\/rvn-resultados.jpg?fit=810%2C543&amp;ssl=1\" src=\"https:\/\/i0.wp.com\/lahoradelcampo.com.uy\/site\/wp-content\/uploads\/2023\/06\/rvn-resultados.jpg?resize=810%2C543\" alt=\"\" class=\"wp-image-51515\" srcset=\"https:\/\/i0.wp.com\/lahoradelcampo.com.uy\/site\/wp-content\/uploads\/2023\/06\/rvn-resultados.jpg?resize=1024%2C687&amp;ssl=1 1024w, https:\/\/i0.wp.com\/lahoradelcampo.com.uy\/site\/wp-content\/uploads\/2023\/06\/rvn-resultados.jpg?resize=300%2C201&amp;ssl=1 300w, https:\/\/i0.wp.com\/lahoradelcampo.com.uy\/site\/wp-content\/uploads\/2023\/06\/rvn-resultados.jpg?resize=768%2C516&amp;ssl=1 768w, https:\/\/i0.wp.com\/lahoradelcampo.com.uy\/site\/wp-content\/uploads\/2023\/06\/rvn-resultados.jpg?w=1074&amp;ssl=1 1074w\" sizes=\"auto, (max-width: 810px) 100vw, 810px\" \/><\/a><\/figure>\n\n\n\n<p>El pr\u00f3ximo remate se llevar\u00e1 a cabo el 27 de julio en Salto, con la expectativa de continuar con la buena din\u00e1mica y los resultados positivos.<\/p>\n\n\n\n<p>Salto, 29 de junio de 2023<\/p>\n","protected":false},"excerpt":{"rendered":"<p>El Remate Virtual del Norte, realizado ayer en el local de la parrillada \u00abEl Port\u00f3n\u00bb, ha dejado buenos resultados para el sector ganadero. Con una oferta voluminosa y de alta [&hellip;]<\/p>\n","protected":false},"author":5,"featured_media":51517,"comment_status":"open","ping_status":"open","sticky":false,"template":"","format":"standard","meta":{"_price":"","_stock":"","_tribe_ticket_header":"","_tribe_default_ticket_provider":"","_tribe_ticket_capacity":"0","_ticket_start_date":"","_ticket_end_date":"","_tribe_ticket_show_description":"","_tribe_ticket_show_not_going":false,"_tribe_ticket_use_global_stock":"","_tribe_ticket_global_stock_level":"","_global_stock_mode":"","_global_stock_cap":"","_tribe_rsvp_for_event":"","_tribe_ticket_going_count":"","_tribe_ticket_not_going_count":"","_tribe_tickets_list":"[]","_tribe_ticket_has_attendee_info_fields":false,"h5ap_radio_sources":[],"_jetpack_newsletter_access":"","_jetpack_dont_email_post_to_subs":false,"_jetpack_newsletter_tier_id":0,"_jetpack_memberships_contains_paywalled_content":false,"_jetpack_memberships_contains_paid_content":false,"footnotes":""},"categories":[21,5],"tags":[],"class_list":["post-51513","post","type-post","status-publish","format-standard","has-post-thumbnail","hentry","category-actualidad","category-ganaderia"],"jetpack_featured_media_url":"https:\/\/i0.wp.com\/lahoradelcampo.com.uy\/site\/wp-content\/uploads\/2023\/06\/RVN-Beriauremate.jpg?fit=880%2C440&ssl=1","jetpack_sharing_enabled":true,"jetpack_shortlink":"https:\/\/wp.me\/p99IaT-doR","jetpack-related-posts":[{"id":48653,"url":"https:\/\/lahoradelcampo.com.uy\/site\/excelente-arranque-de-ano-para-el-remate-virtual-del-norte\/","url_meta":{"origin":51513,"position":0},"title":"Excelente arranque de a\u00f1o para el Remate Virtual del Norte","author":"La Hora del Campo","date":"8 febrero, 2023","format":false,"excerpt":"En la jornada de ayer, desde la Parrillada El Port\u00f3n, el consorcio de escritorios integrantes del Remate Virtual del Norte, realiz\u00f3 su venta n\u00famero 23, con una colocaci\u00f3n total de la oferta tanto en vacunos como en ovinos. El martillero, Dr. Ignacio Beriau, dijo que existe \u201ctotal conformidad del consorcio,\u2026","rel":"","context":"En \u00abActualidad\u00bb","block_context":{"text":"Actualidad","link":"https:\/\/lahoradelcampo.com.uy\/site\/category\/actualidad\/"},"img":{"alt_text":"","src":"https:\/\/i0.wp.com\/lahoradelcampo.com.uy\/site\/wp-content\/uploads\/2022\/02\/RVN-Febrero22.jpg?fit=880%2C440&ssl=1&resize=350%2C200","width":350,"height":200,"srcset":"https:\/\/i0.wp.com\/lahoradelcampo.com.uy\/site\/wp-content\/uploads\/2022\/02\/RVN-Febrero22.jpg?fit=880%2C440&ssl=1&resize=350%2C200 1x, https:\/\/i0.wp.com\/lahoradelcampo.com.uy\/site\/wp-content\/uploads\/2022\/02\/RVN-Febrero22.jpg?fit=880%2C440&ssl=1&resize=525%2C300 1.5x, https:\/\/i0.wp.com\/lahoradelcampo.com.uy\/site\/wp-content\/uploads\/2022\/02\/RVN-Febrero22.jpg?fit=880%2C440&ssl=1&resize=700%2C400 2x"},"classes":[]},{"id":20228,"url":"https:\/\/lahoradelcampo.com.uy\/site\/hoy-se-realiza-el-primer-remate-virtual-del-norte\/","url_meta":{"origin":51513,"position":1},"title":"Hoy se realiza el primer remate virtual del norte","author":"La Hora del Campo","date":"27 mayo, 2020","format":false,"excerpt":"Con una oferta de 1.300 vacunos y 500 lanares, los escritorios \"El Estribo\", Azanza & Migliaro y Enrique Beriau, realizan el primer Remate Virtual del Norte aqu\u00ed en Salto. El evento se realiza desde las instalaciones del Club de Pesca, pero debido a la situaci\u00f3n sanitaria, se podr\u00e1 operar \u00fanicamente\u2026","rel":"","context":"En \u00abActualidad\u00bb","block_context":{"text":"Actualidad","link":"https:\/\/lahoradelcampo.com.uy\/site\/category\/actualidad\/"},"img":{"alt_text":"","src":"https:\/\/i0.wp.com\/lahoradelcampo.com.uy\/site\/wp-content\/uploads\/2020\/05\/Remate-virtual.jpg?fit=880%2C440&ssl=1&resize=350%2C200","width":350,"height":200,"srcset":"https:\/\/i0.wp.com\/lahoradelcampo.com.uy\/site\/wp-content\/uploads\/2020\/05\/Remate-virtual.jpg?fit=880%2C440&ssl=1&resize=350%2C200 1x, https:\/\/i0.wp.com\/lahoradelcampo.com.uy\/site\/wp-content\/uploads\/2020\/05\/Remate-virtual.jpg?fit=880%2C440&ssl=1&resize=525%2C300 1.5x, https:\/\/i0.wp.com\/lahoradelcampo.com.uy\/site\/wp-content\/uploads\/2020\/05\/Remate-virtual.jpg?fit=880%2C440&ssl=1&resize=700%2C400 2x"},"classes":[]},{"id":57039,"url":"https:\/\/lahoradelcampo.com.uy\/site\/venta-total-de-la-genetica-aberdeen-angus-de-el-retiro\/","url_meta":{"origin":51513,"position":2},"title":"Venta total de la gen\u00e9tica Aberdeen Angus de \u00abEl Retiro\u00bb","author":"La Hora del Campo","date":"10 octubre, 2025","format":false,"excerpt":"El consorcio Remate Virtual del Norte (RVN) cerr\u00f3 una jornada que confirm\u00f3 la demanda por gen\u00e9tica Angus de calidad, con la comercializaci\u00f3n completa de la oferta del establecimiento El Retiro, en Tom\u00e1s Gomensoro, Artigas. La subasta, organizada por el consorcio integrado por Azanza-Migliaro, El Estribo de Aldo Garcia Da Rosa\u2026","rel":"","context":"En \u00abActualidad\u00bb","block_context":{"text":"Actualidad","link":"https:\/\/lahoradelcampo.com.uy\/site\/category\/actualidad\/"},"img":{"alt_text":"","src":"https:\/\/i0.wp.com\/lahoradelcampo.com.uy\/site\/wp-content\/uploads\/2025\/10\/Elretiro2025.jpg?fit=880%2C440&ssl=1&resize=350%2C200","width":350,"height":200,"srcset":"https:\/\/i0.wp.com\/lahoradelcampo.com.uy\/site\/wp-content\/uploads\/2025\/10\/Elretiro2025.jpg?fit=880%2C440&ssl=1&resize=350%2C200 1x, https:\/\/i0.wp.com\/lahoradelcampo.com.uy\/site\/wp-content\/uploads\/2025\/10\/Elretiro2025.jpg?fit=880%2C440&ssl=1&resize=525%2C300 1.5x, https:\/\/i0.wp.com\/lahoradelcampo.com.uy\/site\/wp-content\/uploads\/2025\/10\/Elretiro2025.jpg?fit=880%2C440&ssl=1&resize=700%2C400 2x"},"classes":[]},{"id":22252,"url":"https:\/\/lahoradelcampo.com.uy\/site\/segundo-remate-virtual-del-norte-coloco-el-100-de-la-oferta\/","url_meta":{"origin":51513,"position":3},"title":"Segundo remate virtual del norte  coloc\u00f3 el 100% de la oferta","author":"La Hora del Campo","date":"30 julio, 2020","format":false,"excerpt":"El equipo del escritorio Enrique Beriau, de Azanza & Migliaro y El Estribo, concretaron en la jornada de ayer su segunda venta por pantalla desde las instalaciones del Club de Pesca, logrando comercializar el 100% de lo consignado para este evento. Al cierre del remate, el Dr. Ignacio Beriau, dijo\u2026","rel":"","context":"En \u00abActualidad\u00bb","block_context":{"text":"Actualidad","link":"https:\/\/lahoradelcampo.com.uy\/site\/category\/actualidad\/"},"img":{"alt_text":"","src":"https:\/\/i0.wp.com\/lahoradelcampo.com.uy\/site\/wp-content\/uploads\/2020\/07\/rematevirtualweb.jpg?fit=880%2C440&ssl=1&resize=350%2C200","width":350,"height":200,"srcset":"https:\/\/i0.wp.com\/lahoradelcampo.com.uy\/site\/wp-content\/uploads\/2020\/07\/rematevirtualweb.jpg?fit=880%2C440&ssl=1&resize=350%2C200 1x, https:\/\/i0.wp.com\/lahoradelcampo.com.uy\/site\/wp-content\/uploads\/2020\/07\/rematevirtualweb.jpg?fit=880%2C440&ssl=1&resize=525%2C300 1.5x, https:\/\/i0.wp.com\/lahoradelcampo.com.uy\/site\/wp-content\/uploads\/2020\/07\/rematevirtualweb.jpg?fit=880%2C440&ssl=1&resize=700%2C400 2x"},"classes":[]},{"id":30464,"url":"https:\/\/lahoradelcampo.com.uy\/site\/el-8vo-remate-virtual-del-norte-rematara-1-200-ovinos-y-1-100-vacunos\/","url_meta":{"origin":51513,"position":4},"title":"El 8vo Remate Virtual del Norte rematar\u00e1 1.200 ovinos y 1.100 vacunos","author":"La Hora del Campo","date":"24 mayo, 2021","format":false,"excerpt":"En mayo del a\u00f1o pasado se cristaliz\u00f3 la idea desarrollada por los escritorio Beriau, Azanza & Migliaro y El Puesto, al realizarse el 1er Remate Virtual del Norte. Venta que fue consolid\u00e1ndose remate a remate y que el mi\u00e9rcoles 26 de mayo a las 18 horas realizar\u00e1 su octava edici\u00f3n\u2026","rel":"","context":"En \u00abActualidad\u00bb","block_context":{"text":"Actualidad","link":"https:\/\/lahoradelcampo.com.uy\/site\/category\/actualidad\/"},"img":{"alt_text":"","src":"https:\/\/i0.wp.com\/lahoradelcampo.com.uy\/site\/wp-content\/uploads\/2021\/02\/virtualdelnorte.jpg?fit=880%2C440&ssl=1&resize=350%2C200","width":350,"height":200,"srcset":"https:\/\/i0.wp.com\/lahoradelcampo.com.uy\/site\/wp-content\/uploads\/2021\/02\/virtualdelnorte.jpg?fit=880%2C440&ssl=1&resize=350%2C200 1x, https:\/\/i0.wp.com\/lahoradelcampo.com.uy\/site\/wp-content\/uploads\/2021\/02\/virtualdelnorte.jpg?fit=880%2C440&ssl=1&resize=525%2C300 1.5x, https:\/\/i0.wp.com\/lahoradelcampo.com.uy\/site\/wp-content\/uploads\/2021\/02\/virtualdelnorte.jpg?fit=880%2C440&ssl=1&resize=700%2C400 2x"},"classes":[]},{"id":41755,"url":"https:\/\/lahoradelcampo.com.uy\/site\/hoy-se-realiza-el-16-remate-virtual-del-norte\/","url_meta":{"origin":51513,"position":5},"title":"Hoy se realiza el 16 Remate Virtual del Norte","author":"La Hora del Campo","date":"12 mayo, 2022","format":false,"excerpt":"Los escritorio Enrique Beriau, Azanza & Migliaro y El Estribo, realizar\u00e1n a partir de las 19 horas, el decimosexto Remate Virtual del Norte, con una propuesta de 1.200 vacunos y 430 ovinos. Como es tradicional el remate se realiza desde la Parrillada El Port\u00f3n y con transmisi\u00f3n por Tvcable e\u2026","rel":"","context":"En \u00abActualidad\u00bb","block_context":{"text":"Actualidad","link":"https:\/\/lahoradelcampo.com.uy\/site\/category\/actualidad\/"},"img":{"alt_text":"","src":"https:\/\/i0.wp.com\/lahoradelcampo.com.uy\/site\/wp-content\/uploads\/2022\/02\/RVN-Febrero22.jpg?fit=880%2C440&ssl=1&resize=350%2C200","width":350,"height":200,"srcset":"https:\/\/i0.wp.com\/lahoradelcampo.com.uy\/site\/wp-content\/uploads\/2022\/02\/RVN-Febrero22.jpg?fit=880%2C440&ssl=1&resize=350%2C200 1x, https:\/\/i0.wp.com\/lahoradelcampo.com.uy\/site\/wp-content\/uploads\/2022\/02\/RVN-Febrero22.jpg?fit=880%2C440&ssl=1&resize=525%2C300 1.5x, https:\/\/i0.wp.com\/lahoradelcampo.com.uy\/site\/wp-content\/uploads\/2022\/02\/RVN-Febrero22.jpg?fit=880%2C440&ssl=1&resize=700%2C400 2x"},"classes":[]}],"jetpack_likes_enabled":true,"_links":{"self":[{"href":"https:\/\/lahoradelcampo.com.uy\/site\/wp-json\/wp\/v2\/posts\/51513","targetHints":{"allow":["GET"]}}],"collection":[{"href":"https:\/\/lahoradelcampo.com.uy\/site\/wp-json\/wp\/v2\/posts"}],"about":[{"href":"https:\/\/lahoradelcampo.com.uy\/site\/wp-json\/wp\/v2\/types\/post"}],"author":[{"embeddable":true,"href":"https:\/\/lahoradelcampo.com.uy\/site\/wp-json\/wp\/v2\/users\/5"}],"replies":[{"embeddable":true,"href":"https:\/\/lahoradelcampo.com.uy\/site\/wp-json\/wp\/v2\/comments?post=51513"}],"version-history":[{"count":1,"href":"https:\/\/lahoradelcampo.com.uy\/site\/wp-json\/wp\/v2\/posts\/51513\/revisions"}],"predecessor-version":[{"id":51519,"href":"https:\/\/lahoradelcampo.com.uy\/site\/wp-json\/wp\/v2\/posts\/51513\/revisions\/51519"}],"wp:featuredmedia":[{"embeddable":true,"href":"https:\/\/lahoradelcampo.com.uy\/site\/wp-json\/wp\/v2\/media\/51517"}],"wp:attachment":[{"href":"https:\/\/lahoradelcampo.com.uy\/site\/wp-json\/wp\/v2\/media?parent=51513"}],"wp:term":[{"taxonomy":"category","embeddable":true,"href":"https:\/\/lahoradelcampo.com.uy\/site\/wp-json\/wp\/v2\/categories?post=51513"},{"taxonomy":"post_tag","embeddable":true,"href":"https:\/\/lahoradelcampo.com.uy\/site\/wp-json\/wp\/v2\/tags?post=51513"}],"curies":[{"name":"wp","href":"https:\/\/api.w.org\/{rel}","templated":true}]}}