{"id":51507,"date":"2023-06-29T07:23:17","date_gmt":"2023-06-29T10:23:17","guid":{"rendered":"http:\/\/lahoradelcampo.com.uy\/site\/?p=51507"},"modified":"2023-06-29T07:24:35","modified_gmt":"2023-06-29T10:24:35","slug":"en-la-zona-de-corralito-existe-un-aumento-del-area-de-cebolla","status":"publish","type":"post","link":"https:\/\/lahoradelcampo.com.uy\/site\/en-la-zona-de-corralito-existe-un-aumento-del-area-de-cebolla\/","title":{"rendered":"En la zona de Corralito existe un aumento del \u00e1rea de cebolla"},"content":{"rendered":"\n<figure class=\"wp-block-image size-full\"><a href=\"https:\/\/i0.wp.com\/lahoradelcampo.com.uy\/site\/wp-content\/uploads\/2023\/06\/Cebolla-salto-granja.jpg\"><img data-recalc-dims=\"1\" loading=\"lazy\" decoding=\"async\" width=\"810\" height=\"405\" data-attachment-id=\"51509\" data-permalink=\"https:\/\/lahoradelcampo.com.uy\/site\/en-la-zona-de-corralito-existe-un-aumento-del-area-de-cebolla\/cebolla-salto-granja\/\" data-orig-file=\"https:\/\/i0.wp.com\/lahoradelcampo.com.uy\/site\/wp-content\/uploads\/2023\/06\/Cebolla-salto-granja.jpg?fit=880%2C440&amp;ssl=1\" data-orig-size=\"880,440\" data-comments-opened=\"1\" data-image-meta=\"{&quot;aperture&quot;:&quot;0&quot;,&quot;credit&quot;:&quot;&quot;,&quot;camera&quot;:&quot;&quot;,&quot;caption&quot;:&quot;&quot;,&quot;created_timestamp&quot;:&quot;0&quot;,&quot;copyright&quot;:&quot;&quot;,&quot;focal_length&quot;:&quot;0&quot;,&quot;iso&quot;:&quot;0&quot;,&quot;shutter_speed&quot;:&quot;0&quot;,&quot;title&quot;:&quot;&quot;,&quot;orientation&quot;:&quot;1&quot;}\" data-image-title=\"Cebolla-salto-granja\" data-image-description=\"\" data-image-caption=\"\" data-large-file=\"https:\/\/i0.wp.com\/lahoradelcampo.com.uy\/site\/wp-content\/uploads\/2023\/06\/Cebolla-salto-granja.jpg?fit=810%2C405&amp;ssl=1\" src=\"https:\/\/i0.wp.com\/lahoradelcampo.com.uy\/site\/wp-content\/uploads\/2023\/06\/Cebolla-salto-granja.jpg?resize=810%2C405\" alt=\"\" class=\"wp-image-51509\" srcset=\"https:\/\/i0.wp.com\/lahoradelcampo.com.uy\/site\/wp-content\/uploads\/2023\/06\/Cebolla-salto-granja.jpg?w=880&amp;ssl=1 880w, https:\/\/i0.wp.com\/lahoradelcampo.com.uy\/site\/wp-content\/uploads\/2023\/06\/Cebolla-salto-granja.jpg?resize=300%2C150&amp;ssl=1 300w, https:\/\/i0.wp.com\/lahoradelcampo.com.uy\/site\/wp-content\/uploads\/2023\/06\/Cebolla-salto-granja.jpg?resize=768%2C384&amp;ssl=1 768w, https:\/\/i0.wp.com\/lahoradelcampo.com.uy\/site\/wp-content\/uploads\/2023\/06\/Cebolla-salto-granja.jpg?resize=820%2C410&amp;ssl=1 820w\" sizes=\"auto, (max-width: 810px) 100vw, 810px\" \/><\/a><\/figure>\n\n\n\n<p>En la zona productiva cercana a la ciudad de Salto, los productores de cebolla tienen opiniones divididas en cuanto a la superficie plantada este a\u00f1o, seg\u00fan informaron los t\u00e9cnicos de la Unidad Agroalimentaria Metropolitana (UAM) tras su recorrida en la zona. Algunos sostienen que no es superior a a\u00f1os anteriores, mientras que en la zona de Corralito se observa un aumento en la proporci\u00f3n de \u00e1rea destinada a este cultivo, a expensas de la zanahoria.<\/p>\n\n\n\n<p>Durante la visita a la zona, se pudo constatar numerosos cultivos de gran superficie, muchos de ellos en etapa de trasplante.<\/p>\n\n\n\n<p>En relaci\u00f3n a las variedades utilizadas, se destaca la Presto como una opci\u00f3n temprana, siendo com\u00fanmente incluida en las cebollas tipo japonesa. Se espera que a finales de agosto se produzcan los primeros ingresos al mercado con este tipo de cebolla. Luego, en el ciclo de cultivo, le siguen las variedades Roc\u00edo y Cristal.<\/p>\n\n\n\n<p>Por \u00faltimo, para tener cebolla disponible al comienzo de la temporada en el Sur del pa\u00eds, se utiliza la variedad INIA Casera.<\/p>\n\n\n\n<p>Adem\u00e1s, los productores est\u00e1n realizando pruebas con una variedad de ciclo m\u00e1s largo, buscando obtener cebollas de mejor calidad en cuanto al cierre del cuello y mayor cantidad de cat\u00e1filas, lo que permitir\u00eda conservarlas por varios meses.<\/p>\n\n\n\n<p>En cuanto a la superficie destinada al cultivo de zanahoria, se observa una ligera disminuci\u00f3n en comparaci\u00f3n con zafras anteriores, aunque se aprecia una proporci\u00f3n significativa de cultivos recientemente instalados.<\/p>\n\n\n\n<p>Durante la visita realizada, se pudo constatar que los cultivos en proceso de cosecha o pr\u00f3ximos a ser cosechados presentaban un alto nivel de humedad en el suelo debido a lluvias relativamente intensas ocurridas pocos d\u00edas antes.<\/p>\n\n\n\n<p>Esta situaci\u00f3n complica el trabajo de arrancado de las zanahorias, ya que en lugar de utilizar maquinaria, se realiza manualmente. Sin embargo, las ra\u00edces emergen con una gran cantidad de tierra, lo que dificulta el lavado y perjudica la poscosecha al requerir m\u00e1s tiempo en la m\u00e1quina lavadora.<\/p>\n\n\n\n<p>Salto, 29 de junio de 2023<\/p>\n","protected":false},"excerpt":{"rendered":"<p>En la zona productiva cercana a la ciudad de Salto, los productores de cebolla tienen opiniones divididas en cuanto a la superficie plantada este a\u00f1o, seg\u00fan informaron los t\u00e9cnicos de [&hellip;]<\/p>\n","protected":false},"author":5,"featured_media":51509,"comment_status":"open","ping_status":"open","sticky":false,"template":"","format":"standard","meta":{"_price":"","_stock":"","_tribe_ticket_header":"","_tribe_default_ticket_provider":"","_tribe_ticket_capacity":"0","_ticket_start_date":"","_ticket_end_date":"","_tribe_ticket_show_description":"","_tribe_ticket_show_not_going":false,"_tribe_ticket_use_global_stock":"","_tribe_ticket_global_stock_level":"","_global_stock_mode":"","_global_stock_cap":"","_tribe_rsvp_for_event":"","_tribe_ticket_going_count":"","_tribe_ticket_not_going_count":"","_tribe_tickets_list":"[]","_tribe_ticket_has_attendee_info_fields":false,"h5ap_radio_sources":[],"_jetpack_newsletter_access":"","_jetpack_dont_email_post_to_subs":false,"_jetpack_newsletter_tier_id":0,"_jetpack_memberships_contains_paywalled_content":false,"_jetpack_memberships_contains_paid_content":false,"footnotes":""},"categories":[21,9],"tags":[],"class_list":["post-51507","post","type-post","status-publish","format-standard","has-post-thumbnail","hentry","category-actualidad","category-granja"],"jetpack_featured_media_url":"https:\/\/i0.wp.com\/lahoradelcampo.com.uy\/site\/wp-content\/uploads\/2023\/06\/Cebolla-salto-granja.jpg?fit=880%2C440&ssl=1","jetpack_sharing_enabled":true,"jetpack_shortlink":"https:\/\/wp.me\/p99IaT-doL","jetpack-related-posts":[{"id":19270,"url":"https:\/\/lahoradelcampo.com.uy\/site\/granizo-genero-importantes-perdidas-en-la-zona-de-chacras-al-sur-de-salto\/","url_meta":{"origin":51507,"position":0},"title":"Granizo gener\u00f3 importantes p\u00e9rdidas en la zona de chacras al sur de Salto","author":"La Hora del Campo","date":"29 abril, 2020","format":false,"excerpt":"En la madrugada de la jornada de ayer, las precipitaciones trajeron consigo un evento de granizo en la zona chacras, al sur de la ciudad de Salto, generando p\u00e9rdidas en varios cultivos. De acuerdo a Jorge Giambiassi, presidente de Salto Hort\u00edcola, los cultivos m\u00e1s afectados ser\u00edan el zapallo coreano, zanahoria,\u2026","rel":"","context":"En \u00abActualidad\u00bb","block_context":{"text":"Actualidad","link":"https:\/\/lahoradelcampo.com.uy\/site\/category\/actualidad\/"},"img":{"alt_text":"","src":"https:\/\/i0.wp.com\/lahoradelcampo.com.uy\/site\/wp-content\/uploads\/2020\/04\/granizo.jpg?fit=880%2C440&ssl=1&resize=350%2C200","width":350,"height":200,"srcset":"https:\/\/i0.wp.com\/lahoradelcampo.com.uy\/site\/wp-content\/uploads\/2020\/04\/granizo.jpg?fit=880%2C440&ssl=1&resize=350%2C200 1x, https:\/\/i0.wp.com\/lahoradelcampo.com.uy\/site\/wp-content\/uploads\/2020\/04\/granizo.jpg?fit=880%2C440&ssl=1&resize=525%2C300 1.5x, https:\/\/i0.wp.com\/lahoradelcampo.com.uy\/site\/wp-content\/uploads\/2020\/04\/granizo.jpg?fit=880%2C440&ssl=1&resize=700%2C400 2x"},"classes":[]},{"id":19128,"url":"https:\/\/lahoradelcampo.com.uy\/site\/crece-el-area-de-tomate-y-cae-la-del-morron-en-la-zona-segun-salto-horticola\/","url_meta":{"origin":51507,"position":1},"title":"Crece el \u00e1rea de tomate y cae la del morr\u00f3n en la zona seg\u00fan Salto Hort\u00edcola","author":"La Hora del Campo","date":"23 abril, 2020","format":false,"excerpt":"Se present\u00f3 en la jornada de mi\u00e9rcoles, el Informe Final de la Encuesta Intenci\u00f3n de Siembra; un trabajo producto del equipo de Avanza junto a t\u00e9cnicos, productores, y Directivos de Salto Hort\u00edcola. Con transmisi\u00f3n en vivo a trav\u00e9s de diferentes plataformas virtuales, en la actividad presencial participaron realizando la exposici\u00f3n\u2026","rel":"","context":"En \u00abActualidad\u00bb","block_context":{"text":"Actualidad","link":"https:\/\/lahoradelcampo.com.uy\/site\/category\/actualidad\/"},"img":{"alt_text":"","src":"https:\/\/i0.wp.com\/lahoradelcampo.com.uy\/site\/wp-content\/uploads\/2020\/04\/Salto-horticola-encuesta.jpg?fit=880%2C440&ssl=1&resize=350%2C200","width":350,"height":200,"srcset":"https:\/\/i0.wp.com\/lahoradelcampo.com.uy\/site\/wp-content\/uploads\/2020\/04\/Salto-horticola-encuesta.jpg?fit=880%2C440&ssl=1&resize=350%2C200 1x, https:\/\/i0.wp.com\/lahoradelcampo.com.uy\/site\/wp-content\/uploads\/2020\/04\/Salto-horticola-encuesta.jpg?fit=880%2C440&ssl=1&resize=525%2C300 1.5x, https:\/\/i0.wp.com\/lahoradelcampo.com.uy\/site\/wp-content\/uploads\/2020\/04\/Salto-horticola-encuesta.jpg?fit=880%2C440&ssl=1&resize=700%2C400 2x"},"classes":[]},{"id":4881,"url":"https:\/\/lahoradelcampo.com.uy\/site\/apicultura-se-detectaron-35-casos-de-mal-del-rio-en-salto\/","url_meta":{"origin":51507,"position":2},"title":"Apicultura: Se detectaron 35 casos de \u00abMal del R\u00edo\u00bb en Salto","author":"La Hora del Campo","date":"13 diciembre, 2017","format":false,"excerpt":"En los \u00faltimos 20 d\u00edas se han venido detectando casos de \"Mal del R\u00edo\" en colmenas ubicadas en la zona de Nueva Hesp\u00e9rides y Corralito generando un impacto negativo en un sistema de producci\u00f3n que viene arrastrando varias dificultades en este \u00faltimo tiempo. El Ing. Marcelo Mancuello, t\u00e9cnico en el\u2026","rel":"","context":"En \u00abActualidad\u00bb","block_context":{"text":"Actualidad","link":"https:\/\/lahoradelcampo.com.uy\/site\/category\/actualidad\/"},"img":{"alt_text":"","src":"https:\/\/i0.wp.com\/lahoradelcampo.com.uy\/site\/wp-content\/uploads\/2017\/12\/Colmenas.jpg?fit=880%2C440&ssl=1&resize=350%2C200","width":350,"height":200,"srcset":"https:\/\/i0.wp.com\/lahoradelcampo.com.uy\/site\/wp-content\/uploads\/2017\/12\/Colmenas.jpg?fit=880%2C440&ssl=1&resize=350%2C200 1x, https:\/\/i0.wp.com\/lahoradelcampo.com.uy\/site\/wp-content\/uploads\/2017\/12\/Colmenas.jpg?fit=880%2C440&ssl=1&resize=525%2C300 1.5x, https:\/\/i0.wp.com\/lahoradelcampo.com.uy\/site\/wp-content\/uploads\/2017\/12\/Colmenas.jpg?fit=880%2C440&ssl=1&resize=700%2C400 2x"},"classes":[]},{"id":27418,"url":"https:\/\/lahoradelcampo.com.uy\/site\/aca-confirmo-aumento-del-area-arrocera\/","url_meta":{"origin":51507,"position":3},"title":"ACA confirm\u00f3 aumento del \u00e1rea arrocera","author":"La Hora del Campo","date":"5 febrero, 2021","format":false,"excerpt":"La Asociaci\u00f3n de Cultivadores de Arroz (ACA) present\u00f3 el primer informe de 2021 el que refiere al relevamiento de siembra, zafra 2020\/2021. En el pa\u00eds el \u00e1rea total de arroz es de 143.247 hect\u00e1reas, lo que representa un aumento respecto a la zafra anterior, se\u00f1ala la gremial de arroceros. La\u2026","rel":"","context":"En \u00abActualidad\u00bb","block_context":{"text":"Actualidad","link":"https:\/\/lahoradelcampo.com.uy\/site\/category\/actualidad\/"},"img":{"alt_text":"","src":"https:\/\/i0.wp.com\/lahoradelcampo.com.uy\/site\/wp-content\/uploads\/2019\/06\/arroceros-3-1.jpg?fit=880%2C440&ssl=1&resize=350%2C200","width":350,"height":200,"srcset":"https:\/\/i0.wp.com\/lahoradelcampo.com.uy\/site\/wp-content\/uploads\/2019\/06\/arroceros-3-1.jpg?fit=880%2C440&ssl=1&resize=350%2C200 1x, https:\/\/i0.wp.com\/lahoradelcampo.com.uy\/site\/wp-content\/uploads\/2019\/06\/arroceros-3-1.jpg?fit=880%2C440&ssl=1&resize=525%2C300 1.5x, https:\/\/i0.wp.com\/lahoradelcampo.com.uy\/site\/wp-content\/uploads\/2019\/06\/arroceros-3-1.jpg?fit=880%2C440&ssl=1&resize=700%2C400 2x"},"classes":[]},{"id":56068,"url":"https:\/\/lahoradelcampo.com.uy\/site\/cosecha-arrocera-llega-al-86-del-area-en-el-pais\/","url_meta":{"origin":51507,"position":4},"title":"Cosecha arrocera llega al 86% del \u00e1rea en el pa\u00eds","author":"La Hora del Campo","date":"5 mayo, 2025","format":false,"excerpt":"La cosecha de arroz avanza a paso firme, alcanzando un promedio del 86% de la superficie total sembrada para la zafra 2024\/25. Con un \u00e1rea cultivada que totaliz\u00f3 182.874 hect\u00e1reas, el pa\u00eds se encamina hacia la finalizaci\u00f3n de las labores de recolecci\u00f3n. El progreso de la cosecha muestra que la\u2026","rel":"","context":"En \u00abActualidad\u00bb","block_context":{"text":"Actualidad","link":"https:\/\/lahoradelcampo.com.uy\/site\/category\/actualidad\/"},"img":{"alt_text":"","src":"https:\/\/i0.wp.com\/lahoradelcampo.com.uy\/site\/wp-content\/uploads\/2025\/05\/arroz-cosecha.jpg?fit=880%2C440&ssl=1&resize=350%2C200","width":350,"height":200,"srcset":"https:\/\/i0.wp.com\/lahoradelcampo.com.uy\/site\/wp-content\/uploads\/2025\/05\/arroz-cosecha.jpg?fit=880%2C440&ssl=1&resize=350%2C200 1x, https:\/\/i0.wp.com\/lahoradelcampo.com.uy\/site\/wp-content\/uploads\/2025\/05\/arroz-cosecha.jpg?fit=880%2C440&ssl=1&resize=525%2C300 1.5x, https:\/\/i0.wp.com\/lahoradelcampo.com.uy\/site\/wp-content\/uploads\/2025\/05\/arroz-cosecha.jpg?fit=880%2C440&ssl=1&resize=700%2C400 2x"},"classes":[]},{"id":14013,"url":"https:\/\/lahoradelcampo.com.uy\/site\/la-pantalla-de-valdez-cia-un-remate-clasico-en-el-prado\/","url_meta":{"origin":51507,"position":5},"title":"La Pantalla de Vald\u00e9z &#038; C\u00eda:  Un remate cl\u00e1sico en el Prado","author":"La Hora del Campo","date":"9 septiembre, 2019","format":false,"excerpt":"Convertido ya en un cl\u00e1sico de la Expo Prado, el mi\u00e9rcoles a las 17 horas, la firma Jos\u00e9 A. Vald\u00e9z & C\u00eda, realizar\u00e1 un nuevo remate por pantalla, con una oferta de 3.996 reses de todo el pa\u00eds. Desde su local \"La Pe\u00f1a de Vald\u00e9z\" se transmitira por internet y\u2026","rel":"","context":"En \u00abActualidad\u00bb","block_context":{"text":"Actualidad","link":"https:\/\/lahoradelcampo.com.uy\/site\/category\/actualidad\/"},"img":{"alt_text":"","src":"https:\/\/i0.wp.com\/lahoradelcampo.com.uy\/site\/wp-content\/uploads\/2019\/09\/Valdez.jpg?fit=880%2C440&ssl=1&resize=350%2C200","width":350,"height":200,"srcset":"https:\/\/i0.wp.com\/lahoradelcampo.com.uy\/site\/wp-content\/uploads\/2019\/09\/Valdez.jpg?fit=880%2C440&ssl=1&resize=350%2C200 1x, https:\/\/i0.wp.com\/lahoradelcampo.com.uy\/site\/wp-content\/uploads\/2019\/09\/Valdez.jpg?fit=880%2C440&ssl=1&resize=525%2C300 1.5x, https:\/\/i0.wp.com\/lahoradelcampo.com.uy\/site\/wp-content\/uploads\/2019\/09\/Valdez.jpg?fit=880%2C440&ssl=1&resize=700%2C400 2x"},"classes":[]}],"jetpack_likes_enabled":true,"_links":{"self":[{"href":"https:\/\/lahoradelcampo.com.uy\/site\/wp-json\/wp\/v2\/posts\/51507","targetHints":{"allow":["GET"]}}],"collection":[{"href":"https:\/\/lahoradelcampo.com.uy\/site\/wp-json\/wp\/v2\/posts"}],"about":[{"href":"https:\/\/lahoradelcampo.com.uy\/site\/wp-json\/wp\/v2\/types\/post"}],"author":[{"embeddable":true,"href":"https:\/\/lahoradelcampo.com.uy\/site\/wp-json\/wp\/v2\/users\/5"}],"replies":[{"embeddable":true,"href":"https:\/\/lahoradelcampo.com.uy\/site\/wp-json\/wp\/v2\/comments?post=51507"}],"version-history":[{"count":1,"href":"https:\/\/lahoradelcampo.com.uy\/site\/wp-json\/wp\/v2\/posts\/51507\/revisions"}],"predecessor-version":[{"id":51511,"href":"https:\/\/lahoradelcampo.com.uy\/site\/wp-json\/wp\/v2\/posts\/51507\/revisions\/51511"}],"wp:featuredmedia":[{"embeddable":true,"href":"https:\/\/lahoradelcampo.com.uy\/site\/wp-json\/wp\/v2\/media\/51509"}],"wp:attachment":[{"href":"https:\/\/lahoradelcampo.com.uy\/site\/wp-json\/wp\/v2\/media?parent=51507"}],"wp:term":[{"taxonomy":"category","embeddable":true,"href":"https:\/\/lahoradelcampo.com.uy\/site\/wp-json\/wp\/v2\/categories?post=51507"},{"taxonomy":"post_tag","embeddable":true,"href":"https:\/\/lahoradelcampo.com.uy\/site\/wp-json\/wp\/v2\/tags?post=51507"}],"curies":[{"name":"wp","href":"https:\/\/api.w.org\/{rel}","templated":true}]}}