{"id":51501,"date":"2023-06-29T07:15:06","date_gmt":"2023-06-29T10:15:06","guid":{"rendered":"http:\/\/lahoradelcampo.com.uy\/site\/?p=51501"},"modified":"2023-06-29T07:15:35","modified_gmt":"2023-06-29T10:15:35","slug":"tejidos-que-unen-fronteras-artesanos-de-colombia-visitaron-uruguay","status":"publish","type":"post","link":"https:\/\/lahoradelcampo.com.uy\/site\/tejidos-que-unen-fronteras-artesanos-de-colombia-visitaron-uruguay\/","title":{"rendered":"Tejidos que unen fronteras: artesanos de Colombia visitaron Uruguay"},"content":{"rendered":"\n<figure class=\"wp-block-image size-full\"><a href=\"https:\/\/i0.wp.com\/lahoradelcampo.com.uy\/site\/wp-content\/uploads\/2023\/06\/SUL-Colombianos.jpg\"><img data-recalc-dims=\"1\" loading=\"lazy\" decoding=\"async\" width=\"810\" height=\"405\" data-attachment-id=\"51503\" data-permalink=\"https:\/\/lahoradelcampo.com.uy\/site\/tejidos-que-unen-fronteras-artesanos-de-colombia-visitaron-uruguay\/sul-colombianos\/\" data-orig-file=\"https:\/\/i0.wp.com\/lahoradelcampo.com.uy\/site\/wp-content\/uploads\/2023\/06\/SUL-Colombianos.jpg?fit=880%2C440&amp;ssl=1\" data-orig-size=\"880,440\" data-comments-opened=\"1\" data-image-meta=\"{&quot;aperture&quot;:&quot;0&quot;,&quot;credit&quot;:&quot;&quot;,&quot;camera&quot;:&quot;&quot;,&quot;caption&quot;:&quot;&quot;,&quot;created_timestamp&quot;:&quot;0&quot;,&quot;copyright&quot;:&quot;&quot;,&quot;focal_length&quot;:&quot;0&quot;,&quot;iso&quot;:&quot;0&quot;,&quot;shutter_speed&quot;:&quot;0&quot;,&quot;title&quot;:&quot;&quot;,&quot;orientation&quot;:&quot;1&quot;}\" data-image-title=\"SUL-Colombianos\" data-image-description=\"\" data-image-caption=\"\" data-large-file=\"https:\/\/i0.wp.com\/lahoradelcampo.com.uy\/site\/wp-content\/uploads\/2023\/06\/SUL-Colombianos.jpg?fit=810%2C405&amp;ssl=1\" src=\"https:\/\/i0.wp.com\/lahoradelcampo.com.uy\/site\/wp-content\/uploads\/2023\/06\/SUL-Colombianos.jpg?resize=810%2C405\" alt=\"\" class=\"wp-image-51503\" srcset=\"https:\/\/i0.wp.com\/lahoradelcampo.com.uy\/site\/wp-content\/uploads\/2023\/06\/SUL-Colombianos.jpg?w=880&amp;ssl=1 880w, https:\/\/i0.wp.com\/lahoradelcampo.com.uy\/site\/wp-content\/uploads\/2023\/06\/SUL-Colombianos.jpg?resize=300%2C150&amp;ssl=1 300w, https:\/\/i0.wp.com\/lahoradelcampo.com.uy\/site\/wp-content\/uploads\/2023\/06\/SUL-Colombianos.jpg?resize=768%2C384&amp;ssl=1 768w, https:\/\/i0.wp.com\/lahoradelcampo.com.uy\/site\/wp-content\/uploads\/2023\/06\/SUL-Colombianos.jpg?resize=820%2C410&amp;ssl=1 820w\" sizes=\"auto, (max-width: 810px) 100vw, 810px\" \/><\/a><\/figure>\n\n\n\n<p>En una jornada llena de intercambio cultural, este mes, el Secretariado Uruguayo de la Lana (SUL) recibi\u00f3 con entusiasmo a una delegaci\u00f3n de artesanos provenientes del departamento de Cundinamarca, Colombia. El encuentro tuvo lugar en la sede de Montevideo, donde miembros de la Mesa Ejecutiva y t\u00e9cnicos del SUL compartieron aspectos destacados de la producci\u00f3n ovina en Uruguay y presentaron el programa dise\u00f1ado para esta visita.<\/p>\n\n\n\n<p>La delegaci\u00f3n colombiana, conformada por artesanos de distintos municipios, continu\u00f3 su itinerario con una visita al Centro de Investigaci\u00f3n y Experimentaci\u00f3n CIEDAG en Cerro Colorado, ubicado en el departamento de Florida. Durante su recorrido, tuvieron la oportunidad de conocer establecimientos laneros e industrias exportadoras de lana procesada.<\/p>\n\n\n\n<p>El equipo del SUL se encarg\u00f3 de planificar y desarrollar diversas actividades para enriquecer el conocimiento de los visitantes. Entre ellas, se incluyeron instancias de capacitaci\u00f3n, giras de campo, recorridos por industrias laneras y visitas al Laboratorio de Lanas en CIEDAG. Adem\u00e1s, se llevaron a cabo demostraciones de esquila y acondicionamiento de lanas. Estas actividades tuvieron como objetivo principal compartir saberes, pr\u00e1cticas y lugares relacionados con la industria lanera uruguaya.<\/p>\n\n\n\n<p>El departamento de Cundinamarca, reconocido por su experiencia y tradici\u00f3n en el arte de la tejedur\u00eda, ha mostrado habilidades en tareas como el pastoreo, la esquila, el hilado y el tejido artesanal con telar. A trav\u00e9s de este intercambio cultural, se busca impulsar y garantizar la producci\u00f3n de lana de alta calidad en Cundinamarca, fomentando as\u00ed el crecimiento del sector textil artesanal.<\/p>\n\n\n\n<p>La visita de los artesanos colombianos a Uruguay fue coordinada por la Gobernaci\u00f3n de Cundinamarca, a trav\u00e9s del Instituto Departamental de Cultura y Turismo- IDECUT. Desde 2020, se han llevado a cabo programas de fortalecimiento para el sector artesanal en colaboraci\u00f3n con el proyecto MANAR Artesan\u00edas de Cundinamarca.<\/p>\n\n\n\n<p>En este contexto, se desarroll\u00f3 la \u00abPasant\u00eda internacional de fortalecimiento del sector lanero con el Secretariado Uruguayo de la Lana \u2013 SUL\u00bb. El objetivo de esta experiencia fue brindar a 15 artesanos de los municipios de Cajic\u00e1, Cogua, Chocont\u00e1, Ch\u00eda, Cucunub\u00e1, Guasca, La Calera, Tausa, Tenjo, Sutatausa y Zipaquir\u00e1 la oportunidad de adquirir nuevos conocimientos y t\u00e9cnicas para fortalecer el sector lanero en Cundinamarca.<\/p>\n\n\n\n<p>Este encuentro entre artesanos uruguayos y colombianos promete estrechar lazos culturales y abrir nuevas oportunidades de desarrollo en el \u00e1mbito textil artesanal. La experiencia y el conocimiento compartidos durante esta visita ser\u00e1n de gran valor para ambos pa\u00edses, fomentando la producci\u00f3n de lana de alta calidad y promoviendo la preservaci\u00f3n de las tradiciones artesanales.<\/p>\n\n\n\n<p>Salto, 29 de junio de 2023<\/p>\n","protected":false},"excerpt":{"rendered":"<p>En una jornada llena de intercambio cultural, este mes, el Secretariado Uruguayo de la Lana (SUL) recibi\u00f3 con entusiasmo a una delegaci\u00f3n de artesanos provenientes del departamento de Cundinamarca, Colombia. [&hellip;]<\/p>\n","protected":false},"author":5,"featured_media":51503,"comment_status":"open","ping_status":"open","sticky":false,"template":"","format":"standard","meta":{"_price":"","_stock":"","_tribe_ticket_header":"","_tribe_default_ticket_provider":"","_tribe_ticket_capacity":"0","_ticket_start_date":"","_ticket_end_date":"","_tribe_ticket_show_description":"","_tribe_ticket_show_not_going":false,"_tribe_ticket_use_global_stock":"","_tribe_ticket_global_stock_level":"","_global_stock_mode":"","_global_stock_cap":"","_tribe_rsvp_for_event":"","_tribe_ticket_going_count":"","_tribe_ticket_not_going_count":"","_tribe_tickets_list":"[]","_tribe_ticket_has_attendee_info_fields":false,"h5ap_radio_sources":[],"_jetpack_newsletter_access":"","_jetpack_dont_email_post_to_subs":false,"_jetpack_newsletter_tier_id":0,"_jetpack_memberships_contains_paywalled_content":false,"_jetpack_memberships_contains_paid_content":false,"footnotes":""},"categories":[21,13],"tags":[],"class_list":["post-51501","post","type-post","status-publish","format-standard","has-post-thumbnail","hentry","category-actualidad","category-ovinos"],"jetpack_featured_media_url":"https:\/\/i0.wp.com\/lahoradelcampo.com.uy\/site\/wp-content\/uploads\/2023\/06\/SUL-Colombianos.jpg?fit=880%2C440&ssl=1","jetpack_sharing_enabled":true,"jetpack_shortlink":"https:\/\/wp.me\/p99IaT-doF","jetpack-related-posts":[{"id":30664,"url":"https:\/\/lahoradelcampo.com.uy\/site\/convocan-a-desarrollar-un-producto-para-el-hogar-en-lana-merina\/","url_meta":{"origin":51501,"position":0},"title":"Convocan a desarrollar un producto para el hogar en lana merina","author":"La Hora del Campo","date":"29 mayo, 2021","format":false,"excerpt":"La empresa Texturable, con el apoyo de Lanas Trinidad, Leo Hilados y La Nave Multimodal, lanzaron la convocatoria \"Uruguay Teje\", con el fin de viabilizar el trabajo de dise\u00f1adores, artesanos, artistas y creadores, con la lana como eje central del producto final. Esta iniciativa cuenta con el apoyo de la\u2026","rel":"","context":"En \u00abActualidad\u00bb","block_context":{"text":"Actualidad","link":"https:\/\/lahoradelcampo.com.uy\/site\/category\/actualidad\/"},"img":{"alt_text":"","src":"https:\/\/i0.wp.com\/lahoradelcampo.com.uy\/site\/wp-content\/uploads\/2021\/05\/texturable.jpg?fit=880%2C440&ssl=1&resize=350%2C200","width":350,"height":200,"srcset":"https:\/\/i0.wp.com\/lahoradelcampo.com.uy\/site\/wp-content\/uploads\/2021\/05\/texturable.jpg?fit=880%2C440&ssl=1&resize=350%2C200 1x, https:\/\/i0.wp.com\/lahoradelcampo.com.uy\/site\/wp-content\/uploads\/2021\/05\/texturable.jpg?fit=880%2C440&ssl=1&resize=525%2C300 1.5x, https:\/\/i0.wp.com\/lahoradelcampo.com.uy\/site\/wp-content\/uploads\/2021\/05\/texturable.jpg?fit=880%2C440&ssl=1&resize=700%2C400 2x"},"classes":[]},{"id":53001,"url":"https:\/\/lahoradelcampo.com.uy\/site\/malasia-y-uruguay-establecen-relaciones-para-la-exportacion-de-productos-ganaderos\/","url_meta":{"origin":51501,"position":1},"title":"Malasia y Uruguay establecen relaciones para la exportaci\u00f3n de productos ganaderos","author":"La Hora del Campo","date":"2 noviembre, 2023","format":false,"excerpt":"El Ministerio de Ganader\u00eda, Agricultura y Pesca de Uruguay (MGAP) ha recibido una delegaci\u00f3n de Malasia en un esfuerzo conjunto para establecer relaciones de confianza y avanzar en la apertura del mercado malasio a los productos ganaderos uruguayos. Esta significativa visita tuvo lugar los d\u00edas 30 y 31 de octubre\u2026","rel":"","context":"En \u00abActualidad\u00bb","block_context":{"text":"Actualidad","link":"https:\/\/lahoradelcampo.com.uy\/site\/category\/actualidad\/"},"img":{"alt_text":"","src":"https:\/\/i0.wp.com\/lahoradelcampo.com.uy\/site\/wp-content\/uploads\/2023\/11\/MGAP-Malasia.jpg?fit=880%2C440&ssl=1&resize=350%2C200","width":350,"height":200,"srcset":"https:\/\/i0.wp.com\/lahoradelcampo.com.uy\/site\/wp-content\/uploads\/2023\/11\/MGAP-Malasia.jpg?fit=880%2C440&ssl=1&resize=350%2C200 1x, https:\/\/i0.wp.com\/lahoradelcampo.com.uy\/site\/wp-content\/uploads\/2023\/11\/MGAP-Malasia.jpg?fit=880%2C440&ssl=1&resize=525%2C300 1.5x, https:\/\/i0.wp.com\/lahoradelcampo.com.uy\/site\/wp-content\/uploads\/2023\/11\/MGAP-Malasia.jpg?fit=880%2C440&ssl=1&resize=700%2C400 2x"},"classes":[]},{"id":54334,"url":"https:\/\/lahoradelcampo.com.uy\/site\/uruguay-trabaja-en-el-acceso-a-indonesia-con-certificacion-halal-para-la-carne-vacuna\/","url_meta":{"origin":51501,"position":2},"title":"Uruguay trabaja en el acceso a Indonesia con certificaci\u00f3n halal para la carne vacuna","author":"La Hora del Campo","date":"30 agosto, 2024","format":false,"excerpt":"Entre el 25 y el 29 de agosto, una delegaci\u00f3n de Indonesia visit\u00f3 Uruguay para evaluar la posibilidad de autorizar la certificaci\u00f3n halal de productos c\u00e1rnicos uruguayos, un requisito clave para ingresar a uno de los mayores mercados del sudeste asi\u00e1tico. Encabezada por Muhammad Aqil Irham, jefe de BPJPH, el\u2026","rel":"","context":"En \u00abActualidad\u00bb","block_context":{"text":"Actualidad","link":"https:\/\/lahoradelcampo.com.uy\/site\/category\/actualidad\/"},"img":{"alt_text":"","src":"https:\/\/i0.wp.com\/lahoradelcampo.com.uy\/site\/wp-content\/uploads\/2024\/08\/Inac-indonesia.jpg?fit=880%2C440&ssl=1&resize=350%2C200","width":350,"height":200,"srcset":"https:\/\/i0.wp.com\/lahoradelcampo.com.uy\/site\/wp-content\/uploads\/2024\/08\/Inac-indonesia.jpg?fit=880%2C440&ssl=1&resize=350%2C200 1x, https:\/\/i0.wp.com\/lahoradelcampo.com.uy\/site\/wp-content\/uploads\/2024\/08\/Inac-indonesia.jpg?fit=880%2C440&ssl=1&resize=525%2C300 1.5x, https:\/\/i0.wp.com\/lahoradelcampo.com.uy\/site\/wp-content\/uploads\/2024\/08\/Inac-indonesia.jpg?fit=880%2C440&ssl=1&resize=700%2C400 2x"},"classes":[]},{"id":53038,"url":"https:\/\/lahoradelcampo.com.uy\/site\/uruguay-presenta-su-nueva-marca-de-carnes-en-china-en-la-feria-ciie\/","url_meta":{"origin":51501,"position":3},"title":"Uruguay presenta su nueva marca de carnes en China en la feria CIIE","author":"La Hora del Campo","date":"7 noviembre, 2023","format":false,"excerpt":"INAC participa en la China International Importa Expo con un stand de 259 metros cuadrados, con degustaci\u00f3n en Restaurante y degustaci\u00f3n al paso. La presentaci\u00f3n del stand y de las carnes uruguayas ha concitado una gran expectativa y concurrencia. La Feria se desarrolla del 5 al 10 de noviembre, con\u2026","rel":"","context":"En \u00abActualidad\u00bb","block_context":{"text":"Actualidad","link":"https:\/\/lahoradelcampo.com.uy\/site\/category\/actualidad\/"},"img":{"alt_text":"","src":"https:\/\/i0.wp.com\/lahoradelcampo.com.uy\/site\/wp-content\/uploads\/2023\/11\/INAC-ChinaUruguayBeef.jpg?fit=880%2C440&ssl=1&resize=350%2C200","width":350,"height":200,"srcset":"https:\/\/i0.wp.com\/lahoradelcampo.com.uy\/site\/wp-content\/uploads\/2023\/11\/INAC-ChinaUruguayBeef.jpg?fit=880%2C440&ssl=1&resize=350%2C200 1x, https:\/\/i0.wp.com\/lahoradelcampo.com.uy\/site\/wp-content\/uploads\/2023\/11\/INAC-ChinaUruguayBeef.jpg?fit=880%2C440&ssl=1&resize=525%2C300 1.5x, https:\/\/i0.wp.com\/lahoradelcampo.com.uy\/site\/wp-content\/uploads\/2023\/11\/INAC-ChinaUruguayBeef.jpg?fit=880%2C440&ssl=1&resize=700%2C400 2x"},"classes":[]},{"id":54096,"url":"https:\/\/lahoradelcampo.com.uy\/site\/filipinas-audito-la-cadena-carnica-uruguaya-y-visito-inac\/","url_meta":{"origin":51501,"position":4},"title":"Filipinas audit\u00f3 la cadena c\u00e1rnica uruguaya y visit\u00f3 INAC","author":"La Hora del Campo","date":"30 julio, 2024","format":false,"excerpt":"Una delegaci\u00f3n de auditores de Filipinas se encuentra en Uruguay para evaluar la autorizaci\u00f3n de exportaci\u00f3n de carne bovina y ovina hacia el mercado filipino. La visita al Instituto Nacional de Carnes (INAC) es una de las etapas clave de esta misi\u00f3n, que tiene como objetivo conocer a fondo la\u2026","rel":"","context":"En \u00abActualidad\u00bb","block_context":{"text":"Actualidad","link":"https:\/\/lahoradelcampo.com.uy\/site\/category\/actualidad\/"},"img":{"alt_text":"","src":"https:\/\/i0.wp.com\/lahoradelcampo.com.uy\/site\/wp-content\/uploads\/2024\/07\/INAC-Filipinas.jpg?fit=880%2C440&ssl=1&resize=350%2C200","width":350,"height":200,"srcset":"https:\/\/i0.wp.com\/lahoradelcampo.com.uy\/site\/wp-content\/uploads\/2024\/07\/INAC-Filipinas.jpg?fit=880%2C440&ssl=1&resize=350%2C200 1x, https:\/\/i0.wp.com\/lahoradelcampo.com.uy\/site\/wp-content\/uploads\/2024\/07\/INAC-Filipinas.jpg?fit=880%2C440&ssl=1&resize=525%2C300 1.5x, https:\/\/i0.wp.com\/lahoradelcampo.com.uy\/site\/wp-content\/uploads\/2024\/07\/INAC-Filipinas.jpg?fit=880%2C440&ssl=1&resize=700%2C400 2x"},"classes":[]},{"id":44117,"url":"https:\/\/lahoradelcampo.com.uy\/site\/delegacion-estadounidense-e-inac-analizaron-la-operativa-de-e-cert\/","url_meta":{"origin":51501,"position":5},"title":"Delegaci\u00f3n estadounidense e INAC analizaron la operativa de \u00abe-Cert\u00bb","author":"La Hora del Campo","date":"25 julio, 2022","format":false,"excerpt":"Una delegaci\u00f3n de la Oficina de Comercio de la Aduana de Estados Unidos (U.S. Customs and Border Protection) visit\u00f3 las oficinas del Instituto Nacional de Carnes, donde se realiz\u00f3 una jornada de trabajo respecto a la nueva versi\u00f3n del e-Cert, un sistema \u00fanico que permite se puedan observan en forma\u2026","rel":"","context":"En \u00abActualidad\u00bb","block_context":{"text":"Actualidad","link":"https:\/\/lahoradelcampo.com.uy\/site\/category\/actualidad\/"},"img":{"alt_text":"","src":"https:\/\/i0.wp.com\/lahoradelcampo.com.uy\/site\/wp-content\/uploads\/2022\/05\/MarceloSecco.jpg?fit=880%2C440&ssl=1&resize=350%2C200","width":350,"height":200,"srcset":"https:\/\/i0.wp.com\/lahoradelcampo.com.uy\/site\/wp-content\/uploads\/2022\/05\/MarceloSecco.jpg?fit=880%2C440&ssl=1&resize=350%2C200 1x, https:\/\/i0.wp.com\/lahoradelcampo.com.uy\/site\/wp-content\/uploads\/2022\/05\/MarceloSecco.jpg?fit=880%2C440&ssl=1&resize=525%2C300 1.5x, https:\/\/i0.wp.com\/lahoradelcampo.com.uy\/site\/wp-content\/uploads\/2022\/05\/MarceloSecco.jpg?fit=880%2C440&ssl=1&resize=700%2C400 2x"},"classes":[]}],"jetpack_likes_enabled":true,"_links":{"self":[{"href":"https:\/\/lahoradelcampo.com.uy\/site\/wp-json\/wp\/v2\/posts\/51501","targetHints":{"allow":["GET"]}}],"collection":[{"href":"https:\/\/lahoradelcampo.com.uy\/site\/wp-json\/wp\/v2\/posts"}],"about":[{"href":"https:\/\/lahoradelcampo.com.uy\/site\/wp-json\/wp\/v2\/types\/post"}],"author":[{"embeddable":true,"href":"https:\/\/lahoradelcampo.com.uy\/site\/wp-json\/wp\/v2\/users\/5"}],"replies":[{"embeddable":true,"href":"https:\/\/lahoradelcampo.com.uy\/site\/wp-json\/wp\/v2\/comments?post=51501"}],"version-history":[{"count":1,"href":"https:\/\/lahoradelcampo.com.uy\/site\/wp-json\/wp\/v2\/posts\/51501\/revisions"}],"predecessor-version":[{"id":51505,"href":"https:\/\/lahoradelcampo.com.uy\/site\/wp-json\/wp\/v2\/posts\/51501\/revisions\/51505"}],"wp:featuredmedia":[{"embeddable":true,"href":"https:\/\/lahoradelcampo.com.uy\/site\/wp-json\/wp\/v2\/media\/51503"}],"wp:attachment":[{"href":"https:\/\/lahoradelcampo.com.uy\/site\/wp-json\/wp\/v2\/media?parent=51501"}],"wp:term":[{"taxonomy":"category","embeddable":true,"href":"https:\/\/lahoradelcampo.com.uy\/site\/wp-json\/wp\/v2\/categories?post=51501"},{"taxonomy":"post_tag","embeddable":true,"href":"https:\/\/lahoradelcampo.com.uy\/site\/wp-json\/wp\/v2\/tags?post=51501"}],"curies":[{"name":"wp","href":"https:\/\/api.w.org\/{rel}","templated":true}]}}