{"id":51495,"date":"2023-06-29T07:06:48","date_gmt":"2023-06-29T10:06:48","guid":{"rendered":"http:\/\/lahoradelcampo.com.uy\/site\/?p=51495"},"modified":"2023-06-29T07:07:42","modified_gmt":"2023-06-29T10:07:42","slug":"menos-de-5-centimetros-de-pasto-en-el-77-de-los-productores-de-la-ring","status":"publish","type":"post","link":"https:\/\/lahoradelcampo.com.uy\/site\/menos-de-5-centimetros-de-pasto-en-el-77-de-los-productores-de-la-ring\/","title":{"rendered":"Menos de 5 cent\u00edmetros de pasto en el 77% de los productores de la RING"},"content":{"rendered":"\n<figure class=\"wp-block-image size-full\"><a href=\"https:\/\/i0.wp.com\/lahoradelcampo.com.uy\/site\/wp-content\/uploads\/2023\/06\/Ganadoycampo.jpg\"><img data-recalc-dims=\"1\" loading=\"lazy\" decoding=\"async\" width=\"810\" height=\"405\" data-attachment-id=\"51497\" data-permalink=\"https:\/\/lahoradelcampo.com.uy\/site\/menos-de-5-centimetros-de-pasto-en-el-77-de-los-productores-de-la-ring\/ganadoycampo\/\" data-orig-file=\"https:\/\/i0.wp.com\/lahoradelcampo.com.uy\/site\/wp-content\/uploads\/2023\/06\/Ganadoycampo.jpg?fit=880%2C440&amp;ssl=1\" data-orig-size=\"880,440\" data-comments-opened=\"1\" data-image-meta=\"{&quot;aperture&quot;:&quot;0&quot;,&quot;credit&quot;:&quot;&quot;,&quot;camera&quot;:&quot;&quot;,&quot;caption&quot;:&quot;&quot;,&quot;created_timestamp&quot;:&quot;0&quot;,&quot;copyright&quot;:&quot;&quot;,&quot;focal_length&quot;:&quot;0&quot;,&quot;iso&quot;:&quot;0&quot;,&quot;shutter_speed&quot;:&quot;0&quot;,&quot;title&quot;:&quot;&quot;,&quot;orientation&quot;:&quot;1&quot;}\" data-image-title=\"Ganadoycampo\" data-image-description=\"\" data-image-caption=\"\" data-large-file=\"https:\/\/i0.wp.com\/lahoradelcampo.com.uy\/site\/wp-content\/uploads\/2023\/06\/Ganadoycampo.jpg?fit=810%2C405&amp;ssl=1\" src=\"https:\/\/i0.wp.com\/lahoradelcampo.com.uy\/site\/wp-content\/uploads\/2023\/06\/Ganadoycampo.jpg?resize=810%2C405\" alt=\"\" class=\"wp-image-51497\" srcset=\"https:\/\/i0.wp.com\/lahoradelcampo.com.uy\/site\/wp-content\/uploads\/2023\/06\/Ganadoycampo.jpg?w=880&amp;ssl=1 880w, https:\/\/i0.wp.com\/lahoradelcampo.com.uy\/site\/wp-content\/uploads\/2023\/06\/Ganadoycampo.jpg?resize=300%2C150&amp;ssl=1 300w, https:\/\/i0.wp.com\/lahoradelcampo.com.uy\/site\/wp-content\/uploads\/2023\/06\/Ganadoycampo.jpg?resize=768%2C384&amp;ssl=1 768w, https:\/\/i0.wp.com\/lahoradelcampo.com.uy\/site\/wp-content\/uploads\/2023\/06\/Ganadoycampo.jpg?resize=820%2C410&amp;ssl=1 820w\" sizes=\"auto, (max-width: 810px) 100vw, 810px\" \/><\/a><\/figure>\n\n\n\n<p>En base a los resultados de la encuesta mensual RING (Red de Informaci\u00f3n Nacional Ganadera), se han obtenido datos preocupantes sobre la disponibilidad de forraje en el sector ganadero. Durante el mes de mayo, se observ\u00f3 una p\u00e9rdida en la recuperaci\u00f3n alcanzada en los meses anteriores, como era de esperar debido a las tasas de crecimiento m\u00e1s bajas. Seg\u00fan el informe, el 77% de los productores informaron alturas de forraje por debajo de los 5 cm, justo en la entrada al invierno.<\/p>\n\n\n\n<p>Aunque el incremento de productores en esta situaci\u00f3n fue solo del 6% con respecto al mes anterior, gracias a un oto\u00f1o benigno en cuanto a temperaturas, la escasez de forraje plantea la necesidad de planificar, presupuestar y tomar medidas adecuadas. Se destaca que la capacidad de carga de un campo natural basado \u00fanicamente en el crecimiento invernal es limitada, siendo de 0,4 a 0,45 Unidades Ganaderas por hect\u00e1rea en el mejor de los casos. Cualquier carga superior a esta cifra debe ser suplementada para evitar p\u00e9rdidas en las diferentes categor\u00edas de ganado.<\/p>\n\n\n\n<p>Si bien la situaci\u00f3n no ha empeorado significativamente en el \u00faltimo mes, al comparar el trimestre marzo\/abril\/mayo de los \u00faltimos 3 a\u00f1os, se evidencia que la disponibilidad de forraje en 2023 es la m\u00e1s baja.<\/p>\n\n\n\n<p>Ante esta realidad, el Plan Agropecuario est\u00e1 lanzando la campa\u00f1a \u00abtrabajar con pasto\u00bb, la cual implica medir y contar con informaci\u00f3n precisa sobre la cantidad de pasto disponible. Para esto, se pondr\u00e1 en funcionamiento un servicio de medici\u00f3n y monitoreo de la disponibilidad forrajera, permitiendo tomar decisiones t\u00e1cticas estacionales basadas en datos concretos. La herramienta IsPC (\u00cdndice sobre plato de comida) se presenta como una excelente opci\u00f3n para presupuestar y visualizar la situaci\u00f3n de los pr\u00f3ximos 3 meses, utilizando un sistema de sem\u00e1foro que indica la disponibilidad de forraje (verde\/amarillo\/rojo).<\/p>\n\n\n\n<p>En cuanto a los verdeos de invierno, se informa que el 51% de los productores encuestados los ha implementado, y de ellos, el 67% los reporta en buen estado, mientras que el 33% restante los califica como regulares o malos. A pesar de las dificultades en la siembra debido a las condiciones clim\u00e1ticas variables, las temperaturas de oto\u00f1o han favorecido su crecimiento.<\/p>\n\n\n\n<p>En relaci\u00f3n a las praderas permanentes, se observa una leve recuperaci\u00f3n en su estado luego de sufrir una importante p\u00e9rdida de superficie debido a la sequ\u00eda. Seg\u00fan el informe, el 69% de los productores cuenta con praderas en su establecimiento, y la mitad de ellos las considera en buen estado, mientras que la otra mitad las califica como regulares o malas. La sequ\u00eda ha dejado su impacto en la disponibilidad y calidad de este tipo de forraje.<\/p>\n\n\n\n<p>En resumen, la escasez de forraje plantea un desaf\u00edo para las empresas ganaderas en el presente contexto. Es necesario adoptar medidas para enfrentar esta situaci\u00f3n, como la planificaci\u00f3n y el monitoreo de la disponibilidad forrajera. Adem\u00e1s, se destaca la importancia de los verdeos de invierno y las praderas permanentes como alternativas para suplementar la alimentaci\u00f3n del ganado. El sector se encuentra en una etapa crucial en la que se requiere una gesti\u00f3n adecuada y consciente para asegurar la producci\u00f3n y el bienestar de los animales.<\/p>\n\n\n\n<p>Salto, 29 de junio de 2023<\/p>\n","protected":false},"excerpt":{"rendered":"<p>En base a los resultados de la encuesta mensual RING (Red de Informaci\u00f3n Nacional Ganadera), se han obtenido datos preocupantes sobre la disponibilidad de forraje en el sector ganadero. Durante [&hellip;]<\/p>\n","protected":false},"author":5,"featured_media":51497,"comment_status":"open","ping_status":"open","sticky":false,"template":"","format":"standard","meta":{"_price":"","_stock":"","_tribe_ticket_header":"","_tribe_default_ticket_provider":"","_tribe_ticket_capacity":"0","_ticket_start_date":"","_ticket_end_date":"","_tribe_ticket_show_description":"","_tribe_ticket_show_not_going":false,"_tribe_ticket_use_global_stock":"","_tribe_ticket_global_stock_level":"","_global_stock_mode":"","_global_stock_cap":"","_tribe_rsvp_for_event":"","_tribe_ticket_going_count":"","_tribe_ticket_not_going_count":"","_tribe_tickets_list":"[]","_tribe_ticket_has_attendee_info_fields":false,"h5ap_radio_sources":[],"_jetpack_newsletter_access":"","_jetpack_dont_email_post_to_subs":false,"_jetpack_newsletter_tier_id":0,"_jetpack_memberships_contains_paywalled_content":false,"_jetpack_memberships_contains_paid_content":false,"footnotes":""},"categories":[21,5],"tags":[],"class_list":["post-51495","post","type-post","status-publish","format-standard","has-post-thumbnail","hentry","category-actualidad","category-ganaderia"],"jetpack_featured_media_url":"https:\/\/i0.wp.com\/lahoradelcampo.com.uy\/site\/wp-content\/uploads\/2023\/06\/Ganadoycampo.jpg?fit=880%2C440&ssl=1","jetpack_sharing_enabled":true,"jetpack_shortlink":"https:\/\/wp.me\/p99IaT-doz","jetpack-related-posts":[{"id":54896,"url":"https:\/\/lahoradelcampo.com.uy\/site\/la-ring-refleja-una-primavera-favorable-para-la-ganaderia\/","url_meta":{"origin":51495,"position":0},"title":"La RING refleja una primavera favorable para la ganader\u00eda","author":"La Hora del Campo","date":"17 octubre, 2024","format":false,"excerpt":"El informe mensual de la Red de Informaci\u00f3n Nacional Ganadera (RING), basado en la encuesta de septiembre\/octubre 2024, muestra una notable mejora en la disponibilidad de forraje y en el estado general de los campos ganaderos en Uruguay. Con datos proporcionados por 401 productores asociados al Plan Agropecuario, el estudio\u2026","rel":"","context":"En \u00abActualidad\u00bb","block_context":{"text":"Actualidad","link":"https:\/\/lahoradelcampo.com.uy\/site\/category\/actualidad\/"},"img":{"alt_text":"","src":"https:\/\/i0.wp.com\/lahoradelcampo.com.uy\/site\/wp-content\/uploads\/2024\/10\/Ganadosgral.jpg?fit=880%2C440&ssl=1&resize=350%2C200","width":350,"height":200,"srcset":"https:\/\/i0.wp.com\/lahoradelcampo.com.uy\/site\/wp-content\/uploads\/2024\/10\/Ganadosgral.jpg?fit=880%2C440&ssl=1&resize=350%2C200 1x, https:\/\/i0.wp.com\/lahoradelcampo.com.uy\/site\/wp-content\/uploads\/2024\/10\/Ganadosgral.jpg?fit=880%2C440&ssl=1&resize=525%2C300 1.5x, https:\/\/i0.wp.com\/lahoradelcampo.com.uy\/site\/wp-content\/uploads\/2024\/10\/Ganadosgral.jpg?fit=880%2C440&ssl=1&resize=700%2C400 2x"},"classes":[]},{"id":55916,"url":"https:\/\/lahoradelcampo.com.uy\/site\/el-segundo-mejor-otono-de-los-ultimos-cinco-anos-segun-la-encuesta-ring\/","url_meta":{"origin":51495,"position":1},"title":"El segundo mejor oto\u00f1o de los \u00faltimos cinco a\u00f1os seg\u00fan la encuesta RING","author":"La Hora del Campo","date":"18 abril, 2025","format":false,"excerpt":"El informe de la Red de Informaci\u00f3n Nacional Ganadera (RING) del Instituto Plan Agropecuario, correspondiente a los meses de marzo y abril de 2025, resalta el excelente comienzo del oto\u00f1o para el sector. De acuerdo con la informaci\u00f3n proporcionada por 377 productores de todo el pa\u00eds durante los primeros doce\u2026","rel":"","context":"En \u00abActualidad\u00bb","block_context":{"text":"Actualidad","link":"https:\/\/lahoradelcampo.com.uy\/site\/category\/actualidad\/"},"img":{"alt_text":"","src":"https:\/\/i0.wp.com\/lahoradelcampo.com.uy\/site\/wp-content\/uploads\/2025\/04\/Ring-PlanAbril2025-1.jpg?fit=880%2C440&ssl=1&resize=350%2C200","width":350,"height":200,"srcset":"https:\/\/i0.wp.com\/lahoradelcampo.com.uy\/site\/wp-content\/uploads\/2025\/04\/Ring-PlanAbril2025-1.jpg?fit=880%2C440&ssl=1&resize=350%2C200 1x, https:\/\/i0.wp.com\/lahoradelcampo.com.uy\/site\/wp-content\/uploads\/2025\/04\/Ring-PlanAbril2025-1.jpg?fit=880%2C440&ssl=1&resize=525%2C300 1.5x, https:\/\/i0.wp.com\/lahoradelcampo.com.uy\/site\/wp-content\/uploads\/2025\/04\/Ring-PlanAbril2025-1.jpg?fit=880%2C440&ssl=1&resize=700%2C400 2x"},"classes":[]},{"id":46511,"url":"https:\/\/lahoradelcampo.com.uy\/site\/en-setiembre-se-freno-la-caida-en-la-disponibilidad-del-forraje\/","url_meta":{"origin":51495,"position":2},"title":"En setiembre se fren\u00f3 la ca\u00edda en la disponibilidad del forraje","author":"La Hora del Campo","date":"24 octubre, 2022","format":false,"excerpt":"El Instituto Plan Agropecuario present\u00f3 los resultados la vig\u00e9simo segunda edici\u00f3n de la Encuesta RING (Red de Informaci\u00f3n Nacional Ganadera) de la cual participan 367 productores en distintos puntos del pa\u00eds. Respecto a la disponibilidad de forraje, el trabajo presentado por los t\u00e9cnicos dice que \"durante el mes de setiembre,\u2026","rel":"","context":"En \u00abActualidad\u00bb","block_context":{"text":"Actualidad","link":"https:\/\/lahoradelcampo.com.uy\/site\/category\/actualidad\/"},"img":{"alt_text":"","src":"https:\/\/i0.wp.com\/lahoradelcampo.com.uy\/site\/wp-content\/uploads\/2020\/04\/campossemiseco.jpg?fit=880%2C440&ssl=1&resize=350%2C200","width":350,"height":200,"srcset":"https:\/\/i0.wp.com\/lahoradelcampo.com.uy\/site\/wp-content\/uploads\/2020\/04\/campossemiseco.jpg?fit=880%2C440&ssl=1&resize=350%2C200 1x, https:\/\/i0.wp.com\/lahoradelcampo.com.uy\/site\/wp-content\/uploads\/2020\/04\/campossemiseco.jpg?fit=880%2C440&ssl=1&resize=525%2C300 1.5x, https:\/\/i0.wp.com\/lahoradelcampo.com.uy\/site\/wp-content\/uploads\/2020\/04\/campossemiseco.jpg?fit=880%2C440&ssl=1&resize=700%2C400 2x"},"classes":[]},{"id":44907,"url":"https:\/\/lahoradelcampo.com.uy\/site\/hay-un-20-mas-de-productores-con-baja-disponibilidad-de-forraje\/","url_meta":{"origin":51495,"position":3},"title":"Hay un 20% m\u00e1s de productores con baja disponibilidad de forraje","author":"La Hora del Campo","date":"22 agosto, 2022","format":false,"excerpt":"Este viernes, el Instituto Plan Agropecuario (IPA) present\u00f3 los resultados de su encuesta mensual a los 362 productores que integran la Red de Informaci\u00f3n Nacional Ganadera (RING). Los datos tienen en cuenta el mes de julio y los primeros diez d\u00edas de agosto. La encuesta se\u00f1ala que durante el mes\u2026","rel":"","context":"En \u00abActualidad\u00bb","block_context":{"text":"Actualidad","link":"https:\/\/lahoradelcampo.com.uy\/site\/category\/actualidad\/"},"img":{"alt_text":"","src":"https:\/\/i0.wp.com\/lahoradelcampo.com.uy\/site\/wp-content\/uploads\/2020\/04\/campossemiseco.jpg?fit=880%2C440&ssl=1&resize=350%2C200","width":350,"height":200,"srcset":"https:\/\/i0.wp.com\/lahoradelcampo.com.uy\/site\/wp-content\/uploads\/2020\/04\/campossemiseco.jpg?fit=880%2C440&ssl=1&resize=350%2C200 1x, https:\/\/i0.wp.com\/lahoradelcampo.com.uy\/site\/wp-content\/uploads\/2020\/04\/campossemiseco.jpg?fit=880%2C440&ssl=1&resize=525%2C300 1.5x, https:\/\/i0.wp.com\/lahoradelcampo.com.uy\/site\/wp-content\/uploads\/2020\/04\/campossemiseco.jpg?fit=880%2C440&ssl=1&resize=700%2C400 2x"},"classes":[]},{"id":43897,"url":"https:\/\/lahoradelcampo.com.uy\/site\/crece-el-numero-de-predios-en-situacion-critica-de-forraje\/","url_meta":{"origin":51495,"position":4},"title":"Crece el n\u00famero de predios en situaci\u00f3n cr\u00edtica de forraje","author":"La Hora del Campo","date":"16 julio, 2022","format":false,"excerpt":"El Instituto Plan Agropecuario present\u00f3 el resultado de la 19na edici\u00f3n de la encuesta realizada a los productores de la Red de Informaci\u00f3n Nacional Ganadera (RING) durante los primeros diez d\u00edas de julio, donde participaron 352 productores ganaderos de todo el pa\u00eds. Seg\u00fan los datos publicados, durante el sexto mes\u2026","rel":"","context":"En \u00abActualidad\u00bb","block_context":{"text":"Actualidad","link":"https:\/\/lahoradelcampo.com.uy\/site\/category\/actualidad\/"},"img":{"alt_text":"","src":"https:\/\/i0.wp.com\/lahoradelcampo.com.uy\/site\/wp-content\/uploads\/2022\/07\/Ganaderia-IPA.jpg?fit=880%2C440&ssl=1&resize=350%2C200","width":350,"height":200,"srcset":"https:\/\/i0.wp.com\/lahoradelcampo.com.uy\/site\/wp-content\/uploads\/2022\/07\/Ganaderia-IPA.jpg?fit=880%2C440&ssl=1&resize=350%2C200 1x, https:\/\/i0.wp.com\/lahoradelcampo.com.uy\/site\/wp-content\/uploads\/2022\/07\/Ganaderia-IPA.jpg?fit=880%2C440&ssl=1&resize=525%2C300 1.5x, https:\/\/i0.wp.com\/lahoradelcampo.com.uy\/site\/wp-content\/uploads\/2022\/07\/Ganaderia-IPA.jpg?fit=880%2C440&ssl=1&resize=700%2C400 2x"},"classes":[]},{"id":45749,"url":"https:\/\/lahoradelcampo.com.uy\/site\/disponibilidad-de-forraje-se-mantuvo-durante-agosto\/","url_meta":{"origin":51495,"position":5},"title":"Disponibilidad de forraje se mantuvo durante agosto","author":"La Hora del Campo","date":"23 septiembre, 2022","format":false,"excerpt":"De acuerdo a la encuesta RING (Red de Informaci\u00f3n Nacional Ganadera) del Instituto Plan Agropecuario, durante el mes de agosto, la disponibilidad de forraje se mantuvo relativamente estable, luego de haber sufrido una importante reducci\u00f3n desde el mes de abril. De acuerdo a los t\u00e9cnicos de la instituci\u00f3n, \"es l\u00f3gico\u2026","rel":"","context":"En \u00abActualidad\u00bb","block_context":{"text":"Actualidad","link":"https:\/\/lahoradelcampo.com.uy\/site\/category\/actualidad\/"},"img":{"alt_text":"","src":"https:\/\/i0.wp.com\/lahoradelcampo.com.uy\/site\/wp-content\/uploads\/2019\/06\/ganadosss.jpg?fit=880%2C440&ssl=1&resize=350%2C200","width":350,"height":200,"srcset":"https:\/\/i0.wp.com\/lahoradelcampo.com.uy\/site\/wp-content\/uploads\/2019\/06\/ganadosss.jpg?fit=880%2C440&ssl=1&resize=350%2C200 1x, https:\/\/i0.wp.com\/lahoradelcampo.com.uy\/site\/wp-content\/uploads\/2019\/06\/ganadosss.jpg?fit=880%2C440&ssl=1&resize=525%2C300 1.5x, https:\/\/i0.wp.com\/lahoradelcampo.com.uy\/site\/wp-content\/uploads\/2019\/06\/ganadosss.jpg?fit=880%2C440&ssl=1&resize=700%2C400 2x"},"classes":[]}],"jetpack_likes_enabled":true,"_links":{"self":[{"href":"https:\/\/lahoradelcampo.com.uy\/site\/wp-json\/wp\/v2\/posts\/51495","targetHints":{"allow":["GET"]}}],"collection":[{"href":"https:\/\/lahoradelcampo.com.uy\/site\/wp-json\/wp\/v2\/posts"}],"about":[{"href":"https:\/\/lahoradelcampo.com.uy\/site\/wp-json\/wp\/v2\/types\/post"}],"author":[{"embeddable":true,"href":"https:\/\/lahoradelcampo.com.uy\/site\/wp-json\/wp\/v2\/users\/5"}],"replies":[{"embeddable":true,"href":"https:\/\/lahoradelcampo.com.uy\/site\/wp-json\/wp\/v2\/comments?post=51495"}],"version-history":[{"count":1,"href":"https:\/\/lahoradelcampo.com.uy\/site\/wp-json\/wp\/v2\/posts\/51495\/revisions"}],"predecessor-version":[{"id":51499,"href":"https:\/\/lahoradelcampo.com.uy\/site\/wp-json\/wp\/v2\/posts\/51495\/revisions\/51499"}],"wp:featuredmedia":[{"embeddable":true,"href":"https:\/\/lahoradelcampo.com.uy\/site\/wp-json\/wp\/v2\/media\/51497"}],"wp:attachment":[{"href":"https:\/\/lahoradelcampo.com.uy\/site\/wp-json\/wp\/v2\/media?parent=51495"}],"wp:term":[{"taxonomy":"category","embeddable":true,"href":"https:\/\/lahoradelcampo.com.uy\/site\/wp-json\/wp\/v2\/categories?post=51495"},{"taxonomy":"post_tag","embeddable":true,"href":"https:\/\/lahoradelcampo.com.uy\/site\/wp-json\/wp\/v2\/tags?post=51495"}],"curies":[{"name":"wp","href":"https:\/\/api.w.org\/{rel}","templated":true}]}}