{"id":51489,"date":"2023-06-29T07:01:31","date_gmt":"2023-06-29T10:01:31","guid":{"rendered":"http:\/\/lahoradelcampo.com.uy\/site\/?p=51489"},"modified":"2023-06-29T07:02:01","modified_gmt":"2023-06-29T10:02:01","slug":"a-partir-del-1-de-julio-se-debe-realizar-la-dj-de-dicose-22-23","status":"publish","type":"post","link":"https:\/\/lahoradelcampo.com.uy\/site\/a-partir-del-1-de-julio-se-debe-realizar-la-dj-de-dicose-22-23\/","title":{"rendered":"A partir del 1 de julio se debe realizar la DJ de DICOSE 22-23"},"content":{"rendered":"\n<figure class=\"wp-block-image size-full\"><a href=\"https:\/\/i0.wp.com\/lahoradelcampo.com.uy\/site\/wp-content\/uploads\/2023\/06\/SNIG-caravanas.jpg\"><img data-recalc-dims=\"1\" loading=\"lazy\" decoding=\"async\" width=\"810\" height=\"405\" data-attachment-id=\"51491\" data-permalink=\"https:\/\/lahoradelcampo.com.uy\/site\/a-partir-del-1-de-julio-se-debe-realizar-la-dj-de-dicose-22-23\/snig-caravanas\/\" data-orig-file=\"https:\/\/i0.wp.com\/lahoradelcampo.com.uy\/site\/wp-content\/uploads\/2023\/06\/SNIG-caravanas.jpg?fit=880%2C440&amp;ssl=1\" data-orig-size=\"880,440\" data-comments-opened=\"1\" data-image-meta=\"{&quot;aperture&quot;:&quot;0&quot;,&quot;credit&quot;:&quot;&quot;,&quot;camera&quot;:&quot;&quot;,&quot;caption&quot;:&quot;&quot;,&quot;created_timestamp&quot;:&quot;0&quot;,&quot;copyright&quot;:&quot;&quot;,&quot;focal_length&quot;:&quot;0&quot;,&quot;iso&quot;:&quot;0&quot;,&quot;shutter_speed&quot;:&quot;0&quot;,&quot;title&quot;:&quot;&quot;,&quot;orientation&quot;:&quot;1&quot;}\" data-image-title=\"SNIG-caravanas\" data-image-description=\"\" data-image-caption=\"\" data-large-file=\"https:\/\/i0.wp.com\/lahoradelcampo.com.uy\/site\/wp-content\/uploads\/2023\/06\/SNIG-caravanas.jpg?fit=810%2C405&amp;ssl=1\" src=\"https:\/\/i0.wp.com\/lahoradelcampo.com.uy\/site\/wp-content\/uploads\/2023\/06\/SNIG-caravanas.jpg?resize=810%2C405\" alt=\"\" class=\"wp-image-51491\" srcset=\"https:\/\/i0.wp.com\/lahoradelcampo.com.uy\/site\/wp-content\/uploads\/2023\/06\/SNIG-caravanas.jpg?w=880&amp;ssl=1 880w, https:\/\/i0.wp.com\/lahoradelcampo.com.uy\/site\/wp-content\/uploads\/2023\/06\/SNIG-caravanas.jpg?resize=300%2C150&amp;ssl=1 300w, https:\/\/i0.wp.com\/lahoradelcampo.com.uy\/site\/wp-content\/uploads\/2023\/06\/SNIG-caravanas.jpg?resize=768%2C384&amp;ssl=1 768w, https:\/\/i0.wp.com\/lahoradelcampo.com.uy\/site\/wp-content\/uploads\/2023\/06\/SNIG-caravanas.jpg?resize=820%2C410&amp;ssl=1 820w\" sizes=\"auto, (max-width: 810px) 100vw, 810px\" \/><\/a><\/figure>\n\n\n\n<p>El Sistema Nacional de Informaci\u00f3n Ganadera (SNIG) ha recordado a todos los usuarios con n\u00fameros de DICOSE activos al 30\/06\/2023 que a partir del 1\u00ba de julio de 2023 deben presentar la Declaraci\u00f3n Jurada de DICOSE. <\/p>\n\n\n\n<p>Seg\u00fan la Resoluci\u00f3n Ministerial 370\/023, se ha establecido el calendario de presentaci\u00f3n de la Declaraci\u00f3n Jurada Anual de DICOSE en formato papel y electr\u00f3nico. Para la presentaci\u00f3n en formato papel, se dispondr\u00e1 del per\u00edodo del 3 al 14 de julio de 2023, inclusive. Se insta a los productores a cumplir con las fechas correspondientes de acuerdo a la terminaci\u00f3n de su n\u00famero de DICOSE.<\/p>\n\n\n\n<p>Adem\u00e1s, se ha determinado que los giros comerciales o de intermediaci\u00f3n, giros de lecher\u00eda, cuarentenarios, engorde a corral, compartimento ovino, predios interdictos por Sanidad de Animal y actividad exclusiva de animales yeguarizos deben realizar la Declaraci\u00f3n Jurada Anual de DICOSE en formato electr\u00f3nico.<\/p>\n\n\n\n<p>El cronograma de presentaci\u00f3n es el siguiente:<\/p>\n\n\n\n<p><strong>DJ en papel y DJ Electr\u00f3nica: <\/strong><\/p>\n\n\n\n<p>\u00daltimo d\u00edgito del n\u00famero de DICOSE: 1-2-3 &#8211; D\u00edas del 1 al 6 de julio <br>\u00daltimo d\u00edgito del n\u00famero de DICOSE: 4-5-6 &#8211; D\u00edas del 7 al 11 de julio<br>\u00daltimo d\u00edgito del n\u00famero de DICOSE: 7-8-9 &#8211; D\u00edas del 12 al 15 de julio<\/p>\n\n\n\n<p><strong>DJ Electr\u00f3nica:<\/strong><\/p>\n\n\n\n<p>\u00daltimo d\u00edgito del n\u00famero de DICOSE: 1-2-3 &#8211; D\u00edas del 16 al 20 de julio<br>\u00daltimo d\u00edgito del n\u00famero de DICOSE: 4-5-6 &#8211; D\u00edas del 21 al 25 de julio<br>\u00daltimo d\u00edgito del n\u00famero de DICOSE: 7-8-9 &#8211; D\u00edas del 26 al 31 de julio<\/p>\n\n\n\n<p>Es importante destacar que aquellos productores que a\u00fan no cuenten con acceso al portal SNIG deber\u00e1n solicitarlo presentando el formulario de solicitud de contrase\u00f1a. Para obtener m\u00e1s informaci\u00f3n sobre el tr\u00e1mite completo, se recomienda consultar en la p\u00e1gina web del Sistema Nacional de Informaci\u00f3n Ganadera (SNIG) o en las oficinas del MGAP en cada departamento.<\/p>\n\n\n\n<p>Salto, 28 de junio de 2023<\/p>\n","protected":false},"excerpt":{"rendered":"<p>El Sistema Nacional de Informaci\u00f3n Ganadera (SNIG) ha recordado a todos los usuarios con n\u00fameros de DICOSE activos al 30\/06\/2023 que a partir del 1\u00ba de julio de 2023 deben [&hellip;]<\/p>\n","protected":false},"author":5,"featured_media":51491,"comment_status":"open","ping_status":"open","sticky":false,"template":"","format":"standard","meta":{"_price":"","_stock":"","_tribe_ticket_header":"","_tribe_default_ticket_provider":"","_tribe_ticket_capacity":"0","_ticket_start_date":"","_ticket_end_date":"","_tribe_ticket_show_description":"","_tribe_ticket_show_not_going":false,"_tribe_ticket_use_global_stock":"","_tribe_ticket_global_stock_level":"","_global_stock_mode":"","_global_stock_cap":"","_tribe_rsvp_for_event":"","_tribe_ticket_going_count":"","_tribe_ticket_not_going_count":"","_tribe_tickets_list":"[]","_tribe_ticket_has_attendee_info_fields":false,"h5ap_radio_sources":[],"_jetpack_newsletter_access":"","_jetpack_dont_email_post_to_subs":false,"_jetpack_newsletter_tier_id":0,"_jetpack_memberships_contains_paywalled_content":false,"_jetpack_memberships_contains_paid_content":false,"footnotes":""},"categories":[21,5],"tags":[],"class_list":["post-51489","post","type-post","status-publish","format-standard","has-post-thumbnail","hentry","category-actualidad","category-ganaderia"],"jetpack_featured_media_url":"https:\/\/i0.wp.com\/lahoradelcampo.com.uy\/site\/wp-content\/uploads\/2023\/06\/SNIG-caravanas.jpg?fit=880%2C440&ssl=1","jetpack_sharing_enabled":true,"jetpack_shortlink":"https:\/\/wp.me\/p99IaT-dot","jetpack-related-posts":[{"id":43461,"url":"https:\/\/lahoradelcampo.com.uy\/site\/inicio-el-periodo-de-entrega-de-la-declaracion-jurada-de-dicose\/","url_meta":{"origin":51489,"position":0},"title":"Inici\u00f3 el periodo de entrega de la Declaraci\u00f3n Jurada de Dicose","author":"La Hora del Campo","date":"5 julio, 2022","format":false,"excerpt":"Comenz\u00f3 el per\u00edodo de entrega de la Declaraci\u00f3n Jurada de Dicose 2022, de acuerdo a la Resoluci\u00f3n ministerial N\u00ba 523\/022 , en la cual se determin\u00f3 que para la presentaci\u00f3n de la Declaraci\u00f3n Jurada de Existencias de Ganado y Frutos de Pa\u00eds de este a\u00f1o, en formato papel, se dispondr\u00e1\u2026","rel":"","context":"En \u00abActualidad\u00bb","block_context":{"text":"Actualidad","link":"https:\/\/lahoradelcampo.com.uy\/site\/category\/actualidad\/"},"img":{"alt_text":"","src":"https:\/\/i0.wp.com\/lahoradelcampo.com.uy\/site\/wp-content\/uploads\/2019\/07\/trazabilidad-1.jpg?fit=880%2C440&ssl=1&resize=350%2C200","width":350,"height":200,"srcset":"https:\/\/i0.wp.com\/lahoradelcampo.com.uy\/site\/wp-content\/uploads\/2019\/07\/trazabilidad-1.jpg?fit=880%2C440&ssl=1&resize=350%2C200 1x, https:\/\/i0.wp.com\/lahoradelcampo.com.uy\/site\/wp-content\/uploads\/2019\/07\/trazabilidad-1.jpg?fit=880%2C440&ssl=1&resize=525%2C300 1.5x, https:\/\/i0.wp.com\/lahoradelcampo.com.uy\/site\/wp-content\/uploads\/2019\/07\/trazabilidad-1.jpg?fit=880%2C440&ssl=1&resize=700%2C400 2x"},"classes":[]},{"id":42087,"url":"https:\/\/lahoradelcampo.com.uy\/site\/snig-presento-el-calendario-de-presentacion-de-la-dj-electronica-2022\/","url_meta":{"origin":51489,"position":1},"title":"SNIG present\u00f3 el calendario de presentaci\u00f3n de la DJ electr\u00f3nica 2022","author":"La Hora del Campo","date":"23 mayo, 2022","format":false,"excerpt":"El pasado mi\u00e9rcoles 18 de mayo el Sistema Nacional de Informaci\u00f3n Ganadera (SNIG) realiz\u00f3 la primera jornada de capacitaci\u00f3n y difusi\u00f3n sobre Declaraci\u00f3n Jurada Anual de DICOSE 2022. En esta instancia el SNIG comunic\u00f3 el calendario para presentar la Declaraci\u00f3n Jurada de DICOSE para julio del a\u00f1o 2022, de acuerdo\u2026","rel":"","context":"En \u00abActualidad\u00bb","block_context":{"text":"Actualidad","link":"https:\/\/lahoradelcampo.com.uy\/site\/category\/actualidad\/"},"img":{"alt_text":"","src":"https:\/\/i0.wp.com\/lahoradelcampo.com.uy\/site\/wp-content\/uploads\/2022\/05\/ganadosa.jpg?fit=880%2C440&ssl=1&resize=350%2C200","width":350,"height":200,"srcset":"https:\/\/i0.wp.com\/lahoradelcampo.com.uy\/site\/wp-content\/uploads\/2022\/05\/ganadosa.jpg?fit=880%2C440&ssl=1&resize=350%2C200 1x, https:\/\/i0.wp.com\/lahoradelcampo.com.uy\/site\/wp-content\/uploads\/2022\/05\/ganadosa.jpg?fit=880%2C440&ssl=1&resize=525%2C300 1.5x, https:\/\/i0.wp.com\/lahoradelcampo.com.uy\/site\/wp-content\/uploads\/2022\/05\/ganadosa.jpg?fit=880%2C440&ssl=1&resize=700%2C400 2x"},"classes":[]},{"id":31458,"url":"https:\/\/lahoradelcampo.com.uy\/site\/declaracion-jurada-de-dicose-debe-entregarse-de-forma-escalonada\/","url_meta":{"origin":51489,"position":2},"title":"Declaraci\u00f3n jurada de Dicose debe entregarse de forma escalonada","author":"La Hora del Campo","date":"24 junio, 2021","format":false,"excerpt":"Dado el contexto pa\u00eds de emergencia sanitaria, y con la finalidad de evitar aglomeraciones en las oficinas, el Sistema Nacional de Informaci\u00f3n Ganadera (SNIG) comunic\u00f3 la modalidad de presentaci\u00f3n de la Declaraci\u00f3n Jurada de DICOSE para julio del a\u00f1o 2021, a los usuarios que recurran al formato papel. Igualmente, para\u2026","rel":"","context":"En \u00abActualidad\u00bb","block_context":{"text":"Actualidad","link":"https:\/\/lahoradelcampo.com.uy\/site\/category\/actualidad\/"},"img":{"alt_text":"","src":"https:\/\/i0.wp.com\/lahoradelcampo.com.uy\/site\/wp-content\/uploads\/2020\/08\/ganadosweb.jpg?fit=880%2C440&ssl=1&resize=350%2C200","width":350,"height":200,"srcset":"https:\/\/i0.wp.com\/lahoradelcampo.com.uy\/site\/wp-content\/uploads\/2020\/08\/ganadosweb.jpg?fit=880%2C440&ssl=1&resize=350%2C200 1x, https:\/\/i0.wp.com\/lahoradelcampo.com.uy\/site\/wp-content\/uploads\/2020\/08\/ganadosweb.jpg?fit=880%2C440&ssl=1&resize=525%2C300 1.5x, https:\/\/i0.wp.com\/lahoradelcampo.com.uy\/site\/wp-content\/uploads\/2020\/08\/ganadosweb.jpg?fit=880%2C440&ssl=1&resize=700%2C400 2x"},"classes":[]},{"id":42913,"url":"https:\/\/lahoradelcampo.com.uy\/site\/mgap-definio-rubros-con-obligatoriedad-de-presentar-la-dj-electronica\/","url_meta":{"origin":51489,"position":3},"title":"MGAP defini\u00f3 rubros con obligatoriedad de presentar la DJ electr\u00f3nica","author":"La Hora del Campo","date":"17 junio, 2022","format":false,"excerpt":"A pesar que hace un mes, le adelantamos aqu\u00ed en CAMBIO, el per\u00edodo de entrega de la Declaraci\u00f3n Jurada de Dicose 2022. En la jornada de ayer se emiti\u00f3 la Resoluci\u00f3n ministerial N\u00ba 523\/022 , en la cual se determina que para la presentaci\u00f3n de la Declaraci\u00f3n Jurada de Existencias\u2026","rel":"","context":"En \u00abActualidad\u00bb","block_context":{"text":"Actualidad","link":"https:\/\/lahoradelcampo.com.uy\/site\/category\/actualidad\/"},"img":{"alt_text":"","src":"https:\/\/i0.wp.com\/lahoradelcampo.com.uy\/site\/wp-content\/uploads\/2020\/07\/SNIGweb.jpg?fit=880%2C440&ssl=1&resize=350%2C200","width":350,"height":200,"srcset":"https:\/\/i0.wp.com\/lahoradelcampo.com.uy\/site\/wp-content\/uploads\/2020\/07\/SNIGweb.jpg?fit=880%2C440&ssl=1&resize=350%2C200 1x, https:\/\/i0.wp.com\/lahoradelcampo.com.uy\/site\/wp-content\/uploads\/2020\/07\/SNIGweb.jpg?fit=880%2C440&ssl=1&resize=525%2C300 1.5x, https:\/\/i0.wp.com\/lahoradelcampo.com.uy\/site\/wp-content\/uploads\/2020\/07\/SNIGweb.jpg?fit=880%2C440&ssl=1&resize=700%2C400 2x"},"classes":[]},{"id":42695,"url":"https:\/\/lahoradelcampo.com.uy\/site\/calendario-de-entrega-de-la-declaracion-jurada-de-dicose\/","url_meta":{"origin":51489,"position":4},"title":"Calendario de entrega de la Declaraci\u00f3n Jurada de Dicose","author":"La Hora del Campo","date":"13 junio, 2022","format":false,"excerpt":"El Sistema Nacional de Informaci\u00f3n Ganadera (SNIG), recuerda a sus usuarios que a partir del 1 de julio de 2022 deben presentar la Declaraci\u00f3n Jurada de Dicose. Se exhorta a los productores a ajustarse a las fechas del calendario de presentaci\u00f3n, de acuerdo a la terminaci\u00f3n de su n\u00famero de\u2026","rel":"","context":"En \u00abActualidad\u00bb","block_context":{"text":"Actualidad","link":"https:\/\/lahoradelcampo.com.uy\/site\/category\/actualidad\/"},"img":{"alt_text":"","src":"https:\/\/i0.wp.com\/lahoradelcampo.com.uy\/site\/wp-content\/uploads\/2021\/06\/Dicose-1.jpg?fit=880%2C440&ssl=1&resize=350%2C200","width":350,"height":200,"srcset":"https:\/\/i0.wp.com\/lahoradelcampo.com.uy\/site\/wp-content\/uploads\/2021\/06\/Dicose-1.jpg?fit=880%2C440&ssl=1&resize=350%2C200 1x, https:\/\/i0.wp.com\/lahoradelcampo.com.uy\/site\/wp-content\/uploads\/2021\/06\/Dicose-1.jpg?fit=880%2C440&ssl=1&resize=525%2C300 1.5x, https:\/\/i0.wp.com\/lahoradelcampo.com.uy\/site\/wp-content\/uploads\/2021\/06\/Dicose-1.jpg?fit=880%2C440&ssl=1&resize=700%2C400 2x"},"classes":[]},{"id":12313,"url":"https:\/\/lahoradelcampo.com.uy\/site\/a-partir-del-1-de-julio-comienza-la-declaracion-jurada-de-dicose\/","url_meta":{"origin":51489,"position":5},"title":"A partir del 1 de julio comienza la Declaraci\u00f3n Jurada de DICOSE","author":"La Hora del Campo","date":"29 junio, 2019","format":false,"excerpt":"El lunes 1 de julio comienza el per\u00edodo de presentaci\u00f3n de la Declaraci\u00f3n Jurada de DICOSE para aquellos tenedores de animales con o sin tierra y giros comerciales, caso los consignatarios e intermediarios de ganados, frigor\u00edficos, chaciner\u00edas, locales de remates feria, etc. Dicha declaraci\u00f3n podr\u00e1 ser realizada manual o digitalmente\u2026","rel":"","context":"En \u00abActualidad\u00bb","block_context":{"text":"Actualidad","link":"https:\/\/lahoradelcampo.com.uy\/site\/category\/actualidad\/"},"img":{"alt_text":"","src":"https:\/\/i0.wp.com\/lahoradelcampo.com.uy\/site\/wp-content\/uploads\/2019\/06\/Marianela-Gonzalez.jpg?fit=880%2C440&ssl=1&resize=350%2C200","width":350,"height":200,"srcset":"https:\/\/i0.wp.com\/lahoradelcampo.com.uy\/site\/wp-content\/uploads\/2019\/06\/Marianela-Gonzalez.jpg?fit=880%2C440&ssl=1&resize=350%2C200 1x, https:\/\/i0.wp.com\/lahoradelcampo.com.uy\/site\/wp-content\/uploads\/2019\/06\/Marianela-Gonzalez.jpg?fit=880%2C440&ssl=1&resize=525%2C300 1.5x, https:\/\/i0.wp.com\/lahoradelcampo.com.uy\/site\/wp-content\/uploads\/2019\/06\/Marianela-Gonzalez.jpg?fit=880%2C440&ssl=1&resize=700%2C400 2x"},"classes":[]}],"jetpack_likes_enabled":true,"_links":{"self":[{"href":"https:\/\/lahoradelcampo.com.uy\/site\/wp-json\/wp\/v2\/posts\/51489","targetHints":{"allow":["GET"]}}],"collection":[{"href":"https:\/\/lahoradelcampo.com.uy\/site\/wp-json\/wp\/v2\/posts"}],"about":[{"href":"https:\/\/lahoradelcampo.com.uy\/site\/wp-json\/wp\/v2\/types\/post"}],"author":[{"embeddable":true,"href":"https:\/\/lahoradelcampo.com.uy\/site\/wp-json\/wp\/v2\/users\/5"}],"replies":[{"embeddable":true,"href":"https:\/\/lahoradelcampo.com.uy\/site\/wp-json\/wp\/v2\/comments?post=51489"}],"version-history":[{"count":1,"href":"https:\/\/lahoradelcampo.com.uy\/site\/wp-json\/wp\/v2\/posts\/51489\/revisions"}],"predecessor-version":[{"id":51493,"href":"https:\/\/lahoradelcampo.com.uy\/site\/wp-json\/wp\/v2\/posts\/51489\/revisions\/51493"}],"wp:featuredmedia":[{"embeddable":true,"href":"https:\/\/lahoradelcampo.com.uy\/site\/wp-json\/wp\/v2\/media\/51491"}],"wp:attachment":[{"href":"https:\/\/lahoradelcampo.com.uy\/site\/wp-json\/wp\/v2\/media?parent=51489"}],"wp:term":[{"taxonomy":"category","embeddable":true,"href":"https:\/\/lahoradelcampo.com.uy\/site\/wp-json\/wp\/v2\/categories?post=51489"},{"taxonomy":"post_tag","embeddable":true,"href":"https:\/\/lahoradelcampo.com.uy\/site\/wp-json\/wp\/v2\/tags?post=51489"}],"curies":[{"name":"wp","href":"https:\/\/api.w.org\/{rel}","templated":true}]}}