{"id":51477,"date":"2023-06-26T13:51:44","date_gmt":"2023-06-26T16:51:44","guid":{"rendered":"http:\/\/lahoradelcampo.com.uy\/site\/?p=51477"},"modified":"2023-06-26T13:52:46","modified_gmt":"2023-06-26T16:52:46","slug":"biogenesis-bago-aporto-mas-70-millones-dosis-en-la-campana-contra-la-fiebre-aftosa","status":"publish","type":"post","link":"https:\/\/lahoradelcampo.com.uy\/site\/biogenesis-bago-aporto-mas-70-millones-dosis-en-la-campana-contra-la-fiebre-aftosa\/","title":{"rendered":"Biog\u00e9nesis Bag\u00f3 aport\u00f3 m\u00e1s 70 millones dosis en la campa\u00f1a contra la fiebre aftosa"},"content":{"rendered":"\n<figure class=\"wp-block-image size-full\"><a href=\"https:\/\/i0.wp.com\/lahoradelcampo.com.uy\/site\/wp-content\/uploads\/2023\/06\/Biogenesis-vacuna.jpg\"><img data-recalc-dims=\"1\" loading=\"lazy\" decoding=\"async\" width=\"810\" height=\"405\" data-attachment-id=\"51485\" data-permalink=\"https:\/\/lahoradelcampo.com.uy\/site\/biogenesis-bago-aporto-mas-70-millones-dosis-en-la-campana-contra-la-fiebre-aftosa\/biogenesis-vacuna\/\" data-orig-file=\"https:\/\/i0.wp.com\/lahoradelcampo.com.uy\/site\/wp-content\/uploads\/2023\/06\/Biogenesis-vacuna.jpg?fit=880%2C440&amp;ssl=1\" data-orig-size=\"880,440\" data-comments-opened=\"1\" data-image-meta=\"{&quot;aperture&quot;:&quot;0&quot;,&quot;credit&quot;:&quot;&quot;,&quot;camera&quot;:&quot;&quot;,&quot;caption&quot;:&quot;&quot;,&quot;created_timestamp&quot;:&quot;0&quot;,&quot;copyright&quot;:&quot;&quot;,&quot;focal_length&quot;:&quot;0&quot;,&quot;iso&quot;:&quot;0&quot;,&quot;shutter_speed&quot;:&quot;0&quot;,&quot;title&quot;:&quot;&quot;,&quot;orientation&quot;:&quot;1&quot;}\" data-image-title=\"Biogenesis-vacuna\" data-image-description=\"\" data-image-caption=\"\" data-large-file=\"https:\/\/i0.wp.com\/lahoradelcampo.com.uy\/site\/wp-content\/uploads\/2023\/06\/Biogenesis-vacuna.jpg?fit=810%2C405&amp;ssl=1\" src=\"https:\/\/i0.wp.com\/lahoradelcampo.com.uy\/site\/wp-content\/uploads\/2023\/06\/Biogenesis-vacuna.jpg?resize=810%2C405\" alt=\"\" class=\"wp-image-51485\" srcset=\"https:\/\/i0.wp.com\/lahoradelcampo.com.uy\/site\/wp-content\/uploads\/2023\/06\/Biogenesis-vacuna.jpg?w=880&amp;ssl=1 880w, https:\/\/i0.wp.com\/lahoradelcampo.com.uy\/site\/wp-content\/uploads\/2023\/06\/Biogenesis-vacuna.jpg?resize=300%2C150&amp;ssl=1 300w, https:\/\/i0.wp.com\/lahoradelcampo.com.uy\/site\/wp-content\/uploads\/2023\/06\/Biogenesis-vacuna.jpg?resize=768%2C384&amp;ssl=1 768w, https:\/\/i0.wp.com\/lahoradelcampo.com.uy\/site\/wp-content\/uploads\/2023\/06\/Biogenesis-vacuna.jpg?resize=820%2C410&amp;ssl=1 820w\" sizes=\"auto, (max-width: 810px) 100vw, 810px\" \/><\/a><\/figure>\n\n\n\n<p>La campa\u00f1a de vacunaci\u00f3n contra la fiebre aftosa, que se extender\u00e1 hasta el 15 de julio, se est\u00e1 llevando a cabo de manera exitosa, seg\u00fan inform\u00f3 el Dr. Horacio Mederos del Laboratorio Biog\u00e9nesis Bag\u00f3.<\/p>\n\n\n\n<p>En esta etapa de la campa\u00f1a, se est\u00e1n vacunando todas las categor\u00edas menores, es decir, los animales nacidos en 2022 y 2023. Las vacunas contin\u00faan siendo entregadas en los lugares designados por el ministerio, en todos los departamentos del pa\u00eds.<\/p>\n\n\n\n<p>El Laboratorio Biog\u00e9nesis Bag\u00f3 ha estado participando activamente en todas las campa\u00f1as de vacunaci\u00f3n desde que se reintrodujo la enfermedad. En estos a\u00f1os, se han administrado m\u00e1s de 70 millones de dosis de su vacuna, lo cual es motivo de orgullo para la compa\u00f1\u00eda.<\/p>\n\n\n\n<p>Adem\u00e1s de contribuir a la erradicaci\u00f3n de la fiebre aftosa, el laboratorio ha desempe\u00f1ado un papel fundamental en el mantenimiento del estatus sanitario del pa\u00eds. Este logro compartido refuerza la importancia de la vacunaci\u00f3n en la protecci\u00f3n de la salud animal y el desarrollo del sector agropecuario.<\/p>\n\n\n\n<p>La participaci\u00f3n activa del Laboratorio Biog\u00e9nesis Bag\u00f3 en estas campa\u00f1as demuestra su compromiso con la salud animal y el respaldo a las medidas necesarias para garantizar la calidad y la seguridad de la producci\u00f3n ganadera en el pa\u00eds.<\/p>\n\n\n\n<p>La exitosa campa\u00f1a de vacunaci\u00f3n es un hito en la lucha contra la fiebre aftosa y una muestra del trabajo conjunto entre el sector p\u00fablico y privado para salvaguardar la sanidad animal en Uruguay. El compromiso y la colaboraci\u00f3n de todos los actores involucrados son fundamentales para mantener el estatus sanitario y seguir fortaleciendo el sector agropecuario del pa\u00eds.<\/p>\n\n\n<div\n    id=\"h5ap-player-1\"\n    data-id=\"h5ap-player-1\"\n    data-attributes=\"{&quot;uniqueId&quot;:&quot;player51481&quot;,&quot;clientId&quot;:&quot;&quot;,&quot;align&quot;:&quot;&quot;,&quot;alignment&quot;:&quot;left&quot;,&quot;color&quot;:&quot;#fff&quot;,&quot;textColor&quot;:&quot;#fff&quot;,&quot;primaryColor&quot;:&quot;#195FF5&quot;,&quot;hoverColor&quot;:&quot;#00B3FF&quot;,&quot;controlColor&quot;:&quot;#4a5464&quot;,&quot;bgColor&quot;:&quot;#f2f2f2&quot;,&quot;skin&quot;:&quot;Default&quot;,&quot;repeat&quot;:false,&quot;autoplay&quot;:false,&quot;isSticky&quot;:false,&quot;muted&quot;:false,&quot;loader&quot;:false,&quot;saveState&quot;:false,&quot;disablePause&quot;:false,&quot;seekTime&quot;:10,&quot;startTime&quot;:0,&quot;preload&quot;:&quot;metadata&quot;,&quot;download&quot;:false,&quot;width&quot;:&quot;100%&quot;,&quot;radius&quot;:&quot;5px&quot;,&quot;controls&quot;:{&quot;play&quot;:true,&quot;progress&quot;:true,&quot;current-time&quot;:true,&quot;duration&quot;:true,&quot;mute&quot;:true,&quot;volume&quot;:true},&quot;CSS&quot;:&quot;&quot;,&quot;i18n&quot;:{&quot;restart&quot;:&quot;Restart&quot;,&quot;rewind&quot;:&quot;Rewind {seektime}s&quot;,&quot;play&quot;:&quot;Play&quot;,&quot;pause&quot;:&quot;Pause&quot;,&quot;fastForward:&quot;:&quot;Forward {seektime}s&quot;,&quot;seek&quot;:&quot;Seek&quot;,&quot;seekLabel&quot;:&quot;{currentTime} of {duration}&quot;,&quot;played&quot;:&quot;Played&quot;,&quot;buffered&quot;:&quot;Buffered&quot;,&quot;currentTime:&quot;:&quot;Current time&quot;,&quot;duration&quot;:&quot;Duration&quot;,&quot;volume&quot;:&quot;Volume&quot;,&quot;mute&quot;:&quot;Mute&quot;,&quot;unmute&quot;:&quot;Unmute&quot;,&quot;enableCaptions&quot;:&quot;Enable captions&quot;,&quot;disableCaptions&quot;:&quot;Disable captions&quot;,&quot;download&quot;:&quot;Download&quot;,&quot;enterFullscreen&quot;:&quot;Enter fullscreen&quot;,&quot;exitFullscreen&quot;:&quot;Exit fullscreen&quot;,&quot;frameTitle&quot;:&quot;Player for {title}&quot;,&quot;captions&quot;:&quot;Captions&quot;,&quot;settings&quot;:&quot;Settings&quot;,&quot;pip&quot;:&quot;PIP&quot;,&quot;menuBack&quot;:&quot;Go back to previous menu&quot;,&quot;speed&quot;:&quot;Speed&quot;,&quot;normal&quot;:&quot;Normal&quot;,&quot;quality&quot;:&quot;Quality&quot;,&quot;loop&quot;:&quot;Loop&quot;,&quot;start&quot;:&quot;Start&quot;,&quot;end&quot;:&quot;End&quot;,&quot;all&quot;:&quot;All&quot;,&quot;reset&quot;:&quot;Reset&quot;,&quot;disabled&quot;:&quot;Disabled&quot;,&quot;enabled&quot;:&quot;Enabled&quot;,&quot;advertisement&quot;:&quot;Ad&quot;,&quot;qualityBadge&quot;:{&quot;2160&quot;:&quot;4K&quot;,&quot;1440&quot;:&quot;HD&quot;,&quot;1080&quot;:&quot;HD&quot;,&quot;720&quot;:&quot;HD&quot;,&quot;576&quot;:&quot;SD&quot;,&quot;480&quot;:&quot;SD&quot;}},&quot;source&quot;:&quot;&quot;,&quot;poster&quot;:&quot;&quot;,&quot;title&quot;:&quot;audio title&quot;,&quot;artist&quot;:&quot;&quot;,&quot;speed&quot;:{&quot;selected&quot;:1,&quot;speed&quot;:[&quot;0.5&quot;,&quot; 0.75&quot;,&quot; 1&quot;,&quot; 1.25&quot;,&quot; 1.5&quot;,&quot; 1.75&quot;,&quot; 2&quot;,&quot; 4&quot;,&quot; 8&quot;]},&quot;multiple_audio&quot;:false,&quot;defaultValue&quot;:{&quot;Default&quot;:{&quot;primaryColor&quot;:&quot;#4A5464&quot;,&quot;controlColor&quot;:&quot;#4A5464&quot;,&quot;bgColor&quot;:&quot;#F5F5F5&quot;},&quot;Fusion&quot;:{&quot;primaryColor&quot;:&quot;#fff&quot;,&quot;bgColor&quot;:&quot;#161616&quot;,&quot;controlColor&quot;:&quot;#fff&quot;},&quot;Stamp&quot;:{&quot;controlColor&quot;:&quot;#fff&quot;,&quot;bgColor&quot;:&quot;#161616&quot;},&quot;Wave&quot;:{&quot;primaryColor&quot;:&quot;#fff&quot;,&quot;controlColor&quot;:&quot;#fff&quot;,&quot;bgColor&quot;:&quot;#161616&quot;,&quot;textColor&quot;:&quot;#fff&quot;},&quot;Card-1&quot;:{&quot;primaryColor&quot;:&quot;#fff&quot;,&quot;controlColor&quot;:&quot;#161616&quot;,&quot;bgColor&quot;:&quot;#161616&quot;,&quot;textColor&quot;:&quot;#fff&quot;},&quot;Card-2&quot;:{&quot;primaryColor&quot;:&quot;#00FBF3&quot;,&quot;controlColor&quot;:&quot;#fff&quot;,&quot;bgColor&quot;:&quot;#161616&quot;,&quot;textColor&quot;:&quot;#fff&quot;},&quot;Simple-1&quot;:{&quot;primaryColor&quot;:&quot;#00dcff&quot;,&quot;controlColor&quot;:&quot;#fff&quot;,&quot;bgColor&quot;:&quot;#161616&quot;,&quot;textColor&quot;:&quot;#00dcff&quot;},&quot;Simple-2&quot;:{&quot;primaryColor&quot;:&quot;#06F7FF00&quot;,&quot;controlColor&quot;:&quot;#fff&quot;,&quot;bgColor&quot;:&quot;#161616&quot;},&quot;Player9&quot;:{&quot;primaryColor&quot;:&quot;#195FF6&quot;,&quot;controlColor&quot;:&quot;#fff&quot;,&quot;bgColor&quot;:&quot;#161616&quot;,&quot;textColor&quot;:&quot;#EDEFF2&quot;},&quot;Player10&quot;:{&quot;primaryColor&quot;:&quot;#195FF6&quot;,&quot;controlColor&quot;:&quot;#fff&quot;,&quot;bgColor&quot;:&quot;#161616&quot;,&quot;textColor&quot;:&quot;#EDEFF2&quot;},&quot;Player11&quot;:{&quot;primaryColor&quot;:&quot;#195FF6&quot;,&quot;controlColor&quot;:&quot;#fff&quot;,&quot;bgColor&quot;:&quot;#161616&quot;,&quot;textColor&quot;:&quot;#fff&quot;}}}\"\n    class=\"wp-block-h5ap-tailwind wp-block-h5ap-audioplayer\">\n    <\/div>\n\n\n\n<p>Salto, 26 de junio de 2023<\/p>\n","protected":false},"excerpt":{"rendered":"<p>La campa\u00f1a de vacunaci\u00f3n contra la fiebre aftosa, que se extender\u00e1 hasta el 15 de julio, se est\u00e1 llevando a cabo de manera exitosa, seg\u00fan inform\u00f3 el Dr. Horacio Mederos [&hellip;]<\/p>\n","protected":false},"author":5,"featured_media":51485,"comment_status":"open","ping_status":"open","sticky":false,"template":"","format":"standard","meta":{"_price":"","_stock":"","_tribe_ticket_header":"","_tribe_default_ticket_provider":"","_tribe_ticket_capacity":"0","_ticket_start_date":"","_ticket_end_date":"","_tribe_ticket_show_description":"","_tribe_ticket_show_not_going":false,"_tribe_ticket_use_global_stock":"","_tribe_ticket_global_stock_level":"","_global_stock_mode":"","_global_stock_cap":"","_tribe_rsvp_for_event":"","_tribe_ticket_going_count":"","_tribe_ticket_not_going_count":"","_tribe_tickets_list":"[]","_tribe_ticket_has_attendee_info_fields":false,"h5ap_radio_sources":[],"_jetpack_newsletter_access":"","_jetpack_dont_email_post_to_subs":false,"_jetpack_newsletter_tier_id":0,"_jetpack_memberships_contains_paywalled_content":false,"_jetpack_memberships_contains_paid_content":false,"footnotes":""},"categories":[21,5],"tags":[],"class_list":["post-51477","post","type-post","status-publish","format-standard","has-post-thumbnail","hentry","category-actualidad","category-ganaderia"],"jetpack_featured_media_url":"https:\/\/i0.wp.com\/lahoradelcampo.com.uy\/site\/wp-content\/uploads\/2023\/06\/Biogenesis-vacuna.jpg?fit=880%2C440&ssl=1","jetpack_sharing_enabled":true,"jetpack_shortlink":"https:\/\/wp.me\/p99IaT-doh","jetpack-related-posts":[{"id":39863,"url":"https:\/\/lahoradelcampo.com.uy\/site\/recomendaciones-para-el-periodo-de-vacunacion-contra-aftosa\/","url_meta":{"origin":51477,"position":0},"title":"Recomendaciones para el per\u00edodo de vacunaci\u00f3n contra aftosa","author":"La Hora del Campo","date":"15 marzo, 2022","format":false,"excerpt":"En la jornada de hoy, 15 de marzo, comienza un nuevo per\u00edodo de vacunaci\u00f3n contra la fiebre aftosa en Uruguay, donde se inocular\u00e1 todo el rodeo vacuno nacional. Desde Biog\u00e9nesis Bag\u00f3 se recuerda que traer los ganados a los bretes permite optimizar los trabajos y realizar otras tareas importantes para\u2026","rel":"","context":"En \u00abActualidad\u00bb","block_context":{"text":"Actualidad","link":"https:\/\/lahoradelcampo.com.uy\/site\/category\/actualidad\/"},"img":{"alt_text":"","src":"https:\/\/i0.wp.com\/lahoradelcampo.com.uy\/site\/wp-content\/uploads\/2021\/03\/biogenesis-3.jpg?fit=880%2C440&ssl=1&resize=350%2C200","width":350,"height":200,"srcset":"https:\/\/i0.wp.com\/lahoradelcampo.com.uy\/site\/wp-content\/uploads\/2021\/03\/biogenesis-3.jpg?fit=880%2C440&ssl=1&resize=350%2C200 1x, https:\/\/i0.wp.com\/lahoradelcampo.com.uy\/site\/wp-content\/uploads\/2021\/03\/biogenesis-3.jpg?fit=880%2C440&ssl=1&resize=525%2C300 1.5x, https:\/\/i0.wp.com\/lahoradelcampo.com.uy\/site\/wp-content\/uploads\/2021\/03\/biogenesis-3.jpg?fit=880%2C440&ssl=1&resize=700%2C400 2x"},"classes":[]},{"id":44807,"url":"https:\/\/lahoradelcampo.com.uy\/site\/biogenesis-bago-exportara-vacunas-contra-la-aftosa-a-indonesia\/","url_meta":{"origin":51477,"position":1},"title":"Biog\u00e9nesis Bag\u00f3 exportar\u00e1 vacunas contra la aftosa a Indonesia","author":"La Hora del Campo","date":"17 agosto, 2022","format":false,"excerpt":"La compa\u00f1\u00eda abastecer\u00e1 con vacunas al pa\u00eds asi\u00e1tico para que \u00e9ste pueda implementar un plan de vacunaci\u00f3n para frenar el brote que se registr\u00f3 luego de m\u00e1s de 35 a\u00f1os de permanecer libre de la enfermedad. Biog\u00e9nesis Bag\u00f3, la compa\u00f1\u00eda de biotecnolog\u00eda con extensa trayectoria en la producci\u00f3n y abastecimiento\u2026","rel":"","context":"En \u00abActualidad\u00bb","block_context":{"text":"Actualidad","link":"https:\/\/lahoradelcampo.com.uy\/site\/category\/actualidad\/"},"img":{"alt_text":"","src":"https:\/\/i0.wp.com\/lahoradelcampo.com.uy\/site\/wp-content\/uploads\/2022\/08\/Biogenesis-indonesia.jpg?fit=880%2C440&ssl=1&resize=350%2C200","width":350,"height":200,"srcset":"https:\/\/i0.wp.com\/lahoradelcampo.com.uy\/site\/wp-content\/uploads\/2022\/08\/Biogenesis-indonesia.jpg?fit=880%2C440&ssl=1&resize=350%2C200 1x, https:\/\/i0.wp.com\/lahoradelcampo.com.uy\/site\/wp-content\/uploads\/2022\/08\/Biogenesis-indonesia.jpg?fit=880%2C440&ssl=1&resize=525%2C300 1.5x, https:\/\/i0.wp.com\/lahoradelcampo.com.uy\/site\/wp-content\/uploads\/2022\/08\/Biogenesis-indonesia.jpg?fit=880%2C440&ssl=1&resize=700%2C400 2x"},"classes":[]},{"id":53192,"url":"https:\/\/lahoradelcampo.com.uy\/site\/un-nuevo-logro-para-la-vacuna-contra-la-fiebre-aftosa-de-biogenesis-bago\/","url_meta":{"origin":51477,"position":2},"title":"Un nuevo logro para la vacuna contra la fiebre aftosa de Biog\u00e9nesis Bag\u00f3","author":"La Hora del Campo","date":"22 noviembre, 2023","format":false,"excerpt":"La vacuna BIOAFTOGEN\u00ae\ufe0f elaborada por la empresa Biog\u00e9nesis Bag\u00f3 es la primera en obtener una precalificaci\u00f3n por EuFMD, una comisi\u00f3n perteneciente a la Organizaci\u00f3n de las Naciones Unidas para la Agricultura y la Alimentaci\u00f3n (FAO). Noviembre 2023.- Biog\u00e9nesis Bag\u00f3, la compa\u00f1\u00eda de biotecnolog\u00eda especializada en el desarrollo, producci\u00f3n y comercializaci\u00f3n\u2026","rel":"","context":"En \u00abActualidad\u00bb","block_context":{"text":"Actualidad","link":"https:\/\/lahoradelcampo.com.uy\/site\/category\/actualidad\/"},"img":{"alt_text":"","src":"https:\/\/i0.wp.com\/lahoradelcampo.com.uy\/site\/wp-content\/uploads\/2023\/11\/biogenesis-bago-aftosa.jpg?fit=880%2C440&ssl=1&resize=350%2C200","width":350,"height":200,"srcset":"https:\/\/i0.wp.com\/lahoradelcampo.com.uy\/site\/wp-content\/uploads\/2023\/11\/biogenesis-bago-aftosa.jpg?fit=880%2C440&ssl=1&resize=350%2C200 1x, https:\/\/i0.wp.com\/lahoradelcampo.com.uy\/site\/wp-content\/uploads\/2023\/11\/biogenesis-bago-aftosa.jpg?fit=880%2C440&ssl=1&resize=525%2C300 1.5x, https:\/\/i0.wp.com\/lahoradelcampo.com.uy\/site\/wp-content\/uploads\/2023\/11\/biogenesis-bago-aftosa.jpg?fit=880%2C440&ssl=1&resize=700%2C400 2x"},"classes":[]},{"id":30796,"url":"https:\/\/lahoradelcampo.com.uy\/site\/biogenesis-bago-jugo-y-juega-un-rol-preponderante-en-el-combate-a-la-fiebre-aftosa\/","url_meta":{"origin":51477,"position":3},"title":"Biog\u00e9nesis Bag\u00f3 jug\u00f3 y juega un rol preponderante en el combate a la fiebre aftosa","author":"La Hora del Campo","date":"1 junio, 2021","format":false,"excerpt":"A 20 a\u00f1os del \u00faltimo brote de fiebre aftosa en Uruguay, El Dr. Ignacio Arrospide, integrante del equipo t\u00e9cnico de Biog\u00e9nesis Bag\u00f3, record\u00f3 el trabajo del laboratorio en ese momento pero adem\u00e1s nuevos acuerdos actuales en un trabajo continuo para combatir esta enfermedad. Adem\u00e1s realiza recomendaciones para el manejo de\u2026","rel":"","context":"En \u00abActualidad\u00bb","block_context":{"text":"Actualidad","link":"https:\/\/lahoradelcampo.com.uy\/site\/category\/actualidad\/"},"img":{"alt_text":"","src":"https:\/\/i0.wp.com\/lahoradelcampo.com.uy\/site\/wp-content\/uploads\/2021\/03\/biogenesis-3.jpg?fit=880%2C440&ssl=1&resize=350%2C200","width":350,"height":200,"srcset":"https:\/\/i0.wp.com\/lahoradelcampo.com.uy\/site\/wp-content\/uploads\/2021\/03\/biogenesis-3.jpg?fit=880%2C440&ssl=1&resize=350%2C200 1x, https:\/\/i0.wp.com\/lahoradelcampo.com.uy\/site\/wp-content\/uploads\/2021\/03\/biogenesis-3.jpg?fit=880%2C440&ssl=1&resize=525%2C300 1.5x, https:\/\/i0.wp.com\/lahoradelcampo.com.uy\/site\/wp-content\/uploads\/2021\/03\/biogenesis-3.jpg?fit=880%2C440&ssl=1&resize=700%2C400 2x"},"classes":[]},{"id":45589,"url":"https:\/\/lahoradelcampo.com.uy\/site\/biogenesis-bago-producira-vacunas-contra-aftosa-en-indonesia\/","url_meta":{"origin":51477,"position":4},"title":"Biog\u00e9nesis Bag\u00f3 producir\u00e1 vacunas contra aftosa en Indonesia","author":"La Hora del Campo","date":"16 septiembre, 2022","format":false,"excerpt":"https:\/\/youtu.be\/itXI9hZoweQ Biog\u00e9nesis Bag\u00f3 fue convocada para tener un rol clave en el combate a la fiebre aftosa en Indonesia. Biog\u00e9nesis Bag\u00f3 enfoca esfuerzos en los est\u00e1ndares de seguridad y en los procesos requeridos para la obtenci\u00f3n de las certificaciones internacionales que la ubican en el m\u00e1s alto nivel competitivo, con\u2026","rel":"","context":"En \u00abActualidad\u00bb","block_context":{"text":"Actualidad","link":"https:\/\/lahoradelcampo.com.uy\/site\/category\/actualidad\/"},"img":{"alt_text":"","src":"https:\/\/i0.wp.com\/lahoradelcampo.com.uy\/site\/wp-content\/uploads\/2022\/05\/Biogenesis-Mederos.jpg?fit=880%2C440&ssl=1&resize=350%2C200","width":350,"height":200,"srcset":"https:\/\/i0.wp.com\/lahoradelcampo.com.uy\/site\/wp-content\/uploads\/2022\/05\/Biogenesis-Mederos.jpg?fit=880%2C440&ssl=1&resize=350%2C200 1x, https:\/\/i0.wp.com\/lahoradelcampo.com.uy\/site\/wp-content\/uploads\/2022\/05\/Biogenesis-Mederos.jpg?fit=880%2C440&ssl=1&resize=525%2C300 1.5x, https:\/\/i0.wp.com\/lahoradelcampo.com.uy\/site\/wp-content\/uploads\/2022\/05\/Biogenesis-Mederos.jpg?fit=880%2C440&ssl=1&resize=700%2C400 2x"},"classes":[]},{"id":49972,"url":"https:\/\/lahoradelcampo.com.uy\/site\/arrospide-el-objetivo-trabajar-con-los-integrantes-de-la-cadena-para-mejorar-los-resultados\/","url_meta":{"origin":51477,"position":5},"title":"Biog\u00e9nesis Bag\u00f3: El objetivo es trabajar con la cadena productiva para mejorar los resultados","author":"La Hora del Campo","date":"16 abril, 2023","format":false,"excerpt":"El Laboratorio Biog\u00e9nesis Bag\u00f3 es una empresa l\u00edder en el mercado de la salud animal y tiene m\u00e1s de 80 a\u00f1os de trayectoria. Actualmente, el Dr. Ignacio Arrospide es el gerente comercial de la compa\u00f1\u00eda en Uruguay y ha asumido el desaf\u00edo de seguir creciendo en el pa\u00eds. Durante una\u2026","rel":"","context":"En \u00abActualidad\u00bb","block_context":{"text":"Actualidad","link":"https:\/\/lahoradelcampo.com.uy\/site\/category\/actualidad\/"},"img":{"alt_text":"","src":"https:\/\/i0.wp.com\/lahoradelcampo.com.uy\/site\/wp-content\/uploads\/2022\/09\/BIOGENESIS-t%C3%A9cnicos.jpg?fit=880%2C440&ssl=1&resize=350%2C200","width":350,"height":200,"srcset":"https:\/\/i0.wp.com\/lahoradelcampo.com.uy\/site\/wp-content\/uploads\/2022\/09\/BIOGENESIS-t%C3%A9cnicos.jpg?fit=880%2C440&ssl=1&resize=350%2C200 1x, https:\/\/i0.wp.com\/lahoradelcampo.com.uy\/site\/wp-content\/uploads\/2022\/09\/BIOGENESIS-t%C3%A9cnicos.jpg?fit=880%2C440&ssl=1&resize=525%2C300 1.5x, https:\/\/i0.wp.com\/lahoradelcampo.com.uy\/site\/wp-content\/uploads\/2022\/09\/BIOGENESIS-t%C3%A9cnicos.jpg?fit=880%2C440&ssl=1&resize=700%2C400 2x"},"classes":[]}],"jetpack_likes_enabled":true,"_links":{"self":[{"href":"https:\/\/lahoradelcampo.com.uy\/site\/wp-json\/wp\/v2\/posts\/51477","targetHints":{"allow":["GET"]}}],"collection":[{"href":"https:\/\/lahoradelcampo.com.uy\/site\/wp-json\/wp\/v2\/posts"}],"about":[{"href":"https:\/\/lahoradelcampo.com.uy\/site\/wp-json\/wp\/v2\/types\/post"}],"author":[{"embeddable":true,"href":"https:\/\/lahoradelcampo.com.uy\/site\/wp-json\/wp\/v2\/users\/5"}],"replies":[{"embeddable":true,"href":"https:\/\/lahoradelcampo.com.uy\/site\/wp-json\/wp\/v2\/comments?post=51477"}],"version-history":[{"count":1,"href":"https:\/\/lahoradelcampo.com.uy\/site\/wp-json\/wp\/v2\/posts\/51477\/revisions"}],"predecessor-version":[{"id":51487,"href":"https:\/\/lahoradelcampo.com.uy\/site\/wp-json\/wp\/v2\/posts\/51477\/revisions\/51487"}],"wp:featuredmedia":[{"embeddable":true,"href":"https:\/\/lahoradelcampo.com.uy\/site\/wp-json\/wp\/v2\/media\/51485"}],"wp:attachment":[{"href":"https:\/\/lahoradelcampo.com.uy\/site\/wp-json\/wp\/v2\/media?parent=51477"}],"wp:term":[{"taxonomy":"category","embeddable":true,"href":"https:\/\/lahoradelcampo.com.uy\/site\/wp-json\/wp\/v2\/categories?post=51477"},{"taxonomy":"post_tag","embeddable":true,"href":"https:\/\/lahoradelcampo.com.uy\/site\/wp-json\/wp\/v2\/tags?post=51477"}],"curies":[{"name":"wp","href":"https:\/\/api.w.org\/{rel}","templated":true}]}}