{"id":51471,"date":"2023-06-26T07:14:55","date_gmt":"2023-06-26T10:14:55","guid":{"rendered":"http:\/\/lahoradelcampo.com.uy\/site\/?p=51471"},"modified":"2023-06-26T07:15:59","modified_gmt":"2023-06-26T10:15:59","slug":"en-una-misma-zona-pueden-haber-diferencias-de-30-a-40-puntos-de-prenez","status":"publish","type":"post","link":"https:\/\/lahoradelcampo.com.uy\/site\/en-una-misma-zona-pueden-haber-diferencias-de-30-a-40-puntos-de-prenez\/","title":{"rendered":"En una misma zona \u00abpueden haber diferencias de 30 a 40 puntos\u00bb de pre\u00f1ez"},"content":{"rendered":"\n<figure class=\"wp-block-image size-full\"><a href=\"https:\/\/i0.wp.com\/lahoradelcampo.com.uy\/site\/wp-content\/uploads\/2023\/06\/INIA-Graciela-Quintans.jpg\"><img data-recalc-dims=\"1\" loading=\"lazy\" decoding=\"async\" width=\"810\" height=\"405\" data-attachment-id=\"51473\" data-permalink=\"https:\/\/lahoradelcampo.com.uy\/site\/en-una-misma-zona-pueden-haber-diferencias-de-30-a-40-puntos-de-prenez\/inia-graciela-quintans\/\" data-orig-file=\"https:\/\/i0.wp.com\/lahoradelcampo.com.uy\/site\/wp-content\/uploads\/2023\/06\/INIA-Graciela-Quintans.jpg?fit=880%2C440&amp;ssl=1\" data-orig-size=\"880,440\" data-comments-opened=\"1\" data-image-meta=\"{&quot;aperture&quot;:&quot;0&quot;,&quot;credit&quot;:&quot;&quot;,&quot;camera&quot;:&quot;&quot;,&quot;caption&quot;:&quot;&quot;,&quot;created_timestamp&quot;:&quot;0&quot;,&quot;copyright&quot;:&quot;&quot;,&quot;focal_length&quot;:&quot;0&quot;,&quot;iso&quot;:&quot;0&quot;,&quot;shutter_speed&quot;:&quot;0&quot;,&quot;title&quot;:&quot;&quot;,&quot;orientation&quot;:&quot;1&quot;}\" data-image-title=\"INIA Graciela Quintans\" data-image-description=\"\" data-image-caption=\"\" data-large-file=\"https:\/\/i0.wp.com\/lahoradelcampo.com.uy\/site\/wp-content\/uploads\/2023\/06\/INIA-Graciela-Quintans.jpg?fit=810%2C405&amp;ssl=1\" src=\"https:\/\/i0.wp.com\/lahoradelcampo.com.uy\/site\/wp-content\/uploads\/2023\/06\/INIA-Graciela-Quintans.jpg?resize=810%2C405\" alt=\"\" class=\"wp-image-51473\" srcset=\"https:\/\/i0.wp.com\/lahoradelcampo.com.uy\/site\/wp-content\/uploads\/2023\/06\/INIA-Graciela-Quintans.jpg?w=880&amp;ssl=1 880w, https:\/\/i0.wp.com\/lahoradelcampo.com.uy\/site\/wp-content\/uploads\/2023\/06\/INIA-Graciela-Quintans.jpg?resize=300%2C150&amp;ssl=1 300w, https:\/\/i0.wp.com\/lahoradelcampo.com.uy\/site\/wp-content\/uploads\/2023\/06\/INIA-Graciela-Quintans.jpg?resize=768%2C384&amp;ssl=1 768w, https:\/\/i0.wp.com\/lahoradelcampo.com.uy\/site\/wp-content\/uploads\/2023\/06\/INIA-Graciela-Quintans.jpg?resize=820%2C410&amp;ssl=1 820w\" sizes=\"auto, (max-width: 810px) 100vw, 810px\" \/><\/a><\/figure>\n\n\n\n<p>El per\u00edodo de entore 2022-2023 ha presentado desaf\u00edos importantes en el sector ganadero, especialmente en aquellas zonas donde el impacto de la sequ\u00eda fue mayor. Seg\u00fan la Ing. Graciela Quintans, del Instituto Nacional de Investigaci\u00f3n Agropecuaria (INIA), la prolongada sequ\u00eda ha dejado su huella en los resultados reproductivos del rodeo, que se esperan sean inferiores al a\u00f1o pasado.<\/p>\n\n\n\n<p>La sequ\u00eda ha sido un factor determinante en este escenario complicado. \u00abTodav\u00eda estamos atraves\u00e1ndola y hay lugares donde se est\u00e1n viendo las consecuencias\u00bb, afirm\u00f3 la ingeniera. Esta situaci\u00f3n ha generado una gran heterogeneidad en los resultados de pre\u00f1ez a nivel nacional, con variaciones significativas entre los diferentes predios.<\/p>\n\n\n\n<h2 class=\"wp-block-heading has-text-align-center has-luminous-vivid-orange-color has-text-color has-medium-font-size\"><em>Incluso dentro de una misma zona, pueden haber diferencias de 30 o 40 puntos en los resultados de pre\u00f1ez entre predios. La gesti\u00f3n realizada por cada productor para mitigar los efectos de la sequ\u00eda ha marcado la diferencia en t\u00e9rminos de tasa de pre\u00f1ez.<\/em><\/h2>\n\n\n\n<p>La gesti\u00f3n realizada por cada productor para mitigar los efectos de la falta de lluvia ha jugado un papel crucial en los resultados. La Ing. Quintans destaca que el manejo del rodeo y las acciones tomadas por los productores han marcado la diferencia en t\u00e9rminos de tasa de pre\u00f1ez. \u00abIncluso dentro de una misma zona, pueden haber diferencias de 30 o 40 puntos\u00bb, se\u00f1al\u00f3.<\/p>\n\n\n\n<p>Los resultados del taller de evaluaci\u00f3n de diagn\u00f3sticos de gestaci\u00f3n del a\u00f1o pasado, mostraron un alto porcentaje de pre\u00f1ez, sin embargo gran parte de ese resultado fueron pre\u00f1eces tard\u00edas que este a\u00f1o han representado uno de los mayores desaf\u00edos para los productores.<\/p>\n\n\n\n<p>La pre\u00f1ez tard\u00eda determin\u00f3 pariciones durante el per\u00edodo cr\u00edtico de la sequ\u00eda. La Ing. Quintans afirm\u00f3 que \u00abno solo la parici\u00f3n tard\u00eda siempre es un problema para lograr la pre\u00f1ez, sino que este a\u00f1o las cr\u00edas nacieron en diciembre, siendo muy peque\u00f1as y las madres ten\u00edan poca producci\u00f3n de leche, y con poqu\u00edsima posibilidad de recuperaci\u00f3n de la madre y el ternero\u00bb.<\/p>\n\n\n\n<p>No obstante, la Ing. Quintans se\u00f1ala la importancia de ver esta situaci\u00f3n como una oportunidad para reorganizar y mejorar el rodeo bovino. En su presentaci\u00f3n en el marco del taller de evaluaci\u00f3n de diagn\u00f3sticos de gestaci\u00f3n este pr\u00f3ximo 29 de junio, buscar\u00e1 transmitir la idea de que, incluso en medio de las crisis, existen oportunidades para planificar de manera diferente y trabajar de forma m\u00e1s eficiente en la producci\u00f3n ganadera.<\/p>\n\n\n\n<p>Ante la posibilidad de un entore de oto\u00f1o para minimizar las p\u00e9rdidas de terneros, por bajos porcentajes de pre\u00f1ez, la Ing. Graciela Quintans, se\u00f1al\u00f3 que este tema ha sido tratado en el grupo del taller, principalmente para aquellos productores que obtuvieron 40, 45, 50% de pre\u00f1ez. \u00abPara aquellos productores que obtuvieron un porcentaje de pre\u00f1ez bajo, obviamente van a reducir su carga, es decir, vender las vacas como ganado de invernada\u00bb se\u00f1al\u00f3.<\/p>\n\n\n\n<h2 class=\"wp-block-heading has-text-align-center has-luminous-vivid-orange-color has-text-color has-medium-font-size\"><em>La estrategia de guardar un porcentaje de vacas no pre\u00f1adas con requisitos bajos para pasar el invierno puede permitir reorganizar r\u00e1pidamente el servicio y el rodeo, asegurando vacas pre\u00f1adas tempranamente y una cabeza de parici\u00f3n.<\/em><\/h2>\n\n\n\n<p>La Ing. Quintans sugiere considerar otra opci\u00f3n al entore de oto\u00f1o: \u00ab\u00bfqu\u00e9 sucede si guardo un porcentaje de esas vacas que no quedaron pre\u00f1adas y que tienen requisitos muy bajos para pasar el invierno? Estas vacas podr\u00edan constituir la cabeza de pre\u00f1ez en el pr\u00f3ximo entore\u00bb. Esta estrategia permitir\u00eda reorganizar r\u00e1pidamente el servicio y el rodeo, asegurando vacas pre\u00f1adas tempranamente y una cabeza de parici\u00f3n, lo cual es fundamental para el \u00e9xito en la reproducci\u00f3n y por ende en la producci\u00f3n de terneros.<\/p>\n\n\n\n<p>Es importante tener en cuenta las circunstancias econ\u00f3micas de cada productor, ya que \u00abalgunos se han visto obligados a vender un gran n\u00famero de vacas. Sin embargo, distribuir las ventas y conservar un grupo selecto de vacas para el pr\u00f3ximo entore puede ser una alternativa viable\u00bb indic\u00f3.<\/p>\n\n\n\n<p>La Ing. Graciela Quintans destac\u00f3 que \u00abes una oportunidad para acomodar r\u00e1pidamente el servicio, el entore, el rodeo, porque como siempre decimos, la llave es tener vacas pre\u00f1adas temprano, tener cabeza de parici\u00f3n\u00bb y de esta manera \u00abtendremos vacas que se pre\u00f1ar\u00e1n en la primera semana\u00bb, lo que brinda una oportunidad para restablecer la estabilidad del rodeo y asegurar una producci\u00f3n m\u00e1s sostenible.<br>XXI Taller de Evaluaci\u00f3n de Diagn\u00f3sticos de Gestaci\u00f3n<\/p>\n\n\n\n<h2 class=\"wp-block-heading has-text-align-center has-luminous-vivid-orange-color has-text-color has-medium-font-size\"><em>\u00abLa llave para restablecer la estabilidad del rodeo y asegurar una producci\u00f3n m\u00e1s sostenible es tener vacas pre\u00f1adas temprano y una cabeza de parici\u00f3n.\u00bb<\/em><\/h2>\n\n\n\n<p>El pr\u00f3ximo jueves 29 de junio de 2023 se llevar\u00e1 a cabo el XXI Taller de Evaluaci\u00f3n de Diagn\u00f3sticos de Gestaci\u00f3n Vacuna en las instalaciones del INIA Treinta y Tres.<\/p>\n\n\n\n<p>El programa del taller incluir\u00e1 presentaciones sobre la importancia de la calidad del agua y la sombra en el bienestar de las vacas, a cargo del Ing. Alejandro La Manna. Graciela Quintans, por su parte, disertar\u00e1 sobre los factores determinantes en los resultados de este servicio. Asimismo, Diego Varalla analizar\u00e1 los aspectos econ\u00f3micos relacionados con el sector criador.<\/p>\n\n\n\n<p>El evento contar\u00e1 tambi\u00e9n con testimonios de productores que compartir\u00e1n su experiencia, las medidas adoptadas este a\u00f1o y los resultados obtenidos. Emilio Machado, presentar\u00e1 los resultados de pre\u00f1ez del a\u00f1o 2023.<\/p>\n\n\n\n<p>Para aquellos que no puedan asistir al taller de forma presencial, podr\u00e1n seguir la transmisi\u00f3n en vivo a trav\u00e9s del canal de INIA Uruguay en Youtube. Esta opci\u00f3n permitir\u00e1 a un amplio p\u00fablico interesado en la tem\u00e1tica acceder a las conferencias y participar virtualmente en la discusi\u00f3n.<\/p>\n\n\n\n<p>Salto, 26 de junio de 2023<\/p>\n","protected":false},"excerpt":{"rendered":"<p>El per\u00edodo de entore 2022-2023 ha presentado desaf\u00edos importantes en el sector ganadero, especialmente en aquellas zonas donde el impacto de la sequ\u00eda fue mayor. Seg\u00fan la Ing. Graciela Quintans, [&hellip;]<\/p>\n","protected":false},"author":5,"featured_media":51473,"comment_status":"open","ping_status":"open","sticky":false,"template":"","format":"standard","meta":{"_price":"","_stock":"","_tribe_ticket_header":"","_tribe_default_ticket_provider":"","_tribe_ticket_capacity":"0","_ticket_start_date":"","_ticket_end_date":"","_tribe_ticket_show_description":"","_tribe_ticket_show_not_going":false,"_tribe_ticket_use_global_stock":"","_tribe_ticket_global_stock_level":"","_global_stock_mode":"","_global_stock_cap":"","_tribe_rsvp_for_event":"","_tribe_ticket_going_count":"","_tribe_ticket_not_going_count":"","_tribe_tickets_list":"[]","_tribe_ticket_has_attendee_info_fields":false,"h5ap_radio_sources":[],"_jetpack_newsletter_access":"","_jetpack_dont_email_post_to_subs":false,"_jetpack_newsletter_tier_id":0,"_jetpack_memberships_contains_paywalled_content":false,"_jetpack_memberships_contains_paid_content":false,"footnotes":""},"categories":[21,5],"tags":[6739,6737,27,6731,6735,6729,6055,6727,3386,6741,6733],"class_list":["post-51471","post","type-post","status-publish","format-standard","has-post-thumbnail","hentry","category-actualidad","category-ganaderia","tag-estabilidad-del-rodeo","tag-estrategias-de-entore","tag-ganaderia","tag-manejo-del-rodeo","tag-oportunidades-de-reorganizacion","tag-prenez-tardia","tag-produccion-sostenible-2","tag-resultados-reproductivos","tag-sequia-2","tag-taller-de-evaluacion-de-diagnosticos-de-gestacion","tag-tasa-de-prenez"],"jetpack_featured_media_url":"https:\/\/i0.wp.com\/lahoradelcampo.com.uy\/site\/wp-content\/uploads\/2023\/06\/INIA-Graciela-Quintans.jpg?fit=880%2C440&ssl=1","jetpack_sharing_enabled":true,"jetpack_shortlink":"https:\/\/wp.me\/p99IaT-dob","jetpack-related-posts":[{"id":50134,"url":"https:\/\/lahoradelcampo.com.uy\/site\/47-de-la-encuesta-ring-alcanzo-el-80-de-prenez\/","url_meta":{"origin":51471,"position":0},"title":"47% de la encuesta RING alcanz\u00f3 el 80% de pre\u00f1ez","author":"La Hora del Campo","date":"21 abril, 2023","format":false,"excerpt":"La sequ\u00eda que afect\u00f3 a todo el pa\u00eds durante los \u00faltimos meses ha sido la preocupaci\u00f3n central de los productores ganaderos. En este contexto, el Instituto Plan Agropecuario llev\u00f3 a cabo la encuesta RING, en la que participaron 377 productores asociados, para conocer las variables referidas a los procesos y\u2026","rel":"","context":"En \u00abActualidad\u00bb","block_context":{"text":"Actualidad","link":"https:\/\/lahoradelcampo.com.uy\/site\/category\/actualidad\/"},"img":{"alt_text":"","src":"https:\/\/i0.wp.com\/lahoradelcampo.com.uy\/site\/wp-content\/uploads\/2019\/06\/cria.jpg?fit=880%2C440&ssl=1&resize=350%2C200","width":350,"height":200,"srcset":"https:\/\/i0.wp.com\/lahoradelcampo.com.uy\/site\/wp-content\/uploads\/2019\/06\/cria.jpg?fit=880%2C440&ssl=1&resize=350%2C200 1x, https:\/\/i0.wp.com\/lahoradelcampo.com.uy\/site\/wp-content\/uploads\/2019\/06\/cria.jpg?fit=880%2C440&ssl=1&resize=525%2C300 1.5x, https:\/\/i0.wp.com\/lahoradelcampo.com.uy\/site\/wp-content\/uploads\/2019\/06\/cria.jpg?fit=880%2C440&ssl=1&resize=700%2C400 2x"},"classes":[]},{"id":50897,"url":"https:\/\/lahoradelcampo.com.uy\/site\/sequia-porcentajes-de-prenez-un-15-por-debajo-del-ano-pasado\/","url_meta":{"origin":51471,"position":1},"title":"Sequ\u00eda: porcentajes de pre\u00f1ez un 15% por debajo del a\u00f1o pasado","author":"La Hora del Campo","date":"30 mayo, 2023","format":false,"excerpt":"En un a\u00f1o marcado por la sequ\u00eda y diversas circunstancias, se han obtenido resultados variables en cuanto al porcentaje de pre\u00f1ez en el ganado, lo cual ha afectado directamente a los sistemas productivos. As\u00ed lo afirma el Dr. Jos\u00e9 Hermann, m\u00e9dico veterinario del ejercicio liberal, quien destac\u00f3 la influencia del\u2026","rel":"","context":"En \u00abActualidad\u00bb","block_context":{"text":"Actualidad","link":"https:\/\/lahoradelcampo.com.uy\/site\/category\/actualidad\/"},"img":{"alt_text":"","src":"https:\/\/i0.wp.com\/lahoradelcampo.com.uy\/site\/wp-content\/uploads\/2023\/05\/JoseHermann.jpg?fit=880%2C440&ssl=1&resize=350%2C200","width":350,"height":200,"srcset":"https:\/\/i0.wp.com\/lahoradelcampo.com.uy\/site\/wp-content\/uploads\/2023\/05\/JoseHermann.jpg?fit=880%2C440&ssl=1&resize=350%2C200 1x, https:\/\/i0.wp.com\/lahoradelcampo.com.uy\/site\/wp-content\/uploads\/2023\/05\/JoseHermann.jpg?fit=880%2C440&ssl=1&resize=525%2C300 1.5x, https:\/\/i0.wp.com\/lahoradelcampo.com.uy\/site\/wp-content\/uploads\/2023\/05\/JoseHermann.jpg?fit=880%2C440&ssl=1&resize=700%2C400 2x"},"classes":[]},{"id":56039,"url":"https:\/\/lahoradelcampo.com.uy\/site\/el-impacto-de-la-sequia-22-23-se-refleja-en-menores-tasas-de-prenez-en-el-norte-del-pais\/","url_meta":{"origin":51471,"position":2},"title":"El impacto de la sequ\u00eda 22-23 se refleja en menores tasas de pre\u00f1ez en el norte del pa\u00eds","author":"La Hora del Campo","date":"29 abril, 2025","format":false,"excerpt":"El Dr. Conrado Rodr\u00edguez, veterinario de Laboratorio Virbac, confirm\u00f3 que el monitoreo de los rodeos de cr\u00eda en el norte del pa\u00eds muestra una tendencia positiva en 2025, aunque se prev\u00e9 una leve disminuci\u00f3n en los porcentajes de pre\u00f1ez respecto al a\u00f1o anterior. Explic\u00f3 que, aunque a\u00fan falta el cierre\u2026","rel":"","context":"En \u00abActualidad\u00bb","block_context":{"text":"Actualidad","link":"https:\/\/lahoradelcampo.com.uy\/site\/category\/actualidad\/"},"img":{"alt_text":"","src":"https:\/\/i0.wp.com\/lahoradelcampo.com.uy\/site\/wp-content\/uploads\/2025\/04\/Dr-Conrado-rodriguez.jpg?fit=880%2C440&ssl=1&resize=350%2C200","width":350,"height":200,"srcset":"https:\/\/i0.wp.com\/lahoradelcampo.com.uy\/site\/wp-content\/uploads\/2025\/04\/Dr-Conrado-rodriguez.jpg?fit=880%2C440&ssl=1&resize=350%2C200 1x, https:\/\/i0.wp.com\/lahoradelcampo.com.uy\/site\/wp-content\/uploads\/2025\/04\/Dr-Conrado-rodriguez.jpg?fit=880%2C440&ssl=1&resize=525%2C300 1.5x, https:\/\/i0.wp.com\/lahoradelcampo.com.uy\/site\/wp-content\/uploads\/2025\/04\/Dr-Conrado-rodriguez.jpg?fit=880%2C440&ssl=1&resize=700%2C400 2x"},"classes":[]},{"id":53800,"url":"https:\/\/lahoradelcampo.com.uy\/site\/porcentajes-de-prenez-superan-el-80-segun-la-encuesta-ring\/","url_meta":{"origin":51471,"position":3},"title":"Porcentajes de pre\u00f1ez superan el 80% seg\u00fan la encuesta RING","author":"La Hora del Campo","date":"18 abril, 2024","format":false,"excerpt":"El Instituto Plan Agropecuario (IPA) ha revelado los resultados de su encuesta mensual RING (Red de Informaci\u00f3n Nacional Ganadera) correspondiente al per\u00edodo de febrero\/marzo de este a\u00f1o. Con la participaci\u00f3n de 550 productores, la 38va. edici\u00f3n de esta encuesta, llevada a cabo en los primeros diez d\u00edas de abril de\u2026","rel":"","context":"En \u00abActualidad\u00bb","block_context":{"text":"Actualidad","link":"https:\/\/lahoradelcampo.com.uy\/site\/category\/actualidad\/"},"img":{"alt_text":"","src":"https:\/\/i0.wp.com\/lahoradelcampo.com.uy\/site\/wp-content\/uploads\/2024\/04\/RING-DatosPrenez.jpg?fit=880%2C440&ssl=1&resize=350%2C200","width":350,"height":200,"srcset":"https:\/\/i0.wp.com\/lahoradelcampo.com.uy\/site\/wp-content\/uploads\/2024\/04\/RING-DatosPrenez.jpg?fit=880%2C440&ssl=1&resize=350%2C200 1x, https:\/\/i0.wp.com\/lahoradelcampo.com.uy\/site\/wp-content\/uploads\/2024\/04\/RING-DatosPrenez.jpg?fit=880%2C440&ssl=1&resize=525%2C300 1.5x, https:\/\/i0.wp.com\/lahoradelcampo.com.uy\/site\/wp-content\/uploads\/2024\/04\/RING-DatosPrenez.jpg?fit=880%2C440&ssl=1&resize=700%2C400 2x"},"classes":[]},{"id":26302,"url":"https:\/\/lahoradelcampo.com.uy\/site\/ganados-de-cria-con-baja-condicion-corporal-para-el-entore\/","url_meta":{"origin":51471,"position":4},"title":"Ganados de cr\u00eda con baja condici\u00f3n corporal para el entore","author":"La Hora del Campo","date":"22 diciembre, 2020","format":false,"excerpt":"El estado del rodeo de cr\u00eda en general es regular y de acuerdo a las observaciones a nivel de campo las condiciones corporales de los vientres son menores a 4, indic\u00f3 el Instituto Plan Agropecuario en su informe al 15 de diciembre sobre la situaci\u00f3n de la ganader\u00eda a nivel\u2026","rel":"","context":"En \u00abActualidad\u00bb","block_context":{"text":"Actualidad","link":"https:\/\/lahoradelcampo.com.uy\/site\/category\/actualidad\/"},"img":{"alt_text":"","src":"https:\/\/i0.wp.com\/lahoradelcampo.com.uy\/site\/wp-content\/uploads\/2020\/11\/criavacas.jpg?fit=880%2C440&ssl=1&resize=350%2C200","width":350,"height":200,"srcset":"https:\/\/i0.wp.com\/lahoradelcampo.com.uy\/site\/wp-content\/uploads\/2020\/11\/criavacas.jpg?fit=880%2C440&ssl=1&resize=350%2C200 1x, https:\/\/i0.wp.com\/lahoradelcampo.com.uy\/site\/wp-content\/uploads\/2020\/11\/criavacas.jpg?fit=880%2C440&ssl=1&resize=525%2C300 1.5x, https:\/\/i0.wp.com\/lahoradelcampo.com.uy\/site\/wp-content\/uploads\/2020\/11\/criavacas.jpg?fit=880%2C440&ssl=1&resize=700%2C400 2x"},"classes":[]},{"id":51449,"url":"https:\/\/lahoradelcampo.com.uy\/site\/41-del-rodeo-de-cria-presenta-mas-del-80-de-prenez-en-la-encuesta-ring\/","url_meta":{"origin":51471,"position":5},"title":"41% del rodeo de cr\u00eda presenta m\u00e1s del 80% de pre\u00f1ez en la encuesta RING","author":"La Hora del Campo","date":"25 junio, 2023","format":false,"excerpt":"En los resultados de la encuesta RING (Red de Informaci\u00f3n Nacional Ganadera) correspondiente a mayo y junio, se han revelado datos preocupantes sobre el desempe\u00f1o de las empresas ganaderas en Uruguay. La encuesta, respondida por 411 productores asociados al Plan Agropecuario, muestra diferentes variables que reflejan los desaf\u00edos que enfrenta\u2026","rel":"","context":"En \u00abActualidad\u00bb","block_context":{"text":"Actualidad","link":"https:\/\/lahoradelcampo.com.uy\/site\/category\/actualidad\/"},"img":{"alt_text":"","src":"https:\/\/i0.wp.com\/lahoradelcampo.com.uy\/site\/wp-content\/uploads\/2023\/06\/IPA-Prenez.jpg?fit=880%2C440&ssl=1&resize=350%2C200","width":350,"height":200,"srcset":"https:\/\/i0.wp.com\/lahoradelcampo.com.uy\/site\/wp-content\/uploads\/2023\/06\/IPA-Prenez.jpg?fit=880%2C440&ssl=1&resize=350%2C200 1x, https:\/\/i0.wp.com\/lahoradelcampo.com.uy\/site\/wp-content\/uploads\/2023\/06\/IPA-Prenez.jpg?fit=880%2C440&ssl=1&resize=525%2C300 1.5x, https:\/\/i0.wp.com\/lahoradelcampo.com.uy\/site\/wp-content\/uploads\/2023\/06\/IPA-Prenez.jpg?fit=880%2C440&ssl=1&resize=700%2C400 2x"},"classes":[]}],"jetpack_likes_enabled":true,"_links":{"self":[{"href":"https:\/\/lahoradelcampo.com.uy\/site\/wp-json\/wp\/v2\/posts\/51471","targetHints":{"allow":["GET"]}}],"collection":[{"href":"https:\/\/lahoradelcampo.com.uy\/site\/wp-json\/wp\/v2\/posts"}],"about":[{"href":"https:\/\/lahoradelcampo.com.uy\/site\/wp-json\/wp\/v2\/types\/post"}],"author":[{"embeddable":true,"href":"https:\/\/lahoradelcampo.com.uy\/site\/wp-json\/wp\/v2\/users\/5"}],"replies":[{"embeddable":true,"href":"https:\/\/lahoradelcampo.com.uy\/site\/wp-json\/wp\/v2\/comments?post=51471"}],"version-history":[{"count":1,"href":"https:\/\/lahoradelcampo.com.uy\/site\/wp-json\/wp\/v2\/posts\/51471\/revisions"}],"predecessor-version":[{"id":51475,"href":"https:\/\/lahoradelcampo.com.uy\/site\/wp-json\/wp\/v2\/posts\/51471\/revisions\/51475"}],"wp:featuredmedia":[{"embeddable":true,"href":"https:\/\/lahoradelcampo.com.uy\/site\/wp-json\/wp\/v2\/media\/51473"}],"wp:attachment":[{"href":"https:\/\/lahoradelcampo.com.uy\/site\/wp-json\/wp\/v2\/media?parent=51471"}],"wp:term":[{"taxonomy":"category","embeddable":true,"href":"https:\/\/lahoradelcampo.com.uy\/site\/wp-json\/wp\/v2\/categories?post=51471"},{"taxonomy":"post_tag","embeddable":true,"href":"https:\/\/lahoradelcampo.com.uy\/site\/wp-json\/wp\/v2\/tags?post=51471"}],"curies":[{"name":"wp","href":"https:\/\/api.w.org\/{rel}","templated":true}]}}