{"id":51461,"date":"2023-06-26T06:57:49","date_gmt":"2023-06-26T09:57:49","guid":{"rendered":"http:\/\/lahoradelcampo.com.uy\/site\/?p=51461"},"modified":"2023-06-26T06:59:31","modified_gmt":"2023-06-26T09:59:31","slug":"la-cantidad-de-garrapatas-en-los-animales-es-quizas-tres-o-cuatro-veces-mayor","status":"publish","type":"post","link":"https:\/\/lahoradelcampo.com.uy\/site\/la-cantidad-de-garrapatas-en-los-animales-es-quizas-tres-o-cuatro-veces-mayor\/","title":{"rendered":"\u00abLa cantidad de garrapatas en los animales es quiz\u00e1s tres o cuatro veces mayor\u00bb"},"content":{"rendered":"\n<figure class=\"wp-block-image size-full\"><a href=\"https:\/\/i0.wp.com\/lahoradelcampo.com.uy\/site\/wp-content\/uploads\/2023\/06\/Microsules-Estape.jpg\"><img data-recalc-dims=\"1\" loading=\"lazy\" decoding=\"async\" width=\"810\" height=\"405\" data-attachment-id=\"51463\" data-permalink=\"https:\/\/lahoradelcampo.com.uy\/site\/la-cantidad-de-garrapatas-en-los-animales-es-quizas-tres-o-cuatro-veces-mayor\/microsules-estape\/\" data-orig-file=\"https:\/\/i0.wp.com\/lahoradelcampo.com.uy\/site\/wp-content\/uploads\/2023\/06\/Microsules-Estape.jpg?fit=880%2C440&amp;ssl=1\" data-orig-size=\"880,440\" data-comments-opened=\"1\" data-image-meta=\"{&quot;aperture&quot;:&quot;0&quot;,&quot;credit&quot;:&quot;&quot;,&quot;camera&quot;:&quot;&quot;,&quot;caption&quot;:&quot;&quot;,&quot;created_timestamp&quot;:&quot;0&quot;,&quot;copyright&quot;:&quot;&quot;,&quot;focal_length&quot;:&quot;0&quot;,&quot;iso&quot;:&quot;0&quot;,&quot;shutter_speed&quot;:&quot;0&quot;,&quot;title&quot;:&quot;&quot;,&quot;orientation&quot;:&quot;1&quot;}\" data-image-title=\"Microsules-Estap\u00e9\" data-image-description=\"\" data-image-caption=\"\" data-large-file=\"https:\/\/i0.wp.com\/lahoradelcampo.com.uy\/site\/wp-content\/uploads\/2023\/06\/Microsules-Estape.jpg?fit=810%2C405&amp;ssl=1\" src=\"https:\/\/i0.wp.com\/lahoradelcampo.com.uy\/site\/wp-content\/uploads\/2023\/06\/Microsules-Estape.jpg?resize=810%2C405\" alt=\"\" class=\"wp-image-51463\" srcset=\"https:\/\/i0.wp.com\/lahoradelcampo.com.uy\/site\/wp-content\/uploads\/2023\/06\/Microsules-Estape.jpg?w=880&amp;ssl=1 880w, https:\/\/i0.wp.com\/lahoradelcampo.com.uy\/site\/wp-content\/uploads\/2023\/06\/Microsules-Estape.jpg?resize=300%2C150&amp;ssl=1 300w, https:\/\/i0.wp.com\/lahoradelcampo.com.uy\/site\/wp-content\/uploads\/2023\/06\/Microsules-Estape.jpg?resize=768%2C384&amp;ssl=1 768w, https:\/\/i0.wp.com\/lahoradelcampo.com.uy\/site\/wp-content\/uploads\/2023\/06\/Microsules-Estape.jpg?resize=820%2C410&amp;ssl=1 820w\" sizes=\"auto, (max-width: 810px) 100vw, 810px\" \/><\/a><\/figure>\n\n\n\n<p>La garrapata, ese peque\u00f1o pero persistente enemigo del ganado, ha demostrado una sorprendente resiliencia tanto frente al clima como a los productos qu\u00edmicos utilizados para combatirla. Si bien la sequ\u00eda parec\u00eda haber dado un respiro, las recientes lluvias han generado nuevos problemas con la proliferaci\u00f3n del par\u00e1sito, las condiciones favorables para la garrapata han vuelto a desencadenar un aumento significativo en su presencia.<\/p>\n\n\n\n<p>El Dr. Ignacio Estap\u00e9, del Laboratorio Microsules, explic\u00f3 que \u00ablos productores que ven\u00edan siguiendo un plan de aplicaciones y control se han visto afectados tambi\u00e9n\u00bb. Desde el punto de vista t\u00e9cnico se puede decir que \u00abdurante el verano, la falta de humedad redujo la cantidad de garrapatas, pero con la llegada de las lluvias en marzo y abril, todas las larvas que no hab\u00edan subido durante el verano emergieron\u00bb. Como resultado, ahora \u00abnos encontramos con una cantidad considerable de garrapatas tanto en el suelo como en los animales\u00bb indic\u00f3.<\/p>\n\n\n\n<h2 class=\"wp-block-heading has-text-align-center has-luminous-vivid-orange-color has-text-color has-medium-font-size\"><em>\u00abLa cantidad de garrapatas en los animales es quiz\u00e1s tres o cuatro veces mayor que en esta \u00e9poca del a\u00f1o, lo que dificulta el control y por ende el movimiento del ganado.\u00bb<\/em><\/h2>\n\n\n\n<p>Si bien los productos veterinarios para el control de garrapatas siguen siendo efectivos, seg\u00fan el profesional, este a\u00f1o no se ha logrado el mismo nivel de control que en a\u00f1os anteriores. El Dr. Estap\u00e9 destac\u00f3 que \u00abla cantidad de garrapatas en los animales es quiz\u00e1s tres o cuatro veces mayor que en esta \u00e9poca del a\u00f1o\u00bb, lo que dificulta el control y por ende el movimiento del ganado.<\/p>\n\n\n\n<p>Para aquellos productores que tienen un control establecido en su campo y mantienen vacas de cr\u00eda durante todo el a\u00f1o, se recomienda que contin\u00faen con los tratamientos utilizados. Sin embargo, debido a que el oto\u00f1o se ha alargado, es necesario seguir aplicando garrapaticidas hasta que el clima interrumpa el ciclo. En este sentido mencion\u00f3 que se espera que en agosto se pueda comenzar nuevamente un nuevo ciclo con la primera generaci\u00f3n.<\/p>\n\n\n\n<p>La situaci\u00f3n es m\u00e1s complicada para aquellos productores que carecen de instalaciones de ba\u00f1os para el ganado y deben realizar movimientos. El Dr. Estap\u00e9 menciona que con el \u00abba\u00f1o\u00bb es mucho m\u00e1s f\u00e1cil el trabajo para el movimiento de los animales, \u00abcon dos ba\u00f1os separados de 7 a 10 d\u00edas, ya el productor puede mover\u00bb dijo. En el caso de que el productor no tenga la disponibilidad del ba\u00f1o \u00abes m\u00e1s complicado\u00bb indic\u00f3.<\/p>\n\n\n\n<h2 class=\"wp-block-heading has-text-align-center has-luminous-vivid-orange-color has-text-color has-medium-font-size\"><em>\u00abAunque los productos veterinarios para el control de garrapatas siguen siendo efectivos, este a\u00f1o no se ha logrado el mismo nivel de control que en a\u00f1os anteriores.\u00bb<\/em><\/h2>\n\n\n\n<p>\u00abAunque existen productos como el fipronil, que tambi\u00e9n mata por contacto, puede que no sean tan eficaces para mover el ganado como los ba\u00f1os\u00bb explic\u00f3 Estap\u00e9.<\/p>\n\n\n\n<p>Al ser consultado sobre la incidencia de la resistencia a los productos qu\u00edmicos, el Dr. Estap\u00e9 dijo que m\u00e1s que hablar de resistencia, es importante considerar la abundancia de garrapatas en el entorno. Respecto a la eficacia de algunos productos, se\u00f1al\u00f3 que \u00abcuando aplicamos, por decir algo, una ivermectiva 3.15, a los pocos d\u00edas las garrapatas cambian de color, indicando que est\u00e1n siendo envenenadas\u00bb, sin embargo, debido a la gran cantidad de garrapatas presentes, a veces la dosis aplicada no resulta suficiente para erradicarlas por completo.<\/p>\n\n\n\n<p>Las dosis est\u00e1n dise\u00f1adas para una cantidad determinada de garrapatas, y aumentar la dosis podr\u00eda generar resistencia, explic\u00f3 el profesional. Por tanto, la recomendaci\u00f3n es mantener las dosis habituales y ajustar los intervalos de aplicaci\u00f3n. Por ejemplo, en caso de necesitar trasladar al ganado, se puede acortar el plazo entre tratamientos. No obstante, si solo se busca controlar las garrapatas en el mismo campo, a menos que haya un brote grave, no es necesario cambiar la frecuencia de los tratamientos.<\/p>\n\n\n\n<h2 class=\"wp-block-heading has-text-align-center has-luminous-vivid-orange-color has-text-color has-medium-font-size\"><em>\u00abEs importante ajustar los intervalos de aplicaci\u00f3n y seguir las recomendaciones de control para combatir la proliferaci\u00f3n de garrapatas, que se espera se extienda hasta julio.\u00bb<\/em><\/h2>\n\n\n\n<p>El Dr. Estap\u00e9 aconseja a los productores tener paciencia y a modo de ejemplo se\u00f1al\u00f3 que si se est\u00e1 aplicando un producto pour on, se debe aplicar el producto cada 40 d\u00edas, ya que el producto en la sangre se mantiene durante ese tiempo. \u00abAunque se aumente la dosis, habr\u00e1 un pico inicial que luego disminuir\u00e1, siendo similar a utilizar la dosis normal. Por lo tanto, es fundamental mantener el mismo tratamiento y la misma frecuencia de aplicaciones\u00bb dijo.<\/p>\n\n\n\n<p>Este a\u00f1o, el ciclo de la garrapata no se cort\u00f3 en mayo como se esperaba, sino que probablemente se extender\u00e1 hasta julio. Esto significa que es a\u00fan m\u00e1s crucial seguir las recomendaciones de control.<\/p>\n\n\n\n<p>Salto, 26 de junio de 2023<\/p>\n","protected":false},"excerpt":{"rendered":"<p>La garrapata, ese peque\u00f1o pero persistente enemigo del ganado, ha demostrado una sorprendente resiliencia tanto frente al clima como a los productos qu\u00edmicos utilizados para combatirla. Si bien la sequ\u00eda [&hellip;]<\/p>\n","protected":false},"author":5,"featured_media":51463,"comment_status":"open","ping_status":"open","sticky":false,"template":"","format":"standard","meta":{"_price":"","_stock":"","_tribe_ticket_header":"","_tribe_default_ticket_provider":"","_tribe_ticket_capacity":"0","_ticket_start_date":"","_ticket_end_date":"","_tribe_ticket_show_description":"","_tribe_ticket_show_not_going":false,"_tribe_ticket_use_global_stock":"","_tribe_ticket_global_stock_level":"","_global_stock_mode":"","_global_stock_cap":"","_tribe_rsvp_for_event":"","_tribe_ticket_going_count":"","_tribe_ticket_not_going_count":"","_tribe_tickets_list":"[]","_tribe_ticket_has_attendee_info_fields":false,"h5ap_radio_sources":[],"_jetpack_newsletter_access":"","_jetpack_dont_email_post_to_subs":false,"_jetpack_newsletter_tier_id":0,"_jetpack_memberships_contains_paywalled_content":false,"_jetpack_memberships_contains_paid_content":false,"footnotes":""},"categories":[21,5],"tags":[6707,6635,6705,907,6701,6703,6709,597],"class_list":["post-51461","post","type-post","status-publish","format-standard","has-post-thumbnail","hentry","category-actualidad","category-ganaderia","tag-ciclo-de-la-garrapata","tag-control-de-garrapatas","tag-dosis-de-aplicacion","tag-garrapatas","tag-problemas-de-proliferacion","tag-productos-veterinarios","tag-recomendaciones-de-control","tag-resistencia"],"jetpack_featured_media_url":"https:\/\/i0.wp.com\/lahoradelcampo.com.uy\/site\/wp-content\/uploads\/2023\/06\/Microsules-Estape.jpg?fit=880%2C440&ssl=1","jetpack_sharing_enabled":true,"jetpack_shortlink":"https:\/\/wp.me\/p99IaT-do1","jetpack-related-posts":[{"id":51307,"url":"https:\/\/lahoradelcampo.com.uy\/site\/movimiento-con-cascara-de-garrapatas-lo-importante-es-como-implementarlo\/","url_meta":{"origin":51461,"position":0},"title":"Movimiento con c\u00e1scara de garrapatas \u00ablo importante es como implementarlo\u00bb","author":"La Hora del Campo","date":"19 junio, 2023","format":false,"excerpt":"Desde el Ministerio de Ganader\u00eda, Agricultura y Pesca (MGAP) se ha anunciado el estudio de la posibilidad de habilitar el movimiento de vacunos con \"c\u00e1scara de garrapata\" o sea con \"garrapata muerta\". Esta posible medida ha generado preocupaci\u00f3n entre los productores que han logrado estar libre del par\u00e1sito y se\u2026","rel":"","context":"En \u00abActualidad\u00bb","block_context":{"text":"Actualidad","link":"https:\/\/lahoradelcampo.com.uy\/site\/category\/actualidad\/"},"img":{"alt_text":"","src":"https:\/\/i0.wp.com\/lahoradelcampo.com.uy\/site\/wp-content\/uploads\/2023\/06\/LauroArtia1.jpg?fit=880%2C440&ssl=1&resize=350%2C200","width":350,"height":200,"srcset":"https:\/\/i0.wp.com\/lahoradelcampo.com.uy\/site\/wp-content\/uploads\/2023\/06\/LauroArtia1.jpg?fit=880%2C440&ssl=1&resize=350%2C200 1x, https:\/\/i0.wp.com\/lahoradelcampo.com.uy\/site\/wp-content\/uploads\/2023\/06\/LauroArtia1.jpg?fit=880%2C440&ssl=1&resize=525%2C300 1.5x, https:\/\/i0.wp.com\/lahoradelcampo.com.uy\/site\/wp-content\/uploads\/2023\/06\/LauroArtia1.jpg?fit=880%2C440&ssl=1&resize=700%2C400 2x"},"classes":[]},{"id":51285,"url":"https:\/\/lahoradelcampo.com.uy\/site\/problemas-por-garrapatas-en-el-ganado-perdidas-millonarias-y-desafios-para-el-control\/","url_meta":{"origin":51461,"position":1},"title":"Problemas por garrapatas en el ganado generan US$ 46 millones en p\u00e9rdidas","author":"La Hora del Campo","date":"19 junio, 2023","format":false,"excerpt":"Las garrapatas representan un grave problema para la ganader\u00eda, generando p\u00e9rdidas econ\u00f3micas significativas en el pa\u00eds. Seg\u00fan un estudio presentado en las 50\u00aa Jornadas Uruguayas de Buiatr\u00eda, la presencia de la \"garrapata com\u00fan del ganado\", conocida como Rhipicephalus microplus, es considerada la ectoparasitosis m\u00e1s importante a nivel mundial debido a\u2026","rel":"","context":"En \u00abActualidad\u00bb","block_context":{"text":"Actualidad","link":"https:\/\/lahoradelcampo.com.uy\/site\/category\/actualidad\/"},"img":{"alt_text":"","src":"https:\/\/i0.wp.com\/lahoradelcampo.com.uy\/site\/wp-content\/uploads\/2020\/06\/garrapataweb.jpg?fit=880%2C440&ssl=1&resize=350%2C200","width":350,"height":200,"srcset":"https:\/\/i0.wp.com\/lahoradelcampo.com.uy\/site\/wp-content\/uploads\/2020\/06\/garrapataweb.jpg?fit=880%2C440&ssl=1&resize=350%2C200 1x, https:\/\/i0.wp.com\/lahoradelcampo.com.uy\/site\/wp-content\/uploads\/2020\/06\/garrapataweb.jpg?fit=880%2C440&ssl=1&resize=525%2C300 1.5x, https:\/\/i0.wp.com\/lahoradelcampo.com.uy\/site\/wp-content\/uploads\/2020\/06\/garrapataweb.jpg?fit=880%2C440&ssl=1&resize=700%2C400 2x"},"classes":[]},{"id":44113,"url":"https:\/\/lahoradelcampo.com.uy\/site\/con-un-70-de-eficacia-uruguay-dispondra-de-una-vacuna-contra-la-garrapata\/","url_meta":{"origin":51461,"position":2},"title":"Con un 70% de eficacia, Uruguay dispondr\u00e1 de una vacuna contra la garrapata","author":"La Hora del Campo","date":"25 julio, 2022","format":false,"excerpt":"El Dr. Marcelo Cortes, dinamizador de la campa\u00f1a contra la garrapata, dijo 3a pasada semana que los datos de la encuesta que se realiz\u00f3 con la distribuci\u00f3n de la vacuna antiaftosa, existe un 30% de los predios a nivel pa\u00eds con problemas de garrapata y un 4,5% de los mismos\u2026","rel":"","context":"En \u00abActualidad\u00bb","block_context":{"text":"Actualidad","link":"https:\/\/lahoradelcampo.com.uy\/site\/category\/actualidad\/"},"img":{"alt_text":"","src":"https:\/\/i0.wp.com\/lahoradelcampo.com.uy\/site\/wp-content\/uploads\/2021\/08\/Garrapata.jpg?fit=880%2C440&ssl=1&resize=350%2C200","width":350,"height":200,"srcset":"https:\/\/i0.wp.com\/lahoradelcampo.com.uy\/site\/wp-content\/uploads\/2021\/08\/Garrapata.jpg?fit=880%2C440&ssl=1&resize=350%2C200 1x, https:\/\/i0.wp.com\/lahoradelcampo.com.uy\/site\/wp-content\/uploads\/2021\/08\/Garrapata.jpg?fit=880%2C440&ssl=1&resize=525%2C300 1.5x, https:\/\/i0.wp.com\/lahoradelcampo.com.uy\/site\/wp-content\/uploads\/2021\/08\/Garrapata.jpg?fit=880%2C440&ssl=1&resize=700%2C400 2x"},"classes":[]},{"id":51229,"url":"https:\/\/lahoradelcampo.com.uy\/site\/se-analiza-autorizar-movimientos-con-garrapatas-muertas-y-declarar-zonas-libres\/","url_meta":{"origin":51461,"position":3},"title":"Se analiza autorizar movimientos con garrapatas muertas y declarar zonas libres","author":"La Hora del Campo","date":"15 junio, 2023","format":false,"excerpt":"El tema de la garrapata contin\u00faa siendo una preocupaci\u00f3n constante en el \u00e1mbito ganadero, principalmente cuando luego de las precipitaciones existi\u00f3 un fuerte repunte de la parasitosis, que ven\u00eda muy tranquila debido a la situaci\u00f3n de sequ\u00eda. El Dr. Diego de Freitas, Director de los Servicios Ganaderos del Ministerio de\u2026","rel":"","context":"En \u00abActualidad\u00bb","block_context":{"text":"Actualidad","link":"https:\/\/lahoradelcampo.com.uy\/site\/category\/actualidad\/"},"img":{"alt_text":"","src":"https:\/\/i0.wp.com\/lahoradelcampo.com.uy\/site\/wp-content\/uploads\/2023\/06\/Diegodefreitas.jpg?fit=880%2C440&ssl=1&resize=350%2C200","width":350,"height":200,"srcset":"https:\/\/i0.wp.com\/lahoradelcampo.com.uy\/site\/wp-content\/uploads\/2023\/06\/Diegodefreitas.jpg?fit=880%2C440&ssl=1&resize=350%2C200 1x, https:\/\/i0.wp.com\/lahoradelcampo.com.uy\/site\/wp-content\/uploads\/2023\/06\/Diegodefreitas.jpg?fit=880%2C440&ssl=1&resize=525%2C300 1.5x, https:\/\/i0.wp.com\/lahoradelcampo.com.uy\/site\/wp-content\/uploads\/2023\/06\/Diegodefreitas.jpg?fit=880%2C440&ssl=1&resize=700%2C400 2x"},"classes":[]},{"id":45259,"url":"https:\/\/lahoradelcampo.com.uy\/site\/comenzo-la-lucha-contra-la-garrapata-temporada-2022-2023\/","url_meta":{"origin":51461,"position":4},"title":"Comenz\u00f3 la lucha contra la garrapata: temporada 2022-2023","author":"La Hora del Campo","date":"5 septiembre, 2022","format":false,"excerpt":"Nos encontramos en un momento del a\u00f1o apropiado para comenzar los primeros tratamientos contra la garrapata com\u00fan del ganado bovino (Rhipicephalus microplus). Es de amplio conocimiento el comportamiento epidemiol\u00f3gico de la garrapata en el Uruguay que se caracteriza por tener tres generaciones que ocurren a lo largo del a\u00f1o. La\u2026","rel":"","context":"En \u00abActualidad\u00bb","block_context":{"text":"Actualidad","link":"https:\/\/lahoradelcampo.com.uy\/site\/category\/actualidad\/"},"img":{"alt_text":"","src":"https:\/\/i0.wp.com\/lahoradelcampo.com.uy\/site\/wp-content\/uploads\/2021\/08\/Garrapata.jpg?fit=880%2C440&ssl=1&resize=350%2C200","width":350,"height":200,"srcset":"https:\/\/i0.wp.com\/lahoradelcampo.com.uy\/site\/wp-content\/uploads\/2021\/08\/Garrapata.jpg?fit=880%2C440&ssl=1&resize=350%2C200 1x, https:\/\/i0.wp.com\/lahoradelcampo.com.uy\/site\/wp-content\/uploads\/2021\/08\/Garrapata.jpg?fit=880%2C440&ssl=1&resize=525%2C300 1.5x, https:\/\/i0.wp.com\/lahoradelcampo.com.uy\/site\/wp-content\/uploads\/2021\/08\/Garrapata.jpg?fit=880%2C440&ssl=1&resize=700%2C400 2x"},"classes":[]},{"id":56210,"url":"https:\/\/lahoradelcampo.com.uy\/site\/la-garrapata-no-es-invencible-hay-que-conocerla-para-ganarle\/","url_meta":{"origin":51461,"position":5},"title":"La garrapata no es invencible: \u00abhay que conocerla para ganarle\u00bb","author":"La Hora del Campo","date":"16 junio, 2025","format":false,"excerpt":"El m\u00e9dico veterinario y caba\u00f1ero, del departamento de Rivera, Dr. Marcelo Mendon\u00e7a advirti\u00f3 que el mayor problema de situaci\u00f3n de la garrapata es mayormente por desconocimiento del ciclo de la garrapata y la utilizaci\u00f3n de los distintos principios activos para su control. \"El 80% de los problemas con la garrapata\u2026","rel":"","context":"En \u00abActualidad\u00bb","block_context":{"text":"Actualidad","link":"https:\/\/lahoradelcampo.com.uy\/site\/category\/actualidad\/"},"img":{"alt_text":"","src":"https:\/\/i0.wp.com\/lahoradelcampo.com.uy\/site\/wp-content\/uploads\/2025\/06\/Doctormarcelomendonza.jpg?fit=880%2C440&ssl=1&resize=350%2C200","width":350,"height":200,"srcset":"https:\/\/i0.wp.com\/lahoradelcampo.com.uy\/site\/wp-content\/uploads\/2025\/06\/Doctormarcelomendonza.jpg?fit=880%2C440&ssl=1&resize=350%2C200 1x, https:\/\/i0.wp.com\/lahoradelcampo.com.uy\/site\/wp-content\/uploads\/2025\/06\/Doctormarcelomendonza.jpg?fit=880%2C440&ssl=1&resize=525%2C300 1.5x, https:\/\/i0.wp.com\/lahoradelcampo.com.uy\/site\/wp-content\/uploads\/2025\/06\/Doctormarcelomendonza.jpg?fit=880%2C440&ssl=1&resize=700%2C400 2x"},"classes":[]}],"jetpack_likes_enabled":true,"_links":{"self":[{"href":"https:\/\/lahoradelcampo.com.uy\/site\/wp-json\/wp\/v2\/posts\/51461","targetHints":{"allow":["GET"]}}],"collection":[{"href":"https:\/\/lahoradelcampo.com.uy\/site\/wp-json\/wp\/v2\/posts"}],"about":[{"href":"https:\/\/lahoradelcampo.com.uy\/site\/wp-json\/wp\/v2\/types\/post"}],"author":[{"embeddable":true,"href":"https:\/\/lahoradelcampo.com.uy\/site\/wp-json\/wp\/v2\/users\/5"}],"replies":[{"embeddable":true,"href":"https:\/\/lahoradelcampo.com.uy\/site\/wp-json\/wp\/v2\/comments?post=51461"}],"version-history":[{"count":1,"href":"https:\/\/lahoradelcampo.com.uy\/site\/wp-json\/wp\/v2\/posts\/51461\/revisions"}],"predecessor-version":[{"id":51465,"href":"https:\/\/lahoradelcampo.com.uy\/site\/wp-json\/wp\/v2\/posts\/51461\/revisions\/51465"}],"wp:featuredmedia":[{"embeddable":true,"href":"https:\/\/lahoradelcampo.com.uy\/site\/wp-json\/wp\/v2\/media\/51463"}],"wp:attachment":[{"href":"https:\/\/lahoradelcampo.com.uy\/site\/wp-json\/wp\/v2\/media?parent=51461"}],"wp:term":[{"taxonomy":"category","embeddable":true,"href":"https:\/\/lahoradelcampo.com.uy\/site\/wp-json\/wp\/v2\/categories?post=51461"},{"taxonomy":"post_tag","embeddable":true,"href":"https:\/\/lahoradelcampo.com.uy\/site\/wp-json\/wp\/v2\/tags?post=51461"}],"curies":[{"name":"wp","href":"https:\/\/api.w.org\/{rel}","templated":true}]}}