{"id":51455,"date":"2023-06-26T06:35:54","date_gmt":"2023-06-26T09:35:54","guid":{"rendered":"http:\/\/lahoradelcampo.com.uy\/site\/?p=51455"},"modified":"2023-06-26T06:36:23","modified_gmt":"2023-06-26T09:36:23","slug":"uruguay-y-corea-se-unen-para-impulsar-la-biotecnologia-agricola","status":"publish","type":"post","link":"https:\/\/lahoradelcampo.com.uy\/site\/uruguay-y-corea-se-unen-para-impulsar-la-biotecnologia-agricola\/","title":{"rendered":"Uruguay y Corea se unen para impulsar la biotecnolog\u00eda agr\u00edcola"},"content":{"rendered":"\n<figure class=\"wp-block-image size-full\"><a href=\"https:\/\/i0.wp.com\/lahoradelcampo.com.uy\/site\/wp-content\/uploads\/2023\/06\/OPP-Corea.jpg\"><img data-recalc-dims=\"1\" loading=\"lazy\" decoding=\"async\" width=\"810\" height=\"405\" data-attachment-id=\"51457\" data-permalink=\"https:\/\/lahoradelcampo.com.uy\/site\/uruguay-y-corea-se-unen-para-impulsar-la-biotecnologia-agricola\/opp-corea\/\" data-orig-file=\"https:\/\/i0.wp.com\/lahoradelcampo.com.uy\/site\/wp-content\/uploads\/2023\/06\/OPP-Corea.jpg?fit=880%2C440&amp;ssl=1\" data-orig-size=\"880,440\" data-comments-opened=\"1\" data-image-meta=\"{&quot;aperture&quot;:&quot;0&quot;,&quot;credit&quot;:&quot;&quot;,&quot;camera&quot;:&quot;&quot;,&quot;caption&quot;:&quot;&quot;,&quot;created_timestamp&quot;:&quot;0&quot;,&quot;copyright&quot;:&quot;&quot;,&quot;focal_length&quot;:&quot;0&quot;,&quot;iso&quot;:&quot;0&quot;,&quot;shutter_speed&quot;:&quot;0&quot;,&quot;title&quot;:&quot;&quot;,&quot;orientation&quot;:&quot;1&quot;}\" data-image-title=\"OPP-Corea\" data-image-description=\"\" data-image-caption=\"\" data-large-file=\"https:\/\/i0.wp.com\/lahoradelcampo.com.uy\/site\/wp-content\/uploads\/2023\/06\/OPP-Corea.jpg?fit=810%2C405&amp;ssl=1\" src=\"https:\/\/i0.wp.com\/lahoradelcampo.com.uy\/site\/wp-content\/uploads\/2023\/06\/OPP-Corea.jpg?resize=810%2C405\" alt=\"\" class=\"wp-image-51457\" srcset=\"https:\/\/i0.wp.com\/lahoradelcampo.com.uy\/site\/wp-content\/uploads\/2023\/06\/OPP-Corea.jpg?w=880&amp;ssl=1 880w, https:\/\/i0.wp.com\/lahoradelcampo.com.uy\/site\/wp-content\/uploads\/2023\/06\/OPP-Corea.jpg?resize=300%2C150&amp;ssl=1 300w, https:\/\/i0.wp.com\/lahoradelcampo.com.uy\/site\/wp-content\/uploads\/2023\/06\/OPP-Corea.jpg?resize=768%2C384&amp;ssl=1 768w, https:\/\/i0.wp.com\/lahoradelcampo.com.uy\/site\/wp-content\/uploads\/2023\/06\/OPP-Corea.jpg?resize=820%2C410&amp;ssl=1 820w\" sizes=\"auto, (max-width: 810px) 100vw, 810px\" \/><\/a><\/figure>\n\n\n\n<p>En un paso significativo hacia el desarrollo tecnol\u00f3gico en el \u00e1mbito agropecuario, Uruguay y la Rep\u00fablica de Corea han firmado un memorando de entendimiento que promueve la cooperaci\u00f3n en biotecnolog\u00eda agr\u00edcola. El acuerdo contempla la implementaci\u00f3n de proyectos conjuntos, as\u00ed como la instalaci\u00f3n de un laboratorio en Uruguay.<\/p>\n\n\n\n<p>El director de la Oficina de Planeamiento y Presupuesto (OPP), Isaac Alfie, destac\u00f3 que este acuerdo representa una transferencia tecnol\u00f3gica y se enfoca en la investigaci\u00f3n aplicada y la innovaci\u00f3n. \u00abGenera valor en los productos en materia biotecnol\u00f3gica, mejorando la calidad de los alimentos y de la producci\u00f3n\u00bb, afirm\u00f3 Alfie.<\/p>\n\n\n\n<p>El ministro de Ganader\u00eda, Agricultura y Pesca (MGAP), Fernando Mattos, explic\u00f3 que esta cooperaci\u00f3n es clave para fomentar la investigaci\u00f3n cient\u00edfica y el desarrollo tecnol\u00f3gico en el sector agropecuario. La biotecnolog\u00eda ofrece oportunidades en la mejora de alimentos, as\u00ed como en la creaci\u00f3n de fertilizantes y productos org\u00e1nicos para combatir plagas de manera m\u00e1s sostenible.<\/p>\n\n\n\n<h2 class=\"wp-block-heading has-text-align-center has-luminous-vivid-orange-color has-text-color has-medium-font-size\"><em>\u00abLa biotecnolog\u00eda ofrece oportunidades en la mejora de alimentos y en la creaci\u00f3n de fertilizantes y productos org\u00e1nicos para combatir plagas de manera m\u00e1s sostenible.\u00bb &#8211; Fernando Mattos, ministro de Ganader\u00eda, Agricultura y Pesca (MGAP).<\/em><\/h2>\n\n\n\n<p>Mattos subray\u00f3 el desaf\u00edo global de alimentar a una poblaci\u00f3n en crecimiento y mencion\u00f3 la importancia de desarrollar biotecnolog\u00eda para lograr una producci\u00f3n agr\u00edcola m\u00e1s eficiente y sostenible. Asimismo, resalt\u00f3 que esta colaboraci\u00f3n con Corea brinda a Uruguay la oportunidad de convertirse en generador y exportador de tecnolog\u00edas en diversas \u00e1reas de la biotecnolog\u00eda.<\/p>\n\n\n\n<p>El ministro valor\u00f3 el acuerdo como una herramienta para enfrentar los desaf\u00edos del cambio clim\u00e1tico, ya que la ciencia y la tecnolog\u00eda aplicadas en el pa\u00eds, en colaboraci\u00f3n con institutos extranjeros, contribuyen a mejorar la productividad y promover la protecci\u00f3n del medio ambiente.<\/p>\n\n\n\n<p>Salto, 26 de junio de 2023<\/p>\n","protected":false},"excerpt":{"rendered":"<p>En un paso significativo hacia el desarrollo tecnol\u00f3gico en el \u00e1mbito agropecuario, Uruguay y la Rep\u00fablica de Corea han firmado un memorando de entendimiento que promueve la cooperaci\u00f3n en biotecnolog\u00eda [&hellip;]<\/p>\n","protected":false},"author":5,"featured_media":51457,"comment_status":"open","ping_status":"open","sticky":false,"template":"","format":"standard","meta":{"_price":"","_stock":"","_tribe_ticket_header":"","_tribe_default_ticket_provider":"","_tribe_ticket_capacity":"0","_ticket_start_date":"","_ticket_end_date":"","_tribe_ticket_show_description":"","_tribe_ticket_show_not_going":false,"_tribe_ticket_use_global_stock":"","_tribe_ticket_global_stock_level":"","_global_stock_mode":"","_global_stock_cap":"","_tribe_rsvp_for_event":"","_tribe_ticket_going_count":"","_tribe_ticket_not_going_count":"","_tribe_tickets_list":"[]","_tribe_ticket_has_attendee_info_fields":false,"h5ap_radio_sources":[],"_jetpack_newsletter_access":"","_jetpack_dont_email_post_to_subs":false,"_jetpack_newsletter_tier_id":0,"_jetpack_memberships_contains_paywalled_content":false,"_jetpack_memberships_contains_paid_content":false,"footnotes":""},"categories":[21,7],"tags":[6693,6691,6685,6695,6697,6689,6687,6699,6683,83],"class_list":["post-51455","post","type-post","status-publish","format-standard","has-post-thumbnail","hentry","category-actualidad","category-agricultura","tag-alimentos-de-calidad","tag-biotecnologia-agricola","tag-corea","tag-desarrollo-tecnologico","tag-fertilizantes-organicos","tag-innovacion","tag-investigacion-aplicada","tag-produccion-agricola-sostenible","tag-transferencia-tecnologica","tag-uruguay"],"jetpack_featured_media_url":"https:\/\/i0.wp.com\/lahoradelcampo.com.uy\/site\/wp-content\/uploads\/2023\/06\/OPP-Corea.jpg?fit=880%2C440&ssl=1","jetpack_sharing_enabled":true,"jetpack_shortlink":"https:\/\/wp.me\/p99IaT-dnV","jetpack-related-posts":[{"id":33383,"url":"https:\/\/lahoradelcampo.com.uy\/site\/primer-encuentro-ciencia-en-el-bar-2021\/","url_meta":{"origin":51455,"position":0},"title":"Primer encuentro \u00abCiencia en el Bar 2021\u00bb","author":"La Hora del Campo","date":"26 agosto, 2021","format":false,"excerpt":"En el marco del Proyecto \"Ciencia en el Bar\" llevado adelante por el CIE BIO, INIA estar\u00e1 participando de la jornada dirigida \"la contribuci\u00f3n de la biotecnolog\u00eda a los futuros sistemas agroalimentarios\". Participar\u00e1 el Coordinador de la Unidad de Biotecnolog\u00eda de INIA, Ing. Agr. Marco Dalla Rizza. La actividad se\u2026","rel":"","context":"En \u00abActualidad\u00bb","block_context":{"text":"Actualidad","link":"https:\/\/lahoradelcampo.com.uy\/site\/category\/actualidad\/"},"img":{"alt_text":"","src":"https:\/\/i0.wp.com\/lahoradelcampo.com.uy\/site\/wp-content\/uploads\/2021\/08\/CIENCIA-INIA.jpg?fit=880%2C440&ssl=1&resize=350%2C200","width":350,"height":200,"srcset":"https:\/\/i0.wp.com\/lahoradelcampo.com.uy\/site\/wp-content\/uploads\/2021\/08\/CIENCIA-INIA.jpg?fit=880%2C440&ssl=1&resize=350%2C200 1x, https:\/\/i0.wp.com\/lahoradelcampo.com.uy\/site\/wp-content\/uploads\/2021\/08\/CIENCIA-INIA.jpg?fit=880%2C440&ssl=1&resize=525%2C300 1.5x, https:\/\/i0.wp.com\/lahoradelcampo.com.uy\/site\/wp-content\/uploads\/2021\/08\/CIENCIA-INIA.jpg?fit=880%2C440&ssl=1&resize=700%2C400 2x"},"classes":[]},{"id":6123,"url":"https:\/\/lahoradelcampo.com.uy\/site\/uruguay-sera-sede-del-iv-international-symposium-on-citrus-biotechnology\/","url_meta":{"origin":51455,"position":1},"title":"Uruguay ser\u00e1 sede del IV International Symposium On Citrus Biotechnology","author":"La Hora del Campo","date":"10 marzo, 2018","format":false,"excerpt":"El IV Simposion Internacional en Biotecnolog\u00eda de C\u00edtricos (ISCB) se desarrollara en Uruguay del 16 al 18 de abril, concret\u00e1ndose adem\u00e1s una gira t\u00e9cnica post-simposio que visitar\u00e1 el departamento de Salto. Este Simposio es organizado por la Sociedad Internacional de Ciencias de la Horticultura (ISHS), la Sociedad Internacional de Citricultura\u2026","rel":"","context":"En \u00abActualidad\u00bb","block_context":{"text":"Actualidad","link":"https:\/\/lahoradelcampo.com.uy\/site\/category\/actualidad\/"},"img":{"alt_text":"","src":"https:\/\/i0.wp.com\/lahoradelcampo.com.uy\/site\/wp-content\/uploads\/2018\/03\/citricos.jpg?fit=880%2C440&ssl=1&resize=350%2C200","width":350,"height":200,"srcset":"https:\/\/i0.wp.com\/lahoradelcampo.com.uy\/site\/wp-content\/uploads\/2018\/03\/citricos.jpg?fit=880%2C440&ssl=1&resize=350%2C200 1x, https:\/\/i0.wp.com\/lahoradelcampo.com.uy\/site\/wp-content\/uploads\/2018\/03\/citricos.jpg?fit=880%2C440&ssl=1&resize=525%2C300 1.5x, https:\/\/i0.wp.com\/lahoradelcampo.com.uy\/site\/wp-content\/uploads\/2018\/03\/citricos.jpg?fit=880%2C440&ssl=1&resize=700%2C400 2x"},"classes":[]},{"id":56715,"url":"https:\/\/lahoradelcampo.com.uy\/site\/compromiso-y-cercania-biogenesis-bago-celebra-mas-de-35-anos-en-uruguay\/","url_meta":{"origin":51455,"position":2},"title":"Compromiso y cercan\u00eda: Biog\u00e9nesis Bag\u00f3 celebra m\u00e1s de 35 a\u00f1os en Uruguay","author":"La Hora del Campo","date":"4 septiembre, 2025","format":false,"excerpt":"Biog\u00e9nesis Bag\u00f3, compa\u00f1\u00eda global de biotecnolog\u00eda aplicada a la sanidad animal, destaca su participaci\u00f3n en la Expo Prado 2025 en el marco de la celebraci\u00f3n de los m\u00e1s de 35 a\u00f1os de presencia en Uruguay, reafirmando su compromiso y cercan\u00eda con los productores del pa\u00eds. Desde su llegada, la empresa\u2026","rel":"","context":"En \u00abActualidad\u00bb","block_context":{"text":"Actualidad","link":"https:\/\/lahoradelcampo.com.uy\/site\/category\/actualidad\/"},"img":{"alt_text":"","src":"https:\/\/i0.wp.com\/lahoradelcampo.com.uy\/site\/wp-content\/uploads\/2025\/09\/Ignacioarrospide-1.jpg?fit=880%2C440&ssl=1&resize=350%2C200","width":350,"height":200,"srcset":"https:\/\/i0.wp.com\/lahoradelcampo.com.uy\/site\/wp-content\/uploads\/2025\/09\/Ignacioarrospide-1.jpg?fit=880%2C440&ssl=1&resize=350%2C200 1x, https:\/\/i0.wp.com\/lahoradelcampo.com.uy\/site\/wp-content\/uploads\/2025\/09\/Ignacioarrospide-1.jpg?fit=880%2C440&ssl=1&resize=525%2C300 1.5x, https:\/\/i0.wp.com\/lahoradelcampo.com.uy\/site\/wp-content\/uploads\/2025\/09\/Ignacioarrospide-1.jpg?fit=880%2C440&ssl=1&resize=700%2C400 2x"},"classes":[]},{"id":57207,"url":"https:\/\/lahoradelcampo.com.uy\/site\/biogenesis-bago-uruguay-reafirma-su-compromiso-con-la-eficiencia-y-sostenibilidad-del-sistema-ganadero-nacional\/","url_meta":{"origin":51455,"position":3},"title":"Biog\u00e9nesis Bag\u00f3 Uruguay reafirma su compromiso con la eficiencia y sostenibilidad del sistema ganadero nacional","author":"La Hora del Campo","date":"25 febrero, 2026","format":false,"excerpt":"Durazno, febrero de 2026 \u2014 Biog\u00e9nesis Bag\u00f3 Uruguay participar\u00e1 en la 112\u00aa edici\u00f3n de Expo Durazno, que se desarrollar\u00e1 del 26 de febrero al 1.\u00ba de marzo en el predio de la Sociedad Rural de Durazno, consolidando su presencia en uno de los principales encuentros del calendario agropecuario nacional. La\u2026","rel":"","context":"En \u00abActualidad\u00bb","block_context":{"text":"Actualidad","link":"https:\/\/lahoradelcampo.com.uy\/site\/category\/actualidad\/"},"img":{"alt_text":"","src":"https:\/\/i0.wp.com\/lahoradelcampo.com.uy\/site\/wp-content\/uploads\/2026\/02\/nacho-durazno.png?fit=1022%2C709&ssl=1&resize=350%2C200","width":350,"height":200,"srcset":"https:\/\/i0.wp.com\/lahoradelcampo.com.uy\/site\/wp-content\/uploads\/2026\/02\/nacho-durazno.png?fit=1022%2C709&ssl=1&resize=350%2C200 1x, https:\/\/i0.wp.com\/lahoradelcampo.com.uy\/site\/wp-content\/uploads\/2026\/02\/nacho-durazno.png?fit=1022%2C709&ssl=1&resize=525%2C300 1.5x, https:\/\/i0.wp.com\/lahoradelcampo.com.uy\/site\/wp-content\/uploads\/2026\/02\/nacho-durazno.png?fit=1022%2C709&ssl=1&resize=700%2C400 2x"},"classes":[]},{"id":31166,"url":"https:\/\/lahoradelcampo.com.uy\/site\/uruguay-accede-a-corea-del-sur-pero-paga-40-de-aranceles\/","url_meta":{"origin":51455,"position":4},"title":"Uruguay accede a Corea del Sur pero paga 40% de aranceles","author":"La Hora del Campo","date":"10 junio, 2021","format":false,"excerpt":"Uruguay accede al mercado c\u00e1rnico de Corea del Sur desde el a\u00f1o 2013 y a\u00fan no ha logrado despegar en sus ventas a este destino, debido a que los aranceles que debe pagar son del 40%, lo que hace pr\u00e1cticamente inviable competir con otros abastecedores. El Instituto Nacional de Carnes\u2026","rel":"","context":"En \u00abActualidad\u00bb","block_context":{"text":"Actualidad","link":"https:\/\/lahoradelcampo.com.uy\/site\/category\/actualidad\/"},"img":{"alt_text":"","src":"https:\/\/i0.wp.com\/lahoradelcampo.com.uy\/site\/wp-content\/uploads\/2019\/04\/Carne-vacuna.jpg?fit=880%2C440&ssl=1&resize=350%2C200","width":350,"height":200,"srcset":"https:\/\/i0.wp.com\/lahoradelcampo.com.uy\/site\/wp-content\/uploads\/2019\/04\/Carne-vacuna.jpg?fit=880%2C440&ssl=1&resize=350%2C200 1x, https:\/\/i0.wp.com\/lahoradelcampo.com.uy\/site\/wp-content\/uploads\/2019\/04\/Carne-vacuna.jpg?fit=880%2C440&ssl=1&resize=525%2C300 1.5x, https:\/\/i0.wp.com\/lahoradelcampo.com.uy\/site\/wp-content\/uploads\/2019\/04\/Carne-vacuna.jpg?fit=880%2C440&ssl=1&resize=700%2C400 2x"},"classes":[]},{"id":45489,"url":"https:\/\/lahoradelcampo.com.uy\/site\/alimentos-seguros-y-una-sola-salud\/","url_meta":{"origin":51455,"position":5},"title":"Alimentos seguros y una sola salud","author":"La Hora del Campo","date":"14 septiembre, 2022","format":false,"excerpt":"\u201cEn esta Expo Prado nos sentimos con la obligaci\u00f3n, que a su vez es una alegr\u00eda, de seguir acompa\u00f1ando a la Asociaci\u00f3n Rural del Uruguay (ARU), ya que lo hacemos desde hace 30 a\u00f1os\u201d, coment\u00f3 el Dr. Guillermo Elordi, gerente general de Biog\u00e9nesis Bag\u00f3. A\u00f1adi\u00f3 que la Exposici\u00f3n Internacional de\u2026","rel":"","context":"En \u00abActualidad\u00bb","block_context":{"text":"Actualidad","link":"https:\/\/lahoradelcampo.com.uy\/site\/category\/actualidad\/"},"img":{"alt_text":"","src":"https:\/\/i0.wp.com\/lahoradelcampo.com.uy\/site\/wp-content\/uploads\/2022\/09\/Biogenesis-bago-gerente.jpg?fit=880%2C440&ssl=1&resize=350%2C200","width":350,"height":200,"srcset":"https:\/\/i0.wp.com\/lahoradelcampo.com.uy\/site\/wp-content\/uploads\/2022\/09\/Biogenesis-bago-gerente.jpg?fit=880%2C440&ssl=1&resize=350%2C200 1x, https:\/\/i0.wp.com\/lahoradelcampo.com.uy\/site\/wp-content\/uploads\/2022\/09\/Biogenesis-bago-gerente.jpg?fit=880%2C440&ssl=1&resize=525%2C300 1.5x, https:\/\/i0.wp.com\/lahoradelcampo.com.uy\/site\/wp-content\/uploads\/2022\/09\/Biogenesis-bago-gerente.jpg?fit=880%2C440&ssl=1&resize=700%2C400 2x"},"classes":[]}],"jetpack_likes_enabled":true,"_links":{"self":[{"href":"https:\/\/lahoradelcampo.com.uy\/site\/wp-json\/wp\/v2\/posts\/51455","targetHints":{"allow":["GET"]}}],"collection":[{"href":"https:\/\/lahoradelcampo.com.uy\/site\/wp-json\/wp\/v2\/posts"}],"about":[{"href":"https:\/\/lahoradelcampo.com.uy\/site\/wp-json\/wp\/v2\/types\/post"}],"author":[{"embeddable":true,"href":"https:\/\/lahoradelcampo.com.uy\/site\/wp-json\/wp\/v2\/users\/5"}],"replies":[{"embeddable":true,"href":"https:\/\/lahoradelcampo.com.uy\/site\/wp-json\/wp\/v2\/comments?post=51455"}],"version-history":[{"count":1,"href":"https:\/\/lahoradelcampo.com.uy\/site\/wp-json\/wp\/v2\/posts\/51455\/revisions"}],"predecessor-version":[{"id":51459,"href":"https:\/\/lahoradelcampo.com.uy\/site\/wp-json\/wp\/v2\/posts\/51455\/revisions\/51459"}],"wp:featuredmedia":[{"embeddable":true,"href":"https:\/\/lahoradelcampo.com.uy\/site\/wp-json\/wp\/v2\/media\/51457"}],"wp:attachment":[{"href":"https:\/\/lahoradelcampo.com.uy\/site\/wp-json\/wp\/v2\/media?parent=51455"}],"wp:term":[{"taxonomy":"category","embeddable":true,"href":"https:\/\/lahoradelcampo.com.uy\/site\/wp-json\/wp\/v2\/categories?post=51455"},{"taxonomy":"post_tag","embeddable":true,"href":"https:\/\/lahoradelcampo.com.uy\/site\/wp-json\/wp\/v2\/tags?post=51455"}],"curies":[{"name":"wp","href":"https:\/\/api.w.org\/{rel}","templated":true}]}}