{"id":51449,"date":"2023-06-25T11:39:46","date_gmt":"2023-06-25T14:39:46","guid":{"rendered":"http:\/\/lahoradelcampo.com.uy\/site\/?p=51449"},"modified":"2023-06-25T11:43:13","modified_gmt":"2023-06-25T14:43:13","slug":"41-del-rodeo-de-cria-presenta-mas-del-80-de-prenez-en-la-encuesta-ring","status":"publish","type":"post","link":"https:\/\/lahoradelcampo.com.uy\/site\/41-del-rodeo-de-cria-presenta-mas-del-80-de-prenez-en-la-encuesta-ring\/","title":{"rendered":"41% del rodeo de cr\u00eda presenta m\u00e1s del 80% de pre\u00f1ez en la encuesta RING"},"content":{"rendered":"\n<figure class=\"wp-block-image size-full\"><a href=\"https:\/\/i0.wp.com\/lahoradelcampo.com.uy\/site\/wp-content\/uploads\/2023\/06\/IPA-Prenez.jpg\"><img data-recalc-dims=\"1\" loading=\"lazy\" decoding=\"async\" width=\"810\" height=\"405\" data-attachment-id=\"51451\" data-permalink=\"https:\/\/lahoradelcampo.com.uy\/site\/41-del-rodeo-de-cria-presenta-mas-del-80-de-prenez-en-la-encuesta-ring\/ipa-prenez\/\" data-orig-file=\"https:\/\/i0.wp.com\/lahoradelcampo.com.uy\/site\/wp-content\/uploads\/2023\/06\/IPA-Prenez.jpg?fit=880%2C440&amp;ssl=1\" data-orig-size=\"880,440\" data-comments-opened=\"1\" data-image-meta=\"{&quot;aperture&quot;:&quot;0&quot;,&quot;credit&quot;:&quot;&quot;,&quot;camera&quot;:&quot;&quot;,&quot;caption&quot;:&quot;&quot;,&quot;created_timestamp&quot;:&quot;0&quot;,&quot;copyright&quot;:&quot;&quot;,&quot;focal_length&quot;:&quot;0&quot;,&quot;iso&quot;:&quot;0&quot;,&quot;shutter_speed&quot;:&quot;0&quot;,&quot;title&quot;:&quot;&quot;,&quot;orientation&quot;:&quot;1&quot;}\" data-image-title=\"IPA-Prenez\" data-image-description=\"\" data-image-caption=\"\" data-large-file=\"https:\/\/i0.wp.com\/lahoradelcampo.com.uy\/site\/wp-content\/uploads\/2023\/06\/IPA-Prenez.jpg?fit=810%2C405&amp;ssl=1\" src=\"https:\/\/i0.wp.com\/lahoradelcampo.com.uy\/site\/wp-content\/uploads\/2023\/06\/IPA-Prenez.jpg?resize=810%2C405\" alt=\"\" class=\"wp-image-51451\" srcset=\"https:\/\/i0.wp.com\/lahoradelcampo.com.uy\/site\/wp-content\/uploads\/2023\/06\/IPA-Prenez.jpg?w=880&amp;ssl=1 880w, https:\/\/i0.wp.com\/lahoradelcampo.com.uy\/site\/wp-content\/uploads\/2023\/06\/IPA-Prenez.jpg?resize=300%2C150&amp;ssl=1 300w, https:\/\/i0.wp.com\/lahoradelcampo.com.uy\/site\/wp-content\/uploads\/2023\/06\/IPA-Prenez.jpg?resize=768%2C384&amp;ssl=1 768w, https:\/\/i0.wp.com\/lahoradelcampo.com.uy\/site\/wp-content\/uploads\/2023\/06\/IPA-Prenez.jpg?resize=820%2C410&amp;ssl=1 820w\" sizes=\"auto, (max-width: 810px) 100vw, 810px\" \/><\/a><\/figure>\n\n\n\n<p>En los resultados de la encuesta RING (Red de Informaci\u00f3n Nacional Ganadera) correspondiente a mayo y junio, se han revelado datos preocupantes sobre el desempe\u00f1o de las empresas ganaderas en Uruguay. La encuesta, respondida por 411 productores asociados al Plan Agropecuario, muestra diferentes variables que reflejan los desaf\u00edos que enfrenta el sector. <\/p>\n\n\n\n<p>El oto\u00f1o ha sido benevolente en cuanto a las temperaturas, pero se destaca la escasez generalizada de precipitaciones, lo que ha generado problemas de disponibilidad de agua en los potreros en una \u00e9poca del a\u00f1o en la que esto no es habitual. <\/p>\n\n\n\n<p>En relaci\u00f3n al Campo Natural, el 77% de los productores reporta menos de 5 cm de pasto, y un 23% tiene menos de 3 cm, lo que representa una situaci\u00f3n l\u00edmite para enfrentar el invierno. En cuanto a los verdeos, el 51% de los productores cuenta con ellos y, de estos, el 66% se encuentra en buen estado. Sin embargo, se observa una gran \u00e1rea perdida y solo se aprecian signos de recuperaci\u00f3n en algunas praderas.<\/p>\n\n\n\n<h2 class=\"wp-block-heading has-text-align-center has-luminous-vivid-orange-color has-text-color has-medium-font-size\"><em>Un dato alarmante es que el 60% de los productores tiene problemas de garrapatas en su ganado, y se observa una falta de control adecuad<\/em>o<em>.<\/em><\/h2>\n\n\n\n<p>Un dato alarmante es que el 60% de los productores tiene problemas de garrapatas en su ganado, y de estos, el 20% no realiza ning\u00fan tipo de control. Adem\u00e1s, el 75% de los productores desconoce la eficacia de los productos que utiliza, ya que no ha realizado pruebas de resistencia. Estos resultados muestran la necesidad de adoptar medidas para enfrentar los desaf\u00edos clim\u00e1ticos y sanitarios que afectan al sector ganadero en Uruguay. <\/p>\n\n\n\n<h2 class=\"wp-block-heading\">Rodeo de cr\u00eda<\/h2>\n\n\n\n<p>En relaci\u00f3n al rodeo de cr\u00eda, se observa una mejora en la condici\u00f3n corporal del ganado despu\u00e9s de experimentar un deterioro continuo desde la primavera. A partir de marzo, se detuvo la tendencia negativa y en abril se inici\u00f3 una leve recuperaci\u00f3n, la cual se mantuvo en mayo. El porcentaje de productores con rodeo de cr\u00eda en una condici\u00f3n corporal por debajo de 3,5 descendi\u00f3 del 14% al 11%.<\/p>\n\n\n\n<p>Esta mejor\u00eda se atribuye a una mayor disponibilidad de pasto y a las decisiones tomadas por los productores, como destetes y ventas tempranas. Sin embargo, es importante destacar que esta recuperaci\u00f3n es limitada y menor a la esperada en un a\u00f1o normal, adem\u00e1s de haberse producido de forma algo tard\u00eda. En comparaci\u00f3n con mayo de 2021 y 2022, el n\u00famero de productores con condici\u00f3n corporal inferior a 3,5 casi se triplic\u00f3 en 2023, alcanzando el 11%.<\/p>\n\n\n\n<h2 class=\"wp-block-heading has-text-align-center has-luminous-vivid-orange-color has-text-color has-medium-font-size\"><em>Se destaca que el 41% de los productores maneja una carga superior a 0,80 Unidades Ganaderas por hect\u00e1rea y el 41% de los rodeos presenta m\u00e1s del 80% de pre\u00f1ez seg\u00fan los diagn\u00f3sticos de gestaci\u00f3n<\/em><\/h2>\n\n\n\n<p>En cuanto a la dotaci\u00f3n de ganado en los establecimientos, el 41% de los productores maneja una carga superior a 0,80 Unidades Ganaderas por hect\u00e1rea (UG\/ha), mientras que el 23% tiene una dotaci\u00f3n inferior a 0,6 UG\/ha.<\/p>\n\n\n\n<p>En relaci\u00f3n a los diagn\u00f3sticos de gestaci\u00f3n, los resultados obtenidos en mayo muestran un buen desempe\u00f1o en general, con un 41% de los rodeos con m\u00e1s del 80% de pre\u00f1ez. Sin embargo, estos resultados son inferiores a los obtenidos en el a\u00f1o 2022, donde se alcanz\u00f3 el 46% de pre\u00f1ez. A medida que avanz\u00f3 el per\u00edodo de entore, los \u00edndices de pre\u00f1ez fueron menores.<\/p>\n\n\n\n<p>En el caso de las vacas de primera cr\u00eda (2do entore), tambi\u00e9n se observa un descenso en comparaci\u00f3n con el a\u00f1o anterior. Mientras que en mayo de 2022 el 39% de los productores reportaban resultados superiores al 80% de pre\u00f1ez, en mayo de 2023 ese porcentaje se redujo al 33%. El avance del per\u00edodo de entore tambi\u00e9n influy\u00f3 en una disminuci\u00f3n de los resultados.<\/p>\n\n\n\n<h2 class=\"wp-block-heading has-text-align-center has-luminous-vivid-orange-color has-text-color has-medium-font-size\"><em>En relaci\u00f3n al uso de suplementaci\u00f3n, se registra un aumento en el n\u00famero de productores que la realizan, especialmente en la categor\u00eda de terneros y terneras<\/em><\/h2>\n\n\n\n<p>En relaci\u00f3n al uso de suplementaci\u00f3n, se registra un aumento en el n\u00famero de productores que informan estar realizando este proceso, pasando del 45% al 53%. La categor\u00eda preferida para la suplementaci\u00f3n sigue siendo la de terneros y terneras, con un 52% de los productores que la utiliza. Adem\u00e1s, el 9% de los productores menciona que est\u00e1n suplementando a todo el rodeo. La raci\u00f3n es el tipo de suplemento m\u00e1s utilizado, con un 44% de preferencia, seguido por los fardos con un 10%.<\/p>\n\n\n\n<p>Salto, 25 de junio de 2023<\/p>\n","protected":false},"excerpt":{"rendered":"<p>En los resultados de la encuesta RING (Red de Informaci\u00f3n Nacional Ganadera) correspondiente a mayo y junio, se han revelado datos preocupantes sobre el desempe\u00f1o de las empresas ganaderas en [&hellip;]<\/p>\n","protected":false},"author":5,"featured_media":51451,"comment_status":"open","ping_status":"open","sticky":false,"template":"","format":"standard","meta":{"_price":"","_stock":"","_tribe_ticket_header":"","_tribe_default_ticket_provider":"","_tribe_ticket_capacity":"0","_ticket_start_date":"","_ticket_end_date":"","_tribe_ticket_show_description":"","_tribe_ticket_show_not_going":false,"_tribe_ticket_use_global_stock":"","_tribe_ticket_global_stock_level":"","_global_stock_mode":"","_global_stock_cap":"","_tribe_rsvp_for_event":"","_tribe_ticket_going_count":"","_tribe_ticket_not_going_count":"","_tribe_tickets_list":"[]","_tribe_ticket_has_attendee_info_fields":false,"h5ap_radio_sources":[],"_jetpack_newsletter_access":"","_jetpack_dont_email_post_to_subs":false,"_jetpack_newsletter_tier_id":0,"_jetpack_memberships_contains_paywalled_content":false,"_jetpack_memberships_contains_paid_content":false,"footnotes":""},"categories":[21,5],"tags":[1415,4904,6679,6677,6681,4908,907,1589,1471,4840,4546,4792],"class_list":["post-51449","post","type-post","status-publish","format-standard","has-post-thumbnail","hentry","category-actualidad","category-ganaderia","tag-campo-natural","tag-condicion-corporal","tag-desafios-ganaderos","tag-disponibilidad-de-agua","tag-dotacion-de-ganado","tag-encuesta-ring","tag-garrapatas","tag-precipitaciones","tag-prenez","tag-rodeo-de-cria","tag-suplementacion-2","tag-verdeos"],"jetpack_featured_media_url":"https:\/\/i0.wp.com\/lahoradelcampo.com.uy\/site\/wp-content\/uploads\/2023\/06\/IPA-Prenez.jpg?fit=880%2C440&ssl=1","jetpack_sharing_enabled":true,"jetpack_shortlink":"https:\/\/wp.me\/p99IaT-dnP","jetpack-related-posts":[{"id":50134,"url":"https:\/\/lahoradelcampo.com.uy\/site\/47-de-la-encuesta-ring-alcanzo-el-80-de-prenez\/","url_meta":{"origin":51449,"position":0},"title":"47% de la encuesta RING alcanz\u00f3 el 80% de pre\u00f1ez","author":"La Hora del Campo","date":"21 abril, 2023","format":false,"excerpt":"La sequ\u00eda que afect\u00f3 a todo el pa\u00eds durante los \u00faltimos meses ha sido la preocupaci\u00f3n central de los productores ganaderos. En este contexto, el Instituto Plan Agropecuario llev\u00f3 a cabo la encuesta RING, en la que participaron 377 productores asociados, para conocer las variables referidas a los procesos y\u2026","rel":"","context":"En \u00abActualidad\u00bb","block_context":{"text":"Actualidad","link":"https:\/\/lahoradelcampo.com.uy\/site\/category\/actualidad\/"},"img":{"alt_text":"","src":"https:\/\/i0.wp.com\/lahoradelcampo.com.uy\/site\/wp-content\/uploads\/2019\/06\/cria.jpg?fit=880%2C440&ssl=1&resize=350%2C200","width":350,"height":200,"srcset":"https:\/\/i0.wp.com\/lahoradelcampo.com.uy\/site\/wp-content\/uploads\/2019\/06\/cria.jpg?fit=880%2C440&ssl=1&resize=350%2C200 1x, https:\/\/i0.wp.com\/lahoradelcampo.com.uy\/site\/wp-content\/uploads\/2019\/06\/cria.jpg?fit=880%2C440&ssl=1&resize=525%2C300 1.5x, https:\/\/i0.wp.com\/lahoradelcampo.com.uy\/site\/wp-content\/uploads\/2019\/06\/cria.jpg?fit=880%2C440&ssl=1&resize=700%2C400 2x"},"classes":[]},{"id":53206,"url":"https:\/\/lahoradelcampo.com.uy\/site\/encuesta-ring-de-noviembre-muestra-una-importante-mejora-en-la-cc-de-la-cria\/","url_meta":{"origin":51449,"position":1},"title":"Encuesta RING de noviembre muestra una importante mejora en la CC de la cr\u00eda","author":"La Hora del Campo","date":"24 noviembre, 2023","format":false,"excerpt":"En un contexto marcado por la consolidaci\u00f3n de una primavera lluviosa y condiciones clim\u00e1ticas favorables, la Red de Informaci\u00f3n Nacional Ganadera (RING) revela mes a mes datos sobre el desempe\u00f1o de las empresas ganaderas en Uruguay. La encuesta de octubre\/noviembre, respondida por 423 productores asociados al Plan Agropecuario, destaca avances\u2026","rel":"","context":"En \u00abActualidad\u00bb","block_context":{"text":"Actualidad","link":"https:\/\/lahoradelcampo.com.uy\/site\/category\/actualidad\/"},"img":{"alt_text":"","src":"https:\/\/i0.wp.com\/lahoradelcampo.com.uy\/site\/wp-content\/uploads\/2023\/11\/Piezasdecria.jpg?fit=880%2C440&ssl=1&resize=350%2C200","width":350,"height":200,"srcset":"https:\/\/i0.wp.com\/lahoradelcampo.com.uy\/site\/wp-content\/uploads\/2023\/11\/Piezasdecria.jpg?fit=880%2C440&ssl=1&resize=350%2C200 1x, https:\/\/i0.wp.com\/lahoradelcampo.com.uy\/site\/wp-content\/uploads\/2023\/11\/Piezasdecria.jpg?fit=880%2C440&ssl=1&resize=525%2C300 1.5x, https:\/\/i0.wp.com\/lahoradelcampo.com.uy\/site\/wp-content\/uploads\/2023\/11\/Piezasdecria.jpg?fit=880%2C440&ssl=1&resize=700%2C400 2x"},"classes":[]},{"id":53800,"url":"https:\/\/lahoradelcampo.com.uy\/site\/porcentajes-de-prenez-superan-el-80-segun-la-encuesta-ring\/","url_meta":{"origin":51449,"position":2},"title":"Porcentajes de pre\u00f1ez superan el 80% seg\u00fan la encuesta RING","author":"La Hora del Campo","date":"18 abril, 2024","format":false,"excerpt":"El Instituto Plan Agropecuario (IPA) ha revelado los resultados de su encuesta mensual RING (Red de Informaci\u00f3n Nacional Ganadera) correspondiente al per\u00edodo de febrero\/marzo de este a\u00f1o. Con la participaci\u00f3n de 550 productores, la 38va. edici\u00f3n de esta encuesta, llevada a cabo en los primeros diez d\u00edas de abril de\u2026","rel":"","context":"En \u00abActualidad\u00bb","block_context":{"text":"Actualidad","link":"https:\/\/lahoradelcampo.com.uy\/site\/category\/actualidad\/"},"img":{"alt_text":"","src":"https:\/\/i0.wp.com\/lahoradelcampo.com.uy\/site\/wp-content\/uploads\/2024\/04\/RING-DatosPrenez.jpg?fit=880%2C440&ssl=1&resize=350%2C200","width":350,"height":200,"srcset":"https:\/\/i0.wp.com\/lahoradelcampo.com.uy\/site\/wp-content\/uploads\/2024\/04\/RING-DatosPrenez.jpg?fit=880%2C440&ssl=1&resize=350%2C200 1x, https:\/\/i0.wp.com\/lahoradelcampo.com.uy\/site\/wp-content\/uploads\/2024\/04\/RING-DatosPrenez.jpg?fit=880%2C440&ssl=1&resize=525%2C300 1.5x, https:\/\/i0.wp.com\/lahoradelcampo.com.uy\/site\/wp-content\/uploads\/2024\/04\/RING-DatosPrenez.jpg?fit=880%2C440&ssl=1&resize=700%2C400 2x"},"classes":[]},{"id":30834,"url":"https:\/\/lahoradelcampo.com.uy\/site\/mas-del-77-de-los-productores-asociados-al-ipa-tuvo-mas-de-70-de-prenez\/","url_meta":{"origin":51449,"position":3},"title":"M\u00e1s del 77% de los productores tuvo m\u00e1s de 70% de pre\u00f1ez","author":"La Hora del Campo","date":"2 junio, 2021","format":false,"excerpt":"Resultados de la encuesta realizada a 390 Productores que integran la Red de Informaci\u00f3n Nacional Ganadera (RING), quienes fueron consultados sobre las variables m\u00e1s importantes de los sistemas productivos ganaderos. La encuesta re\u00fane datos hasta el 15 de mayo. Tambi\u00e9n compartimos informaci\u00f3n graficada en los mapas de anomal\u00edas de crecimiento\u2026","rel":"","context":"En \u00abActualidad\u00bb","block_context":{"text":"Actualidad","link":"https:\/\/lahoradelcampo.com.uy\/site\/category\/actualidad\/"},"img":{"alt_text":"","src":"https:\/\/i0.wp.com\/lahoradelcampo.com.uy\/site\/wp-content\/uploads\/2020\/04\/vacaternero.jpg?fit=880%2C440&ssl=1&resize=350%2C200","width":350,"height":200,"srcset":"https:\/\/i0.wp.com\/lahoradelcampo.com.uy\/site\/wp-content\/uploads\/2020\/04\/vacaternero.jpg?fit=880%2C440&ssl=1&resize=350%2C200 1x, https:\/\/i0.wp.com\/lahoradelcampo.com.uy\/site\/wp-content\/uploads\/2020\/04\/vacaternero.jpg?fit=880%2C440&ssl=1&resize=525%2C300 1.5x, https:\/\/i0.wp.com\/lahoradelcampo.com.uy\/site\/wp-content\/uploads\/2020\/04\/vacaternero.jpg?fit=880%2C440&ssl=1&resize=700%2C400 2x"},"classes":[]},{"id":36851,"url":"https:\/\/lahoradelcampo.com.uy\/site\/altura-de-pasturas-sobre-los-5-cm-paso-del-83-al-54-en-noviembre\/","url_meta":{"origin":51449,"position":4},"title":"Altura de pasturas sobre los 5 cm pas\u00f3 del 83% al 54% en noviembre","author":"La Hora del Campo","date":"23 noviembre, 2021","format":false,"excerpt":"El Instituto Plan Agropecuario (IPA) present\u00f3 los resultados de la encuesta realizada a 397 productores que integran la Red de Informaci\u00f3n Nacional Ganadera (RING), con informaci\u00f3n analizada hasta el 15 de noviembre. En dicho trabajo se consulto, como se realiza mensualmente, sobre las variables m\u00e1s importantes de los sistemas productivos\u2026","rel":"","context":"En \u00abActualidad\u00bb","block_context":{"text":"Actualidad","link":"https:\/\/lahoradelcampo.com.uy\/site\/category\/actualidad\/"},"img":{"alt_text":"","src":"https:\/\/i0.wp.com\/lahoradelcampo.com.uy\/site\/wp-content\/uploads\/2019\/05\/ganado.jpg?fit=880%2C440&ssl=1&resize=350%2C200","width":350,"height":200,"srcset":"https:\/\/i0.wp.com\/lahoradelcampo.com.uy\/site\/wp-content\/uploads\/2019\/05\/ganado.jpg?fit=880%2C440&ssl=1&resize=350%2C200 1x, https:\/\/i0.wp.com\/lahoradelcampo.com.uy\/site\/wp-content\/uploads\/2019\/05\/ganado.jpg?fit=880%2C440&ssl=1&resize=525%2C300 1.5x, https:\/\/i0.wp.com\/lahoradelcampo.com.uy\/site\/wp-content\/uploads\/2019\/05\/ganado.jpg?fit=880%2C440&ssl=1&resize=700%2C400 2x"},"classes":[]},{"id":52869,"url":"https:\/\/lahoradelcampo.com.uy\/site\/59-de-los-productores-compran-toros-en-base-a-los-datos-de-epd\/","url_meta":{"origin":51449,"position":5},"title":"59% de los productores compran toros en base a los datos de EPD","author":"La Hora del Campo","date":"24 octubre, 2023","format":false,"excerpt":"El Instituto Plan Agropecuario ha llevado a cabo la encuesta mensual RING (Red de Informaci\u00f3n Nacional Ganadera) correspondiente al per\u00edodo de setiembre y octubre de 2023, la cual est\u00e1 a cargo de los ingenieros agr\u00f3nomos Marcelo Ghelfi, Carlos Molina, y Esteban Carriquiry, junto con la t\u00e9cnica Manuela de Torres. Dentro\u2026","rel":"","context":"En \u00abActualidad\u00bb","block_context":{"text":"Actualidad","link":"https:\/\/lahoradelcampo.com.uy\/site\/category\/actualidad\/"},"img":{"alt_text":"","src":"https:\/\/i0.wp.com\/lahoradelcampo.com.uy\/site\/wp-content\/uploads\/2017\/11\/toros.jpg?fit=880%2C440&ssl=1&resize=350%2C200","width":350,"height":200,"srcset":"https:\/\/i0.wp.com\/lahoradelcampo.com.uy\/site\/wp-content\/uploads\/2017\/11\/toros.jpg?fit=880%2C440&ssl=1&resize=350%2C200 1x, https:\/\/i0.wp.com\/lahoradelcampo.com.uy\/site\/wp-content\/uploads\/2017\/11\/toros.jpg?fit=880%2C440&ssl=1&resize=525%2C300 1.5x, https:\/\/i0.wp.com\/lahoradelcampo.com.uy\/site\/wp-content\/uploads\/2017\/11\/toros.jpg?fit=880%2C440&ssl=1&resize=700%2C400 2x"},"classes":[]}],"jetpack_likes_enabled":true,"_links":{"self":[{"href":"https:\/\/lahoradelcampo.com.uy\/site\/wp-json\/wp\/v2\/posts\/51449","targetHints":{"allow":["GET"]}}],"collection":[{"href":"https:\/\/lahoradelcampo.com.uy\/site\/wp-json\/wp\/v2\/posts"}],"about":[{"href":"https:\/\/lahoradelcampo.com.uy\/site\/wp-json\/wp\/v2\/types\/post"}],"author":[{"embeddable":true,"href":"https:\/\/lahoradelcampo.com.uy\/site\/wp-json\/wp\/v2\/users\/5"}],"replies":[{"embeddable":true,"href":"https:\/\/lahoradelcampo.com.uy\/site\/wp-json\/wp\/v2\/comments?post=51449"}],"version-history":[{"count":1,"href":"https:\/\/lahoradelcampo.com.uy\/site\/wp-json\/wp\/v2\/posts\/51449\/revisions"}],"predecessor-version":[{"id":51453,"href":"https:\/\/lahoradelcampo.com.uy\/site\/wp-json\/wp\/v2\/posts\/51449\/revisions\/51453"}],"wp:featuredmedia":[{"embeddable":true,"href":"https:\/\/lahoradelcampo.com.uy\/site\/wp-json\/wp\/v2\/media\/51451"}],"wp:attachment":[{"href":"https:\/\/lahoradelcampo.com.uy\/site\/wp-json\/wp\/v2\/media?parent=51449"}],"wp:term":[{"taxonomy":"category","embeddable":true,"href":"https:\/\/lahoradelcampo.com.uy\/site\/wp-json\/wp\/v2\/categories?post=51449"},{"taxonomy":"post_tag","embeddable":true,"href":"https:\/\/lahoradelcampo.com.uy\/site\/wp-json\/wp\/v2\/tags?post=51449"}],"curies":[{"name":"wp","href":"https:\/\/api.w.org\/{rel}","templated":true}]}}