{"id":51443,"date":"2023-06-25T11:17:31","date_gmt":"2023-06-25T14:17:31","guid":{"rendered":"http:\/\/lahoradelcampo.com.uy\/site\/?p=51443"},"modified":"2023-06-25T11:20:13","modified_gmt":"2023-06-25T14:20:13","slug":"en-salto-se-realiza-la-2da-fecha-del-campeonato-nacional-de-enduro","status":"publish","type":"post","link":"https:\/\/lahoradelcampo.com.uy\/site\/en-salto-se-realiza-la-2da-fecha-del-campeonato-nacional-de-enduro\/","title":{"rendered":"En Salto se realiza la 2da fecha del Campeonato nacional de enduro"},"content":{"rendered":"\n<figure class=\"wp-block-image size-full\"><a href=\"https:\/\/i0.wp.com\/lahoradelcampo.com.uy\/site\/wp-content\/uploads\/2023\/06\/Criollos-enduro1.jpg\"><img data-recalc-dims=\"1\" loading=\"lazy\" decoding=\"async\" width=\"810\" height=\"405\" data-attachment-id=\"51445\" data-permalink=\"https:\/\/lahoradelcampo.com.uy\/site\/en-salto-se-realiza-la-2da-fecha-del-campeonato-nacional-de-enduro\/criollos-enduro1\/\" data-orig-file=\"https:\/\/i0.wp.com\/lahoradelcampo.com.uy\/site\/wp-content\/uploads\/2023\/06\/Criollos-enduro1.jpg?fit=880%2C440&amp;ssl=1\" data-orig-size=\"880,440\" data-comments-opened=\"1\" data-image-meta=\"{&quot;aperture&quot;:&quot;0&quot;,&quot;credit&quot;:&quot;&quot;,&quot;camera&quot;:&quot;&quot;,&quot;caption&quot;:&quot;&quot;,&quot;created_timestamp&quot;:&quot;0&quot;,&quot;copyright&quot;:&quot;&quot;,&quot;focal_length&quot;:&quot;0&quot;,&quot;iso&quot;:&quot;0&quot;,&quot;shutter_speed&quot;:&quot;0&quot;,&quot;title&quot;:&quot;&quot;,&quot;orientation&quot;:&quot;1&quot;}\" data-image-title=\"Criollos-enduro1\" data-image-description=\"\" data-image-caption=\"\" data-large-file=\"https:\/\/i0.wp.com\/lahoradelcampo.com.uy\/site\/wp-content\/uploads\/2023\/06\/Criollos-enduro1.jpg?fit=810%2C405&amp;ssl=1\" src=\"https:\/\/i0.wp.com\/lahoradelcampo.com.uy\/site\/wp-content\/uploads\/2023\/06\/Criollos-enduro1.jpg?resize=810%2C405\" alt=\"\" class=\"wp-image-51445\" srcset=\"https:\/\/i0.wp.com\/lahoradelcampo.com.uy\/site\/wp-content\/uploads\/2023\/06\/Criollos-enduro1.jpg?w=880&amp;ssl=1 880w, https:\/\/i0.wp.com\/lahoradelcampo.com.uy\/site\/wp-content\/uploads\/2023\/06\/Criollos-enduro1.jpg?resize=300%2C150&amp;ssl=1 300w, https:\/\/i0.wp.com\/lahoradelcampo.com.uy\/site\/wp-content\/uploads\/2023\/06\/Criollos-enduro1.jpg?resize=768%2C384&amp;ssl=1 768w, https:\/\/i0.wp.com\/lahoradelcampo.com.uy\/site\/wp-content\/uploads\/2023\/06\/Criollos-enduro1.jpg?resize=820%2C410&amp;ssl=1 820w\" sizes=\"auto, (max-width: 810px) 100vw, 810px\" \/><\/a><\/figure>\n\n\n\n<p>La Sociedad de Criadores de Caballos Criollos del Uruguay ha anunciado la convocatoria para la segunda fecha del Campeonato Nacional de Enduro 2023, una competencia que promete grandes dosis de emoci\u00f3n. El evento se llevar\u00e1 a cabo el pr\u00f3ximo 1 de julio en el predio de la Asociaci\u00f3n Agropecuaria de Salto.<\/p>\n\n\n\n<p>Los amantes de esta apasionante disciplina ecuestre podr\u00e1n participar en el campeonato inscribi\u00e9ndose hasta el mi\u00e9rcoles 28 de junio. Para realizar las inscripciones, se deber\u00e1 contactar a trav\u00e9s de los n\u00fameros de celular 099 411 776 o 098 687 363.<\/p>\n\n\n\n<p>El programa del evento incluye diferentes etapas que pondr\u00e1n a prueba la destreza y resistencia de los jinetes y sus caballos. El viernes 30 de junio, en un horario comprendido entre las 15:00 y las 16:00 horas, se llevar\u00e1 a cabo la marcaci\u00f3n.<\/p>\n\n\n\n<p>El s\u00e1bado 1 de julio ser\u00e1 el d\u00eda central de la competencia, con la largada a las 6:30 de la ma\u00f1ana para la etapa de 80 kil\u00f3metros. Posteriormente, a las 14:00 horas, se llevar\u00e1 a cabo la emocionante etapa de 50 kil\u00f3metros, donde los participantes demostrar\u00e1n su habilidad y valent\u00eda en cada paso.<\/p>\n\n\n\n<p>Salto, 25 de junio de 2023<\/p>\n","protected":false},"excerpt":{"rendered":"<p>La Sociedad de Criadores de Caballos Criollos del Uruguay ha anunciado la convocatoria para la segunda fecha del Campeonato Nacional de Enduro 2023, una competencia que promete grandes dosis de [&hellip;]<\/p>\n","protected":false},"author":5,"featured_media":51445,"comment_status":"open","ping_status":"open","sticky":false,"template":"","format":"standard","meta":{"_price":"","_stock":"","_tribe_ticket_header":"","_tribe_default_ticket_provider":"","_tribe_ticket_capacity":"0","_ticket_start_date":"","_ticket_end_date":"","_tribe_ticket_show_description":"","_tribe_ticket_show_not_going":false,"_tribe_ticket_use_global_stock":"","_tribe_ticket_global_stock_level":"","_global_stock_mode":"","_global_stock_cap":"","_tribe_rsvp_for_event":"","_tribe_ticket_going_count":"","_tribe_ticket_not_going_count":"","_tribe_tickets_list":"[]","_tribe_ticket_has_attendee_info_fields":false,"h5ap_radio_sources":[],"_jetpack_newsletter_access":"","_jetpack_dont_email_post_to_subs":false,"_jetpack_newsletter_tier_id":0,"_jetpack_memberships_contains_paywalled_content":false,"_jetpack_memberships_contains_paid_content":false,"footnotes":""},"categories":[21,23],"tags":[277,79,6669,6673,6675,6665,279,6671,6667,4096,6299,597,247,1131],"class_list":["post-51443","post","type-post","status-publish","format-standard","has-post-thumbnail","hentry","category-actualidad","category-equinos","tag-caballos","tag-caballos-criollos","tag-campeonato-nacional-de-enduro","tag-cavalo","tag-cavalo-crioulo","tag-competencia-ecuestre","tag-criollos","tag-destreza","tag-etapas","tag-inscripciones","tag-jinetes","tag-resistencia","tag-salto","tag-sociedad-de-criadores-de-caballos-criollos"],"jetpack_featured_media_url":"https:\/\/i0.wp.com\/lahoradelcampo.com.uy\/site\/wp-content\/uploads\/2023\/06\/Criollos-enduro1.jpg?fit=880%2C440&ssl=1","jetpack_sharing_enabled":true,"jetpack_shortlink":"https:\/\/wp.me\/p99IaT-dnJ","jetpack-related-posts":[{"id":53678,"url":"https:\/\/lahoradelcampo.com.uy\/site\/primera-fecha-del-campeonato-nacional-de-enduro-de-criollos-se-corre-en-salto\/","url_meta":{"origin":51443,"position":0},"title":"Primera fecha del Campeonato Nacional de Enduro de Criollos se corre en Salto","author":"La Hora del Campo","date":"3 abril, 2024","format":false,"excerpt":"La Sociedad de Criadores de Caballos Criollos del Uruguay (SCCCU) inform\u00f3 que el s\u00e1bado 13 de abril se correr\u00e1 la primera fecha del Campeonato Nacional de Enduro 2024, en el departamento de Salto. Las inscripciones para participar estar\u00e1n abiertas hasta el pr\u00f3ximo lunes 8 de abril, con la Agremiaci\u00f3n de\u2026","rel":"","context":"En \u00abActualidad\u00bb","block_context":{"text":"Actualidad","link":"https:\/\/lahoradelcampo.com.uy\/site\/category\/actualidad\/"},"img":{"alt_text":"","src":"https:\/\/i0.wp.com\/lahoradelcampo.com.uy\/site\/wp-content\/uploads\/2024\/04\/criollos-endurito.jpg?fit=880%2C440&ssl=1&resize=350%2C200","width":350,"height":200,"srcset":"https:\/\/i0.wp.com\/lahoradelcampo.com.uy\/site\/wp-content\/uploads\/2024\/04\/criollos-endurito.jpg?fit=880%2C440&ssl=1&resize=350%2C200 1x, https:\/\/i0.wp.com\/lahoradelcampo.com.uy\/site\/wp-content\/uploads\/2024\/04\/criollos-endurito.jpg?fit=880%2C440&ssl=1&resize=525%2C300 1.5x, https:\/\/i0.wp.com\/lahoradelcampo.com.uy\/site\/wp-content\/uploads\/2024\/04\/criollos-endurito.jpg?fit=880%2C440&ssl=1&resize=700%2C400 2x"},"classes":[]},{"id":55910,"url":"https:\/\/lahoradelcampo.com.uy\/site\/criollistas-cierran-el-mes-con-varias-actividades-en-salto\/","url_meta":{"origin":51443,"position":1},"title":"Criollistas cierran el mes con varias actividades en Salto","author":"La Hora del Campo","date":"18 abril, 2025","format":false,"excerpt":"La Sociedad de criadores de caballos Criollos del Uruguay y la Agremiaci\u00f3n de criadores de caballos Criollos de Salto, tienen previstas varias actividades para el cierre del mes de abril en Salto. Adem\u00e1s de las inspecciones que ya iniciaron la pasada semana, se realizar\u00e1 en el departamento la segunda fecha\u2026","rel":"","context":"En \u00abActualidad\u00bb","block_context":{"text":"Actualidad","link":"https:\/\/lahoradelcampo.com.uy\/site\/category\/actualidad\/"},"img":{"alt_text":"","src":"https:\/\/i0.wp.com\/lahoradelcampo.com.uy\/site\/wp-content\/uploads\/2025\/04\/criollos-marchas.jpg?fit=880%2C440&ssl=1&resize=350%2C200","width":350,"height":200,"srcset":"https:\/\/i0.wp.com\/lahoradelcampo.com.uy\/site\/wp-content\/uploads\/2025\/04\/criollos-marchas.jpg?fit=880%2C440&ssl=1&resize=350%2C200 1x, https:\/\/i0.wp.com\/lahoradelcampo.com.uy\/site\/wp-content\/uploads\/2025\/04\/criollos-marchas.jpg?fit=880%2C440&ssl=1&resize=525%2C300 1.5x, https:\/\/i0.wp.com\/lahoradelcampo.com.uy\/site\/wp-content\/uploads\/2025\/04\/criollos-marchas.jpg?fit=880%2C440&ssl=1&resize=700%2C400 2x"},"classes":[]},{"id":49930,"url":"https:\/\/lahoradelcampo.com.uy\/site\/arranca-el-campeonato-nacional-de-enduro-2023\/","url_meta":{"origin":51443,"position":2},"title":"Arranca el Campeonato Nacional de Enduro 2023","author":"La Hora del Campo","date":"12 abril, 2023","format":false,"excerpt":"El s\u00e1bado 15 de abril inicia el Campeonato Nacional de Enduro 2023 en Uruguay, organizado por la Sociedad de Criadores de Caballos Criollos. Este evento cuenta con cuatro fechas confirmadas para este a\u00f1o y promete ser emocionante. Marcaci\u00f3n, entrega de chalecos y campeonato de truco en Artigas La primera fecha\u2026","rel":"","context":"En \u00abActualidad\u00bb","block_context":{"text":"Actualidad","link":"https:\/\/lahoradelcampo.com.uy\/site\/category\/actualidad\/"},"img":{"alt_text":"","src":"https:\/\/i0.wp.com\/lahoradelcampo.com.uy\/site\/wp-content\/uploads\/2020\/01\/Enduro.jpg?fit=880%2C440&ssl=1&resize=350%2C200","width":350,"height":200,"srcset":"https:\/\/i0.wp.com\/lahoradelcampo.com.uy\/site\/wp-content\/uploads\/2020\/01\/Enduro.jpg?fit=880%2C440&ssl=1&resize=350%2C200 1x, https:\/\/i0.wp.com\/lahoradelcampo.com.uy\/site\/wp-content\/uploads\/2020\/01\/Enduro.jpg?fit=880%2C440&ssl=1&resize=525%2C300 1.5x, https:\/\/i0.wp.com\/lahoradelcampo.com.uy\/site\/wp-content\/uploads\/2020\/01\/Enduro.jpg?fit=880%2C440&ssl=1&resize=700%2C400 2x"},"classes":[]},{"id":43885,"url":"https:\/\/lahoradelcampo.com.uy\/site\/2da-fecha-del-campeonato-nacional-de-enduro-se-corre-en-salto\/","url_meta":{"origin":51443,"position":3},"title":"2da Fecha del Campeonato Nacional de Enduro se corre en Salto","author":"La Hora del Campo","date":"16 julio, 2022","format":false,"excerpt":"El viernes 12 y s\u00e1bado 13 de agosto se correr\u00e1 en Salto, la segunda fecha del Campeonato Nacional de Enduro organizado por la Sociedad de Criadores de Caballos Criollos del Uruguay (SCCCU). Seg\u00fan informa la gremial, se abrieron las pre-inscripciones con descuento para los participantes hasta el 8 de agosto.\u2026","rel":"","context":"En \u00abActualidad\u00bb","block_context":{"text":"Actualidad","link":"https:\/\/lahoradelcampo.com.uy\/site\/category\/actualidad\/"},"img":{"alt_text":"","src":"https:\/\/i0.wp.com\/lahoradelcampo.com.uy\/site\/wp-content\/uploads\/2022\/07\/Criollos-Enduro.jpg?fit=880%2C440&ssl=1&resize=350%2C200","width":350,"height":200,"srcset":"https:\/\/i0.wp.com\/lahoradelcampo.com.uy\/site\/wp-content\/uploads\/2022\/07\/Criollos-Enduro.jpg?fit=880%2C440&ssl=1&resize=350%2C200 1x, https:\/\/i0.wp.com\/lahoradelcampo.com.uy\/site\/wp-content\/uploads\/2022\/07\/Criollos-Enduro.jpg?fit=880%2C440&ssl=1&resize=525%2C300 1.5x, https:\/\/i0.wp.com\/lahoradelcampo.com.uy\/site\/wp-content\/uploads\/2022\/07\/Criollos-Enduro.jpg?fit=880%2C440&ssl=1&resize=700%2C400 2x"},"classes":[]},{"id":39615,"url":"https:\/\/lahoradelcampo.com.uy\/site\/cierran-las-pre-inscripciones-para-la-macha-funcional-de-criollos\/","url_meta":{"origin":51443,"position":4},"title":"Cierran las pre-inscripciones para la macha funcional  de criollos","author":"La Hora del Campo","date":"8 marzo, 2022","format":false,"excerpt":"La Sociedad de Criadores de Caballos Criollos del Uruguay informa que entre el 22 de mayo y el 5 de junio, se realizar\u00e1 la 51a Edici\u00f3n de la Marcha Funcional de la SCCCU, que este a\u00f1o se realizar\u00e1 en Florida y llevar\u00e1 el nombre de \"Matilde Gallinal\". Las pre-inscripciones ya\u2026","rel":"","context":"En \u00abActualidad\u00bb","block_context":{"text":"Actualidad","link":"https:\/\/lahoradelcampo.com.uy\/site\/category\/actualidad\/"},"img":{"alt_text":"","src":"https:\/\/i0.wp.com\/lahoradelcampo.com.uy\/site\/wp-content\/uploads\/2021\/08\/Marchacriollos.jpg?fit=880%2C440&ssl=1&resize=350%2C200","width":350,"height":200,"srcset":"https:\/\/i0.wp.com\/lahoradelcampo.com.uy\/site\/wp-content\/uploads\/2021\/08\/Marchacriollos.jpg?fit=880%2C440&ssl=1&resize=350%2C200 1x, https:\/\/i0.wp.com\/lahoradelcampo.com.uy\/site\/wp-content\/uploads\/2021\/08\/Marchacriollos.jpg?fit=880%2C440&ssl=1&resize=525%2C300 1.5x, https:\/\/i0.wp.com\/lahoradelcampo.com.uy\/site\/wp-content\/uploads\/2021\/08\/Marchacriollos.jpg?fit=880%2C440&ssl=1&resize=700%2C400 2x"},"classes":[]},{"id":56014,"url":"https:\/\/lahoradelcampo.com.uy\/site\/las-cabanas-saltenas-siguen-marcando-el-ritmo-del-campeonato-de-marchitas\/","url_meta":{"origin":51443,"position":5},"title":"Las caba\u00f1as salte\u00f1as siguen marcando el ritmo del campeonato de marchitas","author":"La Hora del Campo","date":"28 abril, 2025","format":false,"excerpt":"La Sociedad de Criadores de Caballos Criollos del Uruguay y la Agremiaci\u00f3n de Criadores de Caballos Criollos de Salto concluyeron este fin de semana una intensa jornada de tres d\u00edas de actividad con la culminaci\u00f3n de la segunda etapa del Campeonato nacional de Marchitas y el desarrollo de la primera\u2026","rel":"","context":"En \u00abActualidad\u00bb","block_context":{"text":"Actualidad","link":"https:\/\/lahoradelcampo.com.uy\/site\/category\/actualidad\/"},"img":{"alt_text":"","src":"https:\/\/i0.wp.com\/lahoradelcampo.com.uy\/site\/wp-content\/uploads\/2025\/04\/caballlos-criollos.jpg?fit=880%2C440&ssl=1&resize=350%2C200","width":350,"height":200,"srcset":"https:\/\/i0.wp.com\/lahoradelcampo.com.uy\/site\/wp-content\/uploads\/2025\/04\/caballlos-criollos.jpg?fit=880%2C440&ssl=1&resize=350%2C200 1x, https:\/\/i0.wp.com\/lahoradelcampo.com.uy\/site\/wp-content\/uploads\/2025\/04\/caballlos-criollos.jpg?fit=880%2C440&ssl=1&resize=525%2C300 1.5x, https:\/\/i0.wp.com\/lahoradelcampo.com.uy\/site\/wp-content\/uploads\/2025\/04\/caballlos-criollos.jpg?fit=880%2C440&ssl=1&resize=700%2C400 2x"},"classes":[]}],"jetpack_likes_enabled":true,"_links":{"self":[{"href":"https:\/\/lahoradelcampo.com.uy\/site\/wp-json\/wp\/v2\/posts\/51443","targetHints":{"allow":["GET"]}}],"collection":[{"href":"https:\/\/lahoradelcampo.com.uy\/site\/wp-json\/wp\/v2\/posts"}],"about":[{"href":"https:\/\/lahoradelcampo.com.uy\/site\/wp-json\/wp\/v2\/types\/post"}],"author":[{"embeddable":true,"href":"https:\/\/lahoradelcampo.com.uy\/site\/wp-json\/wp\/v2\/users\/5"}],"replies":[{"embeddable":true,"href":"https:\/\/lahoradelcampo.com.uy\/site\/wp-json\/wp\/v2\/comments?post=51443"}],"version-history":[{"count":1,"href":"https:\/\/lahoradelcampo.com.uy\/site\/wp-json\/wp\/v2\/posts\/51443\/revisions"}],"predecessor-version":[{"id":51447,"href":"https:\/\/lahoradelcampo.com.uy\/site\/wp-json\/wp\/v2\/posts\/51443\/revisions\/51447"}],"wp:featuredmedia":[{"embeddable":true,"href":"https:\/\/lahoradelcampo.com.uy\/site\/wp-json\/wp\/v2\/media\/51445"}],"wp:attachment":[{"href":"https:\/\/lahoradelcampo.com.uy\/site\/wp-json\/wp\/v2\/media?parent=51443"}],"wp:term":[{"taxonomy":"category","embeddable":true,"href":"https:\/\/lahoradelcampo.com.uy\/site\/wp-json\/wp\/v2\/categories?post=51443"},{"taxonomy":"post_tag","embeddable":true,"href":"https:\/\/lahoradelcampo.com.uy\/site\/wp-json\/wp\/v2\/tags?post=51443"}],"curies":[{"name":"wp","href":"https:\/\/api.w.org\/{rel}","templated":true}]}}