{"id":51435,"date":"2023-06-25T11:07:03","date_gmt":"2023-06-25T14:07:03","guid":{"rendered":"http:\/\/lahoradelcampo.com.uy\/site\/?p=51435"},"modified":"2023-06-25T11:08:25","modified_gmt":"2023-06-25T14:08:25","slug":"se-realizara-el-flores-el-primer-congreso-nacional-de-la-granja","status":"publish","type":"post","link":"https:\/\/lahoradelcampo.com.uy\/site\/se-realizara-el-flores-el-primer-congreso-nacional-de-la-granja\/","title":{"rendered":"Se realizar\u00e1 el Flores el \u00abPrimer Congreso Nacional de la Granja\u00bb"},"content":{"rendered":"\n<figure class=\"wp-block-image size-full\"><a href=\"https:\/\/i0.wp.com\/lahoradelcampo.com.uy\/site\/wp-content\/uploads\/2023\/06\/Granja-siembra.jpg\"><img data-recalc-dims=\"1\" loading=\"lazy\" decoding=\"async\" width=\"810\" height=\"405\" data-attachment-id=\"51437\" data-permalink=\"https:\/\/lahoradelcampo.com.uy\/site\/se-realizara-el-flores-el-primer-congreso-nacional-de-la-granja\/granja-siembra\/\" data-orig-file=\"https:\/\/i0.wp.com\/lahoradelcampo.com.uy\/site\/wp-content\/uploads\/2023\/06\/Granja-siembra.jpg?fit=880%2C440&amp;ssl=1\" data-orig-size=\"880,440\" data-comments-opened=\"1\" data-image-meta=\"{&quot;aperture&quot;:&quot;0&quot;,&quot;credit&quot;:&quot;&quot;,&quot;camera&quot;:&quot;&quot;,&quot;caption&quot;:&quot;&quot;,&quot;created_timestamp&quot;:&quot;0&quot;,&quot;copyright&quot;:&quot;&quot;,&quot;focal_length&quot;:&quot;0&quot;,&quot;iso&quot;:&quot;0&quot;,&quot;shutter_speed&quot;:&quot;0&quot;,&quot;title&quot;:&quot;&quot;,&quot;orientation&quot;:&quot;1&quot;}\" data-image-title=\"Granja-siembra\" data-image-description=\"\" data-image-caption=\"\" data-large-file=\"https:\/\/i0.wp.com\/lahoradelcampo.com.uy\/site\/wp-content\/uploads\/2023\/06\/Granja-siembra.jpg?fit=810%2C405&amp;ssl=1\" src=\"https:\/\/i0.wp.com\/lahoradelcampo.com.uy\/site\/wp-content\/uploads\/2023\/06\/Granja-siembra.jpg?resize=810%2C405\" alt=\"\" class=\"wp-image-51437\" srcset=\"https:\/\/i0.wp.com\/lahoradelcampo.com.uy\/site\/wp-content\/uploads\/2023\/06\/Granja-siembra.jpg?w=880&amp;ssl=1 880w, https:\/\/i0.wp.com\/lahoradelcampo.com.uy\/site\/wp-content\/uploads\/2023\/06\/Granja-siembra.jpg?resize=300%2C150&amp;ssl=1 300w, https:\/\/i0.wp.com\/lahoradelcampo.com.uy\/site\/wp-content\/uploads\/2023\/06\/Granja-siembra.jpg?resize=768%2C384&amp;ssl=1 768w, https:\/\/i0.wp.com\/lahoradelcampo.com.uy\/site\/wp-content\/uploads\/2023\/06\/Granja-siembra.jpg?resize=820%2C410&amp;ssl=1 820w\" sizes=\"auto, (max-width: 810px) 100vw, 810px\" \/><\/a><\/figure>\n\n\n\n<p>El Ministerio de Ganader\u00eda, Agricultura y Pesca anunci\u00f3 la realizaci\u00f3n del Primer Congreso Nacional de la Granja, un evento que busca analizar y discutir los desaf\u00edos y oportunidades del sector granjero en Uruguay. El congreso se llevar\u00e1 a cabo el mi\u00e9rcoles 5 de julio de 2023 en el Teatro Artigas en Trinidad, Flores.<\/p>\n\n\n\n<p>El programa del congreso incluye una serie de actividades con el objetivo de promover el intercambio de ideas y la definici\u00f3n de l\u00edneas estrat\u00e9gicas de acci\u00f3n para el futuro de la granja en el pa\u00eds. La jornada comenzar\u00e1 con palabras de bienvenida de las autoridades nacionales y departamentales, seguidas de la presentaci\u00f3n de los objetivos del congreso y un balance y evaluaci\u00f3n de medio t\u00e9rmino de la Direcci\u00f3n General de la Granja del Ministerio.<\/p>\n\n\n\n<h2 class=\"wp-block-heading has-text-align-center has-luminous-vivid-orange-color has-text-color has-medium-font-size\"><em>\u00abUno de los puntos destacados del congreso ser\u00e1 el an\u00e1lisis y la discusi\u00f3n sobre el Instituto Nacional de la Granja (INAGRA), abordando las ventajas y desventajas de su creaci\u00f3n y su relevancia para el desarrollo futuro del sector.\u00bb<\/em><\/h2>\n\n\n\n<p>Uno de los puntos destacados del congreso ser\u00e1 el an\u00e1lisis y la discusi\u00f3n sobre el Instituto Nacional de la Granja (INAGRA). Se abordar\u00e1n las ventajas y desventajas de la creaci\u00f3n de este instituto, as\u00ed como la financiaci\u00f3n y los aportes necesarios por parte del sector granjero. Se debatir\u00e1 la oportunidad de establecer INAGRA en este momento y su relevancia para el desarrollo futuro del sector.<\/p>\n\n\n\n<p>Adem\u00e1s, se llevar\u00e1 a cabo un taller de discusi\u00f3n con el objetivo de definir las l\u00edneas estrat\u00e9gicas de acci\u00f3n para los pr\u00f3ximos dos a\u00f1os, priorizando las metas a corto plazo. Tambi\u00e9n se establecer\u00e1n los lineamientos a largo plazo con el fin de sentar las bases de la granja del futuro en Uruguay.<\/p>\n\n\n\n<h2 class=\"wp-block-heading has-text-align-center has-luminous-vivid-orange-color has-text-color has-medium-font-size\"><em>Se establecer\u00e1n los lineamientos a largo plazo con el fin de sentar las bases de la granja del futuro en Uruguay<\/em><\/h2>\n\n\n\n<p>El congreso culminar\u00e1 con la presentaci\u00f3n de las conclusiones obtenidas durante el encuentro. Ser\u00e1 un espacio propicio para la reflexi\u00f3n, el intercambio de ideas y la construcci\u00f3n colectiva de propuestas que impulsen el desarrollo y la sustentabilidad del sector granjero en el pa\u00eds.<\/p>\n\n\n\n<p>Salto, 25 de junio de 2023<\/p>\n","protected":false},"excerpt":{"rendered":"<p>El Ministerio de Ganader\u00eda, Agricultura y Pesca anunci\u00f3 la realizaci\u00f3n del Primer Congreso Nacional de la Granja, un evento que busca analizar y discutir los desaf\u00edos y oportunidades del sector [&hellip;]<\/p>\n","protected":false},"author":5,"featured_media":51437,"comment_status":"open","ping_status":"open","sticky":false,"template":"","format":"standard","meta":{"_price":"","_stock":"","_tribe_ticket_header":"","_tribe_default_ticket_provider":"","_tribe_ticket_capacity":"0","_ticket_start_date":"","_ticket_end_date":"","_tribe_ticket_show_description":"","_tribe_ticket_show_not_going":false,"_tribe_ticket_use_global_stock":"","_tribe_ticket_global_stock_level":"","_global_stock_mode":"","_global_stock_cap":"","_tribe_rsvp_for_event":"","_tribe_ticket_going_count":"","_tribe_ticket_not_going_count":"","_tribe_tickets_list":"[]","_tribe_ticket_has_attendee_info_fields":false,"h5ap_radio_sources":[],"_jetpack_newsletter_access":"","_jetpack_dont_email_post_to_subs":false,"_jetpack_newsletter_tier_id":0,"_jetpack_memberships_contains_paywalled_content":false,"_jetpack_memberships_contains_paid_content":false,"footnotes":""},"categories":[21,9],"tags":[6655,6653,6659,6663,2902,6651,6661,6657,991,5515],"class_list":["post-51435","post","type-post","status-publish","format-standard","has-post-thumbnail","hentry","category-actualidad","category-granja","tag-congreso-nacional-de-la-granja","tag-desafios","tag-desarrollo-del-sector","tag-granja-del-futuro","tag-instituto-nacional-de-la-granja","tag-lineas-estrategicas","tag-metas-a-corto-plazo","tag-oportunidades","tag-sector-granjero","tag-sustentabilidad"],"jetpack_featured_media_url":"https:\/\/i0.wp.com\/lahoradelcampo.com.uy\/site\/wp-content\/uploads\/2023\/06\/Granja-siembra.jpg?fit=880%2C440&ssl=1","jetpack_sharing_enabled":true,"jetpack_shortlink":"https:\/\/wp.me\/p99IaT-dnB","jetpack-related-posts":[{"id":51748,"url":"https:\/\/lahoradelcampo.com.uy\/site\/emergencia-agropecuaria-posterga-la-creacion-del-instituto-nacional-de-la-granja\/","url_meta":{"origin":51435,"position":0},"title":"Emergencia agropecuaria posterga la creaci\u00f3n del Instituto Nacional de la Granja","author":"La Hora del Campo","date":"7 julio, 2023","format":false,"excerpt":"El pasado 5 de julio se llev\u00f3 a cabo en la ciudad de Trinidad, en Flores, el \"Primer Congreso Nacional de la Granja\", con la participaci\u00f3n de referentes de los diferentes rubros y zonas del pa\u00eds. Al finalizar el evento, se emiti\u00f3 una declaraci\u00f3n final que aborda la situaci\u00f3n actual\u2026","rel":"","context":"En \u00abActualidad\u00bb","block_context":{"text":"Actualidad","link":"https:\/\/lahoradelcampo.com.uy\/site\/category\/actualidad\/"},"img":{"alt_text":"","src":"https:\/\/i0.wp.com\/lahoradelcampo.com.uy\/site\/wp-content\/uploads\/2023\/07\/granja-inagra.jpg?fit=880%2C440&ssl=1&resize=350%2C200","width":350,"height":200,"srcset":"https:\/\/i0.wp.com\/lahoradelcampo.com.uy\/site\/wp-content\/uploads\/2023\/07\/granja-inagra.jpg?fit=880%2C440&ssl=1&resize=350%2C200 1x, https:\/\/i0.wp.com\/lahoradelcampo.com.uy\/site\/wp-content\/uploads\/2023\/07\/granja-inagra.jpg?fit=880%2C440&ssl=1&resize=525%2C300 1.5x, https:\/\/i0.wp.com\/lahoradelcampo.com.uy\/site\/wp-content\/uploads\/2023\/07\/granja-inagra.jpg?fit=880%2C440&ssl=1&resize=700%2C400 2x"},"classes":[]},{"id":54164,"url":"https:\/\/lahoradelcampo.com.uy\/site\/chn-tenemos-que-inaugurarla-la-tenemos-que-abrir-dijo-lacalle\/","url_meta":{"origin":51435,"position":1},"title":"CHN: \u00abTenemos que inaugurarla, la tenemos que abrir\u00bb dijo Lacalle","author":"La Hora del Campo","date":"8 agosto, 2024","format":false,"excerpt":"El Presidente de la Rep\u00fablica, Dr. Luis Lacalle Pou, particip\u00f3 del 2do Congreso Nacional de la Granja, en la Quinta de Arteaga, en Canelones. Durante su presentaci\u00f3n, resalto los resultados de la rendici\u00f3n de cuentas realizada por la Direcci\u00f3n General de la Granja (DIGEGRA) y que se alcanzar\u00e1 un r\u00e9cord\u2026","rel":"","context":"En \u00abActualidad\u00bb","block_context":{"text":"Actualidad","link":"https:\/\/lahoradelcampo.com.uy\/site\/category\/actualidad\/"},"img":{"alt_text":"","src":"https:\/\/i0.wp.com\/lahoradelcampo.com.uy\/site\/wp-content\/uploads\/2024\/08\/MGAP-congresogranja.jpg?fit=880%2C440&ssl=1&resize=350%2C200","width":350,"height":200,"srcset":"https:\/\/i0.wp.com\/lahoradelcampo.com.uy\/site\/wp-content\/uploads\/2024\/08\/MGAP-congresogranja.jpg?fit=880%2C440&ssl=1&resize=350%2C200 1x, https:\/\/i0.wp.com\/lahoradelcampo.com.uy\/site\/wp-content\/uploads\/2024\/08\/MGAP-congresogranja.jpg?fit=880%2C440&ssl=1&resize=525%2C300 1.5x, https:\/\/i0.wp.com\/lahoradelcampo.com.uy\/site\/wp-content\/uploads\/2024\/08\/MGAP-congresogranja.jpg?fit=880%2C440&ssl=1&resize=700%2C400 2x"},"classes":[]},{"id":30594,"url":"https:\/\/lahoradelcampo.com.uy\/site\/el-mgap-convoca-a-presentar-comentarios-sobre-el-instituto-nacional-de-la-granja\/","url_meta":{"origin":51435,"position":2},"title":"El MGAP convoca a presentar comentarios sobre el Instituto Nacional de la Granja","author":"La Hora del Campo","date":"28 mayo, 2021","format":false,"excerpt":"El Ministerio de Ganader\u00eda Agricultura y Pesca, convoca a las gremiales del sector granjero a presentar sus comentarios respecto al proyecto de ley de creaci\u00f3n del Instituto Nacional de la Granja. Las mismas podr\u00e1n presentar sus opiniones y sugerencias antes del 13 de junio de 2021. Comunicado Oficial El Ministerio\u2026","rel":"","context":"En \u00abActualidad\u00bb","block_context":{"text":"Actualidad","link":"https:\/\/lahoradelcampo.com.uy\/site\/category\/actualidad\/"},"img":{"alt_text":"","src":"https:\/\/i0.wp.com\/lahoradelcampo.com.uy\/site\/wp-content\/uploads\/2021\/05\/productorfamiliar-1.jpg?fit=880%2C440&ssl=1&resize=350%2C200","width":350,"height":200,"srcset":"https:\/\/i0.wp.com\/lahoradelcampo.com.uy\/site\/wp-content\/uploads\/2021\/05\/productorfamiliar-1.jpg?fit=880%2C440&ssl=1&resize=350%2C200 1x, https:\/\/i0.wp.com\/lahoradelcampo.com.uy\/site\/wp-content\/uploads\/2021\/05\/productorfamiliar-1.jpg?fit=880%2C440&ssl=1&resize=525%2C300 1.5x, https:\/\/i0.wp.com\/lahoradelcampo.com.uy\/site\/wp-content\/uploads\/2021\/05\/productorfamiliar-1.jpg?fit=880%2C440&ssl=1&resize=700%2C400 2x"},"classes":[]},{"id":17136,"url":"https:\/\/lahoradelcampo.com.uy\/site\/borrador-de-ley-de-urgente-consideracion-preocupa-al-granjero-salteno\/","url_meta":{"origin":51435,"position":3},"title":"Borrador de Ley  de Urgente Consideraci\u00f3n preocupa al granjero salte\u00f1o","author":"La Hora del Campo","date":"29 enero, 2020","format":false,"excerpt":"El anteproyecto de la Ley de Urgente Consideraci\u00f3n trae consigo un capitulo que se denomina \"Sector Agropecuario\", pero que adem\u00e1s contiene en otros sectores cambios que tambi\u00e9n afectar\u00e1n al agro en su conjunto, como lo son los propuestos respecto a la Ley de Inclusi\u00f3n Financiera, por ejemplo. El Dr. Horacio\u2026","rel":"","context":"En \u00abActualidad\u00bb","block_context":{"text":"Actualidad","link":"https:\/\/lahoradelcampo.com.uy\/site\/category\/actualidad\/"},"img":{"alt_text":"","src":"https:\/\/i0.wp.com\/lahoradelcampo.com.uy\/site\/wp-content\/uploads\/2020\/01\/Horacio-de-brum.jpg?fit=880%2C440&ssl=1&resize=350%2C200","width":350,"height":200,"srcset":"https:\/\/i0.wp.com\/lahoradelcampo.com.uy\/site\/wp-content\/uploads\/2020\/01\/Horacio-de-brum.jpg?fit=880%2C440&ssl=1&resize=350%2C200 1x, https:\/\/i0.wp.com\/lahoradelcampo.com.uy\/site\/wp-content\/uploads\/2020\/01\/Horacio-de-brum.jpg?fit=880%2C440&ssl=1&resize=525%2C300 1.5x, https:\/\/i0.wp.com\/lahoradelcampo.com.uy\/site\/wp-content\/uploads\/2020\/01\/Horacio-de-brum.jpg?fit=880%2C440&ssl=1&resize=700%2C400 2x"},"classes":[]},{"id":7247,"url":"https:\/\/lahoradelcampo.com.uy\/site\/uruguay-sera-sede-del-41o-congreso-mundial-del-vino\/","url_meta":{"origin":51435,"position":4},"title":"Uruguay ser\u00e1 sede  del 41\u00ba Congreso Mundial del Vino","author":"La Hora del Campo","date":"17 mayo, 2018","format":false,"excerpt":"El pasado 13 de abril en la Embajada de Uruguay en Par\u00eds, Francia, se realiz\u00f3 el lanzamiento oficial del 41\u00ba Congreso Mundial de la Vi\u00f1a y el Vino y 16\u00aa Asamblea General de la OIV, eventos que tendr\u00e1n lugar en Punta del Este del 18 al 23 de noviembre pr\u00f3ximos.\u2026","rel":"","context":"En \u00abActualidad\u00bb","block_context":{"text":"Actualidad","link":"https:\/\/lahoradelcampo.com.uy\/site\/category\/actualidad\/"},"img":{"alt_text":"","src":"https:\/\/i0.wp.com\/lahoradelcampo.com.uy\/site\/wp-content\/uploads\/2018\/05\/congreso-oiv-web.jpg?fit=670%2C360&ssl=1&resize=350%2C200","width":350,"height":200,"srcset":"https:\/\/i0.wp.com\/lahoradelcampo.com.uy\/site\/wp-content\/uploads\/2018\/05\/congreso-oiv-web.jpg?fit=670%2C360&ssl=1&resize=350%2C200 1x, https:\/\/i0.wp.com\/lahoradelcampo.com.uy\/site\/wp-content\/uploads\/2018\/05\/congreso-oiv-web.jpg?fit=670%2C360&ssl=1&resize=525%2C300 1.5x"},"classes":[]},{"id":46595,"url":"https:\/\/lahoradelcampo.com.uy\/site\/mujeres-granjeras-recibiran-12-millones-de-pesos-con-un-80-de-subsidio\/","url_meta":{"origin":51435,"position":5},"title":"Mujeres granjeras recibir\u00e1n 12 millones de pesos, con un 80% de subsidio","author":"La Hora del Campo","date":"26 octubre, 2022","format":false,"excerpt":"En el marco del Plan Nacional de G\u00e9nero (PNG) para el sector agropecuario, se realiz\u00f3 en la jornada de ayer el lanzamiento de \"Mujeres de la granja\", con la presencia del subsecretario del Ministerio de Ganader\u00eda, Agricultura y Pesca (MGAP), Ing. Agr. Ignacio Buffa, la directora general del MGAP y\u2026","rel":"","context":"En \u00abActualidad\u00bb","block_context":{"text":"Actualidad","link":"https:\/\/lahoradelcampo.com.uy\/site\/category\/actualidad\/"},"img":{"alt_text":"","src":"https:\/\/i0.wp.com\/lahoradelcampo.com.uy\/site\/wp-content\/uploads\/2022\/10\/MGAP-mujeresgranjeras.jpg?fit=880%2C440&ssl=1&resize=350%2C200","width":350,"height":200,"srcset":"https:\/\/i0.wp.com\/lahoradelcampo.com.uy\/site\/wp-content\/uploads\/2022\/10\/MGAP-mujeresgranjeras.jpg?fit=880%2C440&ssl=1&resize=350%2C200 1x, https:\/\/i0.wp.com\/lahoradelcampo.com.uy\/site\/wp-content\/uploads\/2022\/10\/MGAP-mujeresgranjeras.jpg?fit=880%2C440&ssl=1&resize=525%2C300 1.5x, https:\/\/i0.wp.com\/lahoradelcampo.com.uy\/site\/wp-content\/uploads\/2022\/10\/MGAP-mujeresgranjeras.jpg?fit=880%2C440&ssl=1&resize=700%2C400 2x"},"classes":[]}],"jetpack_likes_enabled":true,"_links":{"self":[{"href":"https:\/\/lahoradelcampo.com.uy\/site\/wp-json\/wp\/v2\/posts\/51435","targetHints":{"allow":["GET"]}}],"collection":[{"href":"https:\/\/lahoradelcampo.com.uy\/site\/wp-json\/wp\/v2\/posts"}],"about":[{"href":"https:\/\/lahoradelcampo.com.uy\/site\/wp-json\/wp\/v2\/types\/post"}],"author":[{"embeddable":true,"href":"https:\/\/lahoradelcampo.com.uy\/site\/wp-json\/wp\/v2\/users\/5"}],"replies":[{"embeddable":true,"href":"https:\/\/lahoradelcampo.com.uy\/site\/wp-json\/wp\/v2\/comments?post=51435"}],"version-history":[{"count":1,"href":"https:\/\/lahoradelcampo.com.uy\/site\/wp-json\/wp\/v2\/posts\/51435\/revisions"}],"predecessor-version":[{"id":51439,"href":"https:\/\/lahoradelcampo.com.uy\/site\/wp-json\/wp\/v2\/posts\/51435\/revisions\/51439"}],"wp:featuredmedia":[{"embeddable":true,"href":"https:\/\/lahoradelcampo.com.uy\/site\/wp-json\/wp\/v2\/media\/51437"}],"wp:attachment":[{"href":"https:\/\/lahoradelcampo.com.uy\/site\/wp-json\/wp\/v2\/media?parent=51435"}],"wp:term":[{"taxonomy":"category","embeddable":true,"href":"https:\/\/lahoradelcampo.com.uy\/site\/wp-json\/wp\/v2\/categories?post=51435"},{"taxonomy":"post_tag","embeddable":true,"href":"https:\/\/lahoradelcampo.com.uy\/site\/wp-json\/wp\/v2\/tags?post=51435"}],"curies":[{"name":"wp","href":"https:\/\/api.w.org\/{rel}","templated":true}]}}