{"id":51429,"date":"2023-06-25T10:59:07","date_gmt":"2023-06-25T13:59:07","guid":{"rendered":"http:\/\/lahoradelcampo.com.uy\/site\/?p=51429"},"modified":"2023-06-25T11:00:51","modified_gmt":"2023-06-25T14:00:51","slug":"uruguay-participo-de-la-feria-saudi-food-show-en-arabia-saudita","status":"publish","type":"post","link":"https:\/\/lahoradelcampo.com.uy\/site\/uruguay-participo-de-la-feria-saudi-food-show-en-arabia-saudita\/","title":{"rendered":"Uruguay particip\u00f3 de la feria Saud\u00ed Food Show en Arabia Saudita"},"content":{"rendered":"\n<figure class=\"wp-block-image size-full\"><a href=\"https:\/\/i0.wp.com\/lahoradelcampo.com.uy\/site\/wp-content\/uploads\/2023\/06\/INAC-ArabiaSaudita.jpg\"><img data-recalc-dims=\"1\" loading=\"lazy\" decoding=\"async\" width=\"810\" height=\"405\" data-attachment-id=\"51431\" data-permalink=\"https:\/\/lahoradelcampo.com.uy\/site\/uruguay-participo-de-la-feria-saudi-food-show-en-arabia-saudita\/inac-arabiasaudita\/\" data-orig-file=\"https:\/\/i0.wp.com\/lahoradelcampo.com.uy\/site\/wp-content\/uploads\/2023\/06\/INAC-ArabiaSaudita.jpg?fit=880%2C440&amp;ssl=1\" data-orig-size=\"880,440\" data-comments-opened=\"1\" data-image-meta=\"{&quot;aperture&quot;:&quot;0&quot;,&quot;credit&quot;:&quot;&quot;,&quot;camera&quot;:&quot;&quot;,&quot;caption&quot;:&quot;&quot;,&quot;created_timestamp&quot;:&quot;0&quot;,&quot;copyright&quot;:&quot;&quot;,&quot;focal_length&quot;:&quot;0&quot;,&quot;iso&quot;:&quot;0&quot;,&quot;shutter_speed&quot;:&quot;0&quot;,&quot;title&quot;:&quot;&quot;,&quot;orientation&quot;:&quot;1&quot;}\" data-image-title=\"INAC-ArabiaSaudita\" data-image-description=\"\" data-image-caption=\"\" data-large-file=\"https:\/\/i0.wp.com\/lahoradelcampo.com.uy\/site\/wp-content\/uploads\/2023\/06\/INAC-ArabiaSaudita.jpg?fit=810%2C405&amp;ssl=1\" src=\"https:\/\/i0.wp.com\/lahoradelcampo.com.uy\/site\/wp-content\/uploads\/2023\/06\/INAC-ArabiaSaudita.jpg?resize=810%2C405\" alt=\"\" class=\"wp-image-51431\" srcset=\"https:\/\/i0.wp.com\/lahoradelcampo.com.uy\/site\/wp-content\/uploads\/2023\/06\/INAC-ArabiaSaudita.jpg?w=880&amp;ssl=1 880w, https:\/\/i0.wp.com\/lahoradelcampo.com.uy\/site\/wp-content\/uploads\/2023\/06\/INAC-ArabiaSaudita.jpg?resize=300%2C150&amp;ssl=1 300w, https:\/\/i0.wp.com\/lahoradelcampo.com.uy\/site\/wp-content\/uploads\/2023\/06\/INAC-ArabiaSaudita.jpg?resize=768%2C384&amp;ssl=1 768w, https:\/\/i0.wp.com\/lahoradelcampo.com.uy\/site\/wp-content\/uploads\/2023\/06\/INAC-ArabiaSaudita.jpg?resize=820%2C410&amp;ssl=1 820w\" sizes=\"auto, (max-width: 810px) 100vw, 810px\" \/><\/a><\/figure>\n\n\n\n<p>Entre el 20 y el 22 de junio, el Instituto Nacional de Carnes (INAC) tuvo una destacada participaci\u00f3n en la primera edici\u00f3n de la feria Saudi Food Show, celebrada en Riad, la capital de Arabia Saudita. El evento, respaldado por el Ministerio de Industria y Recursos Minerales saud\u00ed, congreg\u00f3 a m\u00e1s de 500 empresas y organizaciones de m\u00e1s de 100 pa\u00edses en un \u00e1rea de 18,500 metros cuadrados.<\/p>\n\n\n\n<p>En representaci\u00f3n de Uruguay, INAC mont\u00f3 un stand de 72 metros cuadrados, convirti\u00e9ndose en el \u00fanico pa\u00eds latinoamericano presente en la feria. Cinco empresas del sector privado uruguayo se unieron como co-expositores, y recibieron una gran afluencia de interesados en las carnes provenientes de nuestro pa\u00eds. Los visitantes tuvieron la oportunidad de degustar la carne uruguaya, tanto bovina como ovina, a trav\u00e9s de una muestra de sabores. Los cortes ofrecidos incluyeron lomo y bife ancho de res, as\u00ed como lomo de cordero. Se destac\u00f3 el notable inter\u00e9s del p\u00fablico tanto en los productos como en los m\u00e9todos de producci\u00f3n utilizados.<\/p>\n\n\n\n<h2 class=\"wp-block-heading has-text-align-center has-luminous-vivid-orange-color has-text-color has-medium-font-size\"><em>\u00abEl mercado de carnes en Arabia Saudita presenta particularidades significativas, con una demanda en constante crecimiento, una oferta dom\u00e9stica limitada y una fuerte dependencia de las importaciones.\u00bb<\/em><\/h2>\n\n\n\n<p>Durante la feria, el stand recibi\u00f3 la visita del Ministro de Industria y Recursos Minerales, Sr. Bandar bin Ibrahim Al-Khorayef, as\u00ed como del Embajador de Uruguay en Arabia Saudita, Sr. Nelson Chab\u00e9n, acompa\u00f1ado de su esposa, Brenda Cabrera. Las actividades en el stand fueron coordinadas por Cecilia Shaw y Lucas D\u00e1vila, pertenecientes a la Gerencia de Marketing de INAC.<\/p>\n\n\n\n<p>En el marco de su participaci\u00f3n en la feria, INAC organiz\u00f3, junto con la Embajada de Uruguay, una recepci\u00f3n en la cual se degustaron carnes uruguayas con cortes tanto bovinos como ovinos. El evento se llev\u00f3 a cabo en la sede de la Embajada y cont\u00f3 con la presencia de importadores, chefs especializados y clientes que buscan carnes de calidad. Adem\u00e1s, se llev\u00f3 a cabo una presentaci\u00f3n a cargo de INAC, destacando las cualidades productivas de nuestro pa\u00eds.<\/p>\n\n\n\n<p>El mercado de carnes en Arabia Saudita presenta particularidades significativas, con una demanda en constante crecimiento, una oferta dom\u00e9stica limitada y una fuerte dependencia de las importaciones. En el a\u00f1o 2022, el pa\u00eds import\u00f3 carne bovina por un valor de 637 millones de d\u00f3lares, representando el 1% de la importaci\u00f3n mundial y el 31% de los pa\u00edses del Golfo. Tambi\u00e9n se destaca el aumento en la participaci\u00f3n de Australia, Nueva Zelanda y Estados Unidos en el mercado saudita, indicando una mayor preferencia por carnes de calidad.<\/p>\n\n\n\n<h2 class=\"wp-block-heading has-text-align-center has-luminous-vivid-orange-color has-text-color has-medium-font-size\"><em>\u00abUruguay destaca como un proveedor privilegiado para abastecer este mercado, gracias a sus ventajas comparativas en la producci\u00f3n de carnes de calidad.\u00bb<\/em><\/h2>\n\n\n\n<p>Por otra parte, las importaciones de carne ovina saudita alcanzaron los 206 millones de d\u00f3lares en 2022, representando el 3% de la importaci\u00f3n mundial y el 30% en la regi\u00f3n del Golfo. La escasez de recursos naturales en el pa\u00eds, combinada con la creciente demanda de prote\u00ednas de alta calidad, explica en parte la alta proporci\u00f3n de carne importada en el consumo local, siendo el 77% del consumo dom\u00e9stico de carne bovina importado. En este contexto, Uruguay destaca como un proveedor privilegiado para abastecer este mercado, gracias a sus ventajas comparativas en la producci\u00f3n de carnes de calidad.<\/p>\n\n\n\n<p>Salto, 25 de junio de 2023<\/p>\n","protected":false},"excerpt":{"rendered":"<p>Entre el 20 y el 22 de junio, el Instituto Nacional de Carnes (INAC) tuvo una destacada participaci\u00f3n en la primera edici\u00f3n de la feria Saudi Food Show, celebrada en [&hellip;]<\/p>\n","protected":false},"author":5,"featured_media":51431,"comment_status":"open","ping_status":"open","sticky":false,"template":"","format":"standard","meta":{"_price":"","_stock":"","_tribe_ticket_header":"","_tribe_default_ticket_provider":"","_tribe_ticket_capacity":"0","_ticket_start_date":"","_ticket_end_date":"","_tribe_ticket_show_description":"","_tribe_ticket_show_not_going":false,"_tribe_ticket_use_global_stock":"","_tribe_ticket_global_stock_level":"","_global_stock_mode":"","_global_stock_cap":"","_tribe_rsvp_for_event":"","_tribe_ticket_going_count":"","_tribe_ticket_not_going_count":"","_tribe_tickets_list":"[]","_tribe_ticket_has_attendee_info_fields":false,"h5ap_radio_sources":[],"_jetpack_newsletter_access":"","_jetpack_dont_email_post_to_subs":false,"_jetpack_newsletter_tier_id":0,"_jetpack_memberships_contains_paywalled_content":false,"_jetpack_memberships_contains_paid_content":false,"footnotes":""},"categories":[21,5],"tags":[4692,4410,6649,3844,6643,6645,4132,657,6647,83],"class_list":["post-51429","post","type-post","status-publish","format-standard","has-post-thumbnail","hentry","category-actualidad","category-ganaderia","tag-calidad-de-carne","tag-carnes-uruguayas","tag-demanda-de-carne","tag-exportacion-de-carne","tag-feria-saudi-food-show","tag-importacion-de-carne","tag-industria-carnica-2","tag-instituto-nacional-de-carnes","tag-mercado-saudita","tag-uruguay"],"jetpack_featured_media_url":"https:\/\/i0.wp.com\/lahoradelcampo.com.uy\/site\/wp-content\/uploads\/2023\/06\/INAC-ArabiaSaudita.jpg?fit=880%2C440&ssl=1","jetpack_sharing_enabled":true,"jetpack_shortlink":"https:\/\/wp.me\/p99IaT-dnv","jetpack-related-posts":[{"id":53076,"url":"https:\/\/lahoradelcampo.com.uy\/site\/uruguay-promovio-sus-carnes-en-el-congreso-mundial-de-la-carne-realizado-en-shanghai\/","url_meta":{"origin":51429,"position":0},"title":"Uruguay promovi\u00f3 sus carnes en el Congreso Mundial de la Carne realizado en Shanghai","author":"La Hora del Campo","date":"9 noviembre, 2023","format":false,"excerpt":"En el marco de la decimocuarta edici\u00f3n del Congreso Internacional de la Carne, celebrada en Shanghai, el presidente del Instituto Nacional de Carnes de Uruguay (INAC), Conrado Ferber, llev\u00f3 a cabo una presentaci\u00f3n destacada, en la que promovi\u00f3 la carne uruguaya y la marca sectorial del pa\u00eds. Este evento, que\u2026","rel":"","context":"En \u00abActualidad\u00bb","block_context":{"text":"Actualidad","link":"https:\/\/lahoradelcampo.com.uy\/site\/category\/actualidad\/"},"img":{"alt_text":"","src":"https:\/\/i0.wp.com\/lahoradelcampo.com.uy\/site\/wp-content\/uploads\/2023\/11\/INAC-FerberShanghai.jpg?fit=880%2C440&ssl=1&resize=350%2C200","width":350,"height":200,"srcset":"https:\/\/i0.wp.com\/lahoradelcampo.com.uy\/site\/wp-content\/uploads\/2023\/11\/INAC-FerberShanghai.jpg?fit=880%2C440&ssl=1&resize=350%2C200 1x, https:\/\/i0.wp.com\/lahoradelcampo.com.uy\/site\/wp-content\/uploads\/2023\/11\/INAC-FerberShanghai.jpg?fit=880%2C440&ssl=1&resize=525%2C300 1.5x, https:\/\/i0.wp.com\/lahoradelcampo.com.uy\/site\/wp-content\/uploads\/2023\/11\/INAC-FerberShanghai.jpg?fit=880%2C440&ssl=1&resize=700%2C400 2x"},"classes":[]},{"id":29488,"url":"https:\/\/lahoradelcampo.com.uy\/site\/inac-participa-de-feria-de-la-carne-en-china\/","url_meta":{"origin":51429,"position":1},"title":"INAC participa de feria de la carne en China","author":"La Hora del Campo","date":"23 abril, 2021","format":false,"excerpt":"Inici\u00f3 en la ciudad de Shenzen la Feria Anufood; el Instituto Nacional de Carnes (INAC) est\u00e1 presente con un stand de 36 metros cuadrados. Uruguay es el \u00fanico pa\u00eds sudamericano presente en el rubro carnes, en este evento. Anufood es la feria de alimentos y bebidas m\u00e1s grande de la\u2026","rel":"","context":"En \u00abActualidad\u00bb","block_context":{"text":"Actualidad","link":"https:\/\/lahoradelcampo.com.uy\/site\/category\/actualidad\/"},"img":{"alt_text":"","src":"https:\/\/i0.wp.com\/lahoradelcampo.com.uy\/site\/wp-content\/uploads\/2018\/05\/Inac.jpg?fit=880%2C440&ssl=1&resize=350%2C200","width":350,"height":200,"srcset":"https:\/\/i0.wp.com\/lahoradelcampo.com.uy\/site\/wp-content\/uploads\/2018\/05\/Inac.jpg?fit=880%2C440&ssl=1&resize=350%2C200 1x, https:\/\/i0.wp.com\/lahoradelcampo.com.uy\/site\/wp-content\/uploads\/2018\/05\/Inac.jpg?fit=880%2C440&ssl=1&resize=525%2C300 1.5x, https:\/\/i0.wp.com\/lahoradelcampo.com.uy\/site\/wp-content\/uploads\/2018\/05\/Inac.jpg?fit=880%2C440&ssl=1&resize=700%2C400 2x"},"classes":[]},{"id":50475,"url":"https:\/\/lahoradelcampo.com.uy\/site\/exitosa-agenda-desarrollada-por-inac-en-la-expo-sial-shanghai\/","url_meta":{"origin":51429,"position":2},"title":"Exitosa agenda desarrollada por INAC en la Expo Sial Shanghai","author":"La Hora del Campo","date":"20 mayo, 2023","format":false,"excerpt":"La delegaci\u00f3n de Uruguay ha estado llevando a cabo una serie de actividades promocionales en Shanghai como parte de su participaci\u00f3n en la feria Sial China 2023. INAC (Instituto Nacional de Carnes) ha planeado una participaci\u00f3n destacada en el \"La Cuisine\", un show culinario donde la carne es el ingrediente\u2026","rel":"","context":"En \u00abActualidad\u00bb","block_context":{"text":"Actualidad","link":"https:\/\/lahoradelcampo.com.uy\/site\/category\/actualidad\/"},"img":{"alt_text":"","src":"https:\/\/i0.wp.com\/lahoradelcampo.com.uy\/site\/wp-content\/uploads\/2023\/05\/INAC-SialShanghai.jpg?fit=880%2C440&ssl=1&resize=350%2C200","width":350,"height":200,"srcset":"https:\/\/i0.wp.com\/lahoradelcampo.com.uy\/site\/wp-content\/uploads\/2023\/05\/INAC-SialShanghai.jpg?fit=880%2C440&ssl=1&resize=350%2C200 1x, https:\/\/i0.wp.com\/lahoradelcampo.com.uy\/site\/wp-content\/uploads\/2023\/05\/INAC-SialShanghai.jpg?fit=880%2C440&ssl=1&resize=525%2C300 1.5x, https:\/\/i0.wp.com\/lahoradelcampo.com.uy\/site\/wp-content\/uploads\/2023\/05\/INAC-SialShanghai.jpg?fit=880%2C440&ssl=1&resize=700%2C400 2x"},"classes":[]},{"id":30348,"url":"https:\/\/lahoradelcampo.com.uy\/site\/sial-china-compradores-preguntan-sobre-el-problema-del-etiquetado-de-las-carnes\/","url_meta":{"origin":51429,"position":3},"title":"SIAL China: Compradores preguntan sobre el problema del etiquetado de las carnes","author":"La Hora del Campo","date":"20 mayo, 2021","format":false,"excerpt":"M\u00e1s all\u00e1 de la pandemia y los problemas de traslado, Uruguay mantiene su pol\u00edtica de estar presente en las ferias alimenticias de China con sus principales productos de exportaci\u00f3n. En este sentido ante la ausencia de Brasil y Argentina, el stand de Uruguay es el nexo con los pa\u00edses del\u2026","rel":"","context":"En \u00abActualidad\u00bb","block_context":{"text":"Actualidad","link":"https:\/\/lahoradelcampo.com.uy\/site\/category\/actualidad\/"},"img":{"alt_text":"","src":"https:\/\/i0.wp.com\/lahoradelcampo.com.uy\/site\/wp-content\/uploads\/2021\/05\/SIALChina.jpg?fit=880%2C440&ssl=1&resize=350%2C200","width":350,"height":200,"srcset":"https:\/\/i0.wp.com\/lahoradelcampo.com.uy\/site\/wp-content\/uploads\/2021\/05\/SIALChina.jpg?fit=880%2C440&ssl=1&resize=350%2C200 1x, https:\/\/i0.wp.com\/lahoradelcampo.com.uy\/site\/wp-content\/uploads\/2021\/05\/SIALChina.jpg?fit=880%2C440&ssl=1&resize=525%2C300 1.5x, https:\/\/i0.wp.com\/lahoradelcampo.com.uy\/site\/wp-content\/uploads\/2021\/05\/SIALChina.jpg?fit=880%2C440&ssl=1&resize=700%2C400 2x"},"classes":[]},{"id":2525,"url":"https:\/\/lahoradelcampo.com.uy\/site\/mensajes-claros-e-importantes-en-la-feria-de-anuga\/","url_meta":{"origin":51429,"position":4},"title":"Mensajes claros e importantes en la feria de Anuga","author":"La Hora del Campo","date":"11 octubre, 2017","format":false,"excerpt":"Se est\u00e1 realizando la 34 edici\u00f3n de la feria internacional de la alimentaci\u00f3n, Anuga 2017, en la localidad de Colonia, en Alemania. Si bien la feria incluye a todos los rubros alimenticios, para los pa\u00edses sudamericanos el principal objetivo es avanzar en la colocaci\u00f3n de carnes en el viejo continente.\u2026","rel":"","context":"En \u00abActualidad\u00bb","block_context":{"text":"Actualidad","link":"https:\/\/lahoradelcampo.com.uy\/site\/category\/actualidad\/"},"img":{"alt_text":"","src":"https:\/\/i0.wp.com\/lahoradelcampo.com.uy\/site\/wp-content\/uploads\/2017\/10\/Anuga-2.jpg?fit=880%2C440&ssl=1&resize=350%2C200","width":350,"height":200,"srcset":"https:\/\/i0.wp.com\/lahoradelcampo.com.uy\/site\/wp-content\/uploads\/2017\/10\/Anuga-2.jpg?fit=880%2C440&ssl=1&resize=350%2C200 1x, https:\/\/i0.wp.com\/lahoradelcampo.com.uy\/site\/wp-content\/uploads\/2017\/10\/Anuga-2.jpg?fit=880%2C440&ssl=1&resize=525%2C300 1.5x, https:\/\/i0.wp.com\/lahoradelcampo.com.uy\/site\/wp-content\/uploads\/2017\/10\/Anuga-2.jpg?fit=880%2C440&ssl=1&resize=700%2C400 2x"},"classes":[]},{"id":34523,"url":"https:\/\/lahoradelcampo.com.uy\/site\/arabia-saudita-aprobo-certificado-para-ganado-en-pie\/","url_meta":{"origin":51429,"position":5},"title":"Arabia Saudita aprob\u00f3 certificado para ganado en pie","author":"La Hora del Campo","date":"22 septiembre, 2021","format":false,"excerpt":"Las autoridades sanitarias del Reino de Arabia Saudita aprobaron y renovaron el certificado sanitario veterinario vinculado con la exportaci\u00f3n de ganado en pie para engorde y recr\u00eda, posibilitando la concreci\u00f3n de negocios en el corto plazo, tanto con bovinos, como con ovinos. El Ministerio de Medio Ambiente, Agua y Agricultura\u2026","rel":"","context":"En \u00abActualidad\u00bb","block_context":{"text":"Actualidad","link":"https:\/\/lahoradelcampo.com.uy\/site\/category\/actualidad\/"},"img":{"alt_text":"","src":"https:\/\/i0.wp.com\/lahoradelcampo.com.uy\/site\/wp-content\/uploads\/2020\/03\/Exportacion-ovinos.jpg?fit=880%2C440&ssl=1&resize=350%2C200","width":350,"height":200,"srcset":"https:\/\/i0.wp.com\/lahoradelcampo.com.uy\/site\/wp-content\/uploads\/2020\/03\/Exportacion-ovinos.jpg?fit=880%2C440&ssl=1&resize=350%2C200 1x, https:\/\/i0.wp.com\/lahoradelcampo.com.uy\/site\/wp-content\/uploads\/2020\/03\/Exportacion-ovinos.jpg?fit=880%2C440&ssl=1&resize=525%2C300 1.5x, https:\/\/i0.wp.com\/lahoradelcampo.com.uy\/site\/wp-content\/uploads\/2020\/03\/Exportacion-ovinos.jpg?fit=880%2C440&ssl=1&resize=700%2C400 2x"},"classes":[]}],"jetpack_likes_enabled":true,"_links":{"self":[{"href":"https:\/\/lahoradelcampo.com.uy\/site\/wp-json\/wp\/v2\/posts\/51429","targetHints":{"allow":["GET"]}}],"collection":[{"href":"https:\/\/lahoradelcampo.com.uy\/site\/wp-json\/wp\/v2\/posts"}],"about":[{"href":"https:\/\/lahoradelcampo.com.uy\/site\/wp-json\/wp\/v2\/types\/post"}],"author":[{"embeddable":true,"href":"https:\/\/lahoradelcampo.com.uy\/site\/wp-json\/wp\/v2\/users\/5"}],"replies":[{"embeddable":true,"href":"https:\/\/lahoradelcampo.com.uy\/site\/wp-json\/wp\/v2\/comments?post=51429"}],"version-history":[{"count":1,"href":"https:\/\/lahoradelcampo.com.uy\/site\/wp-json\/wp\/v2\/posts\/51429\/revisions"}],"predecessor-version":[{"id":51433,"href":"https:\/\/lahoradelcampo.com.uy\/site\/wp-json\/wp\/v2\/posts\/51429\/revisions\/51433"}],"wp:featuredmedia":[{"embeddable":true,"href":"https:\/\/lahoradelcampo.com.uy\/site\/wp-json\/wp\/v2\/media\/51431"}],"wp:attachment":[{"href":"https:\/\/lahoradelcampo.com.uy\/site\/wp-json\/wp\/v2\/media?parent=51429"}],"wp:term":[{"taxonomy":"category","embeddable":true,"href":"https:\/\/lahoradelcampo.com.uy\/site\/wp-json\/wp\/v2\/categories?post=51429"},{"taxonomy":"post_tag","embeddable":true,"href":"https:\/\/lahoradelcampo.com.uy\/site\/wp-json\/wp\/v2\/tags?post=51429"}],"curies":[{"name":"wp","href":"https:\/\/api.w.org\/{rel}","templated":true}]}}