{"id":51417,"date":"2023-06-23T09:38:08","date_gmt":"2023-06-23T12:38:08","guid":{"rendered":"http:\/\/lahoradelcampo.com.uy\/site\/?p=51417"},"modified":"2023-06-23T09:51:51","modified_gmt":"2023-06-23T12:51:51","slug":"a-una-semana-del-cierre-de-la-zafra-el-piso-del-ime-bajo-a-us-774","status":"publish","type":"post","link":"https:\/\/lahoradelcampo.com.uy\/site\/a-una-semana-del-cierre-de-la-zafra-el-piso-del-ime-bajo-a-us-774\/","title":{"rendered":"A una semana del cierre de la zafra, el piso del IME baj\u00f3 a US$ 7,74"},"content":{"rendered":"\n<figure class=\"wp-block-image size-full\"><a href=\"https:\/\/i0.wp.com\/lahoradelcampo.com.uy\/site\/wp-content\/uploads\/2023\/06\/Lana-australia.jpg\"><img data-recalc-dims=\"1\" loading=\"lazy\" decoding=\"async\" width=\"810\" height=\"405\" data-attachment-id=\"51419\" data-permalink=\"https:\/\/lahoradelcampo.com.uy\/site\/a-una-semana-del-cierre-de-la-zafra-el-piso-del-ime-bajo-a-us-774\/lana-australia-6\/\" data-orig-file=\"https:\/\/i0.wp.com\/lahoradelcampo.com.uy\/site\/wp-content\/uploads\/2023\/06\/Lana-australia.jpg?fit=880%2C440&amp;ssl=1\" data-orig-size=\"880,440\" data-comments-opened=\"1\" data-image-meta=\"{&quot;aperture&quot;:&quot;0&quot;,&quot;credit&quot;:&quot;&quot;,&quot;camera&quot;:&quot;&quot;,&quot;caption&quot;:&quot;&quot;,&quot;created_timestamp&quot;:&quot;0&quot;,&quot;copyright&quot;:&quot;&quot;,&quot;focal_length&quot;:&quot;0&quot;,&quot;iso&quot;:&quot;0&quot;,&quot;shutter_speed&quot;:&quot;0&quot;,&quot;title&quot;:&quot;&quot;,&quot;orientation&quot;:&quot;1&quot;}\" data-image-title=\"Lana-australia\" data-image-description=\"\" data-image-caption=\"\" data-large-file=\"https:\/\/i0.wp.com\/lahoradelcampo.com.uy\/site\/wp-content\/uploads\/2023\/06\/Lana-australia.jpg?fit=810%2C405&amp;ssl=1\" src=\"https:\/\/i0.wp.com\/lahoradelcampo.com.uy\/site\/wp-content\/uploads\/2023\/06\/Lana-australia.jpg?resize=810%2C405\" alt=\"\" class=\"wp-image-51419\" srcset=\"https:\/\/i0.wp.com\/lahoradelcampo.com.uy\/site\/wp-content\/uploads\/2023\/06\/Lana-australia.jpg?w=880&amp;ssl=1 880w, https:\/\/i0.wp.com\/lahoradelcampo.com.uy\/site\/wp-content\/uploads\/2023\/06\/Lana-australia.jpg?resize=300%2C150&amp;ssl=1 300w, https:\/\/i0.wp.com\/lahoradelcampo.com.uy\/site\/wp-content\/uploads\/2023\/06\/Lana-australia.jpg?resize=768%2C384&amp;ssl=1 768w, https:\/\/i0.wp.com\/lahoradelcampo.com.uy\/site\/wp-content\/uploads\/2023\/06\/Lana-australia.jpg?resize=820%2C410&amp;ssl=1 820w\" sizes=\"auto, (max-width: 810px) 100vw, 810px\" \/><\/a><\/figure>\n\n\n\n<p>La tendencia a la baja se mantuvo presente durante las dos ventas de esta semana, con un Indicador de Mercados del Este (IME) que ha mostrado un nuevo descenso en su cotizaci\u00f3n, disminuyendo a\u00fan m\u00e1s el piso de la zafra. <\/p>\n\n\n\n<p>La baja calidad de la oferta en esta etapa final de la zafra est\u00e1 afectando negativamente a las lanas m\u00e1s finas, donde hay una mayor presencia de compradores europeos que se retiran de la operativa debido a la escasez de este tipo de lanas.<\/p>\n\n\n\n<p>En algunos micronajes de lanas finas, tanto en Sidney como en Melbourne, se observ\u00f3 un mercado m\u00e1s estable en sus cotizaciones gracias a la presencia de lanas de mejor calidad. En el caso de las lanas medias y gruesas, el mercado se mantiene estable, sin grandes variaciones en las cotizaciones.<\/p>\n\n\n\n<p>En este escenario, el IME cerr\u00f3 en A$ 11,39 por kilogramo base limpia, lo que representa una ca\u00edda del 2,8% en comparaci\u00f3n con el cierre de la semana pasada. Por otro lado, en d\u00f3lares estadounidenses, el indicador cerr\u00f3 en US$ 7,74, disminuyendo 25 centavos despu\u00e9s de las dos jornadas de ventas. Este valor coloca al IME en niveles de referencia de octubre de 2020, momento en el que el mercado se estaba recuperando del impacto m\u00e1s duro de la pandemia y lleg\u00f3 a cotizar a US$ 6,31.<\/p>\n\n\n\n<p>En total, se ofertaron 28.484 fardos durante las dos jornadas de ventas, tras el retiro del 10,5% de la oferta. Del total que pas\u00f3 por las salas de subastas, se logr\u00f3 colocar el 84,9%. Las cinco principales firmas compradoras, encabezadas por Techwool Trading, adquirieron el 58,3% del volumen comercializado.<\/p>\n\n\n\n<p>Las ventas continuar\u00e1n la pr\u00f3xima semana, que ser\u00e1n las \u00faltimas sesiones de comercializaci\u00f3n de la presente zafra lanera 2022-2023. Se espera una oferta de 47.000 fardos para la pr\u00f3xima semana.<\/p>\n\n\n\n<p>Salto, 23 de junio de 2023<\/p>\n","protected":false},"excerpt":{"rendered":"<p>La tendencia a la baja se mantuvo presente durante las dos ventas de esta semana, con un Indicador de Mercados del Este (IME) que ha mostrado un nuevo descenso en [&hellip;]<\/p>\n","protected":false},"author":5,"featured_media":51419,"comment_status":"open","ping_status":"open","sticky":false,"template":"","format":"standard","meta":{"_price":"","_stock":"","_tribe_ticket_header":"","_tribe_default_ticket_provider":"","_tribe_ticket_capacity":"0","_ticket_start_date":"","_ticket_end_date":"","_tribe_ticket_show_description":"","_tribe_ticket_show_not_going":false,"_tribe_ticket_use_global_stock":"","_tribe_ticket_global_stock_level":"","_global_stock_mode":"","_global_stock_cap":"","_tribe_rsvp_for_event":"","_tribe_ticket_going_count":"","_tribe_ticket_not_going_count":"","_tribe_tickets_list":"[]","_tribe_ticket_has_attendee_info_fields":false,"h5ap_radio_sources":[],"_jetpack_newsletter_access":"","_jetpack_dont_email_post_to_subs":false,"_jetpack_newsletter_tier_id":0,"_jetpack_memberships_contains_paywalled_content":false,"_jetpack_memberships_contains_paid_content":false,"footnotes":""},"categories":[21,13],"tags":[],"class_list":["post-51417","post","type-post","status-publish","format-standard","has-post-thumbnail","hentry","category-actualidad","category-ovinos"],"jetpack_featured_media_url":"https:\/\/i0.wp.com\/lahoradelcampo.com.uy\/site\/wp-content\/uploads\/2023\/06\/Lana-australia.jpg?fit=880%2C440&ssl=1","jetpack_sharing_enabled":true,"jetpack_shortlink":"https:\/\/wp.me\/p99IaT-dnj","jetpack-related-posts":[{"id":43147,"url":"https:\/\/lahoradelcampo.com.uy\/site\/nueva-baja-semanal-en-el-ime-a-una-semana-de-cerrar-la-zafra-lanera\/","url_meta":{"origin":51417,"position":0},"title":"Nueva baja semanal en el IME a una semana de cerrar la zafra lanera","author":"La Hora del Campo","date":"24 junio, 2022","format":false,"excerpt":"La semana que est\u00e1 cerrando se ha comportado diferente a las anteriores, con movimientos dispares de acuerdo a los micronajes ofertados, cambios que van de la mano del volumen y de la calidad de la oferta, a lo cual se suma la variabilidad cambiaria. En las lanas finas, se observaron\u2026","rel":"","context":"En \u00abActualidad\u00bb","block_context":{"text":"Actualidad","link":"https:\/\/lahoradelcampo.com.uy\/site\/category\/actualidad\/"},"img":{"alt_text":"","src":"https:\/\/i0.wp.com\/lahoradelcampo.com.uy\/site\/wp-content\/uploads\/2021\/06\/lanaaustralia1.jpg?fit=880%2C440&ssl=1&resize=350%2C200","width":350,"height":200,"srcset":"https:\/\/i0.wp.com\/lahoradelcampo.com.uy\/site\/wp-content\/uploads\/2021\/06\/lanaaustralia1.jpg?fit=880%2C440&ssl=1&resize=350%2C200 1x, https:\/\/i0.wp.com\/lahoradelcampo.com.uy\/site\/wp-content\/uploads\/2021\/06\/lanaaustralia1.jpg?fit=880%2C440&ssl=1&resize=525%2C300 1.5x, https:\/\/i0.wp.com\/lahoradelcampo.com.uy\/site\/wp-content\/uploads\/2021\/06\/lanaaustralia1.jpg?fit=880%2C440&ssl=1&resize=700%2C400 2x"},"classes":[]},{"id":37649,"url":"https:\/\/lahoradelcampo.com.uy\/site\/el-ime-cerro-la-primera-mitad-de-la-zafra-en-us-965\/","url_meta":{"origin":51417,"position":1},"title":"El IME cerr\u00f3 la primera mitad de la zafra en US$ 9,65","author":"La Hora del Campo","date":"17 diciembre, 2021","format":false,"excerpt":"Cerr\u00f3 la primera mitad de la zafra lanera 2021-2022, con una semana que registr\u00f3 una baja de seis centavos en el Indicador de Mercados del Este (IME). La demanda China estuvo m\u00e1s cauta ante el crecimiento de los casos de Covid-19 en el gigante asi\u00e1tico, pero con inter\u00e9s en lanas\u2026","rel":"","context":"En \u00abActualidad\u00bb","block_context":{"text":"Actualidad","link":"https:\/\/lahoradelcampo.com.uy\/site\/category\/actualidad\/"},"img":{"alt_text":"","src":"https:\/\/i0.wp.com\/lahoradelcampo.com.uy\/site\/wp-content\/uploads\/2018\/03\/lana.jpg?fit=880%2C440&ssl=1&resize=350%2C200","width":350,"height":200,"srcset":"https:\/\/i0.wp.com\/lahoradelcampo.com.uy\/site\/wp-content\/uploads\/2018\/03\/lana.jpg?fit=880%2C440&ssl=1&resize=350%2C200 1x, https:\/\/i0.wp.com\/lahoradelcampo.com.uy\/site\/wp-content\/uploads\/2018\/03\/lana.jpg?fit=880%2C440&ssl=1&resize=525%2C300 1.5x, https:\/\/i0.wp.com\/lahoradelcampo.com.uy\/site\/wp-content\/uploads\/2018\/03\/lana.jpg?fit=880%2C440&ssl=1&resize=700%2C400 2x"},"classes":[]},{"id":24008,"url":"https:\/\/lahoradelcampo.com.uy\/site\/tercera-semana-de-subas-consecutivas-en-el-mercado-lanero-australiano\/","url_meta":{"origin":51417,"position":2},"title":"Tercera semana de subas consecutivas en el mercado lanero australiano","author":"La Hora del Campo","date":"24 septiembre, 2020","format":false,"excerpt":"Tercera semana consecutiva al alza en el mercado lanero australiano, con un Indicador de Mercados del Este (IME) que ha recuperado m\u00e1s de un d\u00f3lar desde el piso de los US$ 6,31 y con micronajes que ya se posicionan por encima del cierre de la zafra 2019-2020. En la presente\u2026","rel":"","context":"En \u00abActualidad\u00bb","block_context":{"text":"Actualidad","link":"https:\/\/lahoradelcampo.com.uy\/site\/category\/actualidad\/"},"img":{"alt_text":"","src":"https:\/\/i0.wp.com\/lahoradelcampo.com.uy\/site\/wp-content\/uploads\/2018\/03\/Lanaa.jpg?fit=880%2C440&ssl=1&resize=350%2C200","width":350,"height":200,"srcset":"https:\/\/i0.wp.com\/lahoradelcampo.com.uy\/site\/wp-content\/uploads\/2018\/03\/Lanaa.jpg?fit=880%2C440&ssl=1&resize=350%2C200 1x, https:\/\/i0.wp.com\/lahoradelcampo.com.uy\/site\/wp-content\/uploads\/2018\/03\/Lanaa.jpg?fit=880%2C440&ssl=1&resize=525%2C300 1.5x, https:\/\/i0.wp.com\/lahoradelcampo.com.uy\/site\/wp-content\/uploads\/2018\/03\/Lanaa.jpg?fit=880%2C440&ssl=1&resize=700%2C400 2x"},"classes":[]},{"id":10831,"url":"https:\/\/lahoradelcampo.com.uy\/site\/australia-continuo-ajustando-fuertemente-a-la-baja\/","url_meta":{"origin":51417,"position":3},"title":"Australia contin\u00fao ajustando fuertemente a la baja","author":"La Hora del Campo","date":"17 mayo, 2019","format":false,"excerpt":"Con la ausencia de importantes compradores de lana chinos y una calidad de la lana que cae venta tras venta mientras nos acercamos al final de la zafra, se ve reflejada en una nueva semana de bajas para el Indicador de Mercados del Este (IME) y en todos los tipos\u2026","rel":"","context":"En \u00abActualidad\u00bb","block_context":{"text":"Actualidad","link":"https:\/\/lahoradelcampo.com.uy\/site\/category\/actualidad\/"},"img":{"alt_text":"","src":"https:\/\/i0.wp.com\/lahoradelcampo.com.uy\/site\/wp-content\/uploads\/2019\/05\/lanasss.jpg?fit=880%2C440&ssl=1&resize=350%2C200","width":350,"height":200,"srcset":"https:\/\/i0.wp.com\/lahoradelcampo.com.uy\/site\/wp-content\/uploads\/2019\/05\/lanasss.jpg?fit=880%2C440&ssl=1&resize=350%2C200 1x, https:\/\/i0.wp.com\/lahoradelcampo.com.uy\/site\/wp-content\/uploads\/2019\/05\/lanasss.jpg?fit=880%2C440&ssl=1&resize=525%2C300 1.5x, https:\/\/i0.wp.com\/lahoradelcampo.com.uy\/site\/wp-content\/uploads\/2019\/05\/lanasss.jpg?fit=880%2C440&ssl=1&resize=700%2C400 2x"},"classes":[]},{"id":52494,"url":"https:\/\/lahoradelcampo.com.uy\/site\/nueva-semana-positiva-para-el-mercado-lanero-australiano\/","url_meta":{"origin":51417,"position":4},"title":"Nueva semana positiva para el mercado lanero australiano","author":"La Hora del Campo","date":"15 septiembre, 2023","format":false,"excerpt":"Excelente semana para el mercado lanero australiano, con una demanda que empujo al alza los valores de los distintos micronajes, tanto en las lanas finas como medias y gruesas. Si bien la calidad de la oferta es un factor alcista, se observ\u00f3 en ambos d\u00edas de ventas una demanda muy\u2026","rel":"","context":"En \u00abActualidad\u00bb","block_context":{"text":"Actualidad","link":"https:\/\/lahoradelcampo.com.uy\/site\/category\/actualidad\/"},"img":{"alt_text":"","src":"https:\/\/i0.wp.com\/lahoradelcampo.com.uy\/site\/wp-content\/uploads\/2019\/04\/Lanas-Australia.jpg?fit=880%2C440&ssl=1&resize=350%2C200","width":350,"height":200,"srcset":"https:\/\/i0.wp.com\/lahoradelcampo.com.uy\/site\/wp-content\/uploads\/2019\/04\/Lanas-Australia.jpg?fit=880%2C440&ssl=1&resize=350%2C200 1x, https:\/\/i0.wp.com\/lahoradelcampo.com.uy\/site\/wp-content\/uploads\/2019\/04\/Lanas-Australia.jpg?fit=880%2C440&ssl=1&resize=525%2C300 1.5x, https:\/\/i0.wp.com\/lahoradelcampo.com.uy\/site\/wp-content\/uploads\/2019\/04\/Lanas-Australia.jpg?fit=880%2C440&ssl=1&resize=700%2C400 2x"},"classes":[]},{"id":54573,"url":"https:\/\/lahoradelcampo.com.uy\/site\/las-lanas-finas-han-sido-las-vedettes-en-las-ultimas-cinco-zafras\/","url_meta":{"origin":51417,"position":5},"title":"Las lanas finas \u00abhan sido las vedettes en las \u00faltimas cinco zafras\u00bb","author":"La Hora del Campo","date":"13 septiembre, 2024","format":false,"excerpt":"Al finalizar la zafra lanera 23\/24, la Uni\u00f3n de Consignatarios y Rematadores de Lana del Uruguay (UCRLU) realiz\u00f3 su asamblea anual, realiz\u00f3 el an\u00e1lisis de los precios promedios alcanzados en los distintos micronajes y realiz\u00f3 el cambio de autoridades, donde Santiago Onandi, de la firma Zambrano & C\u00eda., asumi\u00f3 la\u2026","rel":"","context":"En \u00abActualidad\u00bb","block_context":{"text":"Actualidad","link":"https:\/\/lahoradelcampo.com.uy\/site\/category\/actualidad\/"},"img":{"alt_text":"","src":"https:\/\/i0.wp.com\/lahoradelcampo.com.uy\/site\/wp-content\/uploads\/2024\/09\/SantiagoOnandi-lanas.jpg?fit=880%2C440&ssl=1&resize=350%2C200","width":350,"height":200,"srcset":"https:\/\/i0.wp.com\/lahoradelcampo.com.uy\/site\/wp-content\/uploads\/2024\/09\/SantiagoOnandi-lanas.jpg?fit=880%2C440&ssl=1&resize=350%2C200 1x, https:\/\/i0.wp.com\/lahoradelcampo.com.uy\/site\/wp-content\/uploads\/2024\/09\/SantiagoOnandi-lanas.jpg?fit=880%2C440&ssl=1&resize=525%2C300 1.5x, https:\/\/i0.wp.com\/lahoradelcampo.com.uy\/site\/wp-content\/uploads\/2024\/09\/SantiagoOnandi-lanas.jpg?fit=880%2C440&ssl=1&resize=700%2C400 2x"},"classes":[]}],"jetpack_likes_enabled":true,"_links":{"self":[{"href":"https:\/\/lahoradelcampo.com.uy\/site\/wp-json\/wp\/v2\/posts\/51417","targetHints":{"allow":["GET"]}}],"collection":[{"href":"https:\/\/lahoradelcampo.com.uy\/site\/wp-json\/wp\/v2\/posts"}],"about":[{"href":"https:\/\/lahoradelcampo.com.uy\/site\/wp-json\/wp\/v2\/types\/post"}],"author":[{"embeddable":true,"href":"https:\/\/lahoradelcampo.com.uy\/site\/wp-json\/wp\/v2\/users\/5"}],"replies":[{"embeddable":true,"href":"https:\/\/lahoradelcampo.com.uy\/site\/wp-json\/wp\/v2\/comments?post=51417"}],"version-history":[{"count":1,"href":"https:\/\/lahoradelcampo.com.uy\/site\/wp-json\/wp\/v2\/posts\/51417\/revisions"}],"predecessor-version":[{"id":51421,"href":"https:\/\/lahoradelcampo.com.uy\/site\/wp-json\/wp\/v2\/posts\/51417\/revisions\/51421"}],"wp:featuredmedia":[{"embeddable":true,"href":"https:\/\/lahoradelcampo.com.uy\/site\/wp-json\/wp\/v2\/media\/51419"}],"wp:attachment":[{"href":"https:\/\/lahoradelcampo.com.uy\/site\/wp-json\/wp\/v2\/media?parent=51417"}],"wp:term":[{"taxonomy":"category","embeddable":true,"href":"https:\/\/lahoradelcampo.com.uy\/site\/wp-json\/wp\/v2\/categories?post=51417"},{"taxonomy":"post_tag","embeddable":true,"href":"https:\/\/lahoradelcampo.com.uy\/site\/wp-json\/wp\/v2\/tags?post=51417"}],"curies":[{"name":"wp","href":"https:\/\/api.w.org\/{rel}","templated":true}]}}