{"id":51411,"date":"2023-06-23T09:35:00","date_gmt":"2023-06-23T12:35:00","guid":{"rendered":"http:\/\/lahoradelcampo.com.uy\/site\/?p=51411"},"modified":"2023-06-23T09:29:47","modified_gmt":"2023-06-23T12:29:47","slug":"en-el-mercado-interno-se-concretan-algunos-negocios","status":"publish","type":"post","link":"https:\/\/lahoradelcampo.com.uy\/site\/en-el-mercado-interno-se-concretan-algunos-negocios\/","title":{"rendered":"En el mercado interno se concretan algunos negocios"},"content":{"rendered":"\n<figure class=\"wp-block-image size-full\"><a href=\"https:\/\/i0.wp.com\/lahoradelcampo.com.uy\/site\/wp-content\/uploads\/2023\/06\/Lana-uruguay3.jpg\"><img data-recalc-dims=\"1\" loading=\"lazy\" decoding=\"async\" width=\"810\" height=\"405\" data-attachment-id=\"51413\" data-permalink=\"https:\/\/lahoradelcampo.com.uy\/site\/en-el-mercado-interno-se-concretan-algunos-negocios\/lana-uruguay3\/\" data-orig-file=\"https:\/\/i0.wp.com\/lahoradelcampo.com.uy\/site\/wp-content\/uploads\/2023\/06\/Lana-uruguay3.jpg?fit=880%2C440&amp;ssl=1\" data-orig-size=\"880,440\" data-comments-opened=\"1\" data-image-meta=\"{&quot;aperture&quot;:&quot;0&quot;,&quot;credit&quot;:&quot;&quot;,&quot;camera&quot;:&quot;&quot;,&quot;caption&quot;:&quot;&quot;,&quot;created_timestamp&quot;:&quot;0&quot;,&quot;copyright&quot;:&quot;&quot;,&quot;focal_length&quot;:&quot;0&quot;,&quot;iso&quot;:&quot;0&quot;,&quot;shutter_speed&quot;:&quot;0&quot;,&quot;title&quot;:&quot;&quot;,&quot;orientation&quot;:&quot;1&quot;}\" data-image-title=\"Lana-uruguay3\" data-image-description=\"\" data-image-caption=\"\" data-large-file=\"https:\/\/i0.wp.com\/lahoradelcampo.com.uy\/site\/wp-content\/uploads\/2023\/06\/Lana-uruguay3.jpg?fit=810%2C405&amp;ssl=1\" src=\"https:\/\/i0.wp.com\/lahoradelcampo.com.uy\/site\/wp-content\/uploads\/2023\/06\/Lana-uruguay3.jpg?resize=810%2C405\" alt=\"\" class=\"wp-image-51413\" srcset=\"https:\/\/i0.wp.com\/lahoradelcampo.com.uy\/site\/wp-content\/uploads\/2023\/06\/Lana-uruguay3.jpg?w=880&amp;ssl=1 880w, https:\/\/i0.wp.com\/lahoradelcampo.com.uy\/site\/wp-content\/uploads\/2023\/06\/Lana-uruguay3.jpg?resize=300%2C150&amp;ssl=1 300w, https:\/\/i0.wp.com\/lahoradelcampo.com.uy\/site\/wp-content\/uploads\/2023\/06\/Lana-uruguay3.jpg?resize=768%2C384&amp;ssl=1 768w, https:\/\/i0.wp.com\/lahoradelcampo.com.uy\/site\/wp-content\/uploads\/2023\/06\/Lana-uruguay3.jpg?resize=820%2C410&amp;ssl=1 820w\" sizes=\"auto, (max-width: 810px) 100vw, 810px\" \/><\/a><\/figure>\n\n\n\n<p>Despu\u00e9s de varios meses sin actividad y con frecuentes ausencias de referencias de precios claras para algunos micronajes, se han cerrado algunos negocios durante esta semana. Aunque los precios propuestos por la demanda no siempre cumplen las expectativas de los productores, en los casos en que se acercan las puntas, se logran concretar los negocios.<\/p>\n\n\n\n<p>A modo de referencia, las primas por lanas certificadas han disminuido significativamente, llegando en algunos casos puntuales a no mostrar diferencias con las lanas sin certificar. Esto se debe al dif\u00edcil contexto en el cual se encuentra el mercado en general.<\/p>\n\n\n\n<p>Seg\u00fan los comentarios de los operadores, los adelantos que tradicionalmente se negociaban con ciertas industrias se est\u00e1n dilatando en el tiempo y esto est\u00e1 directamente relacionado con la consecuencia del productor con dicha empresa.<\/p>\n\n\n\n<p>En cuanto a los negocios concretados, se ha vendido un lote de lanas de 19,9 micras a US$ 6,00 por kilogramo de vell\u00f3n. Se trata de 3.200 kilos con un rendimiento al lavado del 77%. Tambi\u00e9n se vendi\u00f3 un lote de 3.000 kilos de lanas de 20,1 micras, con un rendimiento al lavado del 76%, a un precio de US$ 5,60. En ambos casos se trata de lanas acondicionadas grifa verde, sin certificaci\u00f3n, y se estableci\u00f3 un plazo de 60 d\u00edas para el pago.<\/p>\n\n\n\n<p>Otras dos operaciones involucran lotes de dos zafras diferentes. En primer lugar, se vendi\u00f3 un lote de 2.800 kilos de la zafra 2020-2021, con un micronaje de 20,2 y un rendimiento al lavado del 75%, a un precio de US$ 5,50 por kilogramo de vell\u00f3n. Adem\u00e1s, se vendieron 3.000 kilos de la zafra 2021-2022, con un micronaje de 20,7 y un rendimiento al lavado del 76,5%, a un precio de US$ 5,10. En ambos casos, se trata de lanas acondicionadas grifa verde, con certificaci\u00f3n RWS y un valor de US$ 1,00 por los subproductos.<\/p>\n\n\n\n<p>En segundo lugar, se comercializ\u00f3 un lote de 7.000 kilos de lana de 23,5 micras, correspondiente a la zafra 2020-2021, con un rendimiento al lavado del 77%, a un precio de US$ 3,50 por kilogramo de vell\u00f3n. Tambi\u00e9n se vendieron 6.800 kilos de la zafra 2021-2022, con un micronaje de 23,1 y un rendimiento al lavado del 76%, a un precio de US$ 3,55. En ambos casos, se trata de lanas acondicionadas grifa verde, con certificaci\u00f3n RWS, y un valor de US$ 0,80 para los subproductos.<\/p>\n\n\n\n<p>Salto, 23 de junio de 2023<\/p>\n","protected":false},"excerpt":{"rendered":"<p>Despu\u00e9s de varios meses sin actividad y con frecuentes ausencias de referencias de precios claras para algunos micronajes, se han cerrado algunos negocios durante esta semana. Aunque los precios propuestos [&hellip;]<\/p>\n","protected":false},"author":5,"featured_media":51413,"comment_status":"open","ping_status":"open","sticky":false,"template":"","format":"standard","meta":{"_price":"","_stock":"","_tribe_ticket_header":"","_tribe_default_ticket_provider":"","_tribe_ticket_capacity":"0","_ticket_start_date":"","_ticket_end_date":"","_tribe_ticket_show_description":"","_tribe_ticket_show_not_going":false,"_tribe_ticket_use_global_stock":"","_tribe_ticket_global_stock_level":"","_global_stock_mode":"","_global_stock_cap":"","_tribe_rsvp_for_event":"","_tribe_ticket_going_count":"","_tribe_ticket_not_going_count":"","_tribe_tickets_list":"[]","_tribe_ticket_has_attendee_info_fields":false,"h5ap_radio_sources":[],"_jetpack_newsletter_access":"","_jetpack_dont_email_post_to_subs":false,"_jetpack_newsletter_tier_id":0,"_jetpack_memberships_contains_paywalled_content":false,"_jetpack_memberships_contains_paid_content":false,"footnotes":""},"categories":[21,13],"tags":[],"class_list":["post-51411","post","type-post","status-publish","format-standard","has-post-thumbnail","hentry","category-actualidad","category-ovinos"],"jetpack_featured_media_url":"https:\/\/i0.wp.com\/lahoradelcampo.com.uy\/site\/wp-content\/uploads\/2023\/06\/Lana-uruguay3.jpg?fit=880%2C440&ssl=1","jetpack_sharing_enabled":true,"jetpack_shortlink":"https:\/\/wp.me\/p99IaT-dnd","jetpack-related-posts":[{"id":30942,"url":"https:\/\/lahoradelcampo.com.uy\/site\/tras-negocios-puntuales-productores-esperan-mejores-precios-para-vender\/","url_meta":{"origin":51411,"position":0},"title":"Tras negocios puntuales, productores esperan mejores precios para vender","author":"La Hora del Campo","date":"4 junio, 2021","format":false,"excerpt":"En las \u00faltimas semanas se han dado algunos negocios, que se se\u00f1alan como puntuales por algunos operadores, con precios que generan expectativas y hace que algunos productores vuelvan a posicionarse con valores por encima de lo que la demanda est\u00e1 convalidando en los negocios. Si bien tanto desde la industria\u2026","rel":"","context":"En \u00abActualidad\u00bb","block_context":{"text":"Actualidad","link":"https:\/\/lahoradelcampo.com.uy\/site\/category\/actualidad\/"},"img":{"alt_text":"","src":"https:\/\/i0.wp.com\/lahoradelcampo.com.uy\/site\/wp-content\/uploads\/2021\/06\/lanauruguay.jpg?fit=880%2C440&ssl=1&resize=350%2C200","width":350,"height":200,"srcset":"https:\/\/i0.wp.com\/lahoradelcampo.com.uy\/site\/wp-content\/uploads\/2021\/06\/lanauruguay.jpg?fit=880%2C440&ssl=1&resize=350%2C200 1x, https:\/\/i0.wp.com\/lahoradelcampo.com.uy\/site\/wp-content\/uploads\/2021\/06\/lanauruguay.jpg?fit=880%2C440&ssl=1&resize=525%2C300 1.5x, https:\/\/i0.wp.com\/lahoradelcampo.com.uy\/site\/wp-content\/uploads\/2021\/06\/lanauruguay.jpg?fit=880%2C440&ssl=1&resize=700%2C400 2x"},"classes":[]},{"id":4395,"url":"https:\/\/lahoradelcampo.com.uy\/site\/agilidad-en-lanas-finas-y-dificultad-en-las-gruesas\/","url_meta":{"origin":51411,"position":1},"title":"Agilidad en lanas finas y dificultad en las gruesas","author":"La Hora del Campo","date":"1 diciembre, 2017","format":false,"excerpt":"El mercado lanero australiano se encuentra con agilidad para la concreci\u00f3n de los negocios, principalmente en lanas finas y medias, en tanto que aquellas que pasan de las 28,5 micras encuentran cierta resistencia en los negocios. La llegada de las tradicionales fiestas, las dificultades que muestra el mercado del gordo\u2026","rel":"","context":"En \u00abActualidad\u00bb","block_context":{"text":"Actualidad","link":"https:\/\/lahoradelcampo.com.uy\/site\/category\/actualidad\/"},"img":{"alt_text":"","src":"https:\/\/i0.wp.com\/lahoradelcampo.com.uy\/site\/wp-content\/uploads\/2017\/12\/Lanas-uruguay.jpg?fit=880%2C440&ssl=1&resize=350%2C200","width":350,"height":200,"srcset":"https:\/\/i0.wp.com\/lahoradelcampo.com.uy\/site\/wp-content\/uploads\/2017\/12\/Lanas-uruguay.jpg?fit=880%2C440&ssl=1&resize=350%2C200 1x, https:\/\/i0.wp.com\/lahoradelcampo.com.uy\/site\/wp-content\/uploads\/2017\/12\/Lanas-uruguay.jpg?fit=880%2C440&ssl=1&resize=525%2C300 1.5x, https:\/\/i0.wp.com\/lahoradelcampo.com.uy\/site\/wp-content\/uploads\/2017\/12\/Lanas-uruguay.jpg?fit=880%2C440&ssl=1&resize=700%2C400 2x"},"classes":[]},{"id":15990,"url":"https:\/\/lahoradelcampo.com.uy\/site\/mercado-lanero-pocos-negocios-y-los-valores-lejos-de-las-expectativas\/","url_meta":{"origin":51411,"position":2},"title":"Mercado lanero: Pocos negocios y los valores lejos de las expectativas","author":"La Hora del Campo","date":"24 noviembre, 2019","format":false,"excerpt":"El mercado interno se movi\u00f3 lentamente en algunos negocios sobre el pasado fin de semana para luego volver a aquietarse. Como es tradicional al acercarse al cierre del a\u00f1o, algunos productores buscan vender su lana, sin embargo a\u00fan da la sensaci\u00f3n que lejos est\u00e1 de conformarse un mercado fluido en\u2026","rel":"","context":"En \u00abActualidad\u00bb","block_context":{"text":"Actualidad","link":"https:\/\/lahoradelcampo.com.uy\/site\/category\/actualidad\/"},"img":{"alt_text":"","src":"https:\/\/i0.wp.com\/lahoradelcampo.com.uy\/site\/wp-content\/uploads\/2017\/10\/Lanas-2.jpg?fit=880%2C440&ssl=1&resize=350%2C200","width":350,"height":200,"srcset":"https:\/\/i0.wp.com\/lahoradelcampo.com.uy\/site\/wp-content\/uploads\/2017\/10\/Lanas-2.jpg?fit=880%2C440&ssl=1&resize=350%2C200 1x, https:\/\/i0.wp.com\/lahoradelcampo.com.uy\/site\/wp-content\/uploads\/2017\/10\/Lanas-2.jpg?fit=880%2C440&ssl=1&resize=525%2C300 1.5x, https:\/\/i0.wp.com\/lahoradelcampo.com.uy\/site\/wp-content\/uploads\/2017\/10\/Lanas-2.jpg?fit=880%2C440&ssl=1&resize=700%2C400 2x"},"classes":[]},{"id":40489,"url":"https:\/\/lahoradelcampo.com.uy\/site\/el-mercado-lanero-uruguayo-continua-cauteloso\/","url_meta":{"origin":51411,"position":3},"title":"El mercado lanero uruguayo contin\u00faa cauteloso","author":"La Hora del Campo","date":"1 abril, 2022","format":false,"excerpt":"Con un mercado que contin\u00faa con mucha cautela a la hora de cerrar nuevos negocios, los valores en las \u00faltimas semanas han tendido a bajar algunos centavos en el caso de las lanas finas, pero manteni\u00e9ndose la diferencia en el eje de un d\u00f3lar entre las lanas con o sin\u2026","rel":"","context":"En \u00abActualidad\u00bb","block_context":{"text":"Actualidad","link":"https:\/\/lahoradelcampo.com.uy\/site\/category\/actualidad\/"},"img":{"alt_text":"","src":"https:\/\/i0.wp.com\/lahoradelcampo.com.uy\/site\/wp-content\/uploads\/2021\/11\/lanasoctubre.jpg?fit=880%2C440&ssl=1&resize=350%2C200","width":350,"height":200,"srcset":"https:\/\/i0.wp.com\/lahoradelcampo.com.uy\/site\/wp-content\/uploads\/2021\/11\/lanasoctubre.jpg?fit=880%2C440&ssl=1&resize=350%2C200 1x, https:\/\/i0.wp.com\/lahoradelcampo.com.uy\/site\/wp-content\/uploads\/2021\/11\/lanasoctubre.jpg?fit=880%2C440&ssl=1&resize=525%2C300 1.5x, https:\/\/i0.wp.com\/lahoradelcampo.com.uy\/site\/wp-content\/uploads\/2021\/11\/lanasoctubre.jpg?fit=880%2C440&ssl=1&resize=700%2C400 2x"},"classes":[]},{"id":51281,"url":"https:\/\/lahoradelcampo.com.uy\/site\/el-mercado-lanero-uruguayo-continua-retraido-con-algunos-negocios-en-merino\/","url_meta":{"origin":51411,"position":4},"title":"El mercado lanero uruguayo contin\u00faa retra\u00eddo con algunos negocios en merino","author":"La Hora del Campo","date":"19 junio, 2023","format":false,"excerpt":"El mercado contin\u00faa retra\u00eddo, con algunos negocios puntuales que se van cerrando a medida que se logran encontrar las puntas entre la demanda y lo que procura el productor. Varios operadores y consignatarios laneros consultados al cierre de la semana, informaron un mercado tranquilo, sin movimientos, con precios y demanda\u2026","rel":"","context":"En \u00abActualidad\u00bb","block_context":{"text":"Actualidad","link":"https:\/\/lahoradelcampo.com.uy\/site\/category\/actualidad\/"},"img":{"alt_text":"","src":"https:\/\/i0.wp.com\/lahoradelcampo.com.uy\/site\/wp-content\/uploads\/2018\/03\/lanar-web.jpg?fit=880%2C440&ssl=1&resize=350%2C200","width":350,"height":200,"srcset":"https:\/\/i0.wp.com\/lahoradelcampo.com.uy\/site\/wp-content\/uploads\/2018\/03\/lanar-web.jpg?fit=880%2C440&ssl=1&resize=350%2C200 1x, https:\/\/i0.wp.com\/lahoradelcampo.com.uy\/site\/wp-content\/uploads\/2018\/03\/lanar-web.jpg?fit=880%2C440&ssl=1&resize=525%2C300 1.5x, https:\/\/i0.wp.com\/lahoradelcampo.com.uy\/site\/wp-content\/uploads\/2018\/03\/lanar-web.jpg?fit=880%2C440&ssl=1&resize=700%2C400 2x"},"classes":[]},{"id":31932,"url":"https:\/\/lahoradelcampo.com.uy\/site\/mercado-lanero-uruguayo-continuo-con-negocios-por-lanas-finas-2\/","url_meta":{"origin":51411,"position":5},"title":"Mercado lanero uruguayo continuo con negocios por lanas finas","author":"La Hora del Campo","date":"9 julio, 2021","format":false,"excerpt":"La pasada semana el mercado ya se hab\u00eda tranquilizado, debido a las bajas en el mercado lanero australiano, y con las bajas de esta semana las expectativas de mejoras en los valores tambi\u00e9n se observ\u00f3 disminuida. En el caso de las lanas finas, la oferta ha venido disminuyendo con ventas\u2026","rel":"","context":"En \u00abActualidad\u00bb","block_context":{"text":"Actualidad","link":"https:\/\/lahoradelcampo.com.uy\/site\/category\/actualidad\/"},"img":{"alt_text":"","src":"https:\/\/i0.wp.com\/lahoradelcampo.com.uy\/site\/wp-content\/uploads\/2019\/05\/lanas-interno.jpg?fit=880%2C440&ssl=1&resize=350%2C200","width":350,"height":200,"srcset":"https:\/\/i0.wp.com\/lahoradelcampo.com.uy\/site\/wp-content\/uploads\/2019\/05\/lanas-interno.jpg?fit=880%2C440&ssl=1&resize=350%2C200 1x, https:\/\/i0.wp.com\/lahoradelcampo.com.uy\/site\/wp-content\/uploads\/2019\/05\/lanas-interno.jpg?fit=880%2C440&ssl=1&resize=525%2C300 1.5x, https:\/\/i0.wp.com\/lahoradelcampo.com.uy\/site\/wp-content\/uploads\/2019\/05\/lanas-interno.jpg?fit=880%2C440&ssl=1&resize=700%2C400 2x"},"classes":[]}],"jetpack_likes_enabled":true,"_links":{"self":[{"href":"https:\/\/lahoradelcampo.com.uy\/site\/wp-json\/wp\/v2\/posts\/51411","targetHints":{"allow":["GET"]}}],"collection":[{"href":"https:\/\/lahoradelcampo.com.uy\/site\/wp-json\/wp\/v2\/posts"}],"about":[{"href":"https:\/\/lahoradelcampo.com.uy\/site\/wp-json\/wp\/v2\/types\/post"}],"author":[{"embeddable":true,"href":"https:\/\/lahoradelcampo.com.uy\/site\/wp-json\/wp\/v2\/users\/5"}],"replies":[{"embeddable":true,"href":"https:\/\/lahoradelcampo.com.uy\/site\/wp-json\/wp\/v2\/comments?post=51411"}],"version-history":[{"count":1,"href":"https:\/\/lahoradelcampo.com.uy\/site\/wp-json\/wp\/v2\/posts\/51411\/revisions"}],"predecessor-version":[{"id":51415,"href":"https:\/\/lahoradelcampo.com.uy\/site\/wp-json\/wp\/v2\/posts\/51411\/revisions\/51415"}],"wp:featuredmedia":[{"embeddable":true,"href":"https:\/\/lahoradelcampo.com.uy\/site\/wp-json\/wp\/v2\/media\/51413"}],"wp:attachment":[{"href":"https:\/\/lahoradelcampo.com.uy\/site\/wp-json\/wp\/v2\/media?parent=51411"}],"wp:term":[{"taxonomy":"category","embeddable":true,"href":"https:\/\/lahoradelcampo.com.uy\/site\/wp-json\/wp\/v2\/categories?post=51411"},{"taxonomy":"post_tag","embeddable":true,"href":"https:\/\/lahoradelcampo.com.uy\/site\/wp-json\/wp\/v2\/tags?post=51411"}],"curies":[{"name":"wp","href":"https:\/\/api.w.org\/{rel}","templated":true}]}}