{"id":51405,"date":"2023-06-23T09:22:29","date_gmt":"2023-06-23T12:22:29","guid":{"rendered":"http:\/\/lahoradelcampo.com.uy\/site\/?p=51405"},"modified":"2023-06-23T09:22:58","modified_gmt":"2023-06-23T12:22:58","slug":"inac-tomara-medidas-drasticas-contra-carnicerias-irregulares","status":"publish","type":"post","link":"https:\/\/lahoradelcampo.com.uy\/site\/inac-tomara-medidas-drasticas-contra-carnicerias-irregulares\/","title":{"rendered":"INAC tomar\u00e1 medidas dr\u00e1sticas contra carnicer\u00edas irregulares"},"content":{"rendered":"\n<figure class=\"wp-block-image size-full\"><a href=\"https:\/\/i0.wp.com\/lahoradelcampo.com.uy\/site\/wp-content\/uploads\/2023\/06\/INAC-Yocumplo.jpg\"><img data-recalc-dims=\"1\" loading=\"lazy\" decoding=\"async\" width=\"810\" height=\"405\" data-attachment-id=\"51407\" data-permalink=\"https:\/\/lahoradelcampo.com.uy\/site\/inac-tomara-medidas-drasticas-contra-carnicerias-irregulares\/inac-yocumplo\/\" data-orig-file=\"https:\/\/i0.wp.com\/lahoradelcampo.com.uy\/site\/wp-content\/uploads\/2023\/06\/INAC-Yocumplo.jpg?fit=880%2C440&amp;ssl=1\" data-orig-size=\"880,440\" data-comments-opened=\"1\" data-image-meta=\"{&quot;aperture&quot;:&quot;0&quot;,&quot;credit&quot;:&quot;&quot;,&quot;camera&quot;:&quot;&quot;,&quot;caption&quot;:&quot;&quot;,&quot;created_timestamp&quot;:&quot;0&quot;,&quot;copyright&quot;:&quot;&quot;,&quot;focal_length&quot;:&quot;0&quot;,&quot;iso&quot;:&quot;0&quot;,&quot;shutter_speed&quot;:&quot;0&quot;,&quot;title&quot;:&quot;&quot;,&quot;orientation&quot;:&quot;1&quot;}\" data-image-title=\"INAC-Yocumplo\" data-image-description=\"\" data-image-caption=\"\" data-large-file=\"https:\/\/i0.wp.com\/lahoradelcampo.com.uy\/site\/wp-content\/uploads\/2023\/06\/INAC-Yocumplo.jpg?fit=810%2C405&amp;ssl=1\" src=\"https:\/\/i0.wp.com\/lahoradelcampo.com.uy\/site\/wp-content\/uploads\/2023\/06\/INAC-Yocumplo.jpg?resize=810%2C405\" alt=\"\" class=\"wp-image-51407\" srcset=\"https:\/\/i0.wp.com\/lahoradelcampo.com.uy\/site\/wp-content\/uploads\/2023\/06\/INAC-Yocumplo.jpg?w=880&amp;ssl=1 880w, https:\/\/i0.wp.com\/lahoradelcampo.com.uy\/site\/wp-content\/uploads\/2023\/06\/INAC-Yocumplo.jpg?resize=300%2C150&amp;ssl=1 300w, https:\/\/i0.wp.com\/lahoradelcampo.com.uy\/site\/wp-content\/uploads\/2023\/06\/INAC-Yocumplo.jpg?resize=768%2C384&amp;ssl=1 768w, https:\/\/i0.wp.com\/lahoradelcampo.com.uy\/site\/wp-content\/uploads\/2023\/06\/INAC-Yocumplo.jpg?resize=820%2C410&amp;ssl=1 820w\" sizes=\"auto, (max-width: 810px) 100vw, 810px\" \/><\/a><\/figure>\n\n\n\n<p>El Instituto Nacional de Carnes (INAC) tomar\u00e1 medidas contundentes contra las carnicer\u00edas que no cumplen con las normas de habilitaci\u00f3n, d\u00e1ndolas de baja del Registro \u00danico Nacional de Empresas C\u00e1rnicas (RUNEC). Estos establecimientos ser\u00e1n marcados como \u00abcerrados\u00bb y no podr\u00e1n operar en el nuevo Sistema de Registro y Gesti\u00f3n del Abasto (SRGA), dise\u00f1ado para las transacciones comerciales en todo el pa\u00eds.<\/p>\n\n\n\n<p>Esta decisi\u00f3n de INAC se basa en su responsabilidad de controlar y garantizar la calidad y seguridad de los productos c\u00e1rnicos ofrecidos a los consumidores uruguayos.<\/p>\n\n\n\n<p>El instituto llevar\u00e1 a cabo inspecciones exhaustivas y rigurosas en todas las carnicer\u00edas y poller\u00edas del pa\u00eds, reafirmando su compromiso con la transparencia y la protecci\u00f3n del consumidor. Se tomar\u00e1n las medidas necesarias para eliminar cualquier pr\u00e1ctica que represente un riesgo potencial para la salud p\u00fablica.<\/p>\n\n\n\n<p>Es importante recordar que las carnicer\u00edas y poller\u00edas que no cuenten con la habilitaci\u00f3n correspondiente deben realizar los tr\u00e1mites en l\u00ednea en la p\u00e1gina web de INAC o comunicarse al 0800 4622 para regularizar su situaci\u00f3n. El incumplimiento de estas medidas acarrear\u00e1 fuertes multas y, en caso de reincidencia, el cierre definitivo del establecimiento.<\/p>\n\n\n\n<p>Para evitar sanciones, es suficiente iniciar el tr\u00e1mite en l\u00ednea en la p\u00e1gina web de INAC. Se puede obtener m\u00e1s informaci\u00f3n sobre el plan de adecuaci\u00f3n en YO CUMPLO.<\/p>\n\n\n\n<p>Salto, 23 de junio de 2023<\/p>\n","protected":false},"excerpt":{"rendered":"<p>El Instituto Nacional de Carnes (INAC) tomar\u00e1 medidas contundentes contra las carnicer\u00edas que no cumplen con las normas de habilitaci\u00f3n, d\u00e1ndolas de baja del Registro \u00danico Nacional de Empresas C\u00e1rnicas [&hellip;]<\/p>\n","protected":false},"author":5,"featured_media":51407,"comment_status":"open","ping_status":"open","sticky":false,"template":"","format":"standard","meta":{"_price":"","_stock":"","_tribe_ticket_header":"","_tribe_default_ticket_provider":"","_tribe_ticket_capacity":"0","_ticket_start_date":"","_ticket_end_date":"","_tribe_ticket_show_description":"","_tribe_ticket_show_not_going":false,"_tribe_ticket_use_global_stock":"","_tribe_ticket_global_stock_level":"","_global_stock_mode":"","_global_stock_cap":"","_tribe_rsvp_for_event":"","_tribe_ticket_going_count":"","_tribe_ticket_not_going_count":"","_tribe_tickets_list":"[]","_tribe_ticket_has_attendee_info_fields":false,"h5ap_radio_sources":[],"_jetpack_newsletter_access":"","_jetpack_dont_email_post_to_subs":false,"_jetpack_newsletter_tier_id":0,"_jetpack_memberships_contains_paywalled_content":false,"_jetpack_memberships_contains_paid_content":false,"footnotes":""},"categories":[21,5],"tags":[],"class_list":["post-51405","post","type-post","status-publish","format-standard","has-post-thumbnail","hentry","category-actualidad","category-ganaderia"],"jetpack_featured_media_url":"https:\/\/i0.wp.com\/lahoradelcampo.com.uy\/site\/wp-content\/uploads\/2023\/06\/INAC-Yocumplo.jpg?fit=880%2C440&ssl=1","jetpack_sharing_enabled":true,"jetpack_shortlink":"https:\/\/wp.me\/p99IaT-dn7","jetpack-related-posts":[{"id":30506,"url":"https:\/\/lahoradelcampo.com.uy\/site\/inac-amplio-el-plazo-de-exoneracion-para-las-carnicerias-del-interior\/","url_meta":{"origin":51405,"position":0},"title":"INAC ampli\u00f3 el plazo de exoneraci\u00f3n para las carnicer\u00edas del interior","author":"La Hora del Campo","date":"25 mayo, 2021","format":false,"excerpt":"El Instituto Nacional de Carnes (INAC) recuerda que desde el pasado 21 de enero de 2021, est\u00e1 bajo su cargo la habilitaci\u00f3n de carnicer\u00edas en todo el territorio nacional, antes lo hac\u00eda solamente en la capital del pa\u00eds. Este cambio normativo fue determinado en la Ley 19.889, de Urgente Consideraci\u00f3n.\u2026","rel":"","context":"En \u00abActualidad\u00bb","block_context":{"text":"Actualidad","link":"https:\/\/lahoradelcampo.com.uy\/site\/category\/actualidad\/"},"img":{"alt_text":"","src":"https:\/\/i0.wp.com\/lahoradelcampo.com.uy\/site\/wp-content\/uploads\/2021\/01\/Carnicerias.jpg?fit=880%2C440&ssl=1&resize=350%2C200","width":350,"height":200,"srcset":"https:\/\/i0.wp.com\/lahoradelcampo.com.uy\/site\/wp-content\/uploads\/2021\/01\/Carnicerias.jpg?fit=880%2C440&ssl=1&resize=350%2C200 1x, https:\/\/i0.wp.com\/lahoradelcampo.com.uy\/site\/wp-content\/uploads\/2021\/01\/Carnicerias.jpg?fit=880%2C440&ssl=1&resize=525%2C300 1.5x, https:\/\/i0.wp.com\/lahoradelcampo.com.uy\/site\/wp-content\/uploads\/2021\/01\/Carnicerias.jpg?fit=880%2C440&ssl=1&resize=700%2C400 2x"},"classes":[]},{"id":29160,"url":"https:\/\/lahoradelcampo.com.uy\/site\/inac-extendio-el-plazo-para-exonerar-tramites-de-carnicerias-del-interior\/","url_meta":{"origin":51405,"position":1},"title":"INAC extendi\u00f3 el plazo para exonerar tr\u00e1mites de carnicer\u00edas del interior","author":"La Hora del Campo","date":"12 abril, 2021","format":false,"excerpt":"A partir del 21 de enero de 2021, el Instituto Nacional de Carnes (INAC) pas\u00f3 a encargarse de la habilitaci\u00f3n de las carnicer\u00edas en todo el territorio nacional, algo que realizaba hasta el momento \u00fanicamente en la capital del pa\u00eds. Con la reglamentaci\u00f3n de la Ley N\u00b0 19.783, de Promoci\u00f3n\u2026","rel":"","context":"En \u00abActualidad\u00bb","block_context":{"text":"Actualidad","link":"https:\/\/lahoradelcampo.com.uy\/site\/category\/actualidad\/"},"img":{"alt_text":"","src":"https:\/\/i0.wp.com\/lahoradelcampo.com.uy\/site\/wp-content\/uploads\/2021\/01\/Carnicerias.jpg?fit=880%2C440&ssl=1&resize=350%2C200","width":350,"height":200,"srcset":"https:\/\/i0.wp.com\/lahoradelcampo.com.uy\/site\/wp-content\/uploads\/2021\/01\/Carnicerias.jpg?fit=880%2C440&ssl=1&resize=350%2C200 1x, https:\/\/i0.wp.com\/lahoradelcampo.com.uy\/site\/wp-content\/uploads\/2021\/01\/Carnicerias.jpg?fit=880%2C440&ssl=1&resize=525%2C300 1.5x, https:\/\/i0.wp.com\/lahoradelcampo.com.uy\/site\/wp-content\/uploads\/2021\/01\/Carnicerias.jpg?fit=880%2C440&ssl=1&resize=700%2C400 2x"},"classes":[]},{"id":32756,"url":"https:\/\/lahoradelcampo.com.uy\/site\/inac-avanza-con-el-registro-de-las-carnicerias-en-el-interior\/","url_meta":{"origin":51405,"position":2},"title":"INAC avanza con el registro de las carnicer\u00edas en el interior","author":"La Hora del Campo","date":"5 agosto, 2021","format":false,"excerpt":"El Instituto Nacional de Carnes (INAC), tal cual se ha informado anteriormente, ha pasado a ser responsable por el registro y habilitaci\u00f3n de las carnicer\u00edas en todo el pa\u00eds y no solamente en la capital como en a\u00f1os anteriores, cuando los puntos de expendio de carnes eran habilitados por las\u2026","rel":"","context":"En \u00abActualidad\u00bb","block_context":{"text":"Actualidad","link":"https:\/\/lahoradelcampo.com.uy\/site\/category\/actualidad\/"},"img":{"alt_text":"","src":"https:\/\/i0.wp.com\/lahoradelcampo.com.uy\/site\/wp-content\/uploads\/2021\/08\/carniceros-inac.jpg?fit=880%2C440&ssl=1&resize=350%2C200","width":350,"height":200,"srcset":"https:\/\/i0.wp.com\/lahoradelcampo.com.uy\/site\/wp-content\/uploads\/2021\/08\/carniceros-inac.jpg?fit=880%2C440&ssl=1&resize=350%2C200 1x, https:\/\/i0.wp.com\/lahoradelcampo.com.uy\/site\/wp-content\/uploads\/2021\/08\/carniceros-inac.jpg?fit=880%2C440&ssl=1&resize=525%2C300 1.5x, https:\/\/i0.wp.com\/lahoradelcampo.com.uy\/site\/wp-content\/uploads\/2021\/08\/carniceros-inac.jpg?fit=880%2C440&ssl=1&resize=700%2C400 2x"},"classes":[]},{"id":40669,"url":"https:\/\/lahoradelcampo.com.uy\/site\/inac-extendio-hasta-el-1-6-la-exoneracion-a-carnicerias-del-interior\/","url_meta":{"origin":51405,"position":3},"title":"INAC extendi\u00f3 hasta el 1\/6 la exoneraci\u00f3n a carnicer\u00edas del interior","author":"La Hora del Campo","date":"8 abril, 2022","format":false,"excerpt":"El Instituto Nacional de Carnes (INAC) ampli\u00f3 hasta el 1ro de junio de 2022 el plazo de exoneraci\u00f3n de los costos de todos los tr\u00e1mites de carnicer\u00edas del interior La decisi\u00f3n se genera para brindar facilidades a los carniceros para ser incluidos en el Registro \u00danico Nacional de Empresas C\u00e1rnicas\u2026","rel":"","context":"En \u00abActualidad\u00bb","block_context":{"text":"Actualidad","link":"https:\/\/lahoradelcampo.com.uy\/site\/category\/actualidad\/"},"img":{"alt_text":"","src":"https:\/\/i0.wp.com\/lahoradelcampo.com.uy\/site\/wp-content\/uploads\/2021\/12\/Carnevacuna.jpg?fit=880%2C440&ssl=1&resize=350%2C200","width":350,"height":200,"srcset":"https:\/\/i0.wp.com\/lahoradelcampo.com.uy\/site\/wp-content\/uploads\/2021\/12\/Carnevacuna.jpg?fit=880%2C440&ssl=1&resize=350%2C200 1x, https:\/\/i0.wp.com\/lahoradelcampo.com.uy\/site\/wp-content\/uploads\/2021\/12\/Carnevacuna.jpg?fit=880%2C440&ssl=1&resize=525%2C300 1.5x, https:\/\/i0.wp.com\/lahoradelcampo.com.uy\/site\/wp-content\/uploads\/2021\/12\/Carnevacuna.jpg?fit=880%2C440&ssl=1&resize=700%2C400 2x"},"classes":[]},{"id":51588,"url":"https:\/\/lahoradelcampo.com.uy\/site\/inac-dio-de-baja-43-carnicerias-en-el-interior-del-pais-porque-no-cumplian-con-la-normativa\/","url_meta":{"origin":51405,"position":4},"title":"INAC dio de baja 43 carnicer\u00edas en el interior del pa\u00eds porque no cumplian con la normativa","author":"La Hora del Campo","date":"2 julio, 2023","format":false,"excerpt":"El Instituto Nacional de Carnes (INAC) ha tomado medidas dr\u00e1sticas para regularizar el mercado comercial de carnes en Uruguay, lo que ha resultado en la baja de 43 carnicer\u00edas. Estas acciones forman parte de los esfuerzos del Instituto para garantizar la calidad y seguridad de los productos c\u00e1rnicos ofrecidos a\u2026","rel":"","context":"En \u00abActualidad\u00bb","block_context":{"text":"Actualidad","link":"https:\/\/lahoradelcampo.com.uy\/site\/category\/actualidad\/"},"img":{"alt_text":"","src":"https:\/\/i0.wp.com\/lahoradelcampo.com.uy\/site\/wp-content\/uploads\/2023\/07\/INAC-yocumplo1.jpg?fit=880%2C440&ssl=1&resize=350%2C200","width":350,"height":200,"srcset":"https:\/\/i0.wp.com\/lahoradelcampo.com.uy\/site\/wp-content\/uploads\/2023\/07\/INAC-yocumplo1.jpg?fit=880%2C440&ssl=1&resize=350%2C200 1x, https:\/\/i0.wp.com\/lahoradelcampo.com.uy\/site\/wp-content\/uploads\/2023\/07\/INAC-yocumplo1.jpg?fit=880%2C440&ssl=1&resize=525%2C300 1.5x, https:\/\/i0.wp.com\/lahoradelcampo.com.uy\/site\/wp-content\/uploads\/2023\/07\/INAC-yocumplo1.jpg?fit=880%2C440&ssl=1&resize=700%2C400 2x"},"classes":[]},{"id":42465,"url":"https:\/\/lahoradelcampo.com.uy\/site\/amplian-plazo-de-exoneracion-para-tramites-de-carnicerias-en-inac\/","url_meta":{"origin":51405,"position":5},"title":"Ampl\u00edan plazo de exoneraci\u00f3n para tr\u00e1mites de carnicer\u00edas en INAC","author":"La Hora del Campo","date":"6 junio, 2022","format":false,"excerpt":"Adicionalmente a la ampliaci\u00f3n de plazo de exoneraci\u00f3n de costos para carnicer\u00edas del interior, INAC puso a disposici\u00f3n de todas las carnicer\u00edas del pa\u00eds los nuevos costos con disminuciones y cambios sustanciales, para las distintas gestiones ante el Instituto. En especial, se uniformiz\u00f3 el costo del tr\u00e1mite de habilitaci\u00f3n de\u2026","rel":"","context":"En \u00abActualidad\u00bb","block_context":{"text":"Actualidad","link":"https:\/\/lahoradelcampo.com.uy\/site\/category\/actualidad\/"},"img":{"alt_text":"","src":"https:\/\/i0.wp.com\/lahoradelcampo.com.uy\/site\/wp-content\/uploads\/2021\/01\/Carnicerias.jpg?fit=880%2C440&ssl=1&resize=350%2C200","width":350,"height":200,"srcset":"https:\/\/i0.wp.com\/lahoradelcampo.com.uy\/site\/wp-content\/uploads\/2021\/01\/Carnicerias.jpg?fit=880%2C440&ssl=1&resize=350%2C200 1x, https:\/\/i0.wp.com\/lahoradelcampo.com.uy\/site\/wp-content\/uploads\/2021\/01\/Carnicerias.jpg?fit=880%2C440&ssl=1&resize=525%2C300 1.5x, https:\/\/i0.wp.com\/lahoradelcampo.com.uy\/site\/wp-content\/uploads\/2021\/01\/Carnicerias.jpg?fit=880%2C440&ssl=1&resize=700%2C400 2x"},"classes":[]}],"jetpack_likes_enabled":true,"_links":{"self":[{"href":"https:\/\/lahoradelcampo.com.uy\/site\/wp-json\/wp\/v2\/posts\/51405","targetHints":{"allow":["GET"]}}],"collection":[{"href":"https:\/\/lahoradelcampo.com.uy\/site\/wp-json\/wp\/v2\/posts"}],"about":[{"href":"https:\/\/lahoradelcampo.com.uy\/site\/wp-json\/wp\/v2\/types\/post"}],"author":[{"embeddable":true,"href":"https:\/\/lahoradelcampo.com.uy\/site\/wp-json\/wp\/v2\/users\/5"}],"replies":[{"embeddable":true,"href":"https:\/\/lahoradelcampo.com.uy\/site\/wp-json\/wp\/v2\/comments?post=51405"}],"version-history":[{"count":1,"href":"https:\/\/lahoradelcampo.com.uy\/site\/wp-json\/wp\/v2\/posts\/51405\/revisions"}],"predecessor-version":[{"id":51409,"href":"https:\/\/lahoradelcampo.com.uy\/site\/wp-json\/wp\/v2\/posts\/51405\/revisions\/51409"}],"wp:featuredmedia":[{"embeddable":true,"href":"https:\/\/lahoradelcampo.com.uy\/site\/wp-json\/wp\/v2\/media\/51407"}],"wp:attachment":[{"href":"https:\/\/lahoradelcampo.com.uy\/site\/wp-json\/wp\/v2\/media?parent=51405"}],"wp:term":[{"taxonomy":"category","embeddable":true,"href":"https:\/\/lahoradelcampo.com.uy\/site\/wp-json\/wp\/v2\/categories?post=51405"},{"taxonomy":"post_tag","embeddable":true,"href":"https:\/\/lahoradelcampo.com.uy\/site\/wp-json\/wp\/v2\/tags?post=51405"}],"curies":[{"name":"wp","href":"https:\/\/api.w.org\/{rel}","templated":true}]}}