{"id":51379,"date":"2023-06-23T07:40:05","date_gmt":"2023-06-23T10:40:05","guid":{"rendered":"http:\/\/lahoradelcampo.com.uy\/site\/?p=51379"},"modified":"2023-06-23T07:41:39","modified_gmt":"2023-06-23T10:41:39","slug":"el-28-de-los-trabajadores-en-tambos-son-mujeres","status":"publish","type":"post","link":"https:\/\/lahoradelcampo.com.uy\/site\/el-28-de-los-trabajadores-en-tambos-son-mujeres\/","title":{"rendered":"El 28% de los trabajadores en tambos son mujeres"},"content":{"rendered":"\n<figure class=\"wp-block-image size-full\"><a href=\"https:\/\/i0.wp.com\/lahoradelcampo.com.uy\/site\/wp-content\/uploads\/2023\/06\/Mujeres-tambos.jpg\"><img data-recalc-dims=\"1\" loading=\"lazy\" decoding=\"async\" width=\"810\" height=\"405\" data-attachment-id=\"51381\" data-permalink=\"https:\/\/lahoradelcampo.com.uy\/site\/el-28-de-los-trabajadores-en-tambos-son-mujeres\/mujeres-tambos\/\" data-orig-file=\"https:\/\/i0.wp.com\/lahoradelcampo.com.uy\/site\/wp-content\/uploads\/2023\/06\/Mujeres-tambos.jpg?fit=880%2C440&amp;ssl=1\" data-orig-size=\"880,440\" data-comments-opened=\"1\" data-image-meta=\"{&quot;aperture&quot;:&quot;0&quot;,&quot;credit&quot;:&quot;&quot;,&quot;camera&quot;:&quot;&quot;,&quot;caption&quot;:&quot;&quot;,&quot;created_timestamp&quot;:&quot;0&quot;,&quot;copyright&quot;:&quot;&quot;,&quot;focal_length&quot;:&quot;0&quot;,&quot;iso&quot;:&quot;0&quot;,&quot;shutter_speed&quot;:&quot;0&quot;,&quot;title&quot;:&quot;&quot;,&quot;orientation&quot;:&quot;1&quot;}\" data-image-title=\"Mujeres-tambos\" data-image-description=\"\" data-image-caption=\"\" data-large-file=\"https:\/\/i0.wp.com\/lahoradelcampo.com.uy\/site\/wp-content\/uploads\/2023\/06\/Mujeres-tambos.jpg?fit=810%2C405&amp;ssl=1\" src=\"https:\/\/i0.wp.com\/lahoradelcampo.com.uy\/site\/wp-content\/uploads\/2023\/06\/Mujeres-tambos.jpg?resize=810%2C405\" alt=\"\" class=\"wp-image-51381\" srcset=\"https:\/\/i0.wp.com\/lahoradelcampo.com.uy\/site\/wp-content\/uploads\/2023\/06\/Mujeres-tambos.jpg?w=880&amp;ssl=1 880w, https:\/\/i0.wp.com\/lahoradelcampo.com.uy\/site\/wp-content\/uploads\/2023\/06\/Mujeres-tambos.jpg?resize=300%2C150&amp;ssl=1 300w, https:\/\/i0.wp.com\/lahoradelcampo.com.uy\/site\/wp-content\/uploads\/2023\/06\/Mujeres-tambos.jpg?resize=768%2C384&amp;ssl=1 768w, https:\/\/i0.wp.com\/lahoradelcampo.com.uy\/site\/wp-content\/uploads\/2023\/06\/Mujeres-tambos.jpg?resize=820%2C410&amp;ssl=1 820w\" sizes=\"auto, (max-width: 810px) 100vw, 810px\" \/><\/a><\/figure>\n\n\n\n<p>Un estudio presentado en el espacio Mujeres rurales y del agro del Ministerio de Ganader\u00eda, Agricultura y Pesca revel\u00f3 que el 28% de los trabajadores en tambos son mujeres. Adem\u00e1s, se destac\u00f3 que los establecimientos en los que participan mujeres de la familia tienen mayores posibilidades de continuidad en comparaci\u00f3n con aquellos en los que solo participan hombres.<\/p>\n\n\n\n<p>En la presentaci\u00f3n de los resultados del an\u00e1lisis de la Encuesta Lechera, la Ing. Agr. Ana Pedemonte, del Instituto Nacional de la Leche (Inale), resalt\u00f3 la importancia del rol de las mujeres en la lecher\u00eda y comparti\u00f3 datos relevantes:<\/p>\n\n\n\n<p>Las mujeres representan el 28% de las personas que trabajan en tambos, siendo dos tercios de ellas parte de la familia.<\/p>\n\n\n\n<p>Las principales tareas desempe\u00f1adas por las mujeres en los tambos incluyen la administraci\u00f3n y la elaboraci\u00f3n de quesos, as\u00ed como el orde\u00f1e y la recr\u00eda. El 28% de las mujeres de la familia tiene como principal tarea el orde\u00f1e, seguido de tareas de administraci\u00f3n (14%), elaboraci\u00f3n de quesos (13%) y manejo de la recr\u00eda (11%). Por otro lado, el 68% de las mujeres asalariadas se dedican al orde\u00f1e.<\/p>\n\n\n\n<p>En el caso de los hombres de la familia, el orde\u00f1e tambi\u00e9n ocupa una parte importante de sus responsabilidades (26%), seguido de tareas de direcci\u00f3n (20%), tractorista (13%) y organizaci\u00f3n del trabajo (10%). En cuanto a los hombres asalariados, casi la mitad se dedican al orde\u00f1e, seguido de tareas de tractorista (20%) y pe\u00f3n general (13%).<\/p>\n\n\n\n<p>Tanto las mujeres como los hombres de la familia tienen una formaci\u00f3n similar, pero desempe\u00f1an tareas diferentes en los tambos.<\/p>\n\n\n\n<p>En los establecimientos remitentes, las mujeres representan el 26% de los trabajadores, mientras que en las queser\u00edas artesanales alcanzan el 42%.<\/p>\n\n\n\n<p>Los establecimientos en los que participan mujeres de la familia tienen m\u00e1s posibilidades de contar con un relevo generacional en comparaci\u00f3n con aquellos en los que solo participan hombres.<\/p>\n\n\n\n<p>Salto, 23 de junio de 2023<\/p>\n","protected":false},"excerpt":{"rendered":"<p>Un estudio presentado en el espacio Mujeres rurales y del agro del Ministerio de Ganader\u00eda, Agricultura y Pesca revel\u00f3 que el 28% de los trabajadores en tambos son mujeres. Adem\u00e1s, [&hellip;]<\/p>\n","protected":false},"author":5,"featured_media":51381,"comment_status":"open","ping_status":"open","sticky":false,"template":"","format":"standard","meta":{"_price":"","_stock":"","_tribe_ticket_header":"","_tribe_default_ticket_provider":"","_tribe_ticket_capacity":"0","_ticket_start_date":"","_ticket_end_date":"","_tribe_ticket_show_description":"","_tribe_ticket_show_not_going":false,"_tribe_ticket_use_global_stock":"","_tribe_ticket_global_stock_level":"","_global_stock_mode":"","_global_stock_cap":"","_tribe_rsvp_for_event":"","_tribe_ticket_going_count":"","_tribe_ticket_not_going_count":"","_tribe_tickets_list":"[]","_tribe_ticket_has_attendee_info_fields":false,"h5ap_radio_sources":[],"_jetpack_newsletter_access":"","_jetpack_dont_email_post_to_subs":false,"_jetpack_newsletter_tier_id":0,"_jetpack_memberships_contains_paywalled_content":false,"_jetpack_memberships_contains_paid_content":false,"footnotes":""},"categories":[21,11],"tags":[],"class_list":["post-51379","post","type-post","status-publish","format-standard","has-post-thumbnail","hentry","category-actualidad","category-lecheria"],"jetpack_featured_media_url":"https:\/\/i0.wp.com\/lahoradelcampo.com.uy\/site\/wp-content\/uploads\/2023\/06\/Mujeres-tambos.jpg?fit=880%2C440&ssl=1","jetpack_sharing_enabled":true,"jetpack_shortlink":"https:\/\/wp.me\/p99IaT-dmH","jetpack-related-posts":[{"id":5273,"url":"https:\/\/lahoradelcampo.com.uy\/site\/cambio-climatico-con-perspectiva-de-genero-para-mujeres-rurales-en-salto\/","url_meta":{"origin":51379,"position":0},"title":"Cambio clim\u00e1tico con perspectiva de g\u00e9nero para mujeres rurales en Salto","author":"La Hora del Campo","date":"5 enero, 2018","format":false,"excerpt":"Del 18 al 20 de diciembre se realiz\u00f3 en Salto un curso que abord\u00f3, con perspectiva de g\u00e9nero, dos temas relevantes en el medio rural: el cambio clim\u00e1tico y la caminer\u00eda rural. Tuvo lugar en la Estancia Experimental de Facultad de Agronom\u00eda y cont\u00f3 con la participaci\u00f3n de 25 mujeres\u2026","rel":"","context":"En \u00abActualidad\u00bb","block_context":{"text":"Actualidad","link":"https:\/\/lahoradelcampo.com.uy\/site\/category\/actualidad\/"},"img":{"alt_text":"","src":"https:\/\/i0.wp.com\/lahoradelcampo.com.uy\/site\/wp-content\/uploads\/2018\/01\/Mujeres.jpg?fit=880%2C440&ssl=1&resize=350%2C200","width":350,"height":200,"srcset":"https:\/\/i0.wp.com\/lahoradelcampo.com.uy\/site\/wp-content\/uploads\/2018\/01\/Mujeres.jpg?fit=880%2C440&ssl=1&resize=350%2C200 1x, https:\/\/i0.wp.com\/lahoradelcampo.com.uy\/site\/wp-content\/uploads\/2018\/01\/Mujeres.jpg?fit=880%2C440&ssl=1&resize=525%2C300 1.5x, https:\/\/i0.wp.com\/lahoradelcampo.com.uy\/site\/wp-content\/uploads\/2018\/01\/Mujeres.jpg?fit=880%2C440&ssl=1&resize=700%2C400 2x"},"classes":[]},{"id":18212,"url":"https:\/\/lahoradelcampo.com.uy\/site\/cuidados-en-los-tambos-ante-el-covid-19\/","url_meta":{"origin":51379,"position":1},"title":"Cuidados en los tambos ante el Covid-19","author":"La Hora del Campo","date":"23 marzo, 2020","format":false,"excerpt":"El Instituto Nacional de la Leche, emiti\u00f3 un comunicado con recomendaciones para el sector lechero y los cuidados a llevar adelante en los tambos a nivel pa\u00eds. En este sentido se recuerda que la \u00fanica tarea impostergable en estos sistemas de producci\u00f3n es \"el orde\u00f1e\" y se plantea que bajo\u2026","rel":"","context":"En \u00abActualidad\u00bb","block_context":{"text":"Actualidad","link":"https:\/\/lahoradelcampo.com.uy\/site\/category\/actualidad\/"},"img":{"alt_text":"","src":"https:\/\/i0.wp.com\/lahoradelcampo.com.uy\/site\/wp-content\/uploads\/2017\/10\/Lecheria.jpg?fit=880%2C440&ssl=1&resize=350%2C200","width":350,"height":200,"srcset":"https:\/\/i0.wp.com\/lahoradelcampo.com.uy\/site\/wp-content\/uploads\/2017\/10\/Lecheria.jpg?fit=880%2C440&ssl=1&resize=350%2C200 1x, https:\/\/i0.wp.com\/lahoradelcampo.com.uy\/site\/wp-content\/uploads\/2017\/10\/Lecheria.jpg?fit=880%2C440&ssl=1&resize=525%2C300 1.5x, https:\/\/i0.wp.com\/lahoradelcampo.com.uy\/site\/wp-content\/uploads\/2017\/10\/Lecheria.jpg?fit=880%2C440&ssl=1&resize=700%2C400 2x"},"classes":[]},{"id":36647,"url":"https:\/\/lahoradelcampo.com.uy\/site\/precio-de-la-leche-en-los-tambos-subio-un-17\/","url_meta":{"origin":51379,"position":2},"title":"Precio de la leche en los tambos subi\u00f3 un 17%","author":"La Hora del Campo","date":"17 noviembre, 2021","format":false,"excerpt":"Durante el pasado mes de setiembre, el valor promedio del litro de leche en los tambos analizado en d\u00f3lares, ha marcado un incremento del 17% respecto a igual mes de 2020, tras situarse en US$ 0,36. Esta suba se debe a la mejora de los valores de exportaci\u00f3n recibidos por\u2026","rel":"","context":"En \u00abActualidad\u00bb","block_context":{"text":"Actualidad","link":"https:\/\/lahoradelcampo.com.uy\/site\/category\/actualidad\/"},"img":{"alt_text":"","src":"https:\/\/i0.wp.com\/lahoradelcampo.com.uy\/site\/wp-content\/uploads\/2017\/11\/lecheria.jpg?fit=880%2C440&ssl=1&resize=350%2C200","width":350,"height":200,"srcset":"https:\/\/i0.wp.com\/lahoradelcampo.com.uy\/site\/wp-content\/uploads\/2017\/11\/lecheria.jpg?fit=880%2C440&ssl=1&resize=350%2C200 1x, https:\/\/i0.wp.com\/lahoradelcampo.com.uy\/site\/wp-content\/uploads\/2017\/11\/lecheria.jpg?fit=880%2C440&ssl=1&resize=525%2C300 1.5x, https:\/\/i0.wp.com\/lahoradelcampo.com.uy\/site\/wp-content\/uploads\/2017\/11\/lecheria.jpg?fit=880%2C440&ssl=1&resize=700%2C400 2x"},"classes":[]},{"id":23338,"url":"https:\/\/lahoradelcampo.com.uy\/site\/indicador-de-acceso-a-la-tierra-de-las-mujeres-ubica-a-uruguay-a-mitad-de-tabla\/","url_meta":{"origin":51379,"position":3},"title":"Indicador de acceso a la tierra de las mujeres ubica a Uruguay a mitad de tabla","author":"La Hora del Campo","date":"8 septiembre, 2020","format":false,"excerpt":"Fruto de la colaboraci\u00f3n del Instituto Nacional de Colonizaci\u00f3n y la Organizaci\u00f3n de las Naciones Unidas para la Alimentaci\u00f3n y la Agricultura (FAO) se evalu\u00f3 el cumplimiento del indicador de garant\u00edas del marco legal de igualdad de derechos de las mujeres a la propiedad y\/o control de la tierra. Se\u2026","rel":"","context":"En \u00abActualidad\u00bb","block_context":{"text":"Actualidad","link":"https:\/\/lahoradelcampo.com.uy\/site\/category\/actualidad\/"},"img":{"alt_text":"","src":"https:\/\/i0.wp.com\/lahoradelcampo.com.uy\/site\/wp-content\/uploads\/2020\/09\/mujeresrurales.jpg?fit=880%2C440&ssl=1&resize=350%2C200","width":350,"height":200,"srcset":"https:\/\/i0.wp.com\/lahoradelcampo.com.uy\/site\/wp-content\/uploads\/2020\/09\/mujeresrurales.jpg?fit=880%2C440&ssl=1&resize=350%2C200 1x, https:\/\/i0.wp.com\/lahoradelcampo.com.uy\/site\/wp-content\/uploads\/2020\/09\/mujeresrurales.jpg?fit=880%2C440&ssl=1&resize=525%2C300 1.5x, https:\/\/i0.wp.com\/lahoradelcampo.com.uy\/site\/wp-content\/uploads\/2020\/09\/mujeresrurales.jpg?fit=880%2C440&ssl=1&resize=700%2C400 2x"},"classes":[]},{"id":15286,"url":"https:\/\/lahoradelcampo.com.uy\/site\/iica-presento-la-segunda-edicion-del-libro-luchadoras\/","url_meta":{"origin":51379,"position":4},"title":"IICA present\u00f3 la segunda  edici\u00f3n del libro \u00abLuchadoras\u00bb","author":"La Hora del Campo","date":"23 octubre, 2019","format":false,"excerpt":"El Instituto Interamericano de Cooperaci\u00f3n para la Agricultura (IICA) present\u00f3 en Uruguay la 2\u00aa edici\u00f3n del libro \u201cLuchadoras\u201d que se realiz\u00f3 en simult\u00e1neamente en otros 13 pa\u00edses, en el marco del d\u00eda de la mujer rural. El libro, editado por el IICA en espa\u00f1ol, portugu\u00e9s e ingl\u00e9s, re\u00fane escritos que\u2026","rel":"","context":"En \u00abActualidad\u00bb","block_context":{"text":"Actualidad","link":"https:\/\/lahoradelcampo.com.uy\/site\/category\/actualidad\/"},"img":{"alt_text":"","src":"https:\/\/i0.wp.com\/lahoradelcampo.com.uy\/site\/wp-content\/uploads\/2019\/10\/Luchadoras.jpg?fit=880%2C440&ssl=1&resize=350%2C200","width":350,"height":200,"srcset":"https:\/\/i0.wp.com\/lahoradelcampo.com.uy\/site\/wp-content\/uploads\/2019\/10\/Luchadoras.jpg?fit=880%2C440&ssl=1&resize=350%2C200 1x, https:\/\/i0.wp.com\/lahoradelcampo.com.uy\/site\/wp-content\/uploads\/2019\/10\/Luchadoras.jpg?fit=880%2C440&ssl=1&resize=525%2C300 1.5x, https:\/\/i0.wp.com\/lahoradelcampo.com.uy\/site\/wp-content\/uploads\/2019\/10\/Luchadoras.jpg?fit=880%2C440&ssl=1&resize=700%2C400 2x"},"classes":[]},{"id":33787,"url":"https:\/\/lahoradelcampo.com.uy\/site\/mujeres-rurales-podran-capacitarse-en-educacion-financiera\/","url_meta":{"origin":51379,"position":5},"title":"Mujeres rurales podr\u00e1n capacitarse en Educaci\u00f3n Financiera","author":"La Hora del Campo","date":"7 septiembre, 2021","format":false,"excerpt":"El Ministerio de Ganader\u00eda, Agricultura y Pesca (MGAP) junto a la Agencia Nacional de Desarrollo (ANDE) realizaron el lanzamiento y convocatoria para participar del taller virtual gratuito de Educaci\u00f3n Financiera. El curso es uno de los compromisos asumidos por las distintas instituciones que participan del Plan Nacional de G\u00e9nero en\u2026","rel":"","context":"En \u00abActualidad\u00bb","block_context":{"text":"Actualidad","link":"https:\/\/lahoradelcampo.com.uy\/site\/category\/actualidad\/"},"img":{"alt_text":"","src":"https:\/\/i0.wp.com\/lahoradelcampo.com.uy\/site\/wp-content\/uploads\/2021\/09\/MGAP-MR.jpg?fit=880%2C440&ssl=1&resize=350%2C200","width":350,"height":200,"srcset":"https:\/\/i0.wp.com\/lahoradelcampo.com.uy\/site\/wp-content\/uploads\/2021\/09\/MGAP-MR.jpg?fit=880%2C440&ssl=1&resize=350%2C200 1x, https:\/\/i0.wp.com\/lahoradelcampo.com.uy\/site\/wp-content\/uploads\/2021\/09\/MGAP-MR.jpg?fit=880%2C440&ssl=1&resize=525%2C300 1.5x, https:\/\/i0.wp.com\/lahoradelcampo.com.uy\/site\/wp-content\/uploads\/2021\/09\/MGAP-MR.jpg?fit=880%2C440&ssl=1&resize=700%2C400 2x"},"classes":[]}],"jetpack_likes_enabled":true,"_links":{"self":[{"href":"https:\/\/lahoradelcampo.com.uy\/site\/wp-json\/wp\/v2\/posts\/51379","targetHints":{"allow":["GET"]}}],"collection":[{"href":"https:\/\/lahoradelcampo.com.uy\/site\/wp-json\/wp\/v2\/posts"}],"about":[{"href":"https:\/\/lahoradelcampo.com.uy\/site\/wp-json\/wp\/v2\/types\/post"}],"author":[{"embeddable":true,"href":"https:\/\/lahoradelcampo.com.uy\/site\/wp-json\/wp\/v2\/users\/5"}],"replies":[{"embeddable":true,"href":"https:\/\/lahoradelcampo.com.uy\/site\/wp-json\/wp\/v2\/comments?post=51379"}],"version-history":[{"count":2,"href":"https:\/\/lahoradelcampo.com.uy\/site\/wp-json\/wp\/v2\/posts\/51379\/revisions"}],"predecessor-version":[{"id":51387,"href":"https:\/\/lahoradelcampo.com.uy\/site\/wp-json\/wp\/v2\/posts\/51379\/revisions\/51387"}],"wp:featuredmedia":[{"embeddable":true,"href":"https:\/\/lahoradelcampo.com.uy\/site\/wp-json\/wp\/v2\/media\/51381"}],"wp:attachment":[{"href":"https:\/\/lahoradelcampo.com.uy\/site\/wp-json\/wp\/v2\/media?parent=51379"}],"wp:term":[{"taxonomy":"category","embeddable":true,"href":"https:\/\/lahoradelcampo.com.uy\/site\/wp-json\/wp\/v2\/categories?post=51379"},{"taxonomy":"post_tag","embeddable":true,"href":"https:\/\/lahoradelcampo.com.uy\/site\/wp-json\/wp\/v2\/tags?post=51379"}],"curies":[{"name":"wp","href":"https:\/\/api.w.org\/{rel}","templated":true}]}}