{"id":51355,"date":"2023-06-22T07:20:26","date_gmt":"2023-06-22T10:20:26","guid":{"rendered":"http:\/\/lahoradelcampo.com.uy\/site\/?p=51355"},"modified":"2023-06-22T07:36:06","modified_gmt":"2023-06-22T10:36:06","slug":"pasar-el-invierno-en-un-contexto-desafiante-para-la-ganaderia-extensiva","status":"publish","type":"post","link":"https:\/\/lahoradelcampo.com.uy\/site\/pasar-el-invierno-en-un-contexto-desafiante-para-la-ganaderia-extensiva\/","title":{"rendered":"Pasar el invierno en un contexto desafiante para la ganader\u00eda extensiva"},"content":{"rendered":"\n<figure class=\"wp-block-image size-full\"><a href=\"https:\/\/i0.wp.com\/lahoradelcampo.com.uy\/site\/wp-content\/uploads\/2023\/06\/Santiagodacunda.jpg\"><img data-recalc-dims=\"1\" loading=\"lazy\" decoding=\"async\" width=\"810\" height=\"405\" data-attachment-id=\"51357\" data-permalink=\"https:\/\/lahoradelcampo.com.uy\/site\/pasar-el-invierno-en-un-contexto-desafiante-para-la-ganaderia-extensiva\/santiagodacunda\/\" data-orig-file=\"https:\/\/i0.wp.com\/lahoradelcampo.com.uy\/site\/wp-content\/uploads\/2023\/06\/Santiagodacunda.jpg?fit=880%2C440&amp;ssl=1\" data-orig-size=\"880,440\" data-comments-opened=\"1\" data-image-meta=\"{&quot;aperture&quot;:&quot;0&quot;,&quot;credit&quot;:&quot;&quot;,&quot;camera&quot;:&quot;&quot;,&quot;caption&quot;:&quot;&quot;,&quot;created_timestamp&quot;:&quot;0&quot;,&quot;copyright&quot;:&quot;&quot;,&quot;focal_length&quot;:&quot;0&quot;,&quot;iso&quot;:&quot;0&quot;,&quot;shutter_speed&quot;:&quot;0&quot;,&quot;title&quot;:&quot;&quot;,&quot;orientation&quot;:&quot;1&quot;}\" data-image-title=\"Santiagodacunda\" data-image-description=\"\" data-image-caption=\"\" data-large-file=\"https:\/\/i0.wp.com\/lahoradelcampo.com.uy\/site\/wp-content\/uploads\/2023\/06\/Santiagodacunda.jpg?fit=810%2C405&amp;ssl=1\" src=\"https:\/\/i0.wp.com\/lahoradelcampo.com.uy\/site\/wp-content\/uploads\/2023\/06\/Santiagodacunda.jpg?resize=810%2C405\" alt=\"\" class=\"wp-image-51357\" srcset=\"https:\/\/i0.wp.com\/lahoradelcampo.com.uy\/site\/wp-content\/uploads\/2023\/06\/Santiagodacunda.jpg?w=880&amp;ssl=1 880w, https:\/\/i0.wp.com\/lahoradelcampo.com.uy\/site\/wp-content\/uploads\/2023\/06\/Santiagodacunda.jpg?resize=300%2C150&amp;ssl=1 300w, https:\/\/i0.wp.com\/lahoradelcampo.com.uy\/site\/wp-content\/uploads\/2023\/06\/Santiagodacunda.jpg?resize=768%2C384&amp;ssl=1 768w, https:\/\/i0.wp.com\/lahoradelcampo.com.uy\/site\/wp-content\/uploads\/2023\/06\/Santiagodacunda.jpg?resize=820%2C410&amp;ssl=1 820w\" sizes=\"auto, (max-width: 810px) 100vw, 810px\" \/><\/a><\/figure>\n\n\n\n<p>En el marco de la jornada \u00abGanader\u00eda extensiva en un contexto desafiante: recomendaciones tecnol\u00f3gicas\u00bb realizada por el Instituto Nacional de Investigaci\u00f3n Agropecuaria (INIA) en la ciudad de Artigas, el ingeniero agr\u00f3nomo Santiago Da Cunda fue el moderador del m\u00f3dulo \u00abManejo animal\u00bb, del cual participaron la Ing. Graciela Quintans, el Ing. Agr. Fabio Montossi, el Ing. Ignacio de Barbieri y el Ing. Agr. Pablo Rovira.<\/p>\n\n\n\n<p>En el m\u00f3dulo las charlas estuvieron enfocadas en el manejo del rodeo de cr\u00eda, la recr\u00eda bovina, los criterios para seleccionar y manejar los distintos suplementos y tambi\u00e9n el manejo de los ovinos, principalmente las ovejas gestantes.<\/p>\n\n\n\n<p>Bajo la premisa de mirar hacia adelante, se discutieron alternativas t\u00e9cnicas y tecnol\u00f3gicas para enfrentar el invierno, tras el per\u00edodo de sequ\u00eda que se registr\u00f3 en la pasada primavera y verano, y el escaso de forraje que se extender\u00e1 por al menos 90 d\u00edas m\u00e1s.<\/p>\n\n\n\n<p>\u00abCada uno abord\u00f3 tem\u00e1ticas espec\u00edficas, pero el eje central fue encontrar soluciones para afrontar los pr\u00f3ximos 2, 3, 4 o 5 meses, los cuales son considerados los m\u00e1s cr\u00edticos\u00bb dijo Da Cunda, especialmente para superar el invierno y llegar a la primavera.<\/p>\n\n\n\n<p>En el norte del pa\u00eds, existen casos donde las condiciones son agobiantes, y algunos productores se esfuerzan por salvar a sus animales y evitar m\u00e1s p\u00e9rdidas, mientras que otros han logrado adaptarse mejor a la situaci\u00f3n. Para Da Cunda las charlas presentadas durante el evento brindaron informaci\u00f3n clara y concreta, proporcionando a cada asistente herramientas para aplicar en sus sistemas ganaderos.<\/p>\n\n\n\n<p>\u00abAc\u00e1 se present\u00f3 la parte t\u00e9cnica y tecnol\u00f3gica\u00bb dijo el profesional que destac\u00f3 \u00abla importancia de la gesti\u00f3n del negocio en su conjunto. Contar con los recursos humanos capacitados y las condiciones operativas adecuadas\u00bb, algo que a su entender resulta fundamental para enfrentar los desaf\u00edos. Da Cunda explic\u00f3 que si el productor analiza las tecnolog\u00edas y las t\u00e9cnicas y no se encuentra en condiciones de implementarlas en su precio la recomendaci\u00f3n es desprenderse de animales.<\/p>\n\n\n\n<p>Si bien en la jornada, se habl\u00f3 de temas que los productores mayormente ya conocen, o escucharon hablar, y no existen nuevas tecnolog\u00edas \u00abm\u00e1gicas\u00bb, el ingeniero Da Cunda resalt\u00f3 que no se trata necesariamente de introducir innovaciones revolucionarias, ya que muchas de las acciones planteadas son conocidas por los productores. Sin embargo reconoci\u00f3 que para algunos, estas ideas pueden resultar novedosas y representar una oportunidad de aprendizaje.<\/p>\n\n\n\n<p>La riqueza del m\u00f3dulo radic\u00f3 en la posibilidad de reunir a personas con diferentes niveles de conocimiento, permitiendo a aquellos m\u00e1s experimentados seguir ampliando su bagaje y a quienes reci\u00e9n se inician en la tem\u00e1tica, adquirir nuevos conocimientos, explic\u00f3 Da Cunda.<\/p>\n\n\n\n<p>El profesional enfatiz\u00f3 la importancia de mantener una mentalidad abierta y humilde, ya que siempre hay espacio para mejorar y ampliar los horizontes. La sequ\u00eda y sus consecuencias son un desaf\u00edo que nos afecta a todos como sociedad y pa\u00eds. La crisis que genera la sequ\u00eda es una oportunidad para aprender, compartir experiencias y gestionar de manera efectiva los riesgos. La madurez de los sistemas ganaderos, la econom\u00eda y las regiones resulta fundamental para afrontar estos escenarios.<\/p>\n\n\n\n<p>En cuanto a las alternativas disponibles para suplementar el ganado en \u00e9pocas de escasez, el ingeniero Da Cunda destac\u00f3 que el costo m\u00e1ximo para mantener una vaca con fardos y suplementos ronda los $50 al mes. Sin embargo, a medida que se dispone de m\u00e1s pasturas o verdeo, es posible reducir la suplementaci\u00f3n m\u00ednima a alrededor del 0.5-0.8% del peso del animal, lo que se traduce en dos o tres kilos de suplemento mensual con un costo aproximado de $15. La suplementaci\u00f3n debe ser una decisi\u00f3n evaluada teniendo en cuenta factores como la rentabilidad econ\u00f3mica y la gen\u00e9tica del ganado.<\/p>\n\n\n\n<p>De cara al invierno y con el desaf\u00edo constante de mantener el ganado en el mejor estado posible, seguramente la suplementaci\u00f3n ser\u00e1 moneda corriente en los establecimientos y al mismo tiempo un costo que el productor deber\u00e1 enfrentar. Da Cunda dijo que la planificaci\u00f3n constante, la revisi\u00f3n peri\u00f3dica y la b\u00fasqueda de soluciones que brinden el mejor cuidado al ganado con el menor costo posible se convierten en una \u00abprioridad\u00bb para los pr\u00f3ximos meses.<\/p>\n\n\n\n<p>\u00abLa sequ\u00eda es un desaf\u00edo recurrente, y aunque se superen las variables que la generan, seguir\u00e1 siendo una realidad. Por tanto, es fundamental estar preparados y continuar desarrollando sistemas ganaderos m\u00e1s resilientes, fortaleciendo la econom\u00eda del sector y madurando como sociedad en todos los aspectos involucrados\u00bb concluy\u00f3 Da Cunda.<\/p>\n\n\n\n<p>Salto, 22 de junio de 2023<\/p>\n","protected":false},"excerpt":{"rendered":"<p>En el marco de la jornada \u00abGanader\u00eda extensiva en un contexto desafiante: recomendaciones tecnol\u00f3gicas\u00bb realizada por el Instituto Nacional de Investigaci\u00f3n Agropecuaria (INIA) en la ciudad de Artigas, el ingeniero [&hellip;]<\/p>\n","protected":false},"author":5,"featured_media":51357,"comment_status":"open","ping_status":"open","sticky":false,"template":"","format":"standard","meta":{"_price":"","_stock":"","_tribe_ticket_header":"","_tribe_default_ticket_provider":"","_tribe_ticket_capacity":"0","_ticket_start_date":"","_ticket_end_date":"","_tribe_ticket_show_description":"","_tribe_ticket_show_not_going":false,"_tribe_ticket_use_global_stock":"","_tribe_ticket_global_stock_level":"","_global_stock_mode":"","_global_stock_cap":"","_tribe_rsvp_for_event":"","_tribe_ticket_going_count":"","_tribe_ticket_not_going_count":"","_tribe_tickets_list":"[]","_tribe_ticket_has_attendee_info_fields":false,"h5ap_radio_sources":[],"_jetpack_newsletter_access":"","_jetpack_dont_email_post_to_subs":false,"_jetpack_newsletter_tier_id":0,"_jetpack_memberships_contains_paywalled_content":false,"_jetpack_memberships_contains_paid_content":false,"footnotes":""},"categories":[21,5],"tags":[],"class_list":["post-51355","post","type-post","status-publish","format-standard","has-post-thumbnail","hentry","category-actualidad","category-ganaderia"],"jetpack_featured_media_url":"https:\/\/i0.wp.com\/lahoradelcampo.com.uy\/site\/wp-content\/uploads\/2023\/06\/Santiagodacunda.jpg?fit=880%2C440&ssl=1","jetpack_sharing_enabled":true,"jetpack_shortlink":"https:\/\/wp.me\/p99IaT-dmj","jetpack-related-posts":[{"id":51636,"url":"https:\/\/lahoradelcampo.com.uy\/site\/el-manejo-del-canutillo-una-estrategia-para-superar-la-crisis-forrajera\/","url_meta":{"origin":51355,"position":0},"title":"El manejo del Canutillo: una estrategia para superar la crisis forrajera","author":"La Hora del Campo","date":"3 julio, 2023","format":false,"excerpt":"En el marco de la jornada \"Ganader\u00eda extensiva en un contexto desafiante: recomendaciones tecnol\u00f3gicas\" organizada por el Instituto Nacional de Investigaci\u00f3n Agropecuaria (INIA), el Ing. Agr. Mart\u00edn Jaurena, investigador de la instituci\u00f3n, brind\u00f3 una charla sobre el \"Manejo de campos naturales en el norte de Uruguay\". Durante la entrevista, el\u2026","rel":"","context":"En \u00abActualidad\u00bb","block_context":{"text":"Actualidad","link":"https:\/\/lahoradelcampo.com.uy\/site\/category\/actualidad\/"},"img":{"alt_text":"","src":"https:\/\/i0.wp.com\/lahoradelcampo.com.uy\/site\/wp-content\/uploads\/2023\/07\/INIA-MartinJaurena.jpg?fit=880%2C440&ssl=1&resize=350%2C200","width":350,"height":200,"srcset":"https:\/\/i0.wp.com\/lahoradelcampo.com.uy\/site\/wp-content\/uploads\/2023\/07\/INIA-MartinJaurena.jpg?fit=880%2C440&ssl=1&resize=350%2C200 1x, https:\/\/i0.wp.com\/lahoradelcampo.com.uy\/site\/wp-content\/uploads\/2023\/07\/INIA-MartinJaurena.jpg?fit=880%2C440&ssl=1&resize=525%2C300 1.5x, https:\/\/i0.wp.com\/lahoradelcampo.com.uy\/site\/wp-content\/uploads\/2023\/07\/INIA-MartinJaurena.jpg?fit=880%2C440&ssl=1&resize=700%2C400 2x"},"classes":[]},{"id":6605,"url":"https:\/\/lahoradelcampo.com.uy\/site\/decisiones-de-manejo-en-sistemas-con-deficit-de-forraje\/","url_meta":{"origin":51355,"position":1},"title":"Decisiones de manejo en sistemas con d\u00e9ficit de forraje","author":"La Hora del Campo","date":"23 abril, 2018","format":false,"excerpt":"A las 19 horas del pr\u00f3ximo viernes 27 de abril, tal cual lo adelant\u00e1ramos en La Hora del Campo, se desarrollar\u00e1 una actividad organizada por el Instituto Plan Agropecuario en el sal\u00f3n de la Asociaci\u00f3n Agropecuaria de Salto, Amorin 55, con el fin de analizar la situaci\u00f3n actual y planificar\u2026","rel":"","context":"En \u00abActualidad\u00bb","block_context":{"text":"Actualidad","link":"https:\/\/lahoradelcampo.com.uy\/site\/category\/actualidad\/"},"img":{"alt_text":"","src":"https:\/\/i0.wp.com\/lahoradelcampo.com.uy\/site\/wp-content\/uploads\/2018\/04\/Ganados-web.jpg?fit=880%2C440&ssl=1&resize=350%2C200","width":350,"height":200,"srcset":"https:\/\/i0.wp.com\/lahoradelcampo.com.uy\/site\/wp-content\/uploads\/2018\/04\/Ganados-web.jpg?fit=880%2C440&ssl=1&resize=350%2C200 1x, https:\/\/i0.wp.com\/lahoradelcampo.com.uy\/site\/wp-content\/uploads\/2018\/04\/Ganados-web.jpg?fit=880%2C440&ssl=1&resize=525%2C300 1.5x, https:\/\/i0.wp.com\/lahoradelcampo.com.uy\/site\/wp-content\/uploads\/2018\/04\/Ganados-web.jpg?fit=880%2C440&ssl=1&resize=700%2C400 2x"},"classes":[]},{"id":22780,"url":"https:\/\/lahoradelcampo.com.uy\/site\/sul-inia-e-inac-trabajan-para-mejorar-la-competitividad-internacional-de-la-carne-ovina\/","url_meta":{"origin":51355,"position":2},"title":"SUL, INIA e INAC trabajan para mejorar la competitividad internacional de la carne ovina","author":"La Hora del Campo","date":"18 agosto, 2020","format":false,"excerpt":"El Secretariado Uruguayo de la Lana (SUL), conjuntamente con el Instituto Nacional de Investigaci\u00f3n Agropecuaria (INIA) y el Instituto Nacional de Carnes (INAC) llevan adelante el convenio de cooperaci\u00f3n \u201cInvestigaci\u00f3n, transferencia de tecnolog\u00eda e innovaci\u00f3n para la mejora de la competitividad internacional de la cadena c\u00e1rnica ovina del Uruguay\u201d. En\u2026","rel":"","context":"En \u00abActualidad\u00bb","block_context":{"text":"Actualidad","link":"https:\/\/lahoradelcampo.com.uy\/site\/category\/actualidad\/"},"img":{"alt_text":"","src":"https:\/\/i0.wp.com\/lahoradelcampo.com.uy\/site\/wp-content\/uploads\/2017\/09\/Ovinos.jpg?fit=880%2C440&ssl=1&resize=350%2C200","width":350,"height":200,"srcset":"https:\/\/i0.wp.com\/lahoradelcampo.com.uy\/site\/wp-content\/uploads\/2017\/09\/Ovinos.jpg?fit=880%2C440&ssl=1&resize=350%2C200 1x, https:\/\/i0.wp.com\/lahoradelcampo.com.uy\/site\/wp-content\/uploads\/2017\/09\/Ovinos.jpg?fit=880%2C440&ssl=1&resize=525%2C300 1.5x, https:\/\/i0.wp.com\/lahoradelcampo.com.uy\/site\/wp-content\/uploads\/2017\/09\/Ovinos.jpg?fit=880%2C440&ssl=1&resize=700%2C400 2x"},"classes":[]},{"id":23412,"url":"https:\/\/lahoradelcampo.com.uy\/site\/para-el-2021-el-plan-agropecuario-preve-un-nuevo-aumento-del-stock-vacuno\/","url_meta":{"origin":51355,"position":3},"title":"Para el 2021 el Plan Agropecuario prev\u00e9 un nuevo aumento del stock vacuno","author":"La Hora del Campo","date":"10 septiembre, 2020","format":false,"excerpt":"Con el comienzo de la muestra, el Instituto Plan Agropecuario inicio una agenda de actividades en la de conferencias de la rural, donde se presentar\u00e1n diferentes temas de destaque para el sector agropecuario y el primero fue la proyecci\u00f3n hacia 2021 del stock vacuno nacional, que estuvo a cargo del\u2026","rel":"","context":"En \u00abActualidad\u00bb","block_context":{"text":"Actualidad","link":"https:\/\/lahoradelcampo.com.uy\/site\/category\/actualidad\/"},"img":{"alt_text":"","src":"https:\/\/i0.wp.com\/lahoradelcampo.com.uy\/site\/wp-content\/uploads\/2020\/09\/PLANPRADO1.jpg?fit=880%2C440&ssl=1&resize=350%2C200","width":350,"height":200,"srcset":"https:\/\/i0.wp.com\/lahoradelcampo.com.uy\/site\/wp-content\/uploads\/2020\/09\/PLANPRADO1.jpg?fit=880%2C440&ssl=1&resize=350%2C200 1x, https:\/\/i0.wp.com\/lahoradelcampo.com.uy\/site\/wp-content\/uploads\/2020\/09\/PLANPRADO1.jpg?fit=880%2C440&ssl=1&resize=525%2C300 1.5x, https:\/\/i0.wp.com\/lahoradelcampo.com.uy\/site\/wp-content\/uploads\/2020\/09\/PLANPRADO1.jpg?fit=880%2C440&ssl=1&resize=700%2C400 2x"},"classes":[]},{"id":51868,"url":"https:\/\/lahoradelcampo.com.uy\/site\/mitigacion-de-emisiones-de-metano-en-la-ganaderia\/","url_meta":{"origin":51355,"position":4},"title":"Mitigaci\u00f3n de emisiones de metano en la ganader\u00eda","author":"La Hora del Campo","date":"19 julio, 2023","format":false,"excerpt":"La jornada de Porteras Abiertas de Ganader\u00eda 2023, enfocada en \"Herramientas para una Ganader\u00eda Productiva y Eficiente\", ha permitido destacar la importancia de abordar las emisiones de gases de efecto invernadero en el sector agropecuario. La Ing. Agr. Ver\u00f3nica Ciganda, experta en bienestar animal y ambiente del Instituto Nacional de\u2026","rel":"","context":"En \u00abActualidad\u00bb","block_context":{"text":"Actualidad","link":"https:\/\/lahoradelcampo.com.uy\/site\/category\/actualidad\/"},"img":{"alt_text":"","src":"https:\/\/i0.wp.com\/lahoradelcampo.com.uy\/site\/wp-content\/uploads\/2023\/07\/INIA-CIGANDA.jpg?fit=880%2C440&ssl=1&resize=350%2C200","width":350,"height":200,"srcset":"https:\/\/i0.wp.com\/lahoradelcampo.com.uy\/site\/wp-content\/uploads\/2023\/07\/INIA-CIGANDA.jpg?fit=880%2C440&ssl=1&resize=350%2C200 1x, https:\/\/i0.wp.com\/lahoradelcampo.com.uy\/site\/wp-content\/uploads\/2023\/07\/INIA-CIGANDA.jpg?fit=880%2C440&ssl=1&resize=525%2C300 1.5x, https:\/\/i0.wp.com\/lahoradelcampo.com.uy\/site\/wp-content\/uploads\/2023\/07\/INIA-CIGANDA.jpg?fit=880%2C440&ssl=1&resize=700%2C400 2x"},"classes":[]},{"id":12055,"url":"https:\/\/lahoradelcampo.com.uy\/site\/xvii-taller-de-diagnosticos-de-gestacion-en-vacunos\/","url_meta":{"origin":51355,"position":5},"title":"XVII Taller de diagn\u00f3sticos de gestaci\u00f3n en vacunos","author":"La Hora del Campo","date":"22 junio, 2019","format":false,"excerpt":"El pr\u00f3ximo mi\u00e9rcoles 26 de junio se realizar\u00e1 la XVII edici\u00f3n del taller de diagn\u00f3sticos de gestaci\u00f3n en vacunos, en Inia Treinta y Tres. Otra edici\u00f3n de esta actividad en la cual se presentan resultados de diagn\u00f3sticos de gestaci\u00f3n de varias regiones del pa\u00eds, que son una muy buena estimaci\u00f3n\u2026","rel":"","context":"En \u00abActualidad\u00bb","block_context":{"text":"Actualidad","link":"https:\/\/lahoradelcampo.com.uy\/site\/category\/actualidad\/"},"img":{"alt_text":"","src":"https:\/\/i0.wp.com\/lahoradelcampo.com.uy\/site\/wp-content\/uploads\/2019\/06\/cria.jpg?fit=880%2C440&ssl=1&resize=350%2C200","width":350,"height":200,"srcset":"https:\/\/i0.wp.com\/lahoradelcampo.com.uy\/site\/wp-content\/uploads\/2019\/06\/cria.jpg?fit=880%2C440&ssl=1&resize=350%2C200 1x, https:\/\/i0.wp.com\/lahoradelcampo.com.uy\/site\/wp-content\/uploads\/2019\/06\/cria.jpg?fit=880%2C440&ssl=1&resize=525%2C300 1.5x, https:\/\/i0.wp.com\/lahoradelcampo.com.uy\/site\/wp-content\/uploads\/2019\/06\/cria.jpg?fit=880%2C440&ssl=1&resize=700%2C400 2x"},"classes":[]}],"jetpack_likes_enabled":true,"_links":{"self":[{"href":"https:\/\/lahoradelcampo.com.uy\/site\/wp-json\/wp\/v2\/posts\/51355","targetHints":{"allow":["GET"]}}],"collection":[{"href":"https:\/\/lahoradelcampo.com.uy\/site\/wp-json\/wp\/v2\/posts"}],"about":[{"href":"https:\/\/lahoradelcampo.com.uy\/site\/wp-json\/wp\/v2\/types\/post"}],"author":[{"embeddable":true,"href":"https:\/\/lahoradelcampo.com.uy\/site\/wp-json\/wp\/v2\/users\/5"}],"replies":[{"embeddable":true,"href":"https:\/\/lahoradelcampo.com.uy\/site\/wp-json\/wp\/v2\/comments?post=51355"}],"version-history":[{"count":1,"href":"https:\/\/lahoradelcampo.com.uy\/site\/wp-json\/wp\/v2\/posts\/51355\/revisions"}],"predecessor-version":[{"id":51359,"href":"https:\/\/lahoradelcampo.com.uy\/site\/wp-json\/wp\/v2\/posts\/51355\/revisions\/51359"}],"wp:featuredmedia":[{"embeddable":true,"href":"https:\/\/lahoradelcampo.com.uy\/site\/wp-json\/wp\/v2\/media\/51357"}],"wp:attachment":[{"href":"https:\/\/lahoradelcampo.com.uy\/site\/wp-json\/wp\/v2\/media?parent=51355"}],"wp:term":[{"taxonomy":"category","embeddable":true,"href":"https:\/\/lahoradelcampo.com.uy\/site\/wp-json\/wp\/v2\/categories?post=51355"},{"taxonomy":"post_tag","embeddable":true,"href":"https:\/\/lahoradelcampo.com.uy\/site\/wp-json\/wp\/v2\/tags?post=51355"}],"curies":[{"name":"wp","href":"https:\/\/api.w.org\/{rel}","templated":true}]}}