{"id":51349,"date":"2023-06-22T07:14:11","date_gmt":"2023-06-22T10:14:11","guid":{"rendered":"http:\/\/lahoradelcampo.com.uy\/site\/?p=51349"},"modified":"2023-06-22T07:14:41","modified_gmt":"2023-06-22T10:14:41","slug":"evitemos-que-pase-campana-que-busca-concientizar-sobre-la-bioseguridad-nacional","status":"publish","type":"post","link":"https:\/\/lahoradelcampo.com.uy\/site\/evitemos-que-pase-campana-que-busca-concientizar-sobre-la-bioseguridad-nacional\/","title":{"rendered":"\u00abEvitemos Que Pase\u00bb: campa\u00f1a que busca concientizar sobre la bioseguridad nacional"},"content":{"rendered":"\n<figure class=\"wp-block-image size-full\"><a href=\"https:\/\/i0.wp.com\/lahoradelcampo.com.uy\/site\/wp-content\/uploads\/2023\/06\/MGAP-evitemosquepase.jpg\"><img data-recalc-dims=\"1\" loading=\"lazy\" decoding=\"async\" width=\"810\" height=\"405\" data-attachment-id=\"51351\" data-permalink=\"https:\/\/lahoradelcampo.com.uy\/site\/evitemos-que-pase-campana-que-busca-concientizar-sobre-la-bioseguridad-nacional\/mgap-evitemosquepase\/\" data-orig-file=\"https:\/\/i0.wp.com\/lahoradelcampo.com.uy\/site\/wp-content\/uploads\/2023\/06\/MGAP-evitemosquepase.jpg?fit=880%2C440&amp;ssl=1\" data-orig-size=\"880,440\" data-comments-opened=\"1\" data-image-meta=\"{&quot;aperture&quot;:&quot;0&quot;,&quot;credit&quot;:&quot;&quot;,&quot;camera&quot;:&quot;&quot;,&quot;caption&quot;:&quot;&quot;,&quot;created_timestamp&quot;:&quot;0&quot;,&quot;copyright&quot;:&quot;&quot;,&quot;focal_length&quot;:&quot;0&quot;,&quot;iso&quot;:&quot;0&quot;,&quot;shutter_speed&quot;:&quot;0&quot;,&quot;title&quot;:&quot;&quot;,&quot;orientation&quot;:&quot;1&quot;}\" data-image-title=\"MGAP-evitemosquepase\" data-image-description=\"\" data-image-caption=\"\" data-large-file=\"https:\/\/i0.wp.com\/lahoradelcampo.com.uy\/site\/wp-content\/uploads\/2023\/06\/MGAP-evitemosquepase.jpg?fit=810%2C405&amp;ssl=1\" src=\"https:\/\/i0.wp.com\/lahoradelcampo.com.uy\/site\/wp-content\/uploads\/2023\/06\/MGAP-evitemosquepase.jpg?resize=810%2C405\" alt=\"\" class=\"wp-image-51351\" srcset=\"https:\/\/i0.wp.com\/lahoradelcampo.com.uy\/site\/wp-content\/uploads\/2023\/06\/MGAP-evitemosquepase.jpg?w=880&amp;ssl=1 880w, https:\/\/i0.wp.com\/lahoradelcampo.com.uy\/site\/wp-content\/uploads\/2023\/06\/MGAP-evitemosquepase.jpg?resize=300%2C150&amp;ssl=1 300w, https:\/\/i0.wp.com\/lahoradelcampo.com.uy\/site\/wp-content\/uploads\/2023\/06\/MGAP-evitemosquepase.jpg?resize=768%2C384&amp;ssl=1 768w, https:\/\/i0.wp.com\/lahoradelcampo.com.uy\/site\/wp-content\/uploads\/2023\/06\/MGAP-evitemosquepase.jpg?resize=820%2C410&amp;ssl=1 820w\" sizes=\"auto, (max-width: 810px) 100vw, 810px\" \/><\/a><\/figure>\n\n\n\n<p>La Direcci\u00f3n General de Bioseguridad e Inocuidad Alimentaria (DIGEBIA) del Ministerio de Ganader\u00eda, Agricultura y Pesca lanz\u00f3 la Campa\u00f1a de Comunicaci\u00f3n \u00abEvitemos Que Pase\u00bb con el objetivo de generar conciencia sobre los riesgos asociados con la introducci\u00f3n de productos no permitidos al pa\u00eds y promover la preservaci\u00f3n de la bioseguridad nacional. Esta iniciativa cuenta con el apoyo del BID.<\/p>\n\n\n\n<p>En la conferencia, el ministro de Ganader\u00eda, Agricultura y Pesca, Fernando Mattos, la directora de DIGEBIA, Virginia Guardia, y el gerente del \u00c1rea de Barreras Sanitarias, Andr\u00e9s Salvo, destacaron las implicancias y riesgos de ingresar productos de origen animal o vegetal a trav\u00e9s de los puertos y fronteras.<\/p>\n\n\n\n<p>Salvo enfatiz\u00f3 que la entrada de enfermedades a trav\u00e9s de estos productos puede afectar la salud de la poblaci\u00f3n, el ambiente, la producci\u00f3n agropecuaria y comprometer las exportaciones, generando perjuicios econ\u00f3micos y sociales significativos. Durante este a\u00f1o, se decomisaron m\u00e1s de 74 mil kilogramos de productos veterinarios, c\u00e1rnicos, l\u00e1cteos y vegetales en los controles de las Barreras Sanitarias.<\/p>\n\n\n\n<p>DIGEBIA\/MGAP tiene como objetivos informatizar y automatizar la gesti\u00f3n de riesgo en las fronteras, establecer sinergias con otras agencias e instituciones estatales y llevar a cabo campa\u00f1as de comunicaci\u00f3n dirigidas a los uruguayos y extranjeros que ingresan al pa\u00eds.<\/p>\n\n\n\n<p>La directora de DIGEBIA resalt\u00f3 que la tarea de las Barreras Sanitarias va m\u00e1s all\u00e1 de los pasos fronterizos y es crucial generar conciencia en la defensa del estatus sanitario del pa\u00eds. Se est\u00e1 trabajando en coordinaci\u00f3n con organizaciones que comparten la importancia de preservar la sanidad animal y vegetal, as\u00ed como la biodiversidad. Adem\u00e1s, se colabora con entidades que promueven la educaci\u00f3n de los j\u00f3venes y est\u00e1n involucradas en el ingreso de personas a territorio uruguayo.<\/p>\n\n\n\n<p>El ministro Mattos subray\u00f3 la necesidad de tomar conciencia y lograr un cambio cultural en el manejo de productos que representen un riesgo para la entrada de enfermedades, insectos o vectores. Destac\u00f3 la importancia de la prevenci\u00f3n, haciendo referencia al ejemplo del Mundial sub-20, donde los viajes a Argentina podr\u00edan implicar la introducci\u00f3n de riesgos a trav\u00e9s de regalos o souvenirs.<\/p>\n\n\n\n<p>La campa\u00f1a \u00abEvitemos Que Pase\u00bb busca sensibilizar a la sociedad sobre la importancia de la bioseguridad y la prevenci\u00f3n de riesgos para proteger la salud, la producci\u00f3n y el medio ambiente del pa\u00eds.<\/p>\n\n\n\n<p>Salto, 22 de junio de 2023<\/p>\n","protected":false},"excerpt":{"rendered":"<p>La Direcci\u00f3n General de Bioseguridad e Inocuidad Alimentaria (DIGEBIA) del Ministerio de Ganader\u00eda, Agricultura y Pesca lanz\u00f3 la Campa\u00f1a de Comunicaci\u00f3n \u00abEvitemos Que Pase\u00bb con el objetivo de generar conciencia [&hellip;]<\/p>\n","protected":false},"author":5,"featured_media":51351,"comment_status":"open","ping_status":"open","sticky":false,"template":"","format":"standard","meta":{"_price":"","_stock":"","_tribe_ticket_header":"","_tribe_default_ticket_provider":"","_tribe_ticket_capacity":"0","_ticket_start_date":"","_ticket_end_date":"","_tribe_ticket_show_description":"","_tribe_ticket_show_not_going":false,"_tribe_ticket_use_global_stock":"","_tribe_ticket_global_stock_level":"","_global_stock_mode":"","_global_stock_cap":"","_tribe_rsvp_for_event":"","_tribe_ticket_going_count":"","_tribe_ticket_not_going_count":"","_tribe_tickets_list":"[]","_tribe_ticket_has_attendee_info_fields":false,"h5ap_radio_sources":[],"_jetpack_newsletter_access":"","_jetpack_dont_email_post_to_subs":false,"_jetpack_newsletter_tier_id":0,"_jetpack_memberships_contains_paywalled_content":false,"_jetpack_memberships_contains_paid_content":false,"footnotes":""},"categories":[21,5],"tags":[],"class_list":["post-51349","post","type-post","status-publish","format-standard","has-post-thumbnail","hentry","category-actualidad","category-ganaderia"],"jetpack_featured_media_url":"https:\/\/i0.wp.com\/lahoradelcampo.com.uy\/site\/wp-content\/uploads\/2023\/06\/MGAP-evitemosquepase.jpg?fit=880%2C440&ssl=1","jetpack_sharing_enabled":true,"jetpack_shortlink":"https:\/\/wp.me\/p99IaT-dmd","jetpack-related-posts":[{"id":49776,"url":"https:\/\/lahoradelcampo.com.uy\/site\/informan-el-octavo-foco-de-influenza-aviar-en-uruguay\/","url_meta":{"origin":51349,"position":0},"title":"Informan el octavo foco de influenza aviar en Uruguay","author":"La Hora del Campo","date":"4 abril, 2023","format":false,"excerpt":"Desde el Ministerio de Ganader\u00eda, Agricultura y Pesca de Uruguay se han informado acerca de la situaci\u00f3n actual en el pa\u00eds en relaci\u00f3n a la influenza aviar, tambi\u00e9n conocida como gripe aviar, una enfermedad que afecta a aves y que puede ser transmitida al ser humano. En este art\u00edculo te\u2026","rel":"","context":"En \u00abActualidad\u00bb","block_context":{"text":"Actualidad","link":"https:\/\/lahoradelcampo.com.uy\/site\/category\/actualidad\/"},"img":{"alt_text":"","src":"https:\/\/i0.wp.com\/lahoradelcampo.com.uy\/site\/wp-content\/uploads\/2023\/03\/cisnecuellonegro.jpg?fit=880%2C440&ssl=1&resize=350%2C200","width":350,"height":200,"srcset":"https:\/\/i0.wp.com\/lahoradelcampo.com.uy\/site\/wp-content\/uploads\/2023\/03\/cisnecuellonegro.jpg?fit=880%2C440&ssl=1&resize=350%2C200 1x, https:\/\/i0.wp.com\/lahoradelcampo.com.uy\/site\/wp-content\/uploads\/2023\/03\/cisnecuellonegro.jpg?fit=880%2C440&ssl=1&resize=525%2C300 1.5x, https:\/\/i0.wp.com\/lahoradelcampo.com.uy\/site\/wp-content\/uploads\/2023\/03\/cisnecuellonegro.jpg?fit=880%2C440&ssl=1&resize=700%2C400 2x"},"classes":[]},{"id":43597,"url":"https:\/\/lahoradelcampo.com.uy\/site\/se-creo-la-mesa-nacional-de-control-biologico-en-horticultura\/","url_meta":{"origin":51349,"position":1},"title":"Se cre\u00f3  la Mesa Nacional  de Control Biol\u00f3gico en Horticultura","author":"La Hora del Campo","date":"8 julio, 2022","format":false,"excerpt":"A solicitud de la Direcci\u00f3n General de la Granja dada la importancia que supone para el rubro la producci\u00f3n e introducci\u00f3n de agentes de control biol\u00f3gico en el manejo regional integrado de insectos y enfermedades en hortalizas, el MGAP resuelve crear la Mesa Nacional de Control Biol\u00f3gico en Horticultura. El\u2026","rel":"","context":"En \u00abActualidad\u00bb","block_context":{"text":"Actualidad","link":"https:\/\/lahoradelcampo.com.uy\/site\/category\/actualidad\/"},"img":{"alt_text":"","src":"https:\/\/i0.wp.com\/lahoradelcampo.com.uy\/site\/wp-content\/uploads\/2022\/07\/mgap-plagas.jpg?fit=880%2C440&ssl=1&resize=350%2C200","width":350,"height":200,"srcset":"https:\/\/i0.wp.com\/lahoradelcampo.com.uy\/site\/wp-content\/uploads\/2022\/07\/mgap-plagas.jpg?fit=880%2C440&ssl=1&resize=350%2C200 1x, https:\/\/i0.wp.com\/lahoradelcampo.com.uy\/site\/wp-content\/uploads\/2022\/07\/mgap-plagas.jpg?fit=880%2C440&ssl=1&resize=525%2C300 1.5x, https:\/\/i0.wp.com\/lahoradelcampo.com.uy\/site\/wp-content\/uploads\/2022\/07\/mgap-plagas.jpg?fit=880%2C440&ssl=1&resize=700%2C400 2x"},"classes":[]},{"id":33161,"url":"https:\/\/lahoradelcampo.com.uy\/site\/mgap-brindara-curso-de-bpa-para-docentes-rurales\/","url_meta":{"origin":51349,"position":2},"title":"MGAP brindar\u00e1 curso de BPA para Docentes  Rurales","author":"La Hora del Campo","date":"17 agosto, 2021","format":false,"excerpt":"El curso se dictar\u00e1 bajo la modalidad on-line y forma parte de las estrategias de fortalecimiento y comunicaci\u00f3n en la implementaci\u00f3n de las Buenas Pr\u00e1cticas Agr\u00edcolas (BPA). Lo imparte el Ministerio de Ganader\u00eda Agricultura y Pesca \u2013 MGAP a trav\u00e9s de la Direcci\u00f3n General de la Granja - DIGEGRA, en\u2026","rel":"","context":"En \u00abActualidad\u00bb","block_context":{"text":"Actualidad","link":"https:\/\/lahoradelcampo.com.uy\/site\/category\/actualidad\/"},"img":{"alt_text":"","src":"https:\/\/i0.wp.com\/lahoradelcampo.com.uy\/site\/wp-content\/uploads\/2017\/11\/Glifosato.jpg?fit=880%2C440&ssl=1&resize=350%2C200","width":350,"height":200,"srcset":"https:\/\/i0.wp.com\/lahoradelcampo.com.uy\/site\/wp-content\/uploads\/2017\/11\/Glifosato.jpg?fit=880%2C440&ssl=1&resize=350%2C200 1x, https:\/\/i0.wp.com\/lahoradelcampo.com.uy\/site\/wp-content\/uploads\/2017\/11\/Glifosato.jpg?fit=880%2C440&ssl=1&resize=525%2C300 1.5x, https:\/\/i0.wp.com\/lahoradelcampo.com.uy\/site\/wp-content\/uploads\/2017\/11\/Glifosato.jpg?fit=880%2C440&ssl=1&resize=700%2C400 2x"},"classes":[]},{"id":36495,"url":"https:\/\/lahoradelcampo.com.uy\/site\/mgap-visito-el-punto-de-control-integrado-concordia-salto\/","url_meta":{"origin":51349,"position":3},"title":"MGAP visit\u00f3 el punto de control integrado Concordia-Salto","author":"La Hora del Campo","date":"12 noviembre, 2021","format":false,"excerpt":"A medida que las fronteras con la Rep\u00fablica Argentina vuelven a tener un mayor trasiego de turistas hacia y desde Uruguay, se comienza a retomar con mayor fuerza los controles fronterizos, que durante la pandemia se realizaba \u00fanicamente con veh\u00edculos de carga. En este contexto la Directora General del Ministerio\u2026","rel":"","context":"En \u00abActualidad\u00bb","block_context":{"text":"Actualidad","link":"https:\/\/lahoradelcampo.com.uy\/site\/category\/actualidad\/"},"img":{"alt_text":"","src":"https:\/\/i0.wp.com\/lahoradelcampo.com.uy\/site\/wp-content\/uploads\/2021\/11\/MGAP-PASOFRONTERA.jpg?fit=880%2C440&ssl=1&resize=350%2C200","width":350,"height":200,"srcset":"https:\/\/i0.wp.com\/lahoradelcampo.com.uy\/site\/wp-content\/uploads\/2021\/11\/MGAP-PASOFRONTERA.jpg?fit=880%2C440&ssl=1&resize=350%2C200 1x, https:\/\/i0.wp.com\/lahoradelcampo.com.uy\/site\/wp-content\/uploads\/2021\/11\/MGAP-PASOFRONTERA.jpg?fit=880%2C440&ssl=1&resize=525%2C300 1.5x, https:\/\/i0.wp.com\/lahoradelcampo.com.uy\/site\/wp-content\/uploads\/2021\/11\/MGAP-PASOFRONTERA.jpg?fit=880%2C440&ssl=1&resize=700%2C400 2x"},"classes":[]},{"id":54099,"url":"https:\/\/lahoradelcampo.com.uy\/site\/el-mgap-informo-la-situacion-actual-del-newcastle-en-brasil\/","url_meta":{"origin":51349,"position":4},"title":"El MGAP inform\u00f3 la situaci\u00f3n actual del Newcastle en Brasil","author":"La Hora del Campo","date":"30 julio, 2024","format":false,"excerpt":"El Ministerio de Ganader\u00eda, Agricultura y Pesca (MGAP) ha emitido un comunicado alertando sobre un brote de la Enfermedad de Newcastle en el municipio de Anta Gorda, en el estado brasile\u00f1o de Rio Grande do Sul. Esta enfermedad, detectada por el Ministerio de Agricultura y Pecuaria (MAPA) de Brasil, puede\u2026","rel":"","context":"En \u00abActualidad\u00bb","block_context":{"text":"Actualidad","link":"https:\/\/lahoradelcampo.com.uy\/site\/category\/actualidad\/"},"img":{"alt_text":"","src":"https:\/\/i0.wp.com\/lahoradelcampo.com.uy\/site\/wp-content\/uploads\/2024\/07\/avicultura2.jpg?fit=880%2C440&ssl=1&resize=350%2C200","width":350,"height":200,"srcset":"https:\/\/i0.wp.com\/lahoradelcampo.com.uy\/site\/wp-content\/uploads\/2024\/07\/avicultura2.jpg?fit=880%2C440&ssl=1&resize=350%2C200 1x, https:\/\/i0.wp.com\/lahoradelcampo.com.uy\/site\/wp-content\/uploads\/2024\/07\/avicultura2.jpg?fit=880%2C440&ssl=1&resize=525%2C300 1.5x, https:\/\/i0.wp.com\/lahoradelcampo.com.uy\/site\/wp-content\/uploads\/2024\/07\/avicultura2.jpg?fit=880%2C440&ssl=1&resize=700%2C400 2x"},"classes":[]},{"id":11593,"url":"https:\/\/lahoradelcampo.com.uy\/site\/7-de-junio-dia-mundial-de-la-inocuidad-alimentaria\/","url_meta":{"origin":51349,"position":5},"title":"7 de junio: D\u00eda Mundial de la Inocuidad Alimentaria","author":"La Hora del Campo","date":"7 junio, 2019","format":false,"excerpt":"En la jornada de hoy, 7 de junio de 2019, se celebra por primera vez el D\u00eda Mundial de la Inocuidad Alimentaria. En este sentido la \u201cInocuidad Alimentaria\u201d o inocuidad de los alimentos est\u00e1 definida por las Naciones Unidas como \u201cla condici\u00f3n que garantiza\u201d que los alimentos \u201cno causar\u00e1n da\u00f1o\u2026","rel":"","context":"En \u00abActualidad\u00bb","block_context":{"text":"Actualidad","link":"https:\/\/lahoradelcampo.com.uy\/site\/category\/actualidad\/"},"img":{"alt_text":"","src":"https:\/\/i0.wp.com\/lahoradelcampo.com.uy\/site\/wp-content\/uploads\/2018\/05\/Granja.jpg?fit=880%2C440&ssl=1&resize=350%2C200","width":350,"height":200,"srcset":"https:\/\/i0.wp.com\/lahoradelcampo.com.uy\/site\/wp-content\/uploads\/2018\/05\/Granja.jpg?fit=880%2C440&ssl=1&resize=350%2C200 1x, https:\/\/i0.wp.com\/lahoradelcampo.com.uy\/site\/wp-content\/uploads\/2018\/05\/Granja.jpg?fit=880%2C440&ssl=1&resize=525%2C300 1.5x, https:\/\/i0.wp.com\/lahoradelcampo.com.uy\/site\/wp-content\/uploads\/2018\/05\/Granja.jpg?fit=880%2C440&ssl=1&resize=700%2C400 2x"},"classes":[]}],"jetpack_likes_enabled":true,"_links":{"self":[{"href":"https:\/\/lahoradelcampo.com.uy\/site\/wp-json\/wp\/v2\/posts\/51349","targetHints":{"allow":["GET"]}}],"collection":[{"href":"https:\/\/lahoradelcampo.com.uy\/site\/wp-json\/wp\/v2\/posts"}],"about":[{"href":"https:\/\/lahoradelcampo.com.uy\/site\/wp-json\/wp\/v2\/types\/post"}],"author":[{"embeddable":true,"href":"https:\/\/lahoradelcampo.com.uy\/site\/wp-json\/wp\/v2\/users\/5"}],"replies":[{"embeddable":true,"href":"https:\/\/lahoradelcampo.com.uy\/site\/wp-json\/wp\/v2\/comments?post=51349"}],"version-history":[{"count":1,"href":"https:\/\/lahoradelcampo.com.uy\/site\/wp-json\/wp\/v2\/posts\/51349\/revisions"}],"predecessor-version":[{"id":51353,"href":"https:\/\/lahoradelcampo.com.uy\/site\/wp-json\/wp\/v2\/posts\/51349\/revisions\/51353"}],"wp:featuredmedia":[{"embeddable":true,"href":"https:\/\/lahoradelcampo.com.uy\/site\/wp-json\/wp\/v2\/media\/51351"}],"wp:attachment":[{"href":"https:\/\/lahoradelcampo.com.uy\/site\/wp-json\/wp\/v2\/media?parent=51349"}],"wp:term":[{"taxonomy":"category","embeddable":true,"href":"https:\/\/lahoradelcampo.com.uy\/site\/wp-json\/wp\/v2\/categories?post=51349"},{"taxonomy":"post_tag","embeddable":true,"href":"https:\/\/lahoradelcampo.com.uy\/site\/wp-json\/wp\/v2\/tags?post=51349"}],"curies":[{"name":"wp","href":"https:\/\/api.w.org\/{rel}","templated":true}]}}