{"id":51341,"date":"2023-06-22T07:04:35","date_gmt":"2023-06-22T10:04:35","guid":{"rendered":"http:\/\/lahoradelcampo.com.uy\/site\/?p=51341"},"modified":"2023-06-22T07:04:58","modified_gmt":"2023-06-22T10:04:58","slug":"zafra-lanera-desafiante-precios-en-baja-y-a-la-espera-de-la-recuperacion-de-china","status":"publish","type":"post","link":"https:\/\/lahoradelcampo.com.uy\/site\/zafra-lanera-desafiante-precios-en-baja-y-a-la-espera-de-la-recuperacion-de-china\/","title":{"rendered":"Zafra lanera desafiante: precios en baja y a la espera de la recuperaci\u00f3n de China"},"content":{"rendered":"\n<figure class=\"wp-block-image size-full\"><a href=\"https:\/\/i0.wp.com\/lahoradelcampo.com.uy\/site\/wp-content\/uploads\/2023\/06\/Consignatarioslaneros.jpg\"><img data-recalc-dims=\"1\" loading=\"lazy\" decoding=\"async\" width=\"810\" height=\"405\" data-attachment-id=\"51345\" data-permalink=\"https:\/\/lahoradelcampo.com.uy\/site\/zafra-lanera-desafiante-precios-en-baja-y-a-la-espera-de-la-recuperacion-de-china\/consignatarioslaneros\/\" data-orig-file=\"https:\/\/i0.wp.com\/lahoradelcampo.com.uy\/site\/wp-content\/uploads\/2023\/06\/Consignatarioslaneros.jpg?fit=880%2C440&amp;ssl=1\" data-orig-size=\"880,440\" data-comments-opened=\"1\" data-image-meta=\"{&quot;aperture&quot;:&quot;0&quot;,&quot;credit&quot;:&quot;&quot;,&quot;camera&quot;:&quot;&quot;,&quot;caption&quot;:&quot;&quot;,&quot;created_timestamp&quot;:&quot;0&quot;,&quot;copyright&quot;:&quot;&quot;,&quot;focal_length&quot;:&quot;0&quot;,&quot;iso&quot;:&quot;0&quot;,&quot;shutter_speed&quot;:&quot;0&quot;,&quot;title&quot;:&quot;&quot;,&quot;orientation&quot;:&quot;1&quot;}\" data-image-title=\"Consignatarioslaneros\" data-image-description=\"\" data-image-caption=\"\" data-large-file=\"https:\/\/i0.wp.com\/lahoradelcampo.com.uy\/site\/wp-content\/uploads\/2023\/06\/Consignatarioslaneros.jpg?fit=810%2C405&amp;ssl=1\" src=\"https:\/\/i0.wp.com\/lahoradelcampo.com.uy\/site\/wp-content\/uploads\/2023\/06\/Consignatarioslaneros.jpg?resize=810%2C405\" alt=\"\" class=\"wp-image-51345\" srcset=\"https:\/\/i0.wp.com\/lahoradelcampo.com.uy\/site\/wp-content\/uploads\/2023\/06\/Consignatarioslaneros.jpg?w=880&amp;ssl=1 880w, https:\/\/i0.wp.com\/lahoradelcampo.com.uy\/site\/wp-content\/uploads\/2023\/06\/Consignatarioslaneros.jpg?resize=300%2C150&amp;ssl=1 300w, https:\/\/i0.wp.com\/lahoradelcampo.com.uy\/site\/wp-content\/uploads\/2023\/06\/Consignatarioslaneros.jpg?resize=768%2C384&amp;ssl=1 768w, https:\/\/i0.wp.com\/lahoradelcampo.com.uy\/site\/wp-content\/uploads\/2023\/06\/Consignatarioslaneros.jpg?resize=820%2C410&amp;ssl=1 820w\" sizes=\"auto, (max-width: 810px) 100vw, 810px\" \/><\/a><\/figure>\n\n\n\n<p>La zafra lanera del per\u00edodo 2022\/23 est\u00e1 llegando a su fin, y se destaca como una de las m\u00e1s complicadas en la memoria reciente del sector. Los precios promedio de la lana han experimentado bajas en todos los micronajes, pero existe una expectativa de aumento en el valor a medida que China recupere la normalidad.<\/p>\n\n\n\n<p>Pablo Iramendi, presidente de la Uni\u00f3n de Consignatarios y Rematadores Laneros del Uruguay en dialogo con Tard\u00e1guila Agromercados, expres\u00f3 su convicci\u00f3n en que los valores de la lana se incrementar\u00e1n una vez que China vuelva a la normalidad, aunque se desconoce cu\u00e1nto tiempo llevar\u00e1 dicho proceso. Se han observado bajas en los precios de todos los micronajes durante esta zafra desafiante.<\/p>\n\n\n\n<p>Los precios medios de los diferentes micronajes y tipos de lana comercializados se han dado a conocer. Las lanas m\u00e1s finas, certificadas y con menos de 17,9 micras, se vendieron a un valor promedio de US$ 9,81 por kilo. Ricardo Stewart, del escritorio Romualdo y C\u00eda, se\u00f1al\u00f3 que este a\u00f1o hubo fluidez en la comercializaci\u00f3n de lanas de hasta 22 micras, mientras que las lanas de 22 a 24 micras y las m\u00e1s gruesas experimentaron dificultades en el mercado y una selectividad marcada. En este sentido, algunos productores no lograron vender sus productos, situaci\u00f3n que no ocurri\u00f3 con las lanas m\u00e1s finas. Stewart describi\u00f3 esta zafra como \u00abla m\u00e1s complicada que tenga recuerdo\u00bb.<\/p>\n\n\n\n<p>El \u00abatraso cambiario\u00bb tambi\u00e9n ha tenido un impacto significativo, especialmente en el caso de las lanas de valor unitario bajo, como las medias, donde los costos de esquila y flete tienen una gran incidencia.<br>En cuanto a las lanas Corriedale de 28 micras, los precios medios fueron de US$ 0,82 por kilo de vell\u00f3n para las generales, US$ 1,00 para las de grifa amarilla, US$ 1,12 para las de grifa verde y US$ 1,03 para las certificadas.<\/p>\n\n\n\n<p>Santiago Onandi, del departamento de lanas de Zambrano y C\u00eda, explic\u00f3 las variaciones de precios en diferentes finuras en comparaci\u00f3n con el a\u00f1o anterior. Destac\u00f3 que para las lanas de menos de 24 micras, es impensable no realizar acondicionamiento. En promedio, las lanas de 18 micras experimentaron una disminuci\u00f3n del 15% anual, las de 19-21 micras bajaron entre un 7% y un 8%, las de 22-24 micras sufrieron una reducci\u00f3n del 15% o m\u00e1s, y las lanas m\u00e1s gruesas tuvieron bajas porcentuales menores, pero sobre precios ya muy bajos.<\/p>\n\n\n<div class=\"wp-block-image\">\n<figure class=\"aligncenter size-full is-resized\"><a href=\"https:\/\/i0.wp.com\/lahoradelcampo.com.uy\/site\/wp-content\/uploads\/2023\/06\/IMG-20230620-WA0058.jpg\"><img data-recalc-dims=\"1\" loading=\"lazy\" decoding=\"async\" data-attachment-id=\"51343\" data-permalink=\"https:\/\/lahoradelcampo.com.uy\/site\/zafra-lanera-desafiante-precios-en-baja-y-a-la-espera-de-la-recuperacion-de-china\/img-20230620-wa0058\/\" data-orig-file=\"https:\/\/i0.wp.com\/lahoradelcampo.com.uy\/site\/wp-content\/uploads\/2023\/06\/IMG-20230620-WA0058.jpg?fit=723%2C501&amp;ssl=1\" data-orig-size=\"723,501\" data-comments-opened=\"1\" data-image-meta=\"{&quot;aperture&quot;:&quot;0&quot;,&quot;credit&quot;:&quot;&quot;,&quot;camera&quot;:&quot;&quot;,&quot;caption&quot;:&quot;&quot;,&quot;created_timestamp&quot;:&quot;0&quot;,&quot;copyright&quot;:&quot;&quot;,&quot;focal_length&quot;:&quot;0&quot;,&quot;iso&quot;:&quot;0&quot;,&quot;shutter_speed&quot;:&quot;0&quot;,&quot;title&quot;:&quot;&quot;,&quot;orientation&quot;:&quot;0&quot;}\" data-image-title=\"IMG-20230620-WA0058\" data-image-description=\"\" data-image-caption=\"\" data-large-file=\"https:\/\/i0.wp.com\/lahoradelcampo.com.uy\/site\/wp-content\/uploads\/2023\/06\/IMG-20230620-WA0058.jpg?fit=723%2C501&amp;ssl=1\" src=\"https:\/\/i0.wp.com\/lahoradelcampo.com.uy\/site\/wp-content\/uploads\/2023\/06\/IMG-20230620-WA0058.jpg?resize=596%2C413\" alt=\"\" class=\"wp-image-51343\" width=\"596\" height=\"413\" srcset=\"https:\/\/i0.wp.com\/lahoradelcampo.com.uy\/site\/wp-content\/uploads\/2023\/06\/IMG-20230620-WA0058.jpg?w=723&amp;ssl=1 723w, https:\/\/i0.wp.com\/lahoradelcampo.com.uy\/site\/wp-content\/uploads\/2023\/06\/IMG-20230620-WA0058.jpg?resize=300%2C208&amp;ssl=1 300w\" sizes=\"auto, (max-width: 596px) 100vw, 596px\" \/><\/a><\/figure>\n<\/div>\n\n\n<p>Salto, 22 de junio de 2023<\/p>\n","protected":false},"excerpt":{"rendered":"<p>La zafra lanera del per\u00edodo 2022\/23 est\u00e1 llegando a su fin, y se destaca como una de las m\u00e1s complicadas en la memoria reciente del sector. Los precios promedio de [&hellip;]<\/p>\n","protected":false},"author":5,"featured_media":51345,"comment_status":"open","ping_status":"open","sticky":false,"template":"","format":"standard","meta":{"_price":"","_stock":"","_tribe_ticket_header":"","_tribe_default_ticket_provider":"","_tribe_ticket_capacity":"0","_ticket_start_date":"","_ticket_end_date":"","_tribe_ticket_show_description":"","_tribe_ticket_show_not_going":false,"_tribe_ticket_use_global_stock":"","_tribe_ticket_global_stock_level":"","_global_stock_mode":"","_global_stock_cap":"","_tribe_rsvp_for_event":"","_tribe_ticket_going_count":"","_tribe_ticket_not_going_count":"","_tribe_tickets_list":"[]","_tribe_ticket_has_attendee_info_fields":false,"h5ap_radio_sources":[],"_jetpack_newsletter_access":"","_jetpack_dont_email_post_to_subs":false,"_jetpack_newsletter_tier_id":0,"_jetpack_memberships_contains_paywalled_content":false,"_jetpack_memberships_contains_paid_content":false,"footnotes":""},"categories":[21,13],"tags":[],"class_list":["post-51341","post","type-post","status-publish","format-standard","has-post-thumbnail","hentry","category-actualidad","category-ovinos"],"jetpack_featured_media_url":"https:\/\/i0.wp.com\/lahoradelcampo.com.uy\/site\/wp-content\/uploads\/2023\/06\/Consignatarioslaneros.jpg?fit=880%2C440&ssl=1","jetpack_sharing_enabled":true,"jetpack_shortlink":"https:\/\/wp.me\/p99IaT-dm5","jetpack-related-posts":[{"id":10841,"url":"https:\/\/lahoradelcampo.com.uy\/site\/el-cierre-de-la-zafra-lanera-se-acerca-con-un-20-sin-vender\/","url_meta":{"origin":51341,"position":0},"title":"El cierre de la zafra lanera se acerca con un 20% sin vender","author":"La Hora del Campo","date":"17 mayo, 2019","format":false,"excerpt":"El mercado lanero uruguayo, al igual que a nivel internacional, se acerca al cierre de la zafra lanera 2018\/19 con expectativas en los productores de mejorar los precios y una demanda cautelosa que observa las ca\u00eddas consecutivas que va teniendo el mercado internacional. En esta situaci\u00f3n la distancia entre lo\u2026","rel":"","context":"En \u00abActualidad\u00bb","block_context":{"text":"Actualidad","link":"https:\/\/lahoradelcampo.com.uy\/site\/category\/actualidad\/"},"img":{"alt_text":"","src":"https:\/\/i0.wp.com\/lahoradelcampo.com.uy\/site\/wp-content\/uploads\/2019\/05\/lanas-interno.jpg?fit=880%2C440&ssl=1&resize=350%2C200","width":350,"height":200,"srcset":"https:\/\/i0.wp.com\/lahoradelcampo.com.uy\/site\/wp-content\/uploads\/2019\/05\/lanas-interno.jpg?fit=880%2C440&ssl=1&resize=350%2C200 1x, https:\/\/i0.wp.com\/lahoradelcampo.com.uy\/site\/wp-content\/uploads\/2019\/05\/lanas-interno.jpg?fit=880%2C440&ssl=1&resize=525%2C300 1.5x, https:\/\/i0.wp.com\/lahoradelcampo.com.uy\/site\/wp-content\/uploads\/2019\/05\/lanas-interno.jpg?fit=880%2C440&ssl=1&resize=700%2C400 2x"},"classes":[]},{"id":25942,"url":"https:\/\/lahoradelcampo.com.uy\/site\/central-lanera-liquido-la-zafra-2019-20\/","url_meta":{"origin":51341,"position":1},"title":"Central Lanera liquid\u00f3 la zafra 2019\/20","author":"La Hora del Campo","date":"8 diciembre, 2020","format":false,"excerpt":"La Cooperativa Central Lanera Uruguay emiti\u00f3 un comunicado donde present\u00f3 el cierre de la zafra lanera 2019\/2020, en una fecha muy diferente a la tradicional y enmarcada dentro de la realidad que ha significado la pandemia del Covid-19 para el sector lanero en su conjunto. \u00a0Seg\u00fan inform\u00f3 la empresa, este\u2026","rel":"","context":"En \u00abActualidad\u00bb","block_context":{"text":"Actualidad","link":"https:\/\/lahoradelcampo.com.uy\/site\/category\/actualidad\/"},"img":{"alt_text":"","src":"https:\/\/i0.wp.com\/lahoradelcampo.com.uy\/site\/wp-content\/uploads\/2017\/11\/Lanas.jpg?fit=880%2C440&ssl=1&resize=350%2C200","width":350,"height":200,"srcset":"https:\/\/i0.wp.com\/lahoradelcampo.com.uy\/site\/wp-content\/uploads\/2017\/11\/Lanas.jpg?fit=880%2C440&ssl=1&resize=350%2C200 1x, https:\/\/i0.wp.com\/lahoradelcampo.com.uy\/site\/wp-content\/uploads\/2017\/11\/Lanas.jpg?fit=880%2C440&ssl=1&resize=525%2C300 1.5x, https:\/\/i0.wp.com\/lahoradelcampo.com.uy\/site\/wp-content\/uploads\/2017\/11\/Lanas.jpg?fit=880%2C440&ssl=1&resize=700%2C400 2x"},"classes":[]},{"id":41145,"url":"https:\/\/lahoradelcampo.com.uy\/site\/en-el-tramo-final-de-la-zafra-lanera-hay-mucho-mas-mesura-en-los-negocios\/","url_meta":{"origin":51341,"position":2},"title":"En el tramo final de la zafra lanera \u00abhay mucho m\u00e1s mesura\u00bb en los negocios","author":"La Hora del Campo","date":"26 abril, 2022","format":false,"excerpt":"La zafra lanera tiene por delante la presente semana de abril y luego dos meses para cerrar un a\u00f1o de subas y bajas en los valores, con mayor agilidad en unos micronajes que en otros y con varios eventos que han afectado la comercializaci\u00f3n en este per\u00edodo. Diego Saavedra, el\u2026","rel":"","context":"En \u00abActualidad\u00bb","block_context":{"text":"Actualidad","link":"https:\/\/lahoradelcampo.com.uy\/site\/category\/actualidad\/"},"img":{"alt_text":"","src":"https:\/\/i0.wp.com\/lahoradelcampo.com.uy\/site\/wp-content\/uploads\/2022\/04\/CLU-Saavedra.jpg?fit=880%2C440&ssl=1&resize=350%2C200","width":350,"height":200,"srcset":"https:\/\/i0.wp.com\/lahoradelcampo.com.uy\/site\/wp-content\/uploads\/2022\/04\/CLU-Saavedra.jpg?fit=880%2C440&ssl=1&resize=350%2C200 1x, https:\/\/i0.wp.com\/lahoradelcampo.com.uy\/site\/wp-content\/uploads\/2022\/04\/CLU-Saavedra.jpg?fit=880%2C440&ssl=1&resize=525%2C300 1.5x, https:\/\/i0.wp.com\/lahoradelcampo.com.uy\/site\/wp-content\/uploads\/2022\/04\/CLU-Saavedra.jpg?fit=880%2C440&ssl=1&resize=700%2C400 2x"},"classes":[]},{"id":6729,"url":"https:\/\/lahoradelcampo.com.uy\/site\/centra-lanera-y-calsal-liquidaron-el-100-de-la-lana-de-la-zafra-201718\/","url_meta":{"origin":51341,"position":3},"title":"Centra Lanera y Calsal liquidaron el 100% de la lana de la zafra 2017\/18","author":"La Hora del Campo","date":"28 abril, 2018","format":false,"excerpt":"Las cooperativas Central Lanera Uruguaya y Calsal realizaron en la jornada de ayer la liquidaci\u00f3n de la zafra lanera 2017\/2018 a sus productores remitentes, pag\u00e1ndose el 100% de la lana. Central Lanera ratific\u00f3 su compromiso de premiar a sus productores con bonificaciones y sobreprecios por esquila temprana, acondicionada y que\u2026","rel":"","context":"En \u00abActualidad\u00bb","block_context":{"text":"Actualidad","link":"https:\/\/lahoradelcampo.com.uy\/site\/category\/actualidad\/"},"img":{"alt_text":"","src":"https:\/\/i0.wp.com\/lahoradelcampo.com.uy\/site\/wp-content\/uploads\/2018\/05\/calsal.jpg?fit=880%2C440&ssl=1&resize=350%2C200","width":350,"height":200,"srcset":"https:\/\/i0.wp.com\/lahoradelcampo.com.uy\/site\/wp-content\/uploads\/2018\/05\/calsal.jpg?fit=880%2C440&ssl=1&resize=350%2C200 1x, https:\/\/i0.wp.com\/lahoradelcampo.com.uy\/site\/wp-content\/uploads\/2018\/05\/calsal.jpg?fit=880%2C440&ssl=1&resize=525%2C300 1.5x, https:\/\/i0.wp.com\/lahoradelcampo.com.uy\/site\/wp-content\/uploads\/2018\/05\/calsal.jpg?fit=880%2C440&ssl=1&resize=700%2C400 2x"},"classes":[]},{"id":31688,"url":"https:\/\/lahoradelcampo.com.uy\/site\/la-relacion-de-precios-entre-las-lanas-cruzas-y-las-finas-es-historica\/","url_meta":{"origin":51341,"position":4},"title":"\u00abLa relaci\u00f3n de precios entre las lanas cruzas y las finas, es hist\u00f3rica\u00bb","author":"La Hora del Campo","date":"30 junio, 2021","format":false,"excerpt":"La zafra lanera 2020-2021 tuvo un per\u00edodo de bajas constantes a nivel del mercado lanero australiano hasta setiembre del a\u00f1o pasado, reflejando fuertemente los efectos de la pandemia del Covid-19 sobre un mercado minorista que sufri\u00f3 la ausencia de consumidores a nivel de las tiendas. Luego comenz\u00f3 un per\u00edodo de\u2026","rel":"","context":"En \u00abActualidad\u00bb","block_context":{"text":"Actualidad","link":"https:\/\/lahoradelcampo.com.uy\/site\/category\/actualidad\/"},"img":{"alt_text":"","src":"https:\/\/i0.wp.com\/lahoradelcampo.com.uy\/site\/wp-content\/uploads\/2020\/04\/Saavedra.jpg?fit=880%2C440&ssl=1&resize=350%2C200","width":350,"height":200,"srcset":"https:\/\/i0.wp.com\/lahoradelcampo.com.uy\/site\/wp-content\/uploads\/2020\/04\/Saavedra.jpg?fit=880%2C440&ssl=1&resize=350%2C200 1x, https:\/\/i0.wp.com\/lahoradelcampo.com.uy\/site\/wp-content\/uploads\/2020\/04\/Saavedra.jpg?fit=880%2C440&ssl=1&resize=525%2C300 1.5x, https:\/\/i0.wp.com\/lahoradelcampo.com.uy\/site\/wp-content\/uploads\/2020\/04\/Saavedra.jpg?fit=880%2C440&ssl=1&resize=700%2C400 2x"},"classes":[]},{"id":56274,"url":"https:\/\/lahoradelcampo.com.uy\/site\/la-zafra-lanera-24-25-se-caracterizo-por-una-gran-demanda\/","url_meta":{"origin":51341,"position":5},"title":"La zafra lanera 24\/25 \u00abse caracteriz\u00f3 por una gran demanda\u00bb","author":"La Hora del Campo","date":"4 julio, 2025","format":false,"excerpt":"La Uni\u00f3n de Consignatarios y Rematadores de Lana del Uruguay, integrante de la C\u00e1mara Mercantil de Productos del Pa\u00eds, est\u00e1 entregando nuevamente este a\u00f1o, el resultado de los precios promedios publicados en las diferentes categor\u00edas durante el per\u00edodo 01\/06\/2024 y el 31\/05\/2025, sobre la base de los negocios realizados por\u2026","rel":"","context":"En \u00abActualidad\u00bb","block_context":{"text":"Actualidad","link":"https:\/\/lahoradelcampo.com.uy\/site\/category\/actualidad\/"},"img":{"alt_text":"","src":"https:\/\/i0.wp.com\/lahoradelcampo.com.uy\/site\/wp-content\/uploads\/2024\/09\/Lana-Uruguaya1.jpg?fit=880%2C440&ssl=1&resize=350%2C200","width":350,"height":200,"srcset":"https:\/\/i0.wp.com\/lahoradelcampo.com.uy\/site\/wp-content\/uploads\/2024\/09\/Lana-Uruguaya1.jpg?fit=880%2C440&ssl=1&resize=350%2C200 1x, https:\/\/i0.wp.com\/lahoradelcampo.com.uy\/site\/wp-content\/uploads\/2024\/09\/Lana-Uruguaya1.jpg?fit=880%2C440&ssl=1&resize=525%2C300 1.5x, https:\/\/i0.wp.com\/lahoradelcampo.com.uy\/site\/wp-content\/uploads\/2024\/09\/Lana-Uruguaya1.jpg?fit=880%2C440&ssl=1&resize=700%2C400 2x"},"classes":[]}],"jetpack_likes_enabled":true,"_links":{"self":[{"href":"https:\/\/lahoradelcampo.com.uy\/site\/wp-json\/wp\/v2\/posts\/51341","targetHints":{"allow":["GET"]}}],"collection":[{"href":"https:\/\/lahoradelcampo.com.uy\/site\/wp-json\/wp\/v2\/posts"}],"about":[{"href":"https:\/\/lahoradelcampo.com.uy\/site\/wp-json\/wp\/v2\/types\/post"}],"author":[{"embeddable":true,"href":"https:\/\/lahoradelcampo.com.uy\/site\/wp-json\/wp\/v2\/users\/5"}],"replies":[{"embeddable":true,"href":"https:\/\/lahoradelcampo.com.uy\/site\/wp-json\/wp\/v2\/comments?post=51341"}],"version-history":[{"count":1,"href":"https:\/\/lahoradelcampo.com.uy\/site\/wp-json\/wp\/v2\/posts\/51341\/revisions"}],"predecessor-version":[{"id":51347,"href":"https:\/\/lahoradelcampo.com.uy\/site\/wp-json\/wp\/v2\/posts\/51341\/revisions\/51347"}],"wp:featuredmedia":[{"embeddable":true,"href":"https:\/\/lahoradelcampo.com.uy\/site\/wp-json\/wp\/v2\/media\/51345"}],"wp:attachment":[{"href":"https:\/\/lahoradelcampo.com.uy\/site\/wp-json\/wp\/v2\/media?parent=51341"}],"wp:term":[{"taxonomy":"category","embeddable":true,"href":"https:\/\/lahoradelcampo.com.uy\/site\/wp-json\/wp\/v2\/categories?post=51341"},{"taxonomy":"post_tag","embeddable":true,"href":"https:\/\/lahoradelcampo.com.uy\/site\/wp-json\/wp\/v2\/tags?post=51341"}],"curies":[{"name":"wp","href":"https:\/\/api.w.org\/{rel}","templated":true}]}}