{"id":51335,"date":"2023-06-22T06:57:25","date_gmt":"2023-06-22T09:57:25","guid":{"rendered":"http:\/\/lahoradelcampo.com.uy\/site\/?p=51335"},"modified":"2023-06-22T06:59:47","modified_gmt":"2023-06-22T09:59:47","slug":"fuerte-demanda-y-alta-colocacionen-el-270-remate-de-plaza-rural","status":"publish","type":"post","link":"https:\/\/lahoradelcampo.com.uy\/site\/fuerte-demanda-y-alta-colocacionen-el-270-remate-de-plaza-rural\/","title":{"rendered":"Fuerte demanda y alta colocaci\u00f3nen el 270 remate de Plaza Rural"},"content":{"rendered":"\n<figure class=\"wp-block-image size-full\"><a href=\"https:\/\/i0.wp.com\/lahoradelcampo.com.uy\/site\/wp-content\/uploads\/2017\/10\/Plaza-Rural.jpg\"><img data-recalc-dims=\"1\" loading=\"lazy\" decoding=\"async\" width=\"810\" height=\"405\" data-attachment-id=\"2279\" data-permalink=\"https:\/\/lahoradelcampo.com.uy\/site\/91-de-ventas-y-destaque-para-los-angus-en-plaza-rural\/plaza-rural-2\/\" data-orig-file=\"https:\/\/i0.wp.com\/lahoradelcampo.com.uy\/site\/wp-content\/uploads\/2017\/10\/Plaza-Rural.jpg?fit=880%2C440&amp;ssl=1\" data-orig-size=\"880,440\" data-comments-opened=\"1\" data-image-meta=\"{&quot;aperture&quot;:&quot;0&quot;,&quot;credit&quot;:&quot;Vicente-Manuel-Tort&quot;,&quot;camera&quot;:&quot;&quot;,&quot;caption&quot;:&quot;&quot;,&quot;created_timestamp&quot;:&quot;0&quot;,&quot;copyright&quot;:&quot;Presidencia de la Republica - Sec.Com.Inst.&quot;,&quot;focal_length&quot;:&quot;0&quot;,&quot;iso&quot;:&quot;0&quot;,&quot;shutter_speed&quot;:&quot;0&quot;,&quot;title&quot;:&quot;&quot;,&quot;orientation&quot;:&quot;1&quot;}\" data-image-title=\"Plaza Rural\" data-image-description=\"\" data-image-caption=\"\" data-large-file=\"https:\/\/i0.wp.com\/lahoradelcampo.com.uy\/site\/wp-content\/uploads\/2017\/10\/Plaza-Rural.jpg?fit=810%2C405&amp;ssl=1\" src=\"https:\/\/i0.wp.com\/lahoradelcampo.com.uy\/site\/wp-content\/uploads\/2017\/10\/Plaza-Rural.jpg?resize=810%2C405\" alt=\"\" class=\"wp-image-2279\" srcset=\"https:\/\/i0.wp.com\/lahoradelcampo.com.uy\/site\/wp-content\/uploads\/2017\/10\/Plaza-Rural.jpg?w=880&amp;ssl=1 880w, https:\/\/i0.wp.com\/lahoradelcampo.com.uy\/site\/wp-content\/uploads\/2017\/10\/Plaza-Rural.jpg?resize=300%2C150&amp;ssl=1 300w, https:\/\/i0.wp.com\/lahoradelcampo.com.uy\/site\/wp-content\/uploads\/2017\/10\/Plaza-Rural.jpg?resize=768%2C384&amp;ssl=1 768w, https:\/\/i0.wp.com\/lahoradelcampo.com.uy\/site\/wp-content\/uploads\/2017\/10\/Plaza-Rural.jpg?resize=820%2C410&amp;ssl=1 820w\" sizes=\"auto, (max-width: 810px) 100vw, 810px\" \/><\/a><\/figure>\n\n\n\n<p>El 270\u00b0 remate de Plaza Rural inici\u00f3 con gran \u00e9xito, registrando un aumento significativo en las ventas de todas las categor\u00edas. Destacando un incremento del 10,3% en la comercializaci\u00f3n de m\u00e1s de 400 terneros livianos y una alta tasa de colocaci\u00f3n del 94%. <\/p>\n\n\n\n<p>Mauricio Digenova de Zambrano &amp; C\u00eda resalt\u00f3 el alto porcentaje de colocaci\u00f3n en todas las categor\u00edas y los ajustes al alza en varios promedios, en do\u00e1logo con Rurales El Pa\u00eds. \u00abEs llamativo el aumento del 10,3% en los terneros livianos en comparaci\u00f3n con el remate anterior, y los terneros en general que registraron un incremento del 4,8%\u00bb, se\u00f1al\u00f3 Digenova.<\/p>\n\n\n\n<p>La demanda fue intensa en pr\u00e1cticamente todos los lotes, debido a un mercado atento y con una mayor demanda que oferta. \u00abEl balance es positivo, con una alta colocaci\u00f3n y una gran demanda en todas las categor\u00edas. Plaza Rural logr\u00f3 vender m\u00e1s de 6.000 reses de excelente calidad\u00bb, afirm\u00f3 Digenova.<\/p>\n\n\n\n<p>Christopher Brown, director de Agro Oriental, tambi\u00e9n expres\u00f3 su satisfacci\u00f3n con el remate, destacando ajustes leves y positivos en la mayor\u00eda de las categor\u00edas. Mencion\u00f3 que los terneros tuvieron una demanda fluida y firme, y que los novillos y las vacas invernadas tambi\u00e9n se vendieron a buenos valores y con una s\u00f3lida demanda.<\/p>\n\n\n\n<p>El remate contin\u00faa hoy a partir de las 9:00 a.m., con la subasta de terneras, vaquillonas, vientres pre\u00f1ados y piezas de cr\u00eda. La expectativa es alta, considerando el \u00e9xito de la jornada anterior y el inter\u00e9s del mercado por estas categor\u00edas.<\/p>\n\n\n\n<p>El mercado ganadero sigue mostrando dinamismo y valores favorables, evidenciando que, a pesar de los ajustes a la baja en el precio del ganado gordo, el sector contin\u00faa atrayendo inversiones y manteniendo la firmeza en los precios de los terneros, un negocio a largo plazo que no est\u00e1 tan influenciado por el precio del ganado gordo.<\/p>\n\n\n\n<figure class=\"wp-block-image size-large\"><a href=\"https:\/\/i0.wp.com\/lahoradelcampo.com.uy\/site\/wp-content\/uploads\/2023\/06\/plaza-rural-valores-1-dia.jpg\"><img data-recalc-dims=\"1\" loading=\"lazy\" decoding=\"async\" width=\"810\" height=\"362\" data-attachment-id=\"51337\" data-permalink=\"https:\/\/lahoradelcampo.com.uy\/site\/fuerte-demanda-y-alta-colocacionen-el-270-remate-de-plaza-rural\/plaza-rural-valores-1-dia\/\" data-orig-file=\"https:\/\/i0.wp.com\/lahoradelcampo.com.uy\/site\/wp-content\/uploads\/2023\/06\/plaza-rural-valores-1-dia.jpg?fit=1280%2C572&amp;ssl=1\" data-orig-size=\"1280,572\" data-comments-opened=\"1\" data-image-meta=\"{&quot;aperture&quot;:&quot;0&quot;,&quot;credit&quot;:&quot;&quot;,&quot;camera&quot;:&quot;&quot;,&quot;caption&quot;:&quot;&quot;,&quot;created_timestamp&quot;:&quot;0&quot;,&quot;copyright&quot;:&quot;&quot;,&quot;focal_length&quot;:&quot;0&quot;,&quot;iso&quot;:&quot;0&quot;,&quot;shutter_speed&quot;:&quot;0&quot;,&quot;title&quot;:&quot;&quot;,&quot;orientation&quot;:&quot;1&quot;}\" data-image-title=\"plaza rural valores 1 dia\" data-image-description=\"\" data-image-caption=\"\" data-large-file=\"https:\/\/i0.wp.com\/lahoradelcampo.com.uy\/site\/wp-content\/uploads\/2023\/06\/plaza-rural-valores-1-dia.jpg?fit=810%2C362&amp;ssl=1\" src=\"https:\/\/i0.wp.com\/lahoradelcampo.com.uy\/site\/wp-content\/uploads\/2023\/06\/plaza-rural-valores-1-dia.jpg?resize=810%2C362\" alt=\"\" class=\"wp-image-51337\" srcset=\"https:\/\/i0.wp.com\/lahoradelcampo.com.uy\/site\/wp-content\/uploads\/2023\/06\/plaza-rural-valores-1-dia.jpg?resize=1024%2C458&amp;ssl=1 1024w, https:\/\/i0.wp.com\/lahoradelcampo.com.uy\/site\/wp-content\/uploads\/2023\/06\/plaza-rural-valores-1-dia.jpg?resize=300%2C134&amp;ssl=1 300w, https:\/\/i0.wp.com\/lahoradelcampo.com.uy\/site\/wp-content\/uploads\/2023\/06\/plaza-rural-valores-1-dia.jpg?resize=768%2C343&amp;ssl=1 768w, https:\/\/i0.wp.com\/lahoradelcampo.com.uy\/site\/wp-content\/uploads\/2023\/06\/plaza-rural-valores-1-dia.jpg?w=1280&amp;ssl=1 1280w\" sizes=\"auto, (max-width: 810px) 100vw, 810px\" \/><\/a><\/figure>\n\n\n\n<p>Salto,22 de junio de 2023<\/p>\n","protected":false},"excerpt":{"rendered":"<p>El 270\u00b0 remate de Plaza Rural inici\u00f3 con gran \u00e9xito, registrando un aumento significativo en las ventas de todas las categor\u00edas. Destacando un incremento del 10,3% en la comercializaci\u00f3n de [&hellip;]<\/p>\n","protected":false},"author":5,"featured_media":2279,"comment_status":"open","ping_status":"open","sticky":false,"template":"","format":"standard","meta":{"_price":"","_stock":"","_tribe_ticket_header":"","_tribe_default_ticket_provider":"","_tribe_ticket_capacity":"0","_ticket_start_date":"","_ticket_end_date":"","_tribe_ticket_show_description":"","_tribe_ticket_show_not_going":false,"_tribe_ticket_use_global_stock":"","_tribe_ticket_global_stock_level":"","_global_stock_mode":"","_global_stock_cap":"","_tribe_rsvp_for_event":"","_tribe_ticket_going_count":"","_tribe_ticket_not_going_count":"","_tribe_tickets_list":"[]","_tribe_ticket_has_attendee_info_fields":false,"h5ap_radio_sources":[],"_jetpack_newsletter_access":"","_jetpack_dont_email_post_to_subs":false,"_jetpack_newsletter_tier_id":0,"_jetpack_memberships_contains_paywalled_content":false,"_jetpack_memberships_contains_paid_content":false,"footnotes":""},"categories":[21,5],"tags":[],"class_list":["post-51335","post","type-post","status-publish","format-standard","has-post-thumbnail","hentry","category-actualidad","category-ganaderia"],"jetpack_featured_media_url":"https:\/\/i0.wp.com\/lahoradelcampo.com.uy\/site\/wp-content\/uploads\/2017\/10\/Plaza-Rural.jpg?fit=880%2C440&ssl=1","jetpack_sharing_enabled":true,"jetpack_shortlink":"https:\/\/wp.me\/p99IaT-dlZ","jetpack-related-posts":[{"id":39961,"url":"https:\/\/lahoradelcampo.com.uy\/site\/buen-arranque-de-plaza-rural-con-100-de-colocacion-de-los-terneros\/","url_meta":{"origin":51335,"position":0},"title":"Buen arranque de Plaza Rural con 100% de colocaci\u00f3n de los terneros","author":"La Hora del Campo","date":"17 marzo, 2022","format":false,"excerpt":"Plaza Rural comenz\u00f3 en la jornada de ayer su remate 245, que tendr\u00e1 tres d\u00edas m\u00e1s ventas para colocar un volumen de oferta que supera las 29.000 cabezas de vacunos. En la jornada de ayer se ofert\u00f3 la escalera de terneros, donde los valores fluctuaron entre US$ 3,65 para los\u2026","rel":"","context":"En \u00abActualidad\u00bb","block_context":{"text":"Actualidad","link":"https:\/\/lahoradelcampo.com.uy\/site\/category\/actualidad\/"},"img":{"alt_text":"","src":"https:\/\/i0.wp.com\/lahoradelcampo.com.uy\/site\/wp-content\/uploads\/2021\/02\/PLazarural.jpg?fit=880%2C440&ssl=1&resize=350%2C200","width":350,"height":200,"srcset":"https:\/\/i0.wp.com\/lahoradelcampo.com.uy\/site\/wp-content\/uploads\/2021\/02\/PLazarural.jpg?fit=880%2C440&ssl=1&resize=350%2C200 1x, https:\/\/i0.wp.com\/lahoradelcampo.com.uy\/site\/wp-content\/uploads\/2021\/02\/PLazarural.jpg?fit=880%2C440&ssl=1&resize=525%2C300 1.5x, https:\/\/i0.wp.com\/lahoradelcampo.com.uy\/site\/wp-content\/uploads\/2021\/02\/PLazarural.jpg?fit=880%2C440&ssl=1&resize=700%2C400 2x"},"classes":[]},{"id":53758,"url":"https:\/\/lahoradelcampo.com.uy\/site\/alta-colocacion-en-el-segundo-dia-del-remate-de-plaza-rural\/","url_meta":{"origin":51335,"position":1},"title":"Alta colocaci\u00f3n en el segundo d\u00eda del remate de Plaza Rural","author":"La Hora del Campo","date":"11 abril, 2024","format":false,"excerpt":"En el segundo d\u00eda del remate de abril de Plaza Rural, la efervescencia del mercado se hizo sentir con fuerza. Con una cifra impresionante, el 98,97% de los lotes ofertados encontraron comprador, lo que se traduce en la venta de 8.428 vacunos, en asociaci\u00f3n con el Banco de la Rep\u00fablica.\u2026","rel":"","context":"En \u00abActualidad\u00bb","block_context":{"text":"Actualidad","link":"https:\/\/lahoradelcampo.com.uy\/site\/category\/actualidad\/"},"img":{"alt_text":"","src":"https:\/\/i0.wp.com\/lahoradelcampo.com.uy\/site\/wp-content\/uploads\/2023\/08\/Francisco-Canepa-Plaza-Rural.jpg?fit=880%2C440&ssl=1&resize=350%2C200","width":350,"height":200,"srcset":"https:\/\/i0.wp.com\/lahoradelcampo.com.uy\/site\/wp-content\/uploads\/2023\/08\/Francisco-Canepa-Plaza-Rural.jpg?fit=880%2C440&ssl=1&resize=350%2C200 1x, https:\/\/i0.wp.com\/lahoradelcampo.com.uy\/site\/wp-content\/uploads\/2023\/08\/Francisco-Canepa-Plaza-Rural.jpg?fit=880%2C440&ssl=1&resize=525%2C300 1.5x, https:\/\/i0.wp.com\/lahoradelcampo.com.uy\/site\/wp-content\/uploads\/2023\/08\/Francisco-Canepa-Plaza-Rural.jpg?fit=880%2C440&ssl=1&resize=700%2C400 2x"},"classes":[]},{"id":51395,"url":"https:\/\/lahoradelcampo.com.uy\/site\/remate-270-de-plaza-rural-dias-con-tonos-diferentes-y-buena-colocacion\/","url_meta":{"origin":51335,"position":2},"title":"Remate 270 de Plaza Rural: Dos d\u00edas con tonos diferentes y buena colocaci\u00f3n","author":"La Hora del Campo","date":"23 junio, 2023","format":false,"excerpt":"El director de Agro Oriental, Christopher Brown, analiz\u00f3 los resultados del remate 270 de Plaza Rural y destac\u00f3 que tuvo dos d\u00edas con caracter\u00edsticas distintas. Durante el primer d\u00eda, se observ\u00f3 una mayor fluidez en las transacciones y correcciones al alza en casi todas las categor\u00edas, logrando una colocaci\u00f3n por\u2026","rel":"","context":"En \u00abActualidad\u00bb","block_context":{"text":"Actualidad","link":"https:\/\/lahoradelcampo.com.uy\/site\/category\/actualidad\/"},"img":{"alt_text":"","src":"https:\/\/i0.wp.com\/lahoradelcampo.com.uy\/site\/wp-content\/uploads\/2023\/06\/Plaza-Rural-1.jpg?fit=880%2C440&ssl=1&resize=350%2C200","width":350,"height":200,"srcset":"https:\/\/i0.wp.com\/lahoradelcampo.com.uy\/site\/wp-content\/uploads\/2023\/06\/Plaza-Rural-1.jpg?fit=880%2C440&ssl=1&resize=350%2C200 1x, https:\/\/i0.wp.com\/lahoradelcampo.com.uy\/site\/wp-content\/uploads\/2023\/06\/Plaza-Rural-1.jpg?fit=880%2C440&ssl=1&resize=525%2C300 1.5x, https:\/\/i0.wp.com\/lahoradelcampo.com.uy\/site\/wp-content\/uploads\/2023\/06\/Plaza-Rural-1.jpg?fit=880%2C440&ssl=1&resize=700%2C400 2x"},"classes":[]},{"id":56916,"url":"https:\/\/lahoradelcampo.com.uy\/site\/plaza-rural-concreto-remate-310-con-casi-100-de-colocacion\/","url_meta":{"origin":51335,"position":3},"title":"Plaza Rural concret\u00f3 remate 310 con casi 100% de colocaci\u00f3n","author":"La Hora del Campo","date":"28 septiembre, 2025","format":false,"excerpt":"El consorcio Plaza Rural llev\u00f3 adelante esta semana el remate 310 especial con Angus Uruguay, que registr\u00f3 dos jornadas de ventas con colocaci\u00f3n cercana al 100% y un mercado firme en todas las categor\u00edas. En la primera jornada, desarrollada el martes, se comercializaron casi 4.000 terneros, que hicieron un promedio\u2026","rel":"","context":"En \u00abActualidad\u00bb","block_context":{"text":"Actualidad","link":"https:\/\/lahoradelcampo.com.uy\/site\/category\/actualidad\/"},"img":{"alt_text":"","src":"https:\/\/i0.wp.com\/lahoradelcampo.com.uy\/site\/wp-content\/uploads\/2025\/09\/PlazaRural-1.jpg?fit=880%2C440&ssl=1&resize=350%2C200","width":350,"height":200,"srcset":"https:\/\/i0.wp.com\/lahoradelcampo.com.uy\/site\/wp-content\/uploads\/2025\/09\/PlazaRural-1.jpg?fit=880%2C440&ssl=1&resize=350%2C200 1x, https:\/\/i0.wp.com\/lahoradelcampo.com.uy\/site\/wp-content\/uploads\/2025\/09\/PlazaRural-1.jpg?fit=880%2C440&ssl=1&resize=525%2C300 1.5x, https:\/\/i0.wp.com\/lahoradelcampo.com.uy\/site\/wp-content\/uploads\/2025\/09\/PlazaRural-1.jpg?fit=880%2C440&ssl=1&resize=700%2C400 2x"},"classes":[]},{"id":49990,"url":"https:\/\/lahoradelcampo.com.uy\/site\/plaza-rural-disperso-mas-de-10-000-vacunos-en-el-primer-remate-de-abril\/","url_meta":{"origin":51335,"position":4},"title":"Plaza Rural dispers\u00f3 m\u00e1s de 10.000 vacunos en el primer remate de abril","author":"La Hora del Campo","date":"16 abril, 2023","format":false,"excerpt":"Plaza Rural celebr\u00f3 su primer remate de abril con excelentes resultados. La firma dispers\u00f3 10.753 vacunos, logrando una tasa de venta del 95% de la oferta, consolidando la firmeza del mercado de reposici\u00f3n. Alejandro Zambrano Zerbino, director de Zambrano & C\u00eda., destac\u00f3 el \u00e9xito del remate, atribuy\u00e9ndolo al dinamismo del\u2026","rel":"","context":"En \u00abActualidad\u00bb","block_context":{"text":"Actualidad","link":"https:\/\/lahoradelcampo.com.uy\/site\/category\/actualidad\/"},"img":{"alt_text":"","src":"https:\/\/i0.wp.com\/lahoradelcampo.com.uy\/site\/wp-content\/uploads\/2022\/05\/PlazaRural-general2.jpg?fit=880%2C440&ssl=1&resize=350%2C200","width":350,"height":200,"srcset":"https:\/\/i0.wp.com\/lahoradelcampo.com.uy\/site\/wp-content\/uploads\/2022\/05\/PlazaRural-general2.jpg?fit=880%2C440&ssl=1&resize=350%2C200 1x, https:\/\/i0.wp.com\/lahoradelcampo.com.uy\/site\/wp-content\/uploads\/2022\/05\/PlazaRural-general2.jpg?fit=880%2C440&ssl=1&resize=525%2C300 1.5x, https:\/\/i0.wp.com\/lahoradelcampo.com.uy\/site\/wp-content\/uploads\/2022\/05\/PlazaRural-general2.jpg?fit=880%2C440&ssl=1&resize=700%2C400 2x"},"classes":[]},{"id":54418,"url":"https:\/\/lahoradelcampo.com.uy\/site\/plaza-rural-con-98-de-ventas-en-el-primer-remate-de-setiembre\/","url_meta":{"origin":51335,"position":5},"title":"Plaza Rural con 98% de ventas en el primer remate de setiembre","author":"La Hora del Campo","date":"6 septiembre, 2024","format":false,"excerpt":"El consorcio Plaza Rural logr\u00f3 una vez m\u00e1s superar las expectativas del mercado en su remate 291, con la venta de 12.926 vacunos y un porcentaje del 98,15% de ventas. Alejandro Zambrano, director de Zambrano & C\u00eda., calific\u00f3 la jornada como un \u00e9xito rotundo, destacando la mejora en los precios\u2026","rel":"","context":"En \u00abActualidad\u00bb","block_context":{"text":"Actualidad","link":"https:\/\/lahoradelcampo.com.uy\/site\/category\/actualidad\/"},"img":{"alt_text":"","src":"https:\/\/i0.wp.com\/lahoradelcampo.com.uy\/site\/wp-content\/uploads\/2023\/06\/Plaza-Rural-1.jpg?fit=880%2C440&ssl=1&resize=350%2C200","width":350,"height":200,"srcset":"https:\/\/i0.wp.com\/lahoradelcampo.com.uy\/site\/wp-content\/uploads\/2023\/06\/Plaza-Rural-1.jpg?fit=880%2C440&ssl=1&resize=350%2C200 1x, https:\/\/i0.wp.com\/lahoradelcampo.com.uy\/site\/wp-content\/uploads\/2023\/06\/Plaza-Rural-1.jpg?fit=880%2C440&ssl=1&resize=525%2C300 1.5x, https:\/\/i0.wp.com\/lahoradelcampo.com.uy\/site\/wp-content\/uploads\/2023\/06\/Plaza-Rural-1.jpg?fit=880%2C440&ssl=1&resize=700%2C400 2x"},"classes":[]}],"jetpack_likes_enabled":true,"_links":{"self":[{"href":"https:\/\/lahoradelcampo.com.uy\/site\/wp-json\/wp\/v2\/posts\/51335","targetHints":{"allow":["GET"]}}],"collection":[{"href":"https:\/\/lahoradelcampo.com.uy\/site\/wp-json\/wp\/v2\/posts"}],"about":[{"href":"https:\/\/lahoradelcampo.com.uy\/site\/wp-json\/wp\/v2\/types\/post"}],"author":[{"embeddable":true,"href":"https:\/\/lahoradelcampo.com.uy\/site\/wp-json\/wp\/v2\/users\/5"}],"replies":[{"embeddable":true,"href":"https:\/\/lahoradelcampo.com.uy\/site\/wp-json\/wp\/v2\/comments?post=51335"}],"version-history":[{"count":1,"href":"https:\/\/lahoradelcampo.com.uy\/site\/wp-json\/wp\/v2\/posts\/51335\/revisions"}],"predecessor-version":[{"id":51339,"href":"https:\/\/lahoradelcampo.com.uy\/site\/wp-json\/wp\/v2\/posts\/51335\/revisions\/51339"}],"wp:featuredmedia":[{"embeddable":true,"href":"https:\/\/lahoradelcampo.com.uy\/site\/wp-json\/wp\/v2\/media\/2279"}],"wp:attachment":[{"href":"https:\/\/lahoradelcampo.com.uy\/site\/wp-json\/wp\/v2\/media?parent=51335"}],"wp:term":[{"taxonomy":"category","embeddable":true,"href":"https:\/\/lahoradelcampo.com.uy\/site\/wp-json\/wp\/v2\/categories?post=51335"},{"taxonomy":"post_tag","embeddable":true,"href":"https:\/\/lahoradelcampo.com.uy\/site\/wp-json\/wp\/v2\/tags?post=51335"}],"curies":[{"name":"wp","href":"https:\/\/api.w.org\/{rel}","templated":true}]}}