{"id":51329,"date":"2023-06-22T06:40:25","date_gmt":"2023-06-22T09:40:25","guid":{"rendered":"http:\/\/lahoradelcampo.com.uy\/site\/?p=51329"},"modified":"2023-06-22T06:41:10","modified_gmt":"2023-06-22T09:41:10","slug":"perspectivas-de-la-oferta-frutihorticola-en-salto-parala-temporada-invernal","status":"publish","type":"post","link":"https:\/\/lahoradelcampo.com.uy\/site\/perspectivas-de-la-oferta-frutihorticola-en-salto-parala-temporada-invernal\/","title":{"rendered":"Perspectivas de la oferta frutihort\u00edcola en Salto parala temporada invernal"},"content":{"rendered":"\n<figure class=\"wp-block-image size-full\"><a href=\"https:\/\/i0.wp.com\/lahoradelcampo.com.uy\/site\/wp-content\/uploads\/2023\/06\/tomates-salto.jpg\"><img data-recalc-dims=\"1\" loading=\"lazy\" decoding=\"async\" width=\"810\" height=\"405\" data-attachment-id=\"51331\" data-permalink=\"https:\/\/lahoradelcampo.com.uy\/site\/perspectivas-de-la-oferta-frutihorticola-en-salto-parala-temporada-invernal\/tomates-salto\/\" data-orig-file=\"https:\/\/i0.wp.com\/lahoradelcampo.com.uy\/site\/wp-content\/uploads\/2023\/06\/tomates-salto.jpg?fit=880%2C440&amp;ssl=1\" data-orig-size=\"880,440\" data-comments-opened=\"1\" data-image-meta=\"{&quot;aperture&quot;:&quot;0&quot;,&quot;credit&quot;:&quot;&quot;,&quot;camera&quot;:&quot;&quot;,&quot;caption&quot;:&quot;&quot;,&quot;created_timestamp&quot;:&quot;0&quot;,&quot;copyright&quot;:&quot;&quot;,&quot;focal_length&quot;:&quot;0&quot;,&quot;iso&quot;:&quot;0&quot;,&quot;shutter_speed&quot;:&quot;0&quot;,&quot;title&quot;:&quot;&quot;,&quot;orientation&quot;:&quot;1&quot;}\" data-image-title=\"tomates-salto\" data-image-description=\"\" data-image-caption=\"\" data-large-file=\"https:\/\/i0.wp.com\/lahoradelcampo.com.uy\/site\/wp-content\/uploads\/2023\/06\/tomates-salto.jpg?fit=810%2C405&amp;ssl=1\" src=\"https:\/\/i0.wp.com\/lahoradelcampo.com.uy\/site\/wp-content\/uploads\/2023\/06\/tomates-salto.jpg?resize=810%2C405\" alt=\"\" class=\"wp-image-51331\" srcset=\"https:\/\/i0.wp.com\/lahoradelcampo.com.uy\/site\/wp-content\/uploads\/2023\/06\/tomates-salto.jpg?w=880&amp;ssl=1 880w, https:\/\/i0.wp.com\/lahoradelcampo.com.uy\/site\/wp-content\/uploads\/2023\/06\/tomates-salto.jpg?resize=300%2C150&amp;ssl=1 300w, https:\/\/i0.wp.com\/lahoradelcampo.com.uy\/site\/wp-content\/uploads\/2023\/06\/tomates-salto.jpg?resize=768%2C384&amp;ssl=1 768w, https:\/\/i0.wp.com\/lahoradelcampo.com.uy\/site\/wp-content\/uploads\/2023\/06\/tomates-salto.jpg?resize=820%2C410&amp;ssl=1 820w\" sizes=\"auto, (max-width: 810px) 100vw, 810px\" \/><\/a><\/figure>\n\n\n\n<p>Las autoridades y t\u00e9cnicos de la UAM realizaron una visita a la zona de producci\u00f3n hortifrut\u00edcola en los alrededores de la ciudad de Salto durante los primeros d\u00edas de junio. El prop\u00f3sito fue obtener una visi\u00f3n general y establecer perspectivas sobre la oferta mayorista de frutas y hortalizas para la pr\u00f3xima temporada invernal.<\/p>\n\n\n\n<p>Seg\u00fan los datos de ingreso de mercader\u00edas a la UAM en 2022, el departamento de Salto contribuy\u00f3 con el 26% del total de ingresos verificados. Entre los rubros m\u00e1s destacados de esta zona se encuentran las hortalizas de fruto, como el tomate, morr\u00f3n, berenjena, zapallito, zucchini y chaucha; las frutillas dentro de los frutos de huerta; y los c\u00edtricos como naranjas, pomelos y mandarinas, as\u00ed como tambi\u00e9n hortalizas secas como zanahorias, cebollas, boniatos, calabacines y zapallos Kabuti\u00e1.<\/p>\n\n\n\n<p>En la recorrida se constat\u00f3 que la sequ\u00eda ha causado perjuicios significativos en la producci\u00f3n, aunque en menor medida que en el sur del pa\u00eds. La zona de Salto cuenta con un d\u00e9ficit de lluvias menos pronunciado, y el acceso a aguas profundas a trav\u00e9s de perforaciones de escasa profundidad ha mitigado el impacto del estr\u00e9s h\u00eddrico.<\/p>\n\n\n\n<p>Durante la visita, se observaron construcciones de perforaciones en proceso, con el objetivo de prepararse para el pr\u00f3ximo verano. Los pozos existentes en varias zonas productivas hort\u00edcolas del litoral norte se caracterizan por ser poco profundos pero tener un caudal de agua considerable. Se mencionaron varios casos en los que pozos de entre 40 y 50 metros de profundidad proporcionaban caudales de 12.000 a 50.000 litros por hora.<\/p>\n\n\n\n<p>En cuanto a las hortalizas de fruto, se ha notado un cambio significativo hacia el cultivo de tomate en invernaderos, en detrimento de otras hortalizas como el morr\u00f3n, la berenjena y el pepino. Durante la visita, se observaron cultivos de tomate en diferentes etapas de desarrollo, algunos ya habiendo atravesado el verano con m\u00e1s de 12 racimos cosechados y otros reci\u00e9n trasplantados sin haber comenzado su producci\u00f3n. Las condiciones meteorol\u00f3gicas favorables hasta el momento, en t\u00e9rminos de temperatura y humedad relativa, han propiciado un desarrollo vegetativo \u00f3ptimo, la formaci\u00f3n de nuevas flores y el crecimiento de los frutos.<\/p>\n\n\n\n<p>Estos factores influir\u00e1n en la oferta de tomate durante el invierno y explican la reciente disminuci\u00f3n en los precios. Es probable que los valores se mantengan relativamente bajos en lo que resta de junio y julio.<\/p>\n\n\n\n<p>En cuanto a las variedades, se destaca la Elpida como la m\u00e1s cultivada desde hace unos a\u00f1os, debido a su buen rendimiento, calidad de fruta y comportamiento poscosecha durante el oto\u00f1o-invierno. Se ha observado un aumento en el \u00e1rea plantada de la variedad Nison, una prometedora incorporaci\u00f3n utilizada principalmente en los ciclos de verano. Esta variedad se caracteriza por su excelente calidad de fruta y su buen comportamiento poscosecha una vez que adquiere un color homog\u00e9neo e intenso.<\/p>\n\n\n\n<p>Por otro lado, se mencion\u00f3 una variedad conocida como \u00ab2900\u00bb, ampliamente utilizada pero que ha generado cierta insatisfacci\u00f3n entre los compradores. Se han reportado problemas como frutos mal cerrados en la zona apical y desarrollo de podredumbre en la piel, lo que afecta seriamente su vida poscosecha.<\/p>\n\n\n\n<p>Se ha detectado una importante amenaza para el futuro: el virus rugoso del tomate (TBRFV), una enfermedad que ya est\u00e1 presente en Argentina aunque a\u00fan no est\u00e1 declarada en la zona. La gravedad de esta enfermedad radica en la falta de semillas de variedades resistentes en el mercado y en su r\u00e1pida y f\u00e1cil transmisi\u00f3n mec\u00e1nica a trav\u00e9s de las herramientas utilizadas en el manejo y cultivo de los tomates.<\/p>\n\n\n\n<p>La situaci\u00f3n actual en la producci\u00f3n frutihort\u00edcola de Salto refleja la combinaci\u00f3n de factores clim\u00e1ticos, variedades cultivadas y desaf\u00edos sanitarios. Estos aspectos son clave para comprender las perspectivas de oferta durante la temporada invernal y brindan informaci\u00f3n relevante para los productores y consumidores.<\/p>\n\n\n\n<p>Salto, 22 de junio de 2023<\/p>\n","protected":false},"excerpt":{"rendered":"<p>Las autoridades y t\u00e9cnicos de la UAM realizaron una visita a la zona de producci\u00f3n hortifrut\u00edcola en los alrededores de la ciudad de Salto durante los primeros d\u00edas de junio. [&hellip;]<\/p>\n","protected":false},"author":5,"featured_media":51331,"comment_status":"open","ping_status":"open","sticky":false,"template":"","format":"standard","meta":{"_price":"","_stock":"","_tribe_ticket_header":"","_tribe_default_ticket_provider":"","_tribe_ticket_capacity":"0","_ticket_start_date":"","_ticket_end_date":"","_tribe_ticket_show_description":"","_tribe_ticket_show_not_going":false,"_tribe_ticket_use_global_stock":"","_tribe_ticket_global_stock_level":"","_global_stock_mode":"","_global_stock_cap":"","_tribe_rsvp_for_event":"","_tribe_ticket_going_count":"","_tribe_ticket_not_going_count":"","_tribe_tickets_list":"[]","_tribe_ticket_has_attendee_info_fields":false,"h5ap_radio_sources":[],"_jetpack_newsletter_access":"","_jetpack_dont_email_post_to_subs":false,"_jetpack_newsletter_tier_id":0,"_jetpack_memberships_contains_paywalled_content":false,"_jetpack_memberships_contains_paid_content":false,"footnotes":""},"categories":[21,9],"tags":[],"class_list":["post-51329","post","type-post","status-publish","format-standard","has-post-thumbnail","hentry","category-actualidad","category-granja"],"jetpack_featured_media_url":"https:\/\/i0.wp.com\/lahoradelcampo.com.uy\/site\/wp-content\/uploads\/2023\/06\/tomates-salto.jpg?fit=880%2C440&ssl=1","jetpack_sharing_enabled":true,"jetpack_shortlink":"https:\/\/wp.me\/p99IaT-dlT","jetpack-related-posts":[{"id":29356,"url":"https:\/\/lahoradelcampo.com.uy\/site\/buenas-perspectivas-para-la-produccion-citricola-saltena\/","url_meta":{"origin":51329,"position":0},"title":"Buenas perspectivas para la producci\u00f3n citr\u00edcola salte\u00f1a","author":"La Hora del Campo","date":"19 abril, 2021","format":false,"excerpt":"El inicio de la zafra de c\u00edtricos marca un punto de inflexi\u00f3n en el ingreso de producci\u00f3n a la Unidad Agroalimentaria Metropolitana (UAM). Los colores caracter\u00edsticos de mandarinas y naranjas comenzaron a instalarse con mucha fuerza en estos d\u00edas en la UAM, con la llegada de la producci\u00f3n proveniente del\u2026","rel":"","context":"En \u00abActualidad\u00bb","block_context":{"text":"Actualidad","link":"https:\/\/lahoradelcampo.com.uy\/site\/category\/actualidad\/"},"img":{"alt_text":"","src":"https:\/\/i0.wp.com\/lahoradelcampo.com.uy\/site\/wp-content\/uploads\/2018\/01\/Naranja.jpg?fit=880%2C440&ssl=1&resize=350%2C200","width":350,"height":200,"srcset":"https:\/\/i0.wp.com\/lahoradelcampo.com.uy\/site\/wp-content\/uploads\/2018\/01\/Naranja.jpg?fit=880%2C440&ssl=1&resize=350%2C200 1x, https:\/\/i0.wp.com\/lahoradelcampo.com.uy\/site\/wp-content\/uploads\/2018\/01\/Naranja.jpg?fit=880%2C440&ssl=1&resize=525%2C300 1.5x, https:\/\/i0.wp.com\/lahoradelcampo.com.uy\/site\/wp-content\/uploads\/2018\/01\/Naranja.jpg?fit=880%2C440&ssl=1&resize=700%2C400 2x"},"classes":[]},{"id":41349,"url":"https:\/\/lahoradelcampo.com.uy\/site\/crece-la-oferta-de-hortalizas-de-hoja-en-la-uam\/","url_meta":{"origin":51329,"position":1},"title":"Crece la oferta de hortalizas de hoja en la UAM","author":"La Hora del Campo","date":"30 abril, 2022","format":false,"excerpt":"Con el descenso de las temperaturas y la presencia de alta humedad en los suelos, los cultivos de hojas aceleraron su desarrollo y crecimiento increment\u00e1ndose de esta manera la oferta mayorista para los principales rubros que componen este grupo. Tambi\u00e9n este cambio de temperaturas, llev\u00f3 a un enlentecimiento en la\u2026","rel":"","context":"En \u00abActualidad\u00bb","block_context":{"text":"Actualidad","link":"https:\/\/lahoradelcampo.com.uy\/site\/category\/actualidad\/"},"img":{"alt_text":"","src":"https:\/\/i0.wp.com\/lahoradelcampo.com.uy\/site\/wp-content\/uploads\/2022\/04\/UAM-hortalizasdehoja.jpg?fit=880%2C440&ssl=1&resize=350%2C200","width":350,"height":200,"srcset":"https:\/\/i0.wp.com\/lahoradelcampo.com.uy\/site\/wp-content\/uploads\/2022\/04\/UAM-hortalizasdehoja.jpg?fit=880%2C440&ssl=1&resize=350%2C200 1x, https:\/\/i0.wp.com\/lahoradelcampo.com.uy\/site\/wp-content\/uploads\/2022\/04\/UAM-hortalizasdehoja.jpg?fit=880%2C440&ssl=1&resize=525%2C300 1.5x, https:\/\/i0.wp.com\/lahoradelcampo.com.uy\/site\/wp-content\/uploads\/2022\/04\/UAM-hortalizasdehoja.jpg?fit=880%2C440&ssl=1&resize=700%2C400 2x"},"classes":[]},{"id":50160,"url":"https:\/\/lahoradelcampo.com.uy\/site\/oferta-de-hortalizas-de-hoja-se-incrementa-y-presiona-precios-a-la-baja\/","url_meta":{"origin":51329,"position":2},"title":"Oferta de hortalizas de hoja se incrementa y presiona precios a la baja","author":"La Hora del Campo","date":"24 abril, 2023","format":false,"excerpt":"La oferta de hortalizas de hoja, brote e inflorescencia se ha incrementado paulatinamente desde la semana pasada, lo que marca un cambio de tendencia en el mercado. Seg\u00fan informes de la Unidad Agroalimentaria Metropolitana (UAM), se ha observado una mejora en la calidad de las hojas, con mayor intensidad en\u2026","rel":"","context":"En \u00abGranja\u00bb","block_context":{"text":"Granja","link":"https:\/\/lahoradelcampo.com.uy\/site\/category\/granja\/"},"img":{"alt_text":"","src":"https:\/\/i0.wp.com\/lahoradelcampo.com.uy\/site\/wp-content\/uploads\/2019\/11\/Granjaa.jpg?fit=880%2C440&ssl=1&resize=350%2C200","width":350,"height":200,"srcset":"https:\/\/i0.wp.com\/lahoradelcampo.com.uy\/site\/wp-content\/uploads\/2019\/11\/Granjaa.jpg?fit=880%2C440&ssl=1&resize=350%2C200 1x, https:\/\/i0.wp.com\/lahoradelcampo.com.uy\/site\/wp-content\/uploads\/2019\/11\/Granjaa.jpg?fit=880%2C440&ssl=1&resize=525%2C300 1.5x, https:\/\/i0.wp.com\/lahoradelcampo.com.uy\/site\/wp-content\/uploads\/2019\/11\/Granjaa.jpg?fit=880%2C440&ssl=1&resize=700%2C400 2x"},"classes":[]},{"id":54239,"url":"https:\/\/lahoradelcampo.com.uy\/site\/frio-intenso-eleva-precios-de-hortalizas-y-afecta-la-calidad-del-tomate-en-el-mercado-mayorista\/","url_meta":{"origin":51329,"position":3},"title":"Fr\u00edo intenso eleva precios de hortalizas y afecta la calidad del tomate en el mercado mayorista","author":"La Hora del Campo","date":"19 agosto, 2024","format":false,"excerpt":"La Unidad Agroalimentaria Metropolitana (UAM) inform\u00f3 que durante la semana del 10 al 16 de agosto de 2024 se registr\u00f3 un aumento significativo en los precios de diversas hortalizas de fruto, debido a las bajas temperaturas y las intensas heladas que perjudicaron la producci\u00f3n en cultivos. Entre los productos m\u00e1s\u2026","rel":"","context":"En \u00abActualidad\u00bb","block_context":{"text":"Actualidad","link":"https:\/\/lahoradelcampo.com.uy\/site\/category\/actualidad\/"},"img":{"alt_text":"","src":"https:\/\/i0.wp.com\/lahoradelcampo.com.uy\/site\/wp-content\/uploads\/2023\/10\/tomates-uam.jpg?fit=880%2C440&ssl=1&resize=350%2C200","width":350,"height":200,"srcset":"https:\/\/i0.wp.com\/lahoradelcampo.com.uy\/site\/wp-content\/uploads\/2023\/10\/tomates-uam.jpg?fit=880%2C440&ssl=1&resize=350%2C200 1x, https:\/\/i0.wp.com\/lahoradelcampo.com.uy\/site\/wp-content\/uploads\/2023\/10\/tomates-uam.jpg?fit=880%2C440&ssl=1&resize=525%2C300 1.5x, https:\/\/i0.wp.com\/lahoradelcampo.com.uy\/site\/wp-content\/uploads\/2023\/10\/tomates-uam.jpg?fit=880%2C440&ssl=1&resize=700%2C400 2x"},"classes":[]},{"id":50459,"url":"https:\/\/lahoradelcampo.com.uy\/site\/precios-altos-y-problemas-de-calidad-en-las-hortalizas-de-fruto\/","url_meta":{"origin":51329,"position":4},"title":"Precios altos y problemas de calidad en las hortalizas de fruto","author":"La Hora del Campo","date":"20 mayo, 2023","format":false,"excerpt":"En el mercado mayorista de la Unidad Agroalimentaria Metropolitana (UAM) y en el caso particular de las hortalizas de fruto, el tomate contin\u00faa mostrando precios altos debido a la escasez de oferta. Adem\u00e1s, se observan problemas de calidad relacionados con la madurez, como coloraciones verdosas y una mayor proporci\u00f3n de\u2026","rel":"","context":"En \u00abActualidad\u00bb","block_context":{"text":"Actualidad","link":"https:\/\/lahoradelcampo.com.uy\/site\/category\/actualidad\/"},"img":{"alt_text":"","src":"https:\/\/i0.wp.com\/lahoradelcampo.com.uy\/site\/wp-content\/uploads\/2019\/11\/Tomate.jpg?fit=880%2C440&ssl=1&resize=350%2C200","width":350,"height":200,"srcset":"https:\/\/i0.wp.com\/lahoradelcampo.com.uy\/site\/wp-content\/uploads\/2019\/11\/Tomate.jpg?fit=880%2C440&ssl=1&resize=350%2C200 1x, https:\/\/i0.wp.com\/lahoradelcampo.com.uy\/site\/wp-content\/uploads\/2019\/11\/Tomate.jpg?fit=880%2C440&ssl=1&resize=525%2C300 1.5x, https:\/\/i0.wp.com\/lahoradelcampo.com.uy\/site\/wp-content\/uploads\/2019\/11\/Tomate.jpg?fit=880%2C440&ssl=1&resize=700%2C400 2x"},"classes":[]},{"id":46521,"url":"https:\/\/lahoradelcampo.com.uy\/site\/hortalizas-de-fruto-con-mayor-oferta-y-menores-valores\/","url_meta":{"origin":51329,"position":5},"title":"Hortalizas  de fruto con mayor oferta y menores valores","author":"La Hora del Campo","date":"24 octubre, 2022","format":false,"excerpt":"De acuerdo a la informaci\u00f3n brindada por la Unidad Agroalimentaria Metropolitana (UAM), al cierre de la semana, la mayor\u00eda de los productos de las hortalizas de fruto mostraron presiones a la baja en sus cotizaciones. Se observa un mayor volumen de ingreso de zapallito y zucchini proveniente de la zona\u2026","rel":"","context":"En \u00abActualidad\u00bb","block_context":{"text":"Actualidad","link":"https:\/\/lahoradelcampo.com.uy\/site\/category\/actualidad\/"},"img":{"alt_text":"","src":"https:\/\/i0.wp.com\/lahoradelcampo.com.uy\/site\/wp-content\/uploads\/2021\/06\/tomate-perita.jpg?fit=880%2C440&ssl=1&resize=350%2C200","width":350,"height":200,"srcset":"https:\/\/i0.wp.com\/lahoradelcampo.com.uy\/site\/wp-content\/uploads\/2021\/06\/tomate-perita.jpg?fit=880%2C440&ssl=1&resize=350%2C200 1x, https:\/\/i0.wp.com\/lahoradelcampo.com.uy\/site\/wp-content\/uploads\/2021\/06\/tomate-perita.jpg?fit=880%2C440&ssl=1&resize=525%2C300 1.5x, https:\/\/i0.wp.com\/lahoradelcampo.com.uy\/site\/wp-content\/uploads\/2021\/06\/tomate-perita.jpg?fit=880%2C440&ssl=1&resize=700%2C400 2x"},"classes":[]}],"jetpack_likes_enabled":true,"_links":{"self":[{"href":"https:\/\/lahoradelcampo.com.uy\/site\/wp-json\/wp\/v2\/posts\/51329","targetHints":{"allow":["GET"]}}],"collection":[{"href":"https:\/\/lahoradelcampo.com.uy\/site\/wp-json\/wp\/v2\/posts"}],"about":[{"href":"https:\/\/lahoradelcampo.com.uy\/site\/wp-json\/wp\/v2\/types\/post"}],"author":[{"embeddable":true,"href":"https:\/\/lahoradelcampo.com.uy\/site\/wp-json\/wp\/v2\/users\/5"}],"replies":[{"embeddable":true,"href":"https:\/\/lahoradelcampo.com.uy\/site\/wp-json\/wp\/v2\/comments?post=51329"}],"version-history":[{"count":1,"href":"https:\/\/lahoradelcampo.com.uy\/site\/wp-json\/wp\/v2\/posts\/51329\/revisions"}],"predecessor-version":[{"id":51333,"href":"https:\/\/lahoradelcampo.com.uy\/site\/wp-json\/wp\/v2\/posts\/51329\/revisions\/51333"}],"wp:featuredmedia":[{"embeddable":true,"href":"https:\/\/lahoradelcampo.com.uy\/site\/wp-json\/wp\/v2\/media\/51331"}],"wp:attachment":[{"href":"https:\/\/lahoradelcampo.com.uy\/site\/wp-json\/wp\/v2\/media?parent=51329"}],"wp:term":[{"taxonomy":"category","embeddable":true,"href":"https:\/\/lahoradelcampo.com.uy\/site\/wp-json\/wp\/v2\/categories?post=51329"},{"taxonomy":"post_tag","embeddable":true,"href":"https:\/\/lahoradelcampo.com.uy\/site\/wp-json\/wp\/v2\/tags?post=51329"}],"curies":[{"name":"wp","href":"https:\/\/api.w.org\/{rel}","templated":true}]}}