{"id":51307,"date":"2023-06-19T12:30:09","date_gmt":"2023-06-19T15:30:09","guid":{"rendered":"http:\/\/lahoradelcampo.com.uy\/site\/?p=51307"},"modified":"2023-06-19T12:32:10","modified_gmt":"2023-06-19T15:32:10","slug":"movimiento-con-cascara-de-garrapatas-lo-importante-es-como-implementarlo","status":"publish","type":"post","link":"https:\/\/lahoradelcampo.com.uy\/site\/movimiento-con-cascara-de-garrapatas-lo-importante-es-como-implementarlo\/","title":{"rendered":"Movimiento con c\u00e1scara de garrapatas \u00ablo importante es como implementarlo\u00bb"},"content":{"rendered":"\n<figure class=\"wp-block-image size-full\"><a href=\"https:\/\/i0.wp.com\/lahoradelcampo.com.uy\/site\/wp-content\/uploads\/2023\/06\/LauroArtia1.jpg\"><img data-recalc-dims=\"1\" loading=\"lazy\" decoding=\"async\" width=\"810\" height=\"405\" data-attachment-id=\"51309\" data-permalink=\"https:\/\/lahoradelcampo.com.uy\/site\/movimiento-con-cascara-de-garrapatas-lo-importante-es-como-implementarlo\/lauroartia1\/\" data-orig-file=\"https:\/\/i0.wp.com\/lahoradelcampo.com.uy\/site\/wp-content\/uploads\/2023\/06\/LauroArtia1.jpg?fit=880%2C440&amp;ssl=1\" data-orig-size=\"880,440\" data-comments-opened=\"1\" data-image-meta=\"{&quot;aperture&quot;:&quot;0&quot;,&quot;credit&quot;:&quot;&quot;,&quot;camera&quot;:&quot;&quot;,&quot;caption&quot;:&quot;&quot;,&quot;created_timestamp&quot;:&quot;0&quot;,&quot;copyright&quot;:&quot;&quot;,&quot;focal_length&quot;:&quot;0&quot;,&quot;iso&quot;:&quot;0&quot;,&quot;shutter_speed&quot;:&quot;0&quot;,&quot;title&quot;:&quot;&quot;,&quot;orientation&quot;:&quot;1&quot;}\" data-image-title=\"LauroArtia1\" data-image-description=\"\" data-image-caption=\"\" data-large-file=\"https:\/\/i0.wp.com\/lahoradelcampo.com.uy\/site\/wp-content\/uploads\/2023\/06\/LauroArtia1.jpg?fit=810%2C405&amp;ssl=1\" src=\"https:\/\/i0.wp.com\/lahoradelcampo.com.uy\/site\/wp-content\/uploads\/2023\/06\/LauroArtia1.jpg?resize=810%2C405\" alt=\"\" class=\"wp-image-51309\" srcset=\"https:\/\/i0.wp.com\/lahoradelcampo.com.uy\/site\/wp-content\/uploads\/2023\/06\/LauroArtia1.jpg?w=880&amp;ssl=1 880w, https:\/\/i0.wp.com\/lahoradelcampo.com.uy\/site\/wp-content\/uploads\/2023\/06\/LauroArtia1.jpg?resize=300%2C150&amp;ssl=1 300w, https:\/\/i0.wp.com\/lahoradelcampo.com.uy\/site\/wp-content\/uploads\/2023\/06\/LauroArtia1.jpg?resize=768%2C384&amp;ssl=1 768w, https:\/\/i0.wp.com\/lahoradelcampo.com.uy\/site\/wp-content\/uploads\/2023\/06\/LauroArtia1.jpg?resize=820%2C410&amp;ssl=1 820w\" sizes=\"auto, (max-width: 810px) 100vw, 810px\" \/><\/a><\/figure>\n\n\n\n<p>Desde el Ministerio de Ganader\u00eda, Agricultura y Pesca (MGAP) se ha anunciado el estudio de la posibilidad de habilitar el movimiento de vacunos con \u00abc\u00e1scara de garrapata\u00bb o sea con \u00abgarrapata muerta\u00bb. Esta posible medida ha generado preocupaci\u00f3n entre los productores que han logrado estar libre del par\u00e1sito y se encuentran con peque\u00f1os focos cuando se autorizan pastores de animales en la v\u00eda p\u00fablica o reciben animales desde otros predios donde los controles no son los m\u00e1s efectivos.<\/p>\n\n\n\n<p>En este sentido dialogamos con el Dr. Lauro Art\u00eda, integrante del Colegio M\u00e9dico Veterinario del Uruguay, para analizar los beneficios o no, que podr\u00eda generar esta medida a nivel de los despachos de tropa. El profesional se\u00f1al\u00f3 que \u00abal igual que cualquier medida, lo importante no es solo qu\u00e9 hacer, sino c\u00f3mo implementarlo\u00bb.<\/p>\n\n\n\n<p>Art\u00eda reconoci\u00f3 que existen dos realidades diferentes en el pa\u00eds, \u00abpor un lado, aquellos en la zona sur que desean mantenerse libres de garrapatas y evitar riesgos\u00bb, mientras que en el norte, \u00abpreparar una tropa puede ser complicado\u00bb debido a la presencia del par\u00e1sito, adem\u00e1s record\u00f3 que \u00abel aviso de un despacho tiene una vigencia de 48 horas, pero el proceso de limpieza de la tropa puede llevar semanas o incluso meses\u00bb.<\/p>\n\n\n\n<h2 class=\"wp-block-heading has-text-align-center has-luminous-vivid-orange-color has-text-color has-medium-font-size\"><em>\u00abAl igual que cualquier medida, lo importante no es solo qu\u00e9 hacer, sino c\u00f3mo implementarlo.\u00bb &#8211; Dr. Lauro Art\u00eda<\/em><\/h2>\n\n\n\n<p>El veterinario explic\u00f3 que el problema radica en que algunos productos no desprenden la garrapata, sino que la matan mientras est\u00e1 adherida. \u00abDependiendo de la efectividad del producto utilizado, se puede trabajar con diferentes estadios de garrapatas, incluso antes de que se alimenten de sangre. Sin embargo, los productos inyectables no son efectivos hasta el tercer estadio, lo que dificulta el despacho de las tropas\u00bb indic\u00f3, adem\u00e1s remarc\u00f3 que \u00abesta situaci\u00f3n puede resultar frustrante para los veterinarios, quienes han realizado un trabajo adecuado pero se ven impedidos de despachar el ganado debido a la presencia de c\u00e1scaras de garrapatas que no representan ning\u00fan riesgo para el receptor\u00bb.<\/p>\n\n\n\n<p>Ante este escenario, la propuesta de utilizar c\u00e1scaras de garrapatas muertas en los despachos de tropas se presenta como una medida beneficiosa que flexibilizar\u00eda el movimiento de ganado al campo. El Dr. Art\u00eda considera que, \u00absi se implementa correctamente, esta medida puede brindar una soluci\u00f3n\u00bb. Sin embargo, advierte que su uso incorrecto podr\u00eda generar problemas \u00abal considerar muerta una garrapata que en realidad no lo est\u00e1\u00bb.<\/p>\n\n\n\n<p>El experto subray\u00f3 la importancia de la buena voluntad y las ganas de hacer las cosas bien para lograr resultados positivos. \u00abProporcionar herramientas a los profesionales es fundamental para que puedan desempe\u00f1ar su trabajo de manera efectiva\u00bb dijo Art\u00eda. Adem\u00e1s record\u00f3 que los despachos de tropas se vuelven especialmente complicados en situaciones de explosi\u00f3n de garrapatas, como ocurri\u00f3 despu\u00e9s de un per\u00edodo de sequ\u00eda seguido de lluvias intensas, \u00abel control de estas situaciones puede ser desafiante, por lo que es necesario implementar cambios y medidas que sean discutidos y consensuados por todas las partes involucradas\u00bb.<\/p>\n\n\n\n<p><strong>La resistencia a los principios activos<\/strong><\/p>\n\n\n\n<p>Ante esta noticia, recientemente un veterinario del ejercicio liberal nos acerc\u00f3 el resultado de un \u00abTest de resistencia\u00bb realizado por el DILAVE del MGAP, donde se observa la sensibilidad de la garrapata a cada principio activo tanto en su etapa adulta como a nivel de larvas. En dicho an\u00e1lisis se observa variabilidad en la sensibilidad entre ambas etapas a un mismo principio activo, por lo que consultamos al Dr. Lauro Art\u00eda, sobre la posibilidad de trasladar el problema de un campo al otro al no lograr identificar las larvas en el animal.<\/p>\n\n\n\n<h2 class=\"wp-block-heading has-text-align-center has-luminous-vivid-orange-color has-text-color has-medium-font-size\"><em>\u00abProporcionar herramientas a los profesionales es fundamental para que puedan desempe\u00f1ar su trabajo de manera efectiva.\u00bb &#8211; Dr. Lauro Art\u00eda<\/em><\/h2>\n\n\n\n<p>El Dr. Art\u00eda destac\u00f3 la importancia de no solo \u00abconocer los productos con los que se trabaja\u00bb, sino tambi\u00e9n \u00abutilizar aquellos que han demostrado ser efectivos tanto para matar las garrapatas adultas como las larvas\u00bb, de manera tal que se garantice que los animales sean tratados con productos que han demostrado su eficacia. El objetivo es que aunque la c\u00e1scara de la garrapata no sea eliminada, el par\u00e1sito quede muerto, lo que permite comprobar la efectividad del producto y evitar la contaminaci\u00f3n con larvas durante el despacho de las tropas.<\/p>\n\n\n\n<p>El Dr. Art\u00eda reconoci\u00f3 que esta es una situaci\u00f3n compleja y dif\u00edcil, especialmente para aquellos profesionales dedicados al despacho de tropas en \u00e1reas complicadas. Los desaf\u00edos son significativos y requieren de medidas flexibles para abordarlos de manera efectiva.<\/p>\n\n\n\n<p><strong>La funci\u00f3n de Polic\u00eda sanitaria es intransferible<\/strong><\/p>\n\n\n\n<p>En los \u00faltimos a\u00f1os se ha trasladado a los veterinarios del ejercicio liberal tareas en el \u00e1mbito de las campa\u00f1as sanitarias del pa\u00eds, por parte del Ministerio de Ganader\u00eda, Agricultura y Pesca (MGAP) y en el marco de las 50\u00b0 Jornadas de Buiatr\u00eda, la falta de personal en la cartera ministerial fue un tema de preocupaci\u00f3n esgrimido en el discurso inaugural.<\/p>\n\n\n\n<p>En este sentido el Dr. Art\u00eda mencion\u00f3 que la participaci\u00f3n de los veterinarios del ejercicio liberal en las campa\u00f1as sanitarias es una consecuencia de las decisiones pol\u00edticas orientadas a reducir el costo del Estado. \u00abEl ministro Matos ha abordado esta cuesti\u00f3n en su discurso inaugural. Si bien la reducci\u00f3n del costo es comprensible, hay \u00e1reas, como la polic\u00eda sanitaria, que no pueden ser transferidas\u00bb remarc\u00f3.<\/p>\n\n\n\n<h2 class=\"wp-block-heading has-text-align-center has-luminous-vivid-orange-color has-text-color has-medium-font-size\"><em>\u00abEl trabajo en los despachos de tropa puede ser estresante\u00bb y propone una flexibilizaci\u00f3n en las sanciones, teniendo en cuenta las circunstancias espec\u00edficas de cada situaci\u00f3n.     Dr. Lauro Art\u00eda<\/em><\/h2>\n\n\n\n<p>En relaci\u00f3n a la garrapata, el entrevistado se\u00f1ala que en pa\u00edses como Brasil no se considera una enfermedad o un problema que afecte a los mercados, y por tanto, no se controla oficialmente. En Uruguay, en cambio, los productores son responsables de mantener sus establecimientos libres de garrapatas. Para garantizar esto, Art\u00eda sugiere que los productores \u00abcontraten a un colega veterinario para certificar la ausencia de garrapatas en su ganado\u00bb.<\/p>\n\n\n\n<p>\u00abEl uso indiscriminado de productos garrapaticidas y el contrabando de productos desde Brasil representan un desaf\u00edo adicional para la seguridad alimentaria y los mercados de carne\u00bb dijo el profesional, que advirti\u00f3 que \u00abalgunos productos tienen per\u00edodos de espera m\u00e1s largos de lo permitido por la normativa, lo que podr\u00eda provocar la presencia de residuos y afectar las exportaciones\u00bb.<\/p>\n\n\n\n<p>Art\u00eda destac\u00f3 la labor de los veterinarios del ejercicio liberal, cuya regulaci\u00f3n es estricta y cuyo trabajo a menudo suple a los organismos oficiales. Reconoce que el trabajo en los despachos de tropa \u00abpuede ser estresante\u00bb y propone una flexibilizaci\u00f3n en las sanciones, teniendo en cuenta las circunstancias espec\u00edficas de cada situaci\u00f3n.<\/p>\n\n\n\n<p>Para conservar las zonas libres y generar \u00e1reas libres dentro de las zonas de control, Art\u00eda enfatiza la importancia de la interacci\u00f3n y la participaci\u00f3n activa de las distintas instituciones involucradas.<\/p>\n\n\n\n<p>Salto, 19 de junio de 2023<\/p>\n","protected":false},"excerpt":{"rendered":"<p>Desde el Ministerio de Ganader\u00eda, Agricultura y Pesca (MGAP) se ha anunciado el estudio de la posibilidad de habilitar el movimiento de vacunos con \u00abc\u00e1scara de garrapata\u00bb o sea con [&hellip;]<\/p>\n","protected":false},"author":5,"featured_media":51309,"comment_status":"open","ping_status":"open","sticky":false,"template":"","format":"standard","meta":{"_price":"","_stock":"","_tribe_ticket_header":"","_tribe_default_ticket_provider":"","_tribe_ticket_capacity":"0","_ticket_start_date":"","_ticket_end_date":"","_tribe_ticket_show_description":"","_tribe_ticket_show_not_going":false,"_tribe_ticket_use_global_stock":"","_tribe_ticket_global_stock_level":"","_global_stock_mode":"","_global_stock_cap":"","_tribe_rsvp_for_event":"","_tribe_ticket_going_count":"","_tribe_ticket_not_going_count":"","_tribe_tickets_list":"[]","_tribe_ticket_has_attendee_info_fields":false,"h5ap_radio_sources":[],"_jetpack_newsletter_access":"","_jetpack_dont_email_post_to_subs":false,"_jetpack_newsletter_tier_id":0,"_jetpack_memberships_contains_paywalled_content":false,"_jetpack_memberships_contains_paid_content":false,"footnotes":""},"categories":[21,5],"tags":[6627,6639,6641,6635,6625,6629,6631,6633,6637,3382],"class_list":["post-51307","post","type-post","status-publish","format-standard","has-post-thumbnail","hentry","category-actualidad","category-ganaderia","tag-cascara-de-garrapata","tag-certificacion-veterinaria","tag-colaboracion-institucional","tag-control-de-garrapatas","tag-despacho-de-tropas","tag-movimiento-de-vacunos","tag-politica-sanitaria","tag-productos-garrapaticidas","tag-resistencia-a-principios-activos","tag-seguridad-alimentaria"],"jetpack_featured_media_url":"https:\/\/i0.wp.com\/lahoradelcampo.com.uy\/site\/wp-content\/uploads\/2023\/06\/LauroArtia1.jpg?fit=880%2C440&ssl=1","jetpack_sharing_enabled":true,"jetpack_shortlink":"https:\/\/wp.me\/p99IaT-dlx","jetpack-related-posts":[{"id":51229,"url":"https:\/\/lahoradelcampo.com.uy\/site\/se-analiza-autorizar-movimientos-con-garrapatas-muertas-y-declarar-zonas-libres\/","url_meta":{"origin":51307,"position":0},"title":"Se analiza autorizar movimientos con garrapatas muertas y declarar zonas libres","author":"La Hora del Campo","date":"15 junio, 2023","format":false,"excerpt":"El tema de la garrapata contin\u00faa siendo una preocupaci\u00f3n constante en el \u00e1mbito ganadero, principalmente cuando luego de las precipitaciones existi\u00f3 un fuerte repunte de la parasitosis, que ven\u00eda muy tranquila debido a la situaci\u00f3n de sequ\u00eda. El Dr. Diego de Freitas, Director de los Servicios Ganaderos del Ministerio de\u2026","rel":"","context":"En \u00abActualidad\u00bb","block_context":{"text":"Actualidad","link":"https:\/\/lahoradelcampo.com.uy\/site\/category\/actualidad\/"},"img":{"alt_text":"","src":"https:\/\/i0.wp.com\/lahoradelcampo.com.uy\/site\/wp-content\/uploads\/2023\/06\/Diegodefreitas.jpg?fit=880%2C440&ssl=1&resize=350%2C200","width":350,"height":200,"srcset":"https:\/\/i0.wp.com\/lahoradelcampo.com.uy\/site\/wp-content\/uploads\/2023\/06\/Diegodefreitas.jpg?fit=880%2C440&ssl=1&resize=350%2C200 1x, https:\/\/i0.wp.com\/lahoradelcampo.com.uy\/site\/wp-content\/uploads\/2023\/06\/Diegodefreitas.jpg?fit=880%2C440&ssl=1&resize=525%2C300 1.5x, https:\/\/i0.wp.com\/lahoradelcampo.com.uy\/site\/wp-content\/uploads\/2023\/06\/Diegodefreitas.jpg?fit=880%2C440&ssl=1&resize=700%2C400 2x"},"classes":[]},{"id":51461,"url":"https:\/\/lahoradelcampo.com.uy\/site\/la-cantidad-de-garrapatas-en-los-animales-es-quizas-tres-o-cuatro-veces-mayor\/","url_meta":{"origin":51307,"position":1},"title":"\u00abLa cantidad de garrapatas en los animales es quiz\u00e1s tres o cuatro veces mayor\u00bb","author":"La Hora del Campo","date":"26 junio, 2023","format":false,"excerpt":"La garrapata, ese peque\u00f1o pero persistente enemigo del ganado, ha demostrado una sorprendente resiliencia tanto frente al clima como a los productos qu\u00edmicos utilizados para combatirla. Si bien la sequ\u00eda parec\u00eda haber dado un respiro, las recientes lluvias han generado nuevos problemas con la proliferaci\u00f3n del par\u00e1sito, las condiciones favorables\u2026","rel":"","context":"En \u00abActualidad\u00bb","block_context":{"text":"Actualidad","link":"https:\/\/lahoradelcampo.com.uy\/site\/category\/actualidad\/"},"img":{"alt_text":"","src":"https:\/\/i0.wp.com\/lahoradelcampo.com.uy\/site\/wp-content\/uploads\/2023\/06\/Microsules-Estape.jpg?fit=880%2C440&ssl=1&resize=350%2C200","width":350,"height":200,"srcset":"https:\/\/i0.wp.com\/lahoradelcampo.com.uy\/site\/wp-content\/uploads\/2023\/06\/Microsules-Estape.jpg?fit=880%2C440&ssl=1&resize=350%2C200 1x, https:\/\/i0.wp.com\/lahoradelcampo.com.uy\/site\/wp-content\/uploads\/2023\/06\/Microsules-Estape.jpg?fit=880%2C440&ssl=1&resize=525%2C300 1.5x, https:\/\/i0.wp.com\/lahoradelcampo.com.uy\/site\/wp-content\/uploads\/2023\/06\/Microsules-Estape.jpg?fit=880%2C440&ssl=1&resize=700%2C400 2x"},"classes":[]},{"id":45259,"url":"https:\/\/lahoradelcampo.com.uy\/site\/comenzo-la-lucha-contra-la-garrapata-temporada-2022-2023\/","url_meta":{"origin":51307,"position":2},"title":"Comenz\u00f3 la lucha contra la garrapata: temporada 2022-2023","author":"La Hora del Campo","date":"5 septiembre, 2022","format":false,"excerpt":"Nos encontramos en un momento del a\u00f1o apropiado para comenzar los primeros tratamientos contra la garrapata com\u00fan del ganado bovino (Rhipicephalus microplus). Es de amplio conocimiento el comportamiento epidemiol\u00f3gico de la garrapata en el Uruguay que se caracteriza por tener tres generaciones que ocurren a lo largo del a\u00f1o. La\u2026","rel":"","context":"En \u00abActualidad\u00bb","block_context":{"text":"Actualidad","link":"https:\/\/lahoradelcampo.com.uy\/site\/category\/actualidad\/"},"img":{"alt_text":"","src":"https:\/\/i0.wp.com\/lahoradelcampo.com.uy\/site\/wp-content\/uploads\/2021\/08\/Garrapata.jpg?fit=880%2C440&ssl=1&resize=350%2C200","width":350,"height":200,"srcset":"https:\/\/i0.wp.com\/lahoradelcampo.com.uy\/site\/wp-content\/uploads\/2021\/08\/Garrapata.jpg?fit=880%2C440&ssl=1&resize=350%2C200 1x, https:\/\/i0.wp.com\/lahoradelcampo.com.uy\/site\/wp-content\/uploads\/2021\/08\/Garrapata.jpg?fit=880%2C440&ssl=1&resize=525%2C300 1.5x, https:\/\/i0.wp.com\/lahoradelcampo.com.uy\/site\/wp-content\/uploads\/2021\/08\/Garrapata.jpg?fit=880%2C440&ssl=1&resize=700%2C400 2x"},"classes":[]},{"id":56219,"url":"https:\/\/lahoradelcampo.com.uy\/site\/vacuna-uruguaya-contra-la-garrapata-con-buenos-resultados-en-rivera\/","url_meta":{"origin":51307,"position":3},"title":"Vacuna uruguaya contra la garrapata con buenos resultados en Rivera","author":"La Hora del Campo","date":"16 junio, 2025","format":false,"excerpt":"En el marco de las 52 Jornadas Uruguayas de Buiatr\u00eda, realizadas en Paysand\u00fa, el Licenciado Agust\u00edn Correa, investigador del Institut Pasteur de Montevideo, present\u00f3 los avances de una innovadora vacuna contra la garrapata (Rhipicephalus microplus), desarrollada en el pa\u00eds. El proyecto, que ya fue validado en condiciones de campo en\u2026","rel":"","context":"En \u00abActualidad\u00bb","block_context":{"text":"Actualidad","link":"https:\/\/lahoradelcampo.com.uy\/site\/category\/actualidad\/"},"img":{"alt_text":"","src":"https:\/\/i0.wp.com\/lahoradelcampo.com.uy\/site\/wp-content\/uploads\/2025\/06\/Licenciado-agustin-correa.jpg?fit=880%2C440&ssl=1&resize=350%2C200","width":350,"height":200,"srcset":"https:\/\/i0.wp.com\/lahoradelcampo.com.uy\/site\/wp-content\/uploads\/2025\/06\/Licenciado-agustin-correa.jpg?fit=880%2C440&ssl=1&resize=350%2C200 1x, https:\/\/i0.wp.com\/lahoradelcampo.com.uy\/site\/wp-content\/uploads\/2025\/06\/Licenciado-agustin-correa.jpg?fit=880%2C440&ssl=1&resize=525%2C300 1.5x, https:\/\/i0.wp.com\/lahoradelcampo.com.uy\/site\/wp-content\/uploads\/2025\/06\/Licenciado-agustin-correa.jpg?fit=880%2C440&ssl=1&resize=700%2C400 2x"},"classes":[]},{"id":44113,"url":"https:\/\/lahoradelcampo.com.uy\/site\/con-un-70-de-eficacia-uruguay-dispondra-de-una-vacuna-contra-la-garrapata\/","url_meta":{"origin":51307,"position":4},"title":"Con un 70% de eficacia, Uruguay dispondr\u00e1 de una vacuna contra la garrapata","author":"La Hora del Campo","date":"25 julio, 2022","format":false,"excerpt":"El Dr. Marcelo Cortes, dinamizador de la campa\u00f1a contra la garrapata, dijo 3a pasada semana que los datos de la encuesta que se realiz\u00f3 con la distribuci\u00f3n de la vacuna antiaftosa, existe un 30% de los predios a nivel pa\u00eds con problemas de garrapata y un 4,5% de los mismos\u2026","rel":"","context":"En \u00abActualidad\u00bb","block_context":{"text":"Actualidad","link":"https:\/\/lahoradelcampo.com.uy\/site\/category\/actualidad\/"},"img":{"alt_text":"","src":"https:\/\/i0.wp.com\/lahoradelcampo.com.uy\/site\/wp-content\/uploads\/2021\/08\/Garrapata.jpg?fit=880%2C440&ssl=1&resize=350%2C200","width":350,"height":200,"srcset":"https:\/\/i0.wp.com\/lahoradelcampo.com.uy\/site\/wp-content\/uploads\/2021\/08\/Garrapata.jpg?fit=880%2C440&ssl=1&resize=350%2C200 1x, https:\/\/i0.wp.com\/lahoradelcampo.com.uy\/site\/wp-content\/uploads\/2021\/08\/Garrapata.jpg?fit=880%2C440&ssl=1&resize=525%2C300 1.5x, https:\/\/i0.wp.com\/lahoradelcampo.com.uy\/site\/wp-content\/uploads\/2021\/08\/Garrapata.jpg?fit=880%2C440&ssl=1&resize=700%2C400 2x"},"classes":[]},{"id":51285,"url":"https:\/\/lahoradelcampo.com.uy\/site\/problemas-por-garrapatas-en-el-ganado-perdidas-millonarias-y-desafios-para-el-control\/","url_meta":{"origin":51307,"position":5},"title":"Problemas por garrapatas en el ganado generan US$ 46 millones en p\u00e9rdidas","author":"La Hora del Campo","date":"19 junio, 2023","format":false,"excerpt":"Las garrapatas representan un grave problema para la ganader\u00eda, generando p\u00e9rdidas econ\u00f3micas significativas en el pa\u00eds. Seg\u00fan un estudio presentado en las 50\u00aa Jornadas Uruguayas de Buiatr\u00eda, la presencia de la \"garrapata com\u00fan del ganado\", conocida como Rhipicephalus microplus, es considerada la ectoparasitosis m\u00e1s importante a nivel mundial debido a\u2026","rel":"","context":"En \u00abActualidad\u00bb","block_context":{"text":"Actualidad","link":"https:\/\/lahoradelcampo.com.uy\/site\/category\/actualidad\/"},"img":{"alt_text":"","src":"https:\/\/i0.wp.com\/lahoradelcampo.com.uy\/site\/wp-content\/uploads\/2020\/06\/garrapataweb.jpg?fit=880%2C440&ssl=1&resize=350%2C200","width":350,"height":200,"srcset":"https:\/\/i0.wp.com\/lahoradelcampo.com.uy\/site\/wp-content\/uploads\/2020\/06\/garrapataweb.jpg?fit=880%2C440&ssl=1&resize=350%2C200 1x, https:\/\/i0.wp.com\/lahoradelcampo.com.uy\/site\/wp-content\/uploads\/2020\/06\/garrapataweb.jpg?fit=880%2C440&ssl=1&resize=525%2C300 1.5x, https:\/\/i0.wp.com\/lahoradelcampo.com.uy\/site\/wp-content\/uploads\/2020\/06\/garrapataweb.jpg?fit=880%2C440&ssl=1&resize=700%2C400 2x"},"classes":[]}],"jetpack_likes_enabled":true,"_links":{"self":[{"href":"https:\/\/lahoradelcampo.com.uy\/site\/wp-json\/wp\/v2\/posts\/51307","targetHints":{"allow":["GET"]}}],"collection":[{"href":"https:\/\/lahoradelcampo.com.uy\/site\/wp-json\/wp\/v2\/posts"}],"about":[{"href":"https:\/\/lahoradelcampo.com.uy\/site\/wp-json\/wp\/v2\/types\/post"}],"author":[{"embeddable":true,"href":"https:\/\/lahoradelcampo.com.uy\/site\/wp-json\/wp\/v2\/users\/5"}],"replies":[{"embeddable":true,"href":"https:\/\/lahoradelcampo.com.uy\/site\/wp-json\/wp\/v2\/comments?post=51307"}],"version-history":[{"count":1,"href":"https:\/\/lahoradelcampo.com.uy\/site\/wp-json\/wp\/v2\/posts\/51307\/revisions"}],"predecessor-version":[{"id":51311,"href":"https:\/\/lahoradelcampo.com.uy\/site\/wp-json\/wp\/v2\/posts\/51307\/revisions\/51311"}],"wp:featuredmedia":[{"embeddable":true,"href":"https:\/\/lahoradelcampo.com.uy\/site\/wp-json\/wp\/v2\/media\/51309"}],"wp:attachment":[{"href":"https:\/\/lahoradelcampo.com.uy\/site\/wp-json\/wp\/v2\/media?parent=51307"}],"wp:term":[{"taxonomy":"category","embeddable":true,"href":"https:\/\/lahoradelcampo.com.uy\/site\/wp-json\/wp\/v2\/categories?post=51307"},{"taxonomy":"post_tag","embeddable":true,"href":"https:\/\/lahoradelcampo.com.uy\/site\/wp-json\/wp\/v2\/tags?post=51307"}],"curies":[{"name":"wp","href":"https:\/\/api.w.org\/{rel}","templated":true}]}}