{"id":50349,"date":"2023-05-15T11:39:07","date_gmt":"2023-05-15T14:39:07","guid":{"rendered":"http:\/\/lahoradelcampo.com.uy\/site\/?p=50349"},"modified":"2023-05-15T11:40:46","modified_gmt":"2023-05-15T14:40:46","slug":"angus-realiza-su-gira-anual-2023-en-treinta-y-tres","status":"publish","type":"post","link":"https:\/\/lahoradelcampo.com.uy\/site\/angus-realiza-su-gira-anual-2023-en-treinta-y-tres\/","title":{"rendered":"Angus realiza su gira anual 2023 en Treinta y Tres"},"content":{"rendered":"\n<figure class=\"wp-block-image size-full\"><a href=\"https:\/\/i0.wp.com\/lahoradelcampo.com.uy\/site\/wp-content\/uploads\/2020\/07\/angusjornadaweb.jpg\"><img data-recalc-dims=\"1\" loading=\"lazy\" decoding=\"async\" width=\"810\" height=\"405\" data-attachment-id=\"22002\" data-permalink=\"https:\/\/lahoradelcampo.com.uy\/site\/el-13-de-agosto-se-realiza-la-xi-jornada-angus-de-seleccion\/angusjornadaweb\/\" data-orig-file=\"https:\/\/i0.wp.com\/lahoradelcampo.com.uy\/site\/wp-content\/uploads\/2020\/07\/angusjornadaweb.jpg?fit=880%2C440&amp;ssl=1\" data-orig-size=\"880,440\" data-comments-opened=\"1\" data-image-meta=\"{&quot;aperture&quot;:&quot;0&quot;,&quot;credit&quot;:&quot;&quot;,&quot;camera&quot;:&quot;&quot;,&quot;caption&quot;:&quot;&quot;,&quot;created_timestamp&quot;:&quot;0&quot;,&quot;copyright&quot;:&quot;&quot;,&quot;focal_length&quot;:&quot;0&quot;,&quot;iso&quot;:&quot;0&quot;,&quot;shutter_speed&quot;:&quot;0&quot;,&quot;title&quot;:&quot;&quot;,&quot;orientation&quot;:&quot;1&quot;}\" data-image-title=\"angusjornadaweb\" data-image-description=\"\" data-image-caption=\"\" data-large-file=\"https:\/\/i0.wp.com\/lahoradelcampo.com.uy\/site\/wp-content\/uploads\/2020\/07\/angusjornadaweb.jpg?fit=810%2C405&amp;ssl=1\" src=\"https:\/\/i0.wp.com\/lahoradelcampo.com.uy\/site\/wp-content\/uploads\/2020\/07\/angusjornadaweb.jpg?resize=810%2C405\" alt=\"\" class=\"wp-image-22002\" srcset=\"https:\/\/i0.wp.com\/lahoradelcampo.com.uy\/site\/wp-content\/uploads\/2020\/07\/angusjornadaweb.jpg?w=880&amp;ssl=1 880w, https:\/\/i0.wp.com\/lahoradelcampo.com.uy\/site\/wp-content\/uploads\/2020\/07\/angusjornadaweb.jpg?resize=300%2C150&amp;ssl=1 300w, https:\/\/i0.wp.com\/lahoradelcampo.com.uy\/site\/wp-content\/uploads\/2020\/07\/angusjornadaweb.jpg?resize=768%2C384&amp;ssl=1 768w, https:\/\/i0.wp.com\/lahoradelcampo.com.uy\/site\/wp-content\/uploads\/2020\/07\/angusjornadaweb.jpg?resize=820%2C410&amp;ssl=1 820w\" sizes=\"auto, (max-width: 810px) 100vw, 810px\" \/><\/a><\/figure>\n\n\n\n<p>La Sociedad de Criadores de Aberdeen Angus del Uruguay ha llevado a cabo su asamblea anual, en la cual se han tratado los asuntos pertinentes y se han informado a los socios sobre el estado de la gremial. Seg\u00fan indic\u00f3 Luis Carrau, presidente de la sociedad, la reuni\u00f3n transcurri\u00f3 sin mayores novedades y se cumpli\u00f3 con los estatutos establecidos.<\/p>\n\n\n\n<p>Carrau enfatiz\u00f3 en la importancia de continuar trabajando arduamente en diferentes aspectos, como el \u00e1mbito gen\u00e9tico y el programa de certificaci\u00f3n de carne. Adem\u00e1s, mencion\u00f3 una colaboraci\u00f3n con el INIA en un proyecto relacionado con la grasa intramuscular y su influencia en la crianza de los terneros bajo distintos niveles de nutrici\u00f3n.<\/p>\n\n\n\n<h2 class=\"wp-block-heading has-text-align-center has-luminous-vivid-orange-color has-text-color has-medium-font-size\"><em>La gira anual de la raza Aberdeen Angus promete ser un evento enriquecedor, con visitas a campos de experimentaci\u00f3n, mesas redondas con expertos y la presentaci\u00f3n de la participaci\u00f3n de la sociedad en la Mesa Global de Carne Sustentable<\/em><\/h2>\n\n\n\n<p>En cuanto a la gira anual de la raza Aberdeen Angus, se llevar\u00e1 a cabo pr\u00f3ximamente. La jornada comenzar\u00e1 el jueves 18 con una visita de campo a la Estaci\u00f3n Experimental Palo a Pique, seguida de una mesa redonda en el anfiteatro de Inia Treinta y Tres. Durante esta mesa redonda, la Ing. Agr. Graciela Quintans compartir\u00e1 sus conocimientos. Tambi\u00e9n se presentar\u00e1 el ingreso de la Sociedad de Criadores de Aberdeen Angus del Uruguay en la Mesa Global de Carne Sustentable, con una disertaci\u00f3n a cargo de Sebastian Olaso.<\/p>\n\n\n\n<p>El viernes 19, la gira continuar\u00e1 con la visita a la estancia y caba\u00f1a Los Tilos, a partir de las 8:30 horas. Durante esta visita, los participantes podr\u00e1n conocer de cerca la realidad de esta reconocida caba\u00f1a.<\/p>\n\n\n\n<p>Salto, 15 de mayo de 2023<\/p>\n","protected":false},"excerpt":{"rendered":"<p>La Sociedad de Criadores de Aberdeen Angus del Uruguay ha llevado a cabo su asamblea anual, en la cual se han tratado los asuntos pertinentes y se han informado a [&hellip;]<\/p>\n","protected":false},"author":5,"featured_media":22002,"comment_status":"open","ping_status":"open","sticky":false,"template":"","format":"standard","meta":{"_price":"","_stock":"","_tribe_ticket_header":"","_tribe_default_ticket_provider":"","_tribe_ticket_capacity":"0","_ticket_start_date":"","_ticket_end_date":"","_tribe_ticket_show_description":"","_tribe_ticket_show_not_going":false,"_tribe_ticket_use_global_stock":"","_tribe_ticket_global_stock_level":"","_global_stock_mode":"","_global_stock_cap":"","_tribe_rsvp_for_event":"","_tribe_ticket_going_count":"","_tribe_ticket_not_going_count":"","_tribe_tickets_list":"[]","_tribe_ticket_has_attendee_info_fields":false,"h5ap_radio_sources":[],"_jetpack_newsletter_access":"","_jetpack_dont_email_post_to_subs":false,"_jetpack_newsletter_tier_id":0,"_jetpack_memberships_contains_paywalled_content":false,"_jetpack_memberships_contains_paid_content":false,"footnotes":""},"categories":[21,5],"tags":[5379,5383,5381,5387,5397,5391,5401,5385,1877,5389,5399,5395,709,5393],"class_list":["post-50349","post","type-post","status-publish","format-standard","has-post-thumbnail","hentry","category-actualidad","category-ganaderia","tag-ambito-genetico","tag-asamblea-anual","tag-certificacion-de-carne","tag-colaboracion-con-el-inia","tag-conocimientos","tag-crianza-de-terneros","tag-estancia-y-cabana-los-tilos","tag-estatutos","tag-gira-anual","tag-grasa-intramuscular","tag-mesa-global-de-carne-sustentable","tag-mesa-redonda","tag-sociedad-de-criadores-de-aberdeen-angus-del-uruguay","tag-visita-de-campo"],"jetpack_featured_media_url":"https:\/\/i0.wp.com\/lahoradelcampo.com.uy\/site\/wp-content\/uploads\/2020\/07\/angusjornadaweb.jpg?fit=880%2C440&ssl=1","jetpack_sharing_enabled":true,"jetpack_shortlink":"https:\/\/wp.me\/p99IaT-d65","jetpack-related-posts":[{"id":41413,"url":"https:\/\/lahoradelcampo.com.uy\/site\/gira-angus-en-florida-y-durazno\/","url_meta":{"origin":50349,"position":0},"title":"Gira Angus en Florida  y Durazno","author":"La Hora del Campo","date":"4 mayo, 2022","format":false,"excerpt":"En el marco de la 7ma edici\u00f3n de la Expo Vientres en Florida, la Sociedad de Criadores de Aberdeen Angus del Uruguay realiz\u00f3 la Asamblea Ordinaria de Socios y elecci\u00f3n de nuevas autoridades, en la cual se defini\u00f3 que la Comisi\u00f3n Directiva para el per\u00edodo 2022-2024 ser\u00e1 presidida por el\u2026","rel":"","context":"En \u00abActualidad\u00bb","block_context":{"text":"Actualidad","link":"https:\/\/lahoradelcampo.com.uy\/site\/category\/actualidad\/"},"img":{"alt_text":"","src":"https:\/\/i0.wp.com\/lahoradelcampo.com.uy\/site\/wp-content\/uploads\/2021\/06\/Angusgira.jpg?fit=880%2C440&ssl=1&resize=350%2C200","width":350,"height":200,"srcset":"https:\/\/i0.wp.com\/lahoradelcampo.com.uy\/site\/wp-content\/uploads\/2021\/06\/Angusgira.jpg?fit=880%2C440&ssl=1&resize=350%2C200 1x, https:\/\/i0.wp.com\/lahoradelcampo.com.uy\/site\/wp-content\/uploads\/2021\/06\/Angusgira.jpg?fit=880%2C440&ssl=1&resize=525%2C300 1.5x, https:\/\/i0.wp.com\/lahoradelcampo.com.uy\/site\/wp-content\/uploads\/2021\/06\/Angusgira.jpg?fit=880%2C440&ssl=1&resize=700%2C400 2x"},"classes":[]},{"id":40975,"url":"https:\/\/lahoradelcampo.com.uy\/site\/maria-mattos-calificara-los-mejores-ejemplares-en-la-nacional-angus\/","url_meta":{"origin":50349,"position":1},"title":"Mar\u00eda Mattos calificar\u00e1 los mejores ejemplares en la Nacional Angus","author":"La Hora del Campo","date":"21 abril, 2022","format":false,"excerpt":"La Sociedad de Criadores de Aberdeen Angus del Uruguay realizar\u00e1 el pr\u00f3ximo viernes 29 de abril, en la Asociaci\u00f3n Rural de Florida, la 7a Edici\u00f3n de su Exposici\u00f3n Nacional. En la oportunidad se realizar\u00e1 la calificaci\u00f3n del 7mo Concurso Nacional de Vientres, con una participaci\u00f3n de m\u00e1s de 500 vientres,\u2026","rel":"","context":"En \u00abActualidad\u00bb","block_context":{"text":"Actualidad","link":"https:\/\/lahoradelcampo.com.uy\/site\/category\/actualidad\/"},"img":{"alt_text":"","src":"https:\/\/i0.wp.com\/lahoradelcampo.com.uy\/site\/wp-content\/uploads\/2022\/04\/Angus-mariamattos.jpg?fit=880%2C440&ssl=1&resize=350%2C200","width":350,"height":200,"srcset":"https:\/\/i0.wp.com\/lahoradelcampo.com.uy\/site\/wp-content\/uploads\/2022\/04\/Angus-mariamattos.jpg?fit=880%2C440&ssl=1&resize=350%2C200 1x, https:\/\/i0.wp.com\/lahoradelcampo.com.uy\/site\/wp-content\/uploads\/2022\/04\/Angus-mariamattos.jpg?fit=880%2C440&ssl=1&resize=525%2C300 1.5x, https:\/\/i0.wp.com\/lahoradelcampo.com.uy\/site\/wp-content\/uploads\/2022\/04\/Angus-mariamattos.jpg?fit=880%2C440&ssl=1&resize=700%2C400 2x"},"classes":[]},{"id":31010,"url":"https:\/\/lahoradelcampo.com.uy\/site\/angus-suspendio-la-gira-2021-por-el-norte-del-pais\/","url_meta":{"origin":50349,"position":2},"title":"Angus suspendi\u00f3 la gira 2021 por el norte del pa\u00eds","author":"La Hora del Campo","date":"7 junio, 2021","format":false,"excerpt":"La Sociedad de Criadores de Aberdeen Angus del Uruguay (SCAAU) dio a conocer en un comunicado emitido en el d\u00eda de ayer, que suspendi\u00f3 la gira anual prevista para este 2021 en el norte del pa\u00eds. La gremial sostuvo que la decisi\u00f3n se debe a la situaci\u00f3n sanitaria actual y\u2026","rel":"","context":"En \u00abActualidad\u00bb","block_context":{"text":"Actualidad","link":"https:\/\/lahoradelcampo.com.uy\/site\/category\/actualidad\/"},"img":{"alt_text":"","src":"https:\/\/i0.wp.com\/lahoradelcampo.com.uy\/site\/wp-content\/uploads\/2021\/06\/Angusgira.jpg?fit=880%2C440&ssl=1&resize=350%2C200","width":350,"height":200,"srcset":"https:\/\/i0.wp.com\/lahoradelcampo.com.uy\/site\/wp-content\/uploads\/2021\/06\/Angusgira.jpg?fit=880%2C440&ssl=1&resize=350%2C200 1x, https:\/\/i0.wp.com\/lahoradelcampo.com.uy\/site\/wp-content\/uploads\/2021\/06\/Angusgira.jpg?fit=880%2C440&ssl=1&resize=525%2C300 1.5x, https:\/\/i0.wp.com\/lahoradelcampo.com.uy\/site\/wp-content\/uploads\/2021\/06\/Angusgira.jpg?fit=880%2C440&ssl=1&resize=700%2C400 2x"},"classes":[]},{"id":4687,"url":"https:\/\/lahoradelcampo.com.uy\/site\/carne-angus-del-uruguay-duplica-la-certificacion-de-novillos-en-201617\/","url_meta":{"origin":50349,"position":3},"title":"Carne Angus del Uruguay duplica la certificaci\u00f3n de novillos en 2016\/17","author":"La Hora del Campo","date":"6 diciembre, 2017","format":false,"excerpt":"Durante el a\u00f1o agr\u00edcola-ganadero 2016\/2017 el emprendimiento \"Carne Angus del Uruguay\" desarrollado por la Sociedad de Criadores de Aberdeen Angus de nuestro pa\u00eds ha logrado duplicar la certificaci\u00f3n de novillos dentro de los protocolos acordados con la industria para lograr un producto Premium y diferenciado en el mercado c\u00e1rnico, tanto\u2026","rel":"","context":"En \u00abActualidad\u00bb","block_context":{"text":"Actualidad","link":"https:\/\/lahoradelcampo.com.uy\/site\/category\/actualidad\/"},"img":{"alt_text":"","src":"https:\/\/i0.wp.com\/lahoradelcampo.com.uy\/site\/wp-content\/uploads\/2017\/12\/Carneangus.jpg?fit=880%2C440&ssl=1&resize=350%2C200","width":350,"height":200,"srcset":"https:\/\/i0.wp.com\/lahoradelcampo.com.uy\/site\/wp-content\/uploads\/2017\/12\/Carneangus.jpg?fit=880%2C440&ssl=1&resize=350%2C200 1x, https:\/\/i0.wp.com\/lahoradelcampo.com.uy\/site\/wp-content\/uploads\/2017\/12\/Carneangus.jpg?fit=880%2C440&ssl=1&resize=525%2C300 1.5x, https:\/\/i0.wp.com\/lahoradelcampo.com.uy\/site\/wp-content\/uploads\/2017\/12\/Carneangus.jpg?fit=880%2C440&ssl=1&resize=700%2C400 2x"},"classes":[]},{"id":55816,"url":"https:\/\/lahoradelcampo.com.uy\/site\/el-60-de-los-terneros-nacidos-en-uruguay-son-aberdeen-angus\/","url_meta":{"origin":50349,"position":4},"title":"El 60% de los terneros nacidos en Uruguay son Aberdeen Angus","author":"La Hora del Campo","date":"13 marzo, 2025","format":false,"excerpt":"Foto: Expoagro La raza Aberdeen Angus se posiciona como una de las principales protagonistas del sector ganadero, tanto por su creciente participaci\u00f3n en exposiciones, as\u00ed como tambi\u00e9n en el crecimiento de animales de la raza registrados en el Sistema Nacional de Informaci\u00f3n Ganadera (SNIG) a\u00f1o tras a\u00f1o. Juan Pablo P\u00e9rez\u2026","rel":"","context":"En \u00abActualidad\u00bb","block_context":{"text":"Actualidad","link":"https:\/\/lahoradelcampo.com.uy\/site\/category\/actualidad\/"},"img":{"alt_text":"","src":"https:\/\/i0.wp.com\/lahoradelcampo.com.uy\/site\/wp-content\/uploads\/2023\/04\/CongresoAngus.jpg?fit=880%2C440&ssl=1&resize=350%2C200","width":350,"height":200,"srcset":"https:\/\/i0.wp.com\/lahoradelcampo.com.uy\/site\/wp-content\/uploads\/2023\/04\/CongresoAngus.jpg?fit=880%2C440&ssl=1&resize=350%2C200 1x, https:\/\/i0.wp.com\/lahoradelcampo.com.uy\/site\/wp-content\/uploads\/2023\/04\/CongresoAngus.jpg?fit=880%2C440&ssl=1&resize=525%2C300 1.5x, https:\/\/i0.wp.com\/lahoradelcampo.com.uy\/site\/wp-content\/uploads\/2023\/04\/CongresoAngus.jpg?fit=880%2C440&ssl=1&resize=700%2C400 2x"},"classes":[]},{"id":56161,"url":"https:\/\/lahoradelcampo.com.uy\/site\/la-magdalena-fue-el-epicentro-de-la-gira-anual-del-merino-australiano\/","url_meta":{"origin":50349,"position":5},"title":"La Magdalena fue el epicentro de la gira anual del Merino Australiano","author":"La Hora del Campo","date":"6 junio, 2025","format":false,"excerpt":"Con una destacada participaci\u00f3n de productores y t\u00e9cnicos de todo el pa\u00eds, comenz\u00f3 en el departamento de Salto la tradicional gira anual de la raza Merino Australiano, organizada por la Sociedad de Criadores de Merino Australiano del Uruguay (Scmau) y el Secretariado Uruguayo de la Lana (SUL). El punto de\u2026","rel":"","context":"En \u00abActualidad\u00bb","block_context":{"text":"Actualidad","link":"https:\/\/lahoradelcampo.com.uy\/site\/category\/actualidad\/"},"img":{"alt_text":"","src":"https:\/\/i0.wp.com\/lahoradelcampo.com.uy\/site\/wp-content\/uploads\/2025\/06\/Merino-gira-lamagdalena.jpg?fit=880%2C440&ssl=1&resize=350%2C200","width":350,"height":200,"srcset":"https:\/\/i0.wp.com\/lahoradelcampo.com.uy\/site\/wp-content\/uploads\/2025\/06\/Merino-gira-lamagdalena.jpg?fit=880%2C440&ssl=1&resize=350%2C200 1x, https:\/\/i0.wp.com\/lahoradelcampo.com.uy\/site\/wp-content\/uploads\/2025\/06\/Merino-gira-lamagdalena.jpg?fit=880%2C440&ssl=1&resize=525%2C300 1.5x, https:\/\/i0.wp.com\/lahoradelcampo.com.uy\/site\/wp-content\/uploads\/2025\/06\/Merino-gira-lamagdalena.jpg?fit=880%2C440&ssl=1&resize=700%2C400 2x"},"classes":[]}],"jetpack_likes_enabled":true,"_links":{"self":[{"href":"https:\/\/lahoradelcampo.com.uy\/site\/wp-json\/wp\/v2\/posts\/50349","targetHints":{"allow":["GET"]}}],"collection":[{"href":"https:\/\/lahoradelcampo.com.uy\/site\/wp-json\/wp\/v2\/posts"}],"about":[{"href":"https:\/\/lahoradelcampo.com.uy\/site\/wp-json\/wp\/v2\/types\/post"}],"author":[{"embeddable":true,"href":"https:\/\/lahoradelcampo.com.uy\/site\/wp-json\/wp\/v2\/users\/5"}],"replies":[{"embeddable":true,"href":"https:\/\/lahoradelcampo.com.uy\/site\/wp-json\/wp\/v2\/comments?post=50349"}],"version-history":[{"count":1,"href":"https:\/\/lahoradelcampo.com.uy\/site\/wp-json\/wp\/v2\/posts\/50349\/revisions"}],"predecessor-version":[{"id":50351,"href":"https:\/\/lahoradelcampo.com.uy\/site\/wp-json\/wp\/v2\/posts\/50349\/revisions\/50351"}],"wp:featuredmedia":[{"embeddable":true,"href":"https:\/\/lahoradelcampo.com.uy\/site\/wp-json\/wp\/v2\/media\/22002"}],"wp:attachment":[{"href":"https:\/\/lahoradelcampo.com.uy\/site\/wp-json\/wp\/v2\/media?parent=50349"}],"wp:term":[{"taxonomy":"category","embeddable":true,"href":"https:\/\/lahoradelcampo.com.uy\/site\/wp-json\/wp\/v2\/categories?post=50349"},{"taxonomy":"post_tag","embeddable":true,"href":"https:\/\/lahoradelcampo.com.uy\/site\/wp-json\/wp\/v2\/tags?post=50349"}],"curies":[{"name":"wp","href":"https:\/\/api.w.org\/{rel}","templated":true}]}}