{"id":50343,"date":"2023-05-15T11:31:34","date_gmt":"2023-05-15T14:31:34","guid":{"rendered":"http:\/\/lahoradelcampo.com.uy\/site\/?p=50343"},"modified":"2023-05-15T11:32:07","modified_gmt":"2023-05-15T14:32:07","slug":"exito-total-en-el-remate-de-maquinaria-de-indarte","status":"publish","type":"post","link":"https:\/\/lahoradelcampo.com.uy\/site\/exito-total-en-el-remate-de-maquinaria-de-indarte\/","title":{"rendered":"\u00c9xito total en el remate de maquinaria de Indarte"},"content":{"rendered":"\n<figure class=\"wp-block-image size-full\"><a href=\"https:\/\/i0.wp.com\/lahoradelcampo.com.uy\/site\/wp-content\/uploads\/2023\/05\/remate-indarte-maquinaria.jpg\"><img data-recalc-dims=\"1\" loading=\"lazy\" decoding=\"async\" width=\"810\" height=\"405\" data-attachment-id=\"50345\" data-permalink=\"https:\/\/lahoradelcampo.com.uy\/site\/exito-total-en-el-remate-de-maquinaria-de-indarte\/remate-indarte-maquinaria\/\" data-orig-file=\"https:\/\/i0.wp.com\/lahoradelcampo.com.uy\/site\/wp-content\/uploads\/2023\/05\/remate-indarte-maquinaria.jpg?fit=880%2C440&amp;ssl=1\" data-orig-size=\"880,440\" data-comments-opened=\"1\" data-image-meta=\"{&quot;aperture&quot;:&quot;0&quot;,&quot;credit&quot;:&quot;&quot;,&quot;camera&quot;:&quot;&quot;,&quot;caption&quot;:&quot;&quot;,&quot;created_timestamp&quot;:&quot;0&quot;,&quot;copyright&quot;:&quot;&quot;,&quot;focal_length&quot;:&quot;0&quot;,&quot;iso&quot;:&quot;0&quot;,&quot;shutter_speed&quot;:&quot;0&quot;,&quot;title&quot;:&quot;&quot;,&quot;orientation&quot;:&quot;1&quot;}\" data-image-title=\"remate-indarte-maquinaria\" data-image-description=\"\" data-image-caption=\"\" data-large-file=\"https:\/\/i0.wp.com\/lahoradelcampo.com.uy\/site\/wp-content\/uploads\/2023\/05\/remate-indarte-maquinaria.jpg?fit=810%2C405&amp;ssl=1\" src=\"https:\/\/i0.wp.com\/lahoradelcampo.com.uy\/site\/wp-content\/uploads\/2023\/05\/remate-indarte-maquinaria.jpg?resize=810%2C405\" alt=\"\" class=\"wp-image-50345\" srcset=\"https:\/\/i0.wp.com\/lahoradelcampo.com.uy\/site\/wp-content\/uploads\/2023\/05\/remate-indarte-maquinaria.jpg?w=880&amp;ssl=1 880w, https:\/\/i0.wp.com\/lahoradelcampo.com.uy\/site\/wp-content\/uploads\/2023\/05\/remate-indarte-maquinaria.jpg?resize=300%2C150&amp;ssl=1 300w, https:\/\/i0.wp.com\/lahoradelcampo.com.uy\/site\/wp-content\/uploads\/2023\/05\/remate-indarte-maquinaria.jpg?resize=768%2C384&amp;ssl=1 768w, https:\/\/i0.wp.com\/lahoradelcampo.com.uy\/site\/wp-content\/uploads\/2023\/05\/remate-indarte-maquinaria.jpg?resize=820%2C410&amp;ssl=1 820w\" sizes=\"auto, (max-width: 810px) 100vw, 810px\" \/><\/a><\/figure>\n\n\n\n<p>La firma Indarte realiz\u00f3 un exitoso remate de maquinaria agr\u00edcola el pasado viernes en su establecimiento ubicado en el kil\u00f3metro 284 de la ruta 3, en el paraje Colonia El Omb\u00fa del departamento de R\u00edo Negro. El evento cont\u00f3 con una gran presencia de p\u00fablico y destacadas ventas.<\/p>\n\n\n\n<p>El ingeniero agr\u00f3nomo Gonzalo Indarte Gianoni, indic\u00f3 que \u00abla agradable jornada permiti\u00f3 la asistencia de un buen n\u00famero de productores, quienes apreciaron y tambi\u00e9n pujaron por los distintos lotes ofrecidos\u00bb. Asimismo, el director de la firma Indarte y C\u00eda. destac\u00f3 el \u00e9xito del remate, el cual se debi\u00f3 al excelente estado de la maquinaria presentada por Omar Echegaray. Tanto el vendedor como los compradores quedaron muy satisfechos con los resultados de la subasta.<\/p>\n\n\n\n<h2 class=\"wp-block-heading has-text-align-center has-luminous-vivid-orange-color has-text-color has-medium-font-size\"><em>El remate de maquinaria agr\u00edcola realizado por la firma Indarte fue un rotundo \u00e9xito, con el 100% de la oferta vendida en poco m\u00e1s de 2 horas y con la participaci\u00f3n de compradores de todo el pa\u00eds<\/em><\/h2>\n\n\n\n<p>El remate fue todo un \u00e9xito, ya que se vendi\u00f3 el 100% de la oferta, colocando m\u00e1s de 50 lotes en poco m\u00e1s de 2 horas. Esto demuestra claramente la gran demanda que existe a pesar de las condiciones clim\u00e1ticas conocidas por todos. Hubo compradores de todo el pa\u00eds, desde Artigas y toda la zona del litoral. Adem\u00e1s, muchos compradores vieron el remate en l\u00ednea y realizaron sus ofertas por tel\u00e9fono.<\/p>\n\n\n\n<h2 class=\"wp-block-heading has-text-align-center has-luminous-vivid-orange-color has-text-color has-medium-font-size\"><em>A pesar de las condiciones clim\u00e1ticas adversas, la demanda de maquinaria agr\u00edcola se mantuvo alta, como lo demuestra la gran asistencia de productores y las ofertas realizadas en l\u00ednea por compradores de todo el pa\u00eds<\/em><\/h2>\n\n\n\n<p>Entre algunos de los precios destacados, se encuentran un tractor JD 5082E Turbo, 82 Hp, 1400 horas, 4&#215;4, inversor, pala jd 553 con joystick, cuchara y pincho de fardos por U$S 37.500; JD 6110D, 3500 horas, 4&#215;4, inversor, cabina de f\u00e1brica por U$S 36.000; sembradora Jd 750 directa, 24 cuerpos, caj\u00f3n semilla fina y marcadoras por U$S 15.500; fertilizadora Yomel RD3036Z acero inoxidable, 3000l de tiro en t\u00e1ndem con doble plato por U$S 9.000; disquera baldanvia 52 discos por U$S 8.250; estiercolera 12500 kilos Ipacol doble plato, a\u00f1o 2012 por U$S 10.300; tanque de fr\u00edo de 4.000 litros, marca Japy, con mantenimiento realizado hace un mes por U$S 4.500.<\/p>\n\n\n\n<p>Salto, 15 de mayo de 2023<\/p>\n","protected":false},"excerpt":{"rendered":"<p>La firma Indarte realiz\u00f3 un exitoso remate de maquinaria agr\u00edcola el pasado viernes en su establecimiento ubicado en el kil\u00f3metro 284 de la ruta 3, en el paraje Colonia El [&hellip;]<\/p>\n","protected":false},"author":5,"featured_media":50345,"comment_status":"open","ping_status":"open","sticky":false,"template":"","format":"standard","meta":{"_price":"","_stock":"","_tribe_ticket_header":"","_tribe_default_ticket_provider":"","_tribe_ticket_capacity":"0","_ticket_start_date":"","_ticket_end_date":"","_tribe_ticket_show_description":"","_tribe_ticket_show_not_going":false,"_tribe_ticket_use_global_stock":"","_tribe_ticket_global_stock_level":"","_global_stock_mode":"","_global_stock_cap":"","_tribe_rsvp_for_event":"","_tribe_ticket_going_count":"","_tribe_ticket_not_going_count":"","_tribe_tickets_list":"[]","_tribe_ticket_has_attendee_info_fields":false,"h5ap_radio_sources":[],"_jetpack_newsletter_access":"","_jetpack_dont_email_post_to_subs":false,"_jetpack_newsletter_tier_id":0,"_jetpack_memberships_contains_paywalled_content":false,"_jetpack_memberships_contains_paid_content":false,"footnotes":""},"categories":[21,7],"tags":[5369,5373,5367,5375,1569,5377,5371,5365,4472,3000],"class_list":["post-50343","post","type-post","status-publish","format-standard","has-post-thumbnail","hentry","category-actualidad","category-agricultura","tag-establecimiento","tag-exito","tag-indarte","tag-maquinaria-agricola","tag-oferta","tag-precios-destacados","tag-publico","tag-remate-de-maquinaria-agricola","tag-subasta","tag-ventas"],"jetpack_featured_media_url":"https:\/\/i0.wp.com\/lahoradelcampo.com.uy\/site\/wp-content\/uploads\/2023\/05\/remate-indarte-maquinaria.jpg?fit=880%2C440&ssl=1","jetpack_sharing_enabled":true,"jetpack_shortlink":"https:\/\/wp.me\/p99IaT-d5Z","jetpack-related-posts":[{"id":54418,"url":"https:\/\/lahoradelcampo.com.uy\/site\/plaza-rural-con-98-de-ventas-en-el-primer-remate-de-setiembre\/","url_meta":{"origin":50343,"position":0},"title":"Plaza Rural con 98% de ventas en el primer remate de setiembre","author":"La Hora del Campo","date":"6 septiembre, 2024","format":false,"excerpt":"El consorcio Plaza Rural logr\u00f3 una vez m\u00e1s superar las expectativas del mercado en su remate 291, con la venta de 12.926 vacunos y un porcentaje del 98,15% de ventas. Alejandro Zambrano, director de Zambrano & C\u00eda., calific\u00f3 la jornada como un \u00e9xito rotundo, destacando la mejora en los precios\u2026","rel":"","context":"En \u00abActualidad\u00bb","block_context":{"text":"Actualidad","link":"https:\/\/lahoradelcampo.com.uy\/site\/category\/actualidad\/"},"img":{"alt_text":"","src":"https:\/\/i0.wp.com\/lahoradelcampo.com.uy\/site\/wp-content\/uploads\/2023\/06\/Plaza-Rural-1.jpg?fit=880%2C440&ssl=1&resize=350%2C200","width":350,"height":200,"srcset":"https:\/\/i0.wp.com\/lahoradelcampo.com.uy\/site\/wp-content\/uploads\/2023\/06\/Plaza-Rural-1.jpg?fit=880%2C440&ssl=1&resize=350%2C200 1x, https:\/\/i0.wp.com\/lahoradelcampo.com.uy\/site\/wp-content\/uploads\/2023\/06\/Plaza-Rural-1.jpg?fit=880%2C440&ssl=1&resize=525%2C300 1.5x, https:\/\/i0.wp.com\/lahoradelcampo.com.uy\/site\/wp-content\/uploads\/2023\/06\/Plaza-Rural-1.jpg?fit=880%2C440&ssl=1&resize=700%2C400 2x"},"classes":[]},{"id":50232,"url":"https:\/\/lahoradelcampo.com.uy\/site\/plaza-rural-cierra-abril-con-exito-en-venta-de-casi-30-mil-vacunos\/","url_meta":{"origin":50343,"position":1},"title":"Plaza Rural cierra abril con \u00e9xito en venta de casi 30 mil vacunos","author":"La Hora del Campo","date":"28 abril, 2023","format":false,"excerpt":"En el mes de abril, Plaza Rural complet\u00f3 la comercializaci\u00f3n de 29.937 vacunos, logrando vender en dos d\u00edas un total de 19.184 cabezas. El Ing. Agr. Fernando Indarte, se mostr\u00f3 gratamente sorprendido por el \u00e9xito del remate, ya que se esperaba un panorama m\u00e1s dif\u00edcil. Indarte destac\u00f3 la participaci\u00f3n de\u2026","rel":"","context":"En \u00abActualidad\u00bb","block_context":{"text":"Actualidad","link":"https:\/\/lahoradelcampo.com.uy\/site\/category\/actualidad\/"},"img":{"alt_text":"","src":"https:\/\/i0.wp.com\/lahoradelcampo.com.uy\/site\/wp-content\/uploads\/2023\/04\/PlazaRural-PlazaAngus.jpg?fit=880%2C440&ssl=1&resize=350%2C200","width":350,"height":200,"srcset":"https:\/\/i0.wp.com\/lahoradelcampo.com.uy\/site\/wp-content\/uploads\/2023\/04\/PlazaRural-PlazaAngus.jpg?fit=880%2C440&ssl=1&resize=350%2C200 1x, https:\/\/i0.wp.com\/lahoradelcampo.com.uy\/site\/wp-content\/uploads\/2023\/04\/PlazaRural-PlazaAngus.jpg?fit=880%2C440&ssl=1&resize=525%2C300 1.5x, https:\/\/i0.wp.com\/lahoradelcampo.com.uy\/site\/wp-content\/uploads\/2023\/04\/PlazaRural-PlazaAngus.jpg?fit=880%2C440&ssl=1&resize=700%2C400 2x"},"classes":[]},{"id":49990,"url":"https:\/\/lahoradelcampo.com.uy\/site\/plaza-rural-disperso-mas-de-10-000-vacunos-en-el-primer-remate-de-abril\/","url_meta":{"origin":50343,"position":2},"title":"Plaza Rural dispers\u00f3 m\u00e1s de 10.000 vacunos en el primer remate de abril","author":"La Hora del Campo","date":"16 abril, 2023","format":false,"excerpt":"Plaza Rural celebr\u00f3 su primer remate de abril con excelentes resultados. La firma dispers\u00f3 10.753 vacunos, logrando una tasa de venta del 95% de la oferta, consolidando la firmeza del mercado de reposici\u00f3n. Alejandro Zambrano Zerbino, director de Zambrano & C\u00eda., destac\u00f3 el \u00e9xito del remate, atribuy\u00e9ndolo al dinamismo del\u2026","rel":"","context":"En \u00abActualidad\u00bb","block_context":{"text":"Actualidad","link":"https:\/\/lahoradelcampo.com.uy\/site\/category\/actualidad\/"},"img":{"alt_text":"","src":"https:\/\/i0.wp.com\/lahoradelcampo.com.uy\/site\/wp-content\/uploads\/2022\/05\/PlazaRural-general2.jpg?fit=880%2C440&ssl=1&resize=350%2C200","width":350,"height":200,"srcset":"https:\/\/i0.wp.com\/lahoradelcampo.com.uy\/site\/wp-content\/uploads\/2022\/05\/PlazaRural-general2.jpg?fit=880%2C440&ssl=1&resize=350%2C200 1x, https:\/\/i0.wp.com\/lahoradelcampo.com.uy\/site\/wp-content\/uploads\/2022\/05\/PlazaRural-general2.jpg?fit=880%2C440&ssl=1&resize=525%2C300 1.5x, https:\/\/i0.wp.com\/lahoradelcampo.com.uy\/site\/wp-content\/uploads\/2022\/05\/PlazaRural-general2.jpg?fit=880%2C440&ssl=1&resize=700%2C400 2x"},"classes":[]},{"id":46025,"url":"https:\/\/lahoradelcampo.com.uy\/site\/colorados-de-el-cerro-promediaron-us-2-990\/","url_meta":{"origin":50343,"position":3},"title":"Colorados de El Cerro promediaron U$S 2.990","author":"La Hora del Campo","date":"1 octubre, 2022","format":false,"excerpt":"En el propio establecimiento del departamento de R\u00edo Negro, se realiz\u00f3 ayer la tradicional venta de los colorados de El\u00a0 Cerro, que comprende la comercializaci\u00f3n de las razas Senepol, Senangus y Red Angus, coloc\u00e1ndose por parte de la firma Indarte y C\u00eda., los 49 toros con un promedio general de\u2026","rel":"","context":"En \u00abActualidad\u00bb","block_context":{"text":"Actualidad","link":"https:\/\/lahoradelcampo.com.uy\/site\/category\/actualidad\/"},"img":{"alt_text":"","src":"https:\/\/i0.wp.com\/lahoradelcampo.com.uy\/site\/wp-content\/uploads\/2022\/10\/Zafratoros-Elcerro.jpg?fit=880%2C440&ssl=1&resize=350%2C200","width":350,"height":200,"srcset":"https:\/\/i0.wp.com\/lahoradelcampo.com.uy\/site\/wp-content\/uploads\/2022\/10\/Zafratoros-Elcerro.jpg?fit=880%2C440&ssl=1&resize=350%2C200 1x, https:\/\/i0.wp.com\/lahoradelcampo.com.uy\/site\/wp-content\/uploads\/2022\/10\/Zafratoros-Elcerro.jpg?fit=880%2C440&ssl=1&resize=525%2C300 1.5x, https:\/\/i0.wp.com\/lahoradelcampo.com.uy\/site\/wp-content\/uploads\/2022\/10\/Zafratoros-Elcerro.jpg?fit=880%2C440&ssl=1&resize=700%2C400 2x"},"classes":[]},{"id":54285,"url":"https:\/\/lahoradelcampo.com.uy\/site\/indarte-cia-ofrece-criollos-de-largo-aliento-y-pedrigrees-consistentes-en-salto\/","url_meta":{"origin":50343,"position":4},"title":"Indarte &amp; C\u00eda ofrece criollos de largo aliento y pedrigrees consistentes en Salto","author":"La Hora del Campo","date":"26 agosto, 2024","format":false,"excerpt":"El pr\u00f3ximo s\u00e1bado 31 de agosto, a las 16 horas, se realiza en el predio de la Asociaci\u00f3n Agropecuaria de Salto, la 5ta Edici\u00f3n del remate \"Criollos para ganar\", de las caba\u00f1as \"La Porf\u00eda\" de Luis Astore, \"El Rumbo\" de Gustavo De Souza, \"San Telmo\" de H. y D. de\u2026","rel":"","context":"En \u00abActualidad\u00bb","block_context":{"text":"Actualidad","link":"https:\/\/lahoradelcampo.com.uy\/site\/category\/actualidad\/"},"img":{"alt_text":"","src":"https:\/\/i0.wp.com\/lahoradelcampo.com.uy\/site\/wp-content\/uploads\/2024\/08\/juanpablogutierrez.jpg?fit=880%2C440&ssl=1&resize=350%2C200","width":350,"height":200,"srcset":"https:\/\/i0.wp.com\/lahoradelcampo.com.uy\/site\/wp-content\/uploads\/2024\/08\/juanpablogutierrez.jpg?fit=880%2C440&ssl=1&resize=350%2C200 1x, https:\/\/i0.wp.com\/lahoradelcampo.com.uy\/site\/wp-content\/uploads\/2024\/08\/juanpablogutierrez.jpg?fit=880%2C440&ssl=1&resize=525%2C300 1.5x, https:\/\/i0.wp.com\/lahoradelcampo.com.uy\/site\/wp-content\/uploads\/2024\/08\/juanpablogutierrez.jpg?fit=880%2C440&ssl=1&resize=700%2C400 2x"},"classes":[]},{"id":34863,"url":"https:\/\/lahoradelcampo.com.uy\/site\/se-vendio-el-100-de-los-colorados-de-el-cerro\/","url_meta":{"origin":50343,"position":5},"title":"Se vendi\u00f3 el 100% de los Colorados de \u201cEl Cerro\u201d","author":"La Hora del Campo","date":"1 octubre, 2021","format":false,"excerpt":"Con muy firme demanda y colocaci\u00f3n total, en medio de una lluvia por momentos torrencial y que se extendi\u00f3 durante toda la subasta, se vendieron ayer en estancia \u201cEl Cerro\u201d, los 36 toros Senepol, Senangus y Red Angus promediando U$S 2.959, en remate a cargo de Indarte y C\u00eda. Con\u2026","rel":"","context":"En \u00abActualidad\u00bb","block_context":{"text":"Actualidad","link":"https:\/\/lahoradelcampo.com.uy\/site\/category\/actualidad\/"},"img":{"alt_text":"","src":"https:\/\/i0.wp.com\/lahoradelcampo.com.uy\/site\/wp-content\/uploads\/2021\/10\/zafra-elcerro.jpg?fit=880%2C440&ssl=1&resize=350%2C200","width":350,"height":200,"srcset":"https:\/\/i0.wp.com\/lahoradelcampo.com.uy\/site\/wp-content\/uploads\/2021\/10\/zafra-elcerro.jpg?fit=880%2C440&ssl=1&resize=350%2C200 1x, https:\/\/i0.wp.com\/lahoradelcampo.com.uy\/site\/wp-content\/uploads\/2021\/10\/zafra-elcerro.jpg?fit=880%2C440&ssl=1&resize=525%2C300 1.5x, https:\/\/i0.wp.com\/lahoradelcampo.com.uy\/site\/wp-content\/uploads\/2021\/10\/zafra-elcerro.jpg?fit=880%2C440&ssl=1&resize=700%2C400 2x"},"classes":[]}],"jetpack_likes_enabled":true,"_links":{"self":[{"href":"https:\/\/lahoradelcampo.com.uy\/site\/wp-json\/wp\/v2\/posts\/50343","targetHints":{"allow":["GET"]}}],"collection":[{"href":"https:\/\/lahoradelcampo.com.uy\/site\/wp-json\/wp\/v2\/posts"}],"about":[{"href":"https:\/\/lahoradelcampo.com.uy\/site\/wp-json\/wp\/v2\/types\/post"}],"author":[{"embeddable":true,"href":"https:\/\/lahoradelcampo.com.uy\/site\/wp-json\/wp\/v2\/users\/5"}],"replies":[{"embeddable":true,"href":"https:\/\/lahoradelcampo.com.uy\/site\/wp-json\/wp\/v2\/comments?post=50343"}],"version-history":[{"count":1,"href":"https:\/\/lahoradelcampo.com.uy\/site\/wp-json\/wp\/v2\/posts\/50343\/revisions"}],"predecessor-version":[{"id":50347,"href":"https:\/\/lahoradelcampo.com.uy\/site\/wp-json\/wp\/v2\/posts\/50343\/revisions\/50347"}],"wp:featuredmedia":[{"embeddable":true,"href":"https:\/\/lahoradelcampo.com.uy\/site\/wp-json\/wp\/v2\/media\/50345"}],"wp:attachment":[{"href":"https:\/\/lahoradelcampo.com.uy\/site\/wp-json\/wp\/v2\/media?parent=50343"}],"wp:term":[{"taxonomy":"category","embeddable":true,"href":"https:\/\/lahoradelcampo.com.uy\/site\/wp-json\/wp\/v2\/categories?post=50343"},{"taxonomy":"post_tag","embeddable":true,"href":"https:\/\/lahoradelcampo.com.uy\/site\/wp-json\/wp\/v2\/tags?post=50343"}],"curies":[{"name":"wp","href":"https:\/\/api.w.org\/{rel}","templated":true}]}}