{"id":50337,"date":"2023-05-15T11:25:41","date_gmt":"2023-05-15T14:25:41","guid":{"rendered":"http:\/\/lahoradelcampo.com.uy\/site\/?p=50337"},"modified":"2023-05-15T11:26:22","modified_gmt":"2023-05-15T14:26:22","slug":"resultados-de-los-diagnosticos-de-gestacion-son-inferiores-a-los-de-2022","status":"publish","type":"post","link":"https:\/\/lahoradelcampo.com.uy\/site\/resultados-de-los-diagnosticos-de-gestacion-son-inferiores-a-los-de-2022\/","title":{"rendered":"Resultados de los diagn\u00f3sticos de gestaci\u00f3n son inferiores a los de 2022"},"content":{"rendered":"\n<figure class=\"wp-block-image size-full\"><a href=\"https:\/\/i0.wp.com\/lahoradelcampo.com.uy\/site\/wp-content\/uploads\/2023\/05\/Hereford-cria.jpg\"><img data-recalc-dims=\"1\" loading=\"lazy\" decoding=\"async\" width=\"810\" height=\"405\" data-attachment-id=\"50339\" data-permalink=\"https:\/\/lahoradelcampo.com.uy\/site\/resultados-de-los-diagnosticos-de-gestacion-son-inferiores-a-los-de-2022\/hereford-cria\/\" data-orig-file=\"https:\/\/i0.wp.com\/lahoradelcampo.com.uy\/site\/wp-content\/uploads\/2023\/05\/Hereford-cria.jpg?fit=880%2C440&amp;ssl=1\" data-orig-size=\"880,440\" data-comments-opened=\"1\" data-image-meta=\"{&quot;aperture&quot;:&quot;0&quot;,&quot;credit&quot;:&quot;&quot;,&quot;camera&quot;:&quot;&quot;,&quot;caption&quot;:&quot;&quot;,&quot;created_timestamp&quot;:&quot;0&quot;,&quot;copyright&quot;:&quot;&quot;,&quot;focal_length&quot;:&quot;0&quot;,&quot;iso&quot;:&quot;0&quot;,&quot;shutter_speed&quot;:&quot;0&quot;,&quot;title&quot;:&quot;&quot;,&quot;orientation&quot;:&quot;1&quot;}\" data-image-title=\"Hereford-cria\" data-image-description=\"\" data-image-caption=\"\" data-large-file=\"https:\/\/i0.wp.com\/lahoradelcampo.com.uy\/site\/wp-content\/uploads\/2023\/05\/Hereford-cria.jpg?fit=810%2C405&amp;ssl=1\" src=\"https:\/\/i0.wp.com\/lahoradelcampo.com.uy\/site\/wp-content\/uploads\/2023\/05\/Hereford-cria.jpg?resize=810%2C405\" alt=\"\" class=\"wp-image-50339\" srcset=\"https:\/\/i0.wp.com\/lahoradelcampo.com.uy\/site\/wp-content\/uploads\/2023\/05\/Hereford-cria.jpg?w=880&amp;ssl=1 880w, https:\/\/i0.wp.com\/lahoradelcampo.com.uy\/site\/wp-content\/uploads\/2023\/05\/Hereford-cria.jpg?resize=300%2C150&amp;ssl=1 300w, https:\/\/i0.wp.com\/lahoradelcampo.com.uy\/site\/wp-content\/uploads\/2023\/05\/Hereford-cria.jpg?resize=768%2C384&amp;ssl=1 768w, https:\/\/i0.wp.com\/lahoradelcampo.com.uy\/site\/wp-content\/uploads\/2023\/05\/Hereford-cria.jpg?resize=820%2C410&amp;ssl=1 820w\" sizes=\"auto, (max-width: 810px) 100vw, 810px\" \/><\/a><\/figure>\n\n\n\n<p>Datos de pre\u00f1ez son menores que el a\u00f1o pasado, pero contin\u00faan siendo buenos en el promedio hist\u00f3rico. La mayor\u00eda de los profesionales veterinarios se encuentran realizando diagn\u00f3sticos de gestaci\u00f3n en el ganado vacuno, teniendo en cuenta que los entores se alargaron en el tiempo, producto del impacto clim\u00e1tico durante la estaci\u00f3n reproductiva.<\/p>\n\n\n\n<h2 class=\"wp-block-heading has-text-align-center has-luminous-vivid-orange-color has-text-color has-medium-font-size\"><em>Aunque los datos de pre\u00f1ez en el ganado vacuno son ligeramente m\u00e1s bajos que el a\u00f1o pasado, siguen siendo buenos en comparaci\u00f3n con el promedio hist\u00f3rico<\/em><\/h2>\n\n\n\n<p>En el litoral norte del pa\u00eds, los resultados que se han obtenido hasta el momento, muestran una gran variabilidad de porcentajes y promedios inferiores a 2022. Al mismo tiempo se se\u00f1ala terneros y vacas m\u00e1s livianas que ser\u00e1n un gran desaf\u00edo para pasar el invierno.<\/p>\n\n\n\n<p>En este sentido el Dr. Lauro Art\u00eda, m\u00e9dico veterinario del departamento de Paysand\u00fa, dio a conocer que los datos recabados en los diagn\u00f3sticos de gestaci\u00f3n realizados en la regi\u00f3n, hasta inicios de mayo, arrojan un 74% de pre\u00f1ez, sobre un total de 7.725 vientres revisados, es decir que 5.734 se encontraban pre\u00f1adas, lo que arroja un 74% de pre\u00f1ez.<\/p>\n\n\n\n<h2 class=\"wp-block-heading has-text-align-center has-luminous-vivid-orange-color has-text-color has-medium-font-size\"><em>Los diagn\u00f3sticos de gestaci\u00f3n muestran que, en promedio, el 74% de los vientres revisados en la regi\u00f3n est\u00e1n pre\u00f1ados, lo cual es un 6% inferior al valor registrado el a\u00f1o anterior, dijo Art\u00eda<\/em><\/h2>\n\n\n\n<p>Comparando con los datos del a\u00f1o anterior, se puede observar que este valor se ubica 6 puntos abajo de lo registrado en 2022, cuando se alcanz\u00f3 un 80% de pre\u00f1ez, seg\u00fan indic\u00f3 el profesional.<\/p>\n\n\n\n<p>Por su parte el Dr. Guillermo de Nava, ha informado que el promedio de 14 rodeos a los que se les ha realizado diagn\u00f3stico de gestaci\u00f3n, d\u00f3nde se involucra 23.360 vientres, se ha alcanzado un 88,5% de pre\u00f1ez. Sin embargo, el rango encontrado vari\u00f3 entre 61% y 96% de pre\u00f1ez, lo que demuestra una gran variabilidad en los resultados obtenidos. Este promedio de los rodeos evaluados este a\u00f1o es 0,5% menor al que tuvieron el a\u00f1o pasado en esos predios.<\/p>\n\n\n\n<h2 class=\"wp-block-heading has-text-align-center has-luminous-vivid-orange-color has-text-color has-medium-font-size\"><em>En 23.360 vientres evaluados se ha alcanzado un 88,5% de pre\u00f1ez. Sin embargo, el rango encontrado vari\u00f3 entre 61% y 96% de pre\u00f1ez, dijo De Nava<\/em><\/h2>\n\n\n\n<p>El profesional tambi\u00e9n destac\u00f3 que el impacto m\u00e1s grande de la seca se observa en terneros que son m\u00e1s de 20 kg m\u00e1s livianos al destete que el a\u00f1o pasado y vacas que tienen un peso que en algunos lugares llega a ser 40 a 50 kg m\u00e1s livianas que en esta \u00e9poca en el a\u00f1o pasado. Esto \u00faltimo es un gran desaf\u00edo que se tiene en los sistemas criadores a la entrada del invierno.<\/p>\n\n\n\n<p>Salto, 15 de mayo de 2023<\/p>\n","protected":false},"excerpt":{"rendered":"<p>Datos de pre\u00f1ez son menores que el a\u00f1o pasado, pero contin\u00faan siendo buenos en el promedio hist\u00f3rico. La mayor\u00eda de los profesionales veterinarios se encuentran realizando diagn\u00f3sticos de gestaci\u00f3n en [&hellip;]<\/p>\n","protected":false},"author":5,"featured_media":50339,"comment_status":"open","ping_status":"open","sticky":false,"template":"","format":"standard","meta":{"_price":"","_stock":"","_tribe_ticket_header":"","_tribe_default_ticket_provider":"","_tribe_ticket_capacity":"0","_ticket_start_date":"","_ticket_end_date":"","_tribe_ticket_show_description":"","_tribe_ticket_show_not_going":false,"_tribe_ticket_use_global_stock":"","_tribe_ticket_global_stock_level":"","_global_stock_mode":"","_global_stock_cap":"","_tribe_rsvp_for_event":"","_tribe_ticket_going_count":"","_tribe_ticket_not_going_count":"","_tribe_tickets_list":"[]","_tribe_ticket_has_attendee_info_fields":false,"h5ap_radio_sources":[],"_jetpack_newsletter_access":"","_jetpack_dont_email_post_to_subs":false,"_jetpack_newsletter_tier_id":0,"_jetpack_memberships_contains_paywalled_content":false,"_jetpack_memberships_contains_paid_content":false,"footnotes":""},"categories":[21,5],"tags":[5355,901,5359,1761,463,5357,1471,1313,5361,5363],"class_list":["post-50337","post","type-post","status-publish","format-standard","has-post-thumbnail","hentry","category-actualidad","category-ganaderia","tag-diagnostico-de-gestacion","tag-ganado-vacuno","tag-impacto-climatico","tag-invierno","tag-litoral-norte","tag-porcentajes","tag-prenez","tag-promedios","tag-rodeos","tag-variabilidad"],"jetpack_featured_media_url":"https:\/\/i0.wp.com\/lahoradelcampo.com.uy\/site\/wp-content\/uploads\/2023\/05\/Hereford-cria.jpg?fit=880%2C440&ssl=1","jetpack_sharing_enabled":true,"jetpack_shortlink":"https:\/\/wp.me\/p99IaT-d5T","jetpack-related-posts":[{"id":50429,"url":"https:\/\/lahoradelcampo.com.uy\/site\/diagnosticos-de-gestacion-son-buenos-pero-inferiores-al-ano-pasado\/","url_meta":{"origin":50337,"position":0},"title":"Diagn\u00f3sticos de gestaci\u00f3n son buenos, pero inferiores al a\u00f1o pasado","author":"La Hora del Campo","date":"19 mayo, 2023","format":false,"excerpt":"En la encuesta mensual RING (Red de Informaci\u00f3n Nacional Ganadera) realizada en mayo, se recopilaron datos sobre el desempe\u00f1o y los procesos de las empresas ganaderas, a partir de las respuestas de 382 productores asociados al Plan Agropecuario. En el caso del ganado de cr\u00eda, se observ\u00f3 que las vacas\u2026","rel":"","context":"En \u00abActualidad\u00bb","block_context":{"text":"Actualidad","link":"https:\/\/lahoradelcampo.com.uy\/site\/category\/actualidad\/"},"img":{"alt_text":"","src":"https:\/\/i0.wp.com\/lahoradelcampo.com.uy\/site\/wp-content\/uploads\/2017\/12\/cria.jpg?fit=880%2C440&ssl=1&resize=350%2C200","width":350,"height":200,"srcset":"https:\/\/i0.wp.com\/lahoradelcampo.com.uy\/site\/wp-content\/uploads\/2017\/12\/cria.jpg?fit=880%2C440&ssl=1&resize=350%2C200 1x, https:\/\/i0.wp.com\/lahoradelcampo.com.uy\/site\/wp-content\/uploads\/2017\/12\/cria.jpg?fit=880%2C440&ssl=1&resize=525%2C300 1.5x, https:\/\/i0.wp.com\/lahoradelcampo.com.uy\/site\/wp-content\/uploads\/2017\/12\/cria.jpg?fit=880%2C440&ssl=1&resize=700%2C400 2x"},"classes":[]},{"id":21474,"url":"https:\/\/lahoradelcampo.com.uy\/site\/inia-18o-taller-de-diagnosticos-de-gestacion-proyecto-un-749-de-prenez\/","url_meta":{"origin":50337,"position":1},"title":"INIA: 18\u00ba taller de diagn\u00f3sticos de gestaci\u00f3n proyect\u00f3 un 74,9% de pre\u00f1ez","author":"La Hora del Campo","date":"3 julio, 2020","format":false,"excerpt":"El Instituto Nacional de Investigaci\u00f3n Agropecuaria (INIA) conjuntamente con destacados profesionales veterinarios de todo el pa\u00eds, realizaron en la jornada de ayer el 18\u00ba taller de diagn\u00f3sticos de gestaci\u00f3n en vacunos, el cual arroj\u00f3 una proyecci\u00f3n del 74,9% de pre\u00f1ez en los vientres que fueron analizados. En los \u00faltimos 18\u2026","rel":"","context":"En \u00abActualidad\u00bb","block_context":{"text":"Actualidad","link":"https:\/\/lahoradelcampo.com.uy\/site\/category\/actualidad\/"},"img":{"alt_text":"","src":"https:\/\/i0.wp.com\/lahoradelcampo.com.uy\/site\/wp-content\/uploads\/2020\/07\/criavacuna.jpg?fit=880%2C440&ssl=1&resize=350%2C200","width":350,"height":200,"srcset":"https:\/\/i0.wp.com\/lahoradelcampo.com.uy\/site\/wp-content\/uploads\/2020\/07\/criavacuna.jpg?fit=880%2C440&ssl=1&resize=350%2C200 1x, https:\/\/i0.wp.com\/lahoradelcampo.com.uy\/site\/wp-content\/uploads\/2020\/07\/criavacuna.jpg?fit=880%2C440&ssl=1&resize=525%2C300 1.5x, https:\/\/i0.wp.com\/lahoradelcampo.com.uy\/site\/wp-content\/uploads\/2020\/07\/criavacuna.jpg?fit=880%2C440&ssl=1&resize=700%2C400 2x"},"classes":[]},{"id":50134,"url":"https:\/\/lahoradelcampo.com.uy\/site\/47-de-la-encuesta-ring-alcanzo-el-80-de-prenez\/","url_meta":{"origin":50337,"position":2},"title":"47% de la encuesta RING alcanz\u00f3 el 80% de pre\u00f1ez","author":"La Hora del Campo","date":"21 abril, 2023","format":false,"excerpt":"La sequ\u00eda que afect\u00f3 a todo el pa\u00eds durante los \u00faltimos meses ha sido la preocupaci\u00f3n central de los productores ganaderos. En este contexto, el Instituto Plan Agropecuario llev\u00f3 a cabo la encuesta RING, en la que participaron 377 productores asociados, para conocer las variables referidas a los procesos y\u2026","rel":"","context":"En \u00abActualidad\u00bb","block_context":{"text":"Actualidad","link":"https:\/\/lahoradelcampo.com.uy\/site\/category\/actualidad\/"},"img":{"alt_text":"","src":"https:\/\/i0.wp.com\/lahoradelcampo.com.uy\/site\/wp-content\/uploads\/2019\/06\/cria.jpg?fit=880%2C440&ssl=1&resize=350%2C200","width":350,"height":200,"srcset":"https:\/\/i0.wp.com\/lahoradelcampo.com.uy\/site\/wp-content\/uploads\/2019\/06\/cria.jpg?fit=880%2C440&ssl=1&resize=350%2C200 1x, https:\/\/i0.wp.com\/lahoradelcampo.com.uy\/site\/wp-content\/uploads\/2019\/06\/cria.jpg?fit=880%2C440&ssl=1&resize=525%2C300 1.5x, https:\/\/i0.wp.com\/lahoradelcampo.com.uy\/site\/wp-content\/uploads\/2019\/06\/cria.jpg?fit=880%2C440&ssl=1&resize=700%2C400 2x"},"classes":[]},{"id":43075,"url":"https:\/\/lahoradelcampo.com.uy\/site\/80-de-prenez-indico-el-taller-de-diagnosticos-de-gestacion-vacuna-de-inia\/","url_meta":{"origin":50337,"position":3},"title":"80% de pre\u00f1ez indic\u00f3 el taller de diagn\u00f3sticos de gestaci\u00f3n vacuna de INIA","author":"La Hora del Campo","date":"22 junio, 2022","format":false,"excerpt":"En las instalaciones de INIA Treinta y Tres se desarroll\u00f3 el vig\u00e9simo taller de diagn\u00f3sticos de gestaci\u00f3n vacuna, donde 60 profesionales veterinarios de todo el pa\u00eds presentaron el resultado del chequeo de 366.136 vientres, donde el 80% resulto estando pre\u00f1ado y el 20% restante vac\u00edos. Del total de vientres analizados,\u2026","rel":"","context":"En \u00abActualidad\u00bb","block_context":{"text":"Actualidad","link":"https:\/\/lahoradelcampo.com.uy\/site\/category\/actualidad\/"},"img":{"alt_text":"","src":"https:\/\/i0.wp.com\/lahoradelcampo.com.uy\/site\/wp-content\/uploads\/2022\/06\/INIA-Gestacionvacuna.jpg?fit=880%2C440&ssl=1&resize=350%2C200","width":350,"height":200,"srcset":"https:\/\/i0.wp.com\/lahoradelcampo.com.uy\/site\/wp-content\/uploads\/2022\/06\/INIA-Gestacionvacuna.jpg?fit=880%2C440&ssl=1&resize=350%2C200 1x, https:\/\/i0.wp.com\/lahoradelcampo.com.uy\/site\/wp-content\/uploads\/2022\/06\/INIA-Gestacionvacuna.jpg?fit=880%2C440&ssl=1&resize=525%2C300 1.5x, https:\/\/i0.wp.com\/lahoradelcampo.com.uy\/site\/wp-content\/uploads\/2022\/06\/INIA-Gestacionvacuna.jpg?fit=880%2C440&ssl=1&resize=700%2C400 2x"},"classes":[]},{"id":54186,"url":"https:\/\/lahoradelcampo.com.uy\/site\/el-ovino-tiene-un-potencial-del-1129-de-senalada-este-ano\/","url_meta":{"origin":50337,"position":4},"title":"El ovino tiene un potencial del 112,9% de se\u00f1alada este a\u00f1o","author":"La Hora del Campo","date":"9 agosto, 2024","format":false,"excerpt":"Se realiz\u00f3 este jueves 8 de agosto en los salones de la Comisi\u00f3n T\u00e9cnica Mixta de Salto Grande, la jornada \"\u00bfQu\u00e9 Ovinos necesitamos en el escenario actual?\", desarrollada por el Instituto Nacional de Investigaci\u00f3n Agropecuaria (Inia), en la cual se incluy\u00f3 el noveno taller de resultados de los diagn\u00f3sticos de\u2026","rel":"","context":"En \u00abActualidad\u00bb","block_context":{"text":"Actualidad","link":"https:\/\/lahoradelcampo.com.uy\/site\/category\/actualidad\/"},"img":{"alt_text":"","src":"https:\/\/i0.wp.com\/lahoradelcampo.com.uy\/site\/wp-content\/uploads\/2024\/08\/Tallerdediagnostico.jpg?fit=880%2C440&ssl=1&resize=350%2C200","width":350,"height":200,"srcset":"https:\/\/i0.wp.com\/lahoradelcampo.com.uy\/site\/wp-content\/uploads\/2024\/08\/Tallerdediagnostico.jpg?fit=880%2C440&ssl=1&resize=350%2C200 1x, https:\/\/i0.wp.com\/lahoradelcampo.com.uy\/site\/wp-content\/uploads\/2024\/08\/Tallerdediagnostico.jpg?fit=880%2C440&ssl=1&resize=525%2C300 1.5x, https:\/\/i0.wp.com\/lahoradelcampo.com.uy\/site\/wp-content\/uploads\/2024\/08\/Tallerdediagnostico.jpg?fit=880%2C440&ssl=1&resize=700%2C400 2x"},"classes":[]},{"id":56039,"url":"https:\/\/lahoradelcampo.com.uy\/site\/el-impacto-de-la-sequia-22-23-se-refleja-en-menores-tasas-de-prenez-en-el-norte-del-pais\/","url_meta":{"origin":50337,"position":5},"title":"El impacto de la sequ\u00eda 22-23 se refleja en menores tasas de pre\u00f1ez en el norte del pa\u00eds","author":"La Hora del Campo","date":"29 abril, 2025","format":false,"excerpt":"El Dr. Conrado Rodr\u00edguez, veterinario de Laboratorio Virbac, confirm\u00f3 que el monitoreo de los rodeos de cr\u00eda en el norte del pa\u00eds muestra una tendencia positiva en 2025, aunque se prev\u00e9 una leve disminuci\u00f3n en los porcentajes de pre\u00f1ez respecto al a\u00f1o anterior. Explic\u00f3 que, aunque a\u00fan falta el cierre\u2026","rel":"","context":"En \u00abActualidad\u00bb","block_context":{"text":"Actualidad","link":"https:\/\/lahoradelcampo.com.uy\/site\/category\/actualidad\/"},"img":{"alt_text":"","src":"https:\/\/i0.wp.com\/lahoradelcampo.com.uy\/site\/wp-content\/uploads\/2025\/04\/Dr-Conrado-rodriguez.jpg?fit=880%2C440&ssl=1&resize=350%2C200","width":350,"height":200,"srcset":"https:\/\/i0.wp.com\/lahoradelcampo.com.uy\/site\/wp-content\/uploads\/2025\/04\/Dr-Conrado-rodriguez.jpg?fit=880%2C440&ssl=1&resize=350%2C200 1x, https:\/\/i0.wp.com\/lahoradelcampo.com.uy\/site\/wp-content\/uploads\/2025\/04\/Dr-Conrado-rodriguez.jpg?fit=880%2C440&ssl=1&resize=525%2C300 1.5x, https:\/\/i0.wp.com\/lahoradelcampo.com.uy\/site\/wp-content\/uploads\/2025\/04\/Dr-Conrado-rodriguez.jpg?fit=880%2C440&ssl=1&resize=700%2C400 2x"},"classes":[]}],"jetpack_likes_enabled":true,"_links":{"self":[{"href":"https:\/\/lahoradelcampo.com.uy\/site\/wp-json\/wp\/v2\/posts\/50337","targetHints":{"allow":["GET"]}}],"collection":[{"href":"https:\/\/lahoradelcampo.com.uy\/site\/wp-json\/wp\/v2\/posts"}],"about":[{"href":"https:\/\/lahoradelcampo.com.uy\/site\/wp-json\/wp\/v2\/types\/post"}],"author":[{"embeddable":true,"href":"https:\/\/lahoradelcampo.com.uy\/site\/wp-json\/wp\/v2\/users\/5"}],"replies":[{"embeddable":true,"href":"https:\/\/lahoradelcampo.com.uy\/site\/wp-json\/wp\/v2\/comments?post=50337"}],"version-history":[{"count":1,"href":"https:\/\/lahoradelcampo.com.uy\/site\/wp-json\/wp\/v2\/posts\/50337\/revisions"}],"predecessor-version":[{"id":50341,"href":"https:\/\/lahoradelcampo.com.uy\/site\/wp-json\/wp\/v2\/posts\/50337\/revisions\/50341"}],"wp:featuredmedia":[{"embeddable":true,"href":"https:\/\/lahoradelcampo.com.uy\/site\/wp-json\/wp\/v2\/media\/50339"}],"wp:attachment":[{"href":"https:\/\/lahoradelcampo.com.uy\/site\/wp-json\/wp\/v2\/media?parent=50337"}],"wp:term":[{"taxonomy":"category","embeddable":true,"href":"https:\/\/lahoradelcampo.com.uy\/site\/wp-json\/wp\/v2\/categories?post=50337"},{"taxonomy":"post_tag","embeddable":true,"href":"https:\/\/lahoradelcampo.com.uy\/site\/wp-json\/wp\/v2\/tags?post=50337"}],"curies":[{"name":"wp","href":"https:\/\/api.w.org\/{rel}","templated":true}]}}