{"id":50333,"date":"2023-05-15T11:18:00","date_gmt":"2023-05-15T14:18:00","guid":{"rendered":"http:\/\/lahoradelcampo.com.uy\/site\/?p=50333"},"modified":"2023-05-15T11:18:35","modified_gmt":"2023-05-15T14:18:35","slug":"facturacion-de-las-exportaciones-de-lacteos-sube-un-17-en-2023","status":"publish","type":"post","link":"https:\/\/lahoradelcampo.com.uy\/site\/facturacion-de-las-exportaciones-de-lacteos-sube-un-17-en-2023\/","title":{"rendered":"Facturaci\u00f3n de las exportaciones de l\u00e1cteos sube un 17% en 2023"},"content":{"rendered":"\n<figure class=\"wp-block-image size-full\"><a href=\"https:\/\/i0.wp.com\/lahoradelcampo.com.uy\/site\/wp-content\/uploads\/2017\/12\/Lacteos.jpg\"><img data-recalc-dims=\"1\" loading=\"lazy\" decoding=\"async\" width=\"810\" height=\"405\" data-attachment-id=\"4825\" data-permalink=\"https:\/\/lahoradelcampo.com.uy\/site\/mauro-villamor-gano-el-concurso-nacional-de-domadores\/lacteos-2\/\" data-orig-file=\"https:\/\/i0.wp.com\/lahoradelcampo.com.uy\/site\/wp-content\/uploads\/2017\/12\/Lacteos.jpg?fit=880%2C440&amp;ssl=1\" data-orig-size=\"880,440\" data-comments-opened=\"1\" data-image-meta=\"{&quot;aperture&quot;:&quot;0&quot;,&quot;credit&quot;:&quot;Vicente-Manuel-Tort&quot;,&quot;camera&quot;:&quot;&quot;,&quot;caption&quot;:&quot;&quot;,&quot;created_timestamp&quot;:&quot;0&quot;,&quot;copyright&quot;:&quot;Presidencia de la Republica - Sec.Com.Inst.&quot;,&quot;focal_length&quot;:&quot;0&quot;,&quot;iso&quot;:&quot;0&quot;,&quot;shutter_speed&quot;:&quot;0&quot;,&quot;title&quot;:&quot;&quot;,&quot;orientation&quot;:&quot;1&quot;}\" data-image-title=\"Lacteos\" data-image-description=\"\" data-image-caption=\"\" data-large-file=\"https:\/\/i0.wp.com\/lahoradelcampo.com.uy\/site\/wp-content\/uploads\/2017\/12\/Lacteos.jpg?fit=810%2C405&amp;ssl=1\" src=\"https:\/\/i0.wp.com\/lahoradelcampo.com.uy\/site\/wp-content\/uploads\/2017\/12\/Lacteos.jpg?resize=810%2C405\" alt=\"\" class=\"wp-image-4825\" srcset=\"https:\/\/i0.wp.com\/lahoradelcampo.com.uy\/site\/wp-content\/uploads\/2017\/12\/Lacteos.jpg?w=880&amp;ssl=1 880w, https:\/\/i0.wp.com\/lahoradelcampo.com.uy\/site\/wp-content\/uploads\/2017\/12\/Lacteos.jpg?resize=300%2C150&amp;ssl=1 300w, https:\/\/i0.wp.com\/lahoradelcampo.com.uy\/site\/wp-content\/uploads\/2017\/12\/Lacteos.jpg?resize=768%2C384&amp;ssl=1 768w, https:\/\/i0.wp.com\/lahoradelcampo.com.uy\/site\/wp-content\/uploads\/2017\/12\/Lacteos.jpg?resize=820%2C410&amp;ssl=1 820w\" sizes=\"auto, (max-width: 810px) 100vw, 810px\" \/><\/a><\/figure>\n\n\n\n<p>Las exportaciones del sector l\u00e1cteo han tenido un buen desempe\u00f1o en lo que va del a\u00f1o 2023, registrando un incremento del 17% en comparaci\u00f3n con el mismo per\u00edodo del a\u00f1o anterior.<br>Seg\u00fan los datos disponibles, la facturaci\u00f3n alcanz\u00f3 los 301,1 millones de d\u00f3lares.<\/p>\n\n\n\n<h2 class=\"wp-block-heading has-medium-font-size\">Productos:<\/h2>\n\n\n\n<p>Durante los primeros cuatro meses del a\u00f1o, la leche en polvo entera (LPE) y los quesos fueron los productos que mostraron un crecimiento positivo en t\u00e9rminos de facturaci\u00f3n, con aumentos del 31% y 24% respectivamente.<\/p>\n\n\n\n<p>Por otro lado, la leche en polvo descremada (LPD) y la manteca experimentaron una disminuci\u00f3n en su facturaci\u00f3n, con ca\u00eddas del 53% y 16% respectivamente.<\/p>\n\n\n\n<h2 class=\"wp-block-heading has-medium-font-size\">Volumen:<\/h2>\n\n\n\n<p>En cuanto al volumen exportado, la leche en polvo entera (LPE) y los quesos tuvieron un desempe\u00f1o favorable, con incrementos del 33% y 5% respectivamente en comparaci\u00f3n con el mismo per\u00edodo del a\u00f1o anterior.<\/p>\n\n\n\n<p>Sin embargo, las colocaciones de leche en polvo descremada (LPD) y manteca disminuyeron un 55% y 22% respectivamente.<\/p>\n\n\n\n<h2 class=\"wp-block-heading has-medium-font-size\">Precios por tonelada:<\/h2>\n\n\n\n<p>En t\u00e9rminos de precios, se observa que los quesos (US$ 5.117), la manteca (US$ 5.451) y la leche en polvo descremada (LPD) (US$ 3.414) obtuvieron precios superiores en comparaci\u00f3n con el a\u00f1o anterior, con aumentos del 18%, 7% y 4% respectivamente.<\/p>\n\n\n\n<p>Por otro lado, la leche en polvo entera (LPE) experiment\u00f3 una ligera disminuci\u00f3n del 2%, alcanzando un precio promedio de US$ 3.782 por tonelada.<\/p>\n\n\n\n<h2 class=\"wp-block-heading has-medium-font-size\">Principales destinos:<\/h2>\n\n\n\n<p>Los principales destinos de las exportaciones l\u00e1cteas en los \u00faltimos 12 meses fueron Brasil (39%), Argelia (17%) y China (7%).<\/p>\n\n\n\n<p>Estos pa\u00edses representaron una parte significativa del volumen exportado, mostrando la importancia de estos mercados para la industria l\u00e1ctea nacional en la actualidad.<\/p>\n\n\n\n<p>Salto, 15 de mayo de 2023<\/p>\n","protected":false},"excerpt":{"rendered":"<p>Las exportaciones del sector l\u00e1cteo han tenido un buen desempe\u00f1o en lo que va del a\u00f1o 2023, registrando un incremento del 17% en comparaci\u00f3n con el mismo per\u00edodo del a\u00f1o [&hellip;]<\/p>\n","protected":false},"author":5,"featured_media":4825,"comment_status":"open","ping_status":"open","sticky":false,"template":"","format":"standard","meta":{"_price":"","_stock":"","_tribe_ticket_header":"","_tribe_default_ticket_provider":"","_tribe_ticket_capacity":"0","_ticket_start_date":"","_ticket_end_date":"","_tribe_ticket_show_description":"","_tribe_ticket_show_not_going":false,"_tribe_ticket_use_global_stock":"","_tribe_ticket_global_stock_level":"","_global_stock_mode":"","_global_stock_cap":"","_tribe_rsvp_for_event":"","_tribe_ticket_going_count":"","_tribe_ticket_not_going_count":"","_tribe_tickets_list":"[]","_tribe_ticket_has_attendee_info_fields":false,"h5ap_radio_sources":[],"_jetpack_newsletter_access":"","_jetpack_dont_email_post_to_subs":false,"_jetpack_newsletter_tier_id":0,"_jetpack_memberships_contains_paywalled_content":false,"_jetpack_memberships_contains_paid_content":false,"footnotes":""},"categories":[21,11],"tags":[307,5343,5339,1723,1547,3049,5351,5353,325,5347,5349],"class_list":["post-50333","post","type-post","status-publish","format-standard","has-post-thumbnail","hentry","category-actualidad","category-lecheria","tag-exportaciones","tag-facturacion","tag-incremento","tag-leche-en-polvo-descremada","tag-leche-en-polvo-entera","tag-manteca","tag-precios-por-tonelada","tag-principales-destinos","tag-quesos","tag-sector-lacteo","tag-volumen-exportado"],"jetpack_featured_media_url":"https:\/\/i0.wp.com\/lahoradelcampo.com.uy\/site\/wp-content\/uploads\/2017\/12\/Lacteos.jpg?fit=880%2C440&ssl=1","jetpack_sharing_enabled":true,"jetpack_shortlink":"https:\/\/wp.me\/p99IaT-d5P","jetpack-related-posts":[{"id":53843,"url":"https:\/\/lahoradelcampo.com.uy\/site\/descenso-en-las-exportaciones-de-lacteos-de-uruguay-durante-abril\/","url_meta":{"origin":50333,"position":0},"title":"Descenso en las exportaciones de l\u00e1cteos de Uruguay durante abril","author":"La Hora del Campo","date":"10 mayo, 2024","format":false,"excerpt":"El Instituto Nacional de la Leche (INALE) ha revelado cifras preocupantes respecto a las exportaciones l\u00e1cteas de Uruguay durante el mes de abril del a\u00f1o en curso. Seg\u00fan el informe presentado, la facturaci\u00f3n recibida por exportaciones ha experimentado un descenso del 16%, lo que refleja una notable disminuci\u00f3n en los\u2026","rel":"","context":"En \u00abActualidad\u00bb","block_context":{"text":"Actualidad","link":"https:\/\/lahoradelcampo.com.uy\/site\/category\/actualidad\/"},"img":{"alt_text":"","src":"https:\/\/i0.wp.com\/lahoradelcampo.com.uy\/site\/wp-content\/uploads\/2024\/05\/Exportacioneslacteasabril.jpg?fit=880%2C440&ssl=1&resize=350%2C200","width":350,"height":200,"srcset":"https:\/\/i0.wp.com\/lahoradelcampo.com.uy\/site\/wp-content\/uploads\/2024\/05\/Exportacioneslacteasabril.jpg?fit=880%2C440&ssl=1&resize=350%2C200 1x, https:\/\/i0.wp.com\/lahoradelcampo.com.uy\/site\/wp-content\/uploads\/2024\/05\/Exportacioneslacteasabril.jpg?fit=880%2C440&ssl=1&resize=525%2C300 1.5x, https:\/\/i0.wp.com\/lahoradelcampo.com.uy\/site\/wp-content\/uploads\/2024\/05\/Exportacioneslacteasabril.jpg?fit=880%2C440&ssl=1&resize=700%2C400 2x"},"classes":[]},{"id":55901,"url":"https:\/\/lahoradelcampo.com.uy\/site\/exportaciones-de-lacteos-crecen-19-en-el-2025\/","url_meta":{"origin":50333,"position":1},"title":"Exportaciones de l\u00e1cteos crecen 19% en el 2025","author":"La Hora del Campo","date":"14 abril, 2025","format":false,"excerpt":"De acuerdo con el informe de exportaciones de l\u00e1cteos, elaborado por el Instituto Nacional de la Leche (INALE), la facturaci\u00f3n de la venta de productos en el exterior creci\u00f3 un 19% durante el primer trimestre del a\u00f1o, impulsado por fuertes subas en los valores tanto de la leche en polvo\u2026","rel":"","context":"En \u00abActualidad\u00bb","block_context":{"text":"Actualidad","link":"https:\/\/lahoradelcampo.com.uy\/site\/category\/actualidad\/"},"img":{"alt_text":"","src":"https:\/\/i0.wp.com\/lahoradelcampo.com.uy\/site\/wp-content\/uploads\/2025\/01\/lacteos1.jpg?fit=880%2C440&ssl=1&resize=350%2C200","width":350,"height":200,"srcset":"https:\/\/i0.wp.com\/lahoradelcampo.com.uy\/site\/wp-content\/uploads\/2025\/01\/lacteos1.jpg?fit=880%2C440&ssl=1&resize=350%2C200 1x, https:\/\/i0.wp.com\/lahoradelcampo.com.uy\/site\/wp-content\/uploads\/2025\/01\/lacteos1.jpg?fit=880%2C440&ssl=1&resize=525%2C300 1.5x, https:\/\/i0.wp.com\/lahoradelcampo.com.uy\/site\/wp-content\/uploads\/2025\/01\/lacteos1.jpg?fit=880%2C440&ssl=1&resize=700%2C400 2x"},"classes":[]},{"id":55090,"url":"https:\/\/lahoradelcampo.com.uy\/site\/facturacion-de-las-exportaciones-de-lacteos-cayeron-un-2-en-octubre\/","url_meta":{"origin":50333,"position":2},"title":"Facturaci\u00f3n de las exportaciones de l\u00e1cteos cayeron un 2% en octubre","author":"La Hora del Campo","date":"11 noviembre, 2024","format":false,"excerpt":"En octubre de 2024, la facturaci\u00f3n por exportaciones l\u00e1cteas de Uruguay registr\u00f3 una ca\u00edda del 2% en comparaci\u00f3n con el mismo mes del a\u00f1o anterior, reflejando la disminuci\u00f3n de los precios de los principales productos exportados, seg\u00fan el informe del Instituto Nacional de la Leche (INALE). La reducci\u00f3n se concentr\u00f3\u2026","rel":"","context":"En \u00abActualidad\u00bb","block_context":{"text":"Actualidad","link":"https:\/\/lahoradelcampo.com.uy\/site\/category\/actualidad\/"},"img":{"alt_text":"","src":"https:\/\/i0.wp.com\/lahoradelcampo.com.uy\/site\/wp-content\/uploads\/2017\/12\/Lacteos.jpg?fit=880%2C440&ssl=1&resize=350%2C200","width":350,"height":200,"srcset":"https:\/\/i0.wp.com\/lahoradelcampo.com.uy\/site\/wp-content\/uploads\/2017\/12\/Lacteos.jpg?fit=880%2C440&ssl=1&resize=350%2C200 1x, https:\/\/i0.wp.com\/lahoradelcampo.com.uy\/site\/wp-content\/uploads\/2017\/12\/Lacteos.jpg?fit=880%2C440&ssl=1&resize=525%2C300 1.5x, https:\/\/i0.wp.com\/lahoradelcampo.com.uy\/site\/wp-content\/uploads\/2017\/12\/Lacteos.jpg?fit=880%2C440&ssl=1&resize=700%2C400 2x"},"classes":[]},{"id":11667,"url":"https:\/\/lahoradelcampo.com.uy\/site\/exportaciones-de-lacteos-cayeron-un-3\/","url_meta":{"origin":50333,"position":3},"title":"Exportaciones de l\u00e1cteos cayeron un 3%","author":"La Hora del Campo","date":"10 junio, 2019","format":false,"excerpt":"Las exportaciones de productos l\u00e1cteos de Uruguay registraron una ca\u00edda del 3% en su facturaci\u00f3n en los cinco primeros meses del a\u00f1o, debido a un descenso de en las facturaciones de queso y manteca, mientras que las leches en polvo, tanto entera como descremada, si bien incrementaron sus facturaciones lo\u2026","rel":"","context":"En \u00abActualidad\u00bb","block_context":{"text":"Actualidad","link":"https:\/\/lahoradelcampo.com.uy\/site\/category\/actualidad\/"},"img":{"alt_text":"","src":"https:\/\/i0.wp.com\/lahoradelcampo.com.uy\/site\/wp-content\/uploads\/2019\/04\/leche-en-polvo.jpg?fit=880%2C440&ssl=1&resize=350%2C200","width":350,"height":200,"srcset":"https:\/\/i0.wp.com\/lahoradelcampo.com.uy\/site\/wp-content\/uploads\/2019\/04\/leche-en-polvo.jpg?fit=880%2C440&ssl=1&resize=350%2C200 1x, https:\/\/i0.wp.com\/lahoradelcampo.com.uy\/site\/wp-content\/uploads\/2019\/04\/leche-en-polvo.jpg?fit=880%2C440&ssl=1&resize=525%2C300 1.5x, https:\/\/i0.wp.com\/lahoradelcampo.com.uy\/site\/wp-content\/uploads\/2019\/04\/leche-en-polvo.jpg?fit=880%2C440&ssl=1&resize=700%2C400 2x"},"classes":[]},{"id":41701,"url":"https:\/\/lahoradelcampo.com.uy\/site\/exportaciones-de-lacteos-mejoran-24-en-2022\/","url_meta":{"origin":50333,"position":4},"title":"Exportaciones de l\u00e1cteos mejoran 24% en 2022","author":"La Hora del Campo","date":"11 mayo, 2022","format":false,"excerpt":"En primer cuatrimestre de 2022 mejor\u00f3 24% la facturaci\u00f3n recibida por exportaci\u00f3n con aumentos importantes en los precios de todos los productos. Principales destinos de \u00faltimos 12 meses fueron: Argelia, China y Brasil. En el acumulado a abril 2022 todos los productos que registraron mejoras en la facturaci\u00f3n, en tanto\u2026","rel":"","context":"En \u00abActualidad\u00bb","block_context":{"text":"Actualidad","link":"https:\/\/lahoradelcampo.com.uy\/site\/category\/actualidad\/"},"img":{"alt_text":"","src":"https:\/\/i0.wp.com\/lahoradelcampo.com.uy\/site\/wp-content\/uploads\/2021\/02\/exportacionlacteos.jpg?fit=880%2C440&ssl=1&resize=350%2C200","width":350,"height":200,"srcset":"https:\/\/i0.wp.com\/lahoradelcampo.com.uy\/site\/wp-content\/uploads\/2021\/02\/exportacionlacteos.jpg?fit=880%2C440&ssl=1&resize=350%2C200 1x, https:\/\/i0.wp.com\/lahoradelcampo.com.uy\/site\/wp-content\/uploads\/2021\/02\/exportacionlacteos.jpg?fit=880%2C440&ssl=1&resize=525%2C300 1.5x, https:\/\/i0.wp.com\/lahoradelcampo.com.uy\/site\/wp-content\/uploads\/2021\/02\/exportacionlacteos.jpg?fit=880%2C440&ssl=1&resize=700%2C400 2x"},"classes":[]},{"id":52859,"url":"https:\/\/lahoradelcampo.com.uy\/site\/facturacion-de-lacteos-cae-un-6-en-23\/","url_meta":{"origin":50333,"position":5},"title":"Facturaci\u00f3n de lacteos cae un 6% en &#8217;23","author":"La Hora del Campo","date":"24 octubre, 2023","format":false,"excerpt":"Las exportaciones de productos l\u00e1cteos uruguayos han experimentado una ca\u00edda del 6% en la facturaci\u00f3n durante el transcurso del a\u00f1o 2023 en comparaci\u00f3n con el mismo per\u00edodo en 2022. Durante los primeros nueve meses del a\u00f1o en curso, se exportaron un total de 642,6 millones de d\u00f3lares. Este descenso en\u2026","rel":"","context":"En \u00abActualidad\u00bb","block_context":{"text":"Actualidad","link":"https:\/\/lahoradelcampo.com.uy\/site\/category\/actualidad\/"},"img":{"alt_text":"","src":"https:\/\/i0.wp.com\/lahoradelcampo.com.uy\/site\/wp-content\/uploads\/2017\/12\/Lacteos.jpg?fit=880%2C440&ssl=1&resize=350%2C200","width":350,"height":200,"srcset":"https:\/\/i0.wp.com\/lahoradelcampo.com.uy\/site\/wp-content\/uploads\/2017\/12\/Lacteos.jpg?fit=880%2C440&ssl=1&resize=350%2C200 1x, https:\/\/i0.wp.com\/lahoradelcampo.com.uy\/site\/wp-content\/uploads\/2017\/12\/Lacteos.jpg?fit=880%2C440&ssl=1&resize=525%2C300 1.5x, https:\/\/i0.wp.com\/lahoradelcampo.com.uy\/site\/wp-content\/uploads\/2017\/12\/Lacteos.jpg?fit=880%2C440&ssl=1&resize=700%2C400 2x"},"classes":[]}],"jetpack_likes_enabled":true,"_links":{"self":[{"href":"https:\/\/lahoradelcampo.com.uy\/site\/wp-json\/wp\/v2\/posts\/50333","targetHints":{"allow":["GET"]}}],"collection":[{"href":"https:\/\/lahoradelcampo.com.uy\/site\/wp-json\/wp\/v2\/posts"}],"about":[{"href":"https:\/\/lahoradelcampo.com.uy\/site\/wp-json\/wp\/v2\/types\/post"}],"author":[{"embeddable":true,"href":"https:\/\/lahoradelcampo.com.uy\/site\/wp-json\/wp\/v2\/users\/5"}],"replies":[{"embeddable":true,"href":"https:\/\/lahoradelcampo.com.uy\/site\/wp-json\/wp\/v2\/comments?post=50333"}],"version-history":[{"count":1,"href":"https:\/\/lahoradelcampo.com.uy\/site\/wp-json\/wp\/v2\/posts\/50333\/revisions"}],"predecessor-version":[{"id":50335,"href":"https:\/\/lahoradelcampo.com.uy\/site\/wp-json\/wp\/v2\/posts\/50333\/revisions\/50335"}],"wp:featuredmedia":[{"embeddable":true,"href":"https:\/\/lahoradelcampo.com.uy\/site\/wp-json\/wp\/v2\/media\/4825"}],"wp:attachment":[{"href":"https:\/\/lahoradelcampo.com.uy\/site\/wp-json\/wp\/v2\/media?parent=50333"}],"wp:term":[{"taxonomy":"category","embeddable":true,"href":"https:\/\/lahoradelcampo.com.uy\/site\/wp-json\/wp\/v2\/categories?post=50333"},{"taxonomy":"post_tag","embeddable":true,"href":"https:\/\/lahoradelcampo.com.uy\/site\/wp-json\/wp\/v2\/tags?post=50333"}],"curies":[{"name":"wp","href":"https:\/\/api.w.org\/{rel}","templated":true}]}}