{"id":50319,"date":"2023-05-10T13:18:18","date_gmt":"2023-05-10T16:18:18","guid":{"rendered":"http:\/\/lahoradelcampo.com.uy\/site\/?p=50319"},"modified":"2023-05-10T13:18:26","modified_gmt":"2023-05-10T16:18:26","slug":"consejos-para-prevenir-enfermedades-en-vacas-prenadas-durante-el-diagnostico-de-gestacion","status":"publish","type":"post","link":"https:\/\/lahoradelcampo.com.uy\/site\/consejos-para-prevenir-enfermedades-en-vacas-prenadas-durante-el-diagnostico-de-gestacion\/","title":{"rendered":"Consejos para prevenir enfermedades en vacas pre\u00f1adas durante el diagn\u00f3stico de gestaci\u00f3n"},"content":{"rendered":"\n<p>El Dr. Horacio Mederos, director t\u00e9cnico de Biog\u00e9nesis Bag\u00f3, recomend\u00f3 tomar medidas sanitarias al realizar el diagn\u00f3stico de gestaci\u00f3n en vacas de cr\u00eda para prevenir enfermedades infecciosas y combatir parasitosis. Esto ayudar\u00e1 a mantener la pre\u00f1ez hasta el nacimiento del ternero.<\/p>\n\n\n\n<h2 class=\"wp-block-heading\">Refuerzo de Vacunas<\/h2>\n\n\n\n<p>Para prevenir abortos causados por leptospirosis, se recomienda el uso de la vacuna Bioleptogen en vacas pre\u00f1adas. Adem\u00e1s, se debe combatir los par\u00e1sitos que interfieren con la absorci\u00f3n de nutrientes, con la administraci\u00f3n de un saguaypicida a base de closantel, como el Galgosantel o el Bionitroxinil.<\/p>\n\n\n\n<h2 class=\"wp-block-heading\">Complejos vitam\u00ednicos y Minerales<\/h2>\n\n\n\n<p>Para fortalecer el sistema inmune y combatir el estr\u00e9s, se pueden administrar complejos vitam\u00ednicos y minerales, como el kit Adaptador Min Vit.<\/p>\n\n\n\n<h2 class=\"wp-block-heading\">Tratamiento para Garrapatas<\/h2>\n\n\n\n<p>Si hay presencia de garrapatas en la zona, se puede realizar un tratamiento con un fluazur\u00f3n como el Forbox, siguiendo un plan estrat\u00e9gico para cada caso.<\/p>\n\n\n\n<p>La prevenci\u00f3n de enfermedades durante el diagn\u00f3stico de gestaci\u00f3n en vacas pre\u00f1adas es fundamental para asegurar la salud de la cr\u00eda y de la madre. <\/p>\n\n\n\n<p>Por lo tanto, es importante tomar medidas sanitarias y administrar las vacunas, saguaypicidas y complejos vitam\u00ednicos necesarios. Adem\u00e1s, en caso de presencia de garrapatas, se debe realizar un tratamiento adecuado para prevenir posibles enfermedades.<\/p>\n\n\n\n<figure class=\"wp-block-embed is-type-video is-provider-youtube wp-block-embed-youtube wp-embed-aspect-16-9 wp-has-aspect-ratio\"><div class=\"wp-block-embed__wrapper\">\n<span class=\"embed-youtube\" style=\"text-align:center; display: block;\"><iframe loading=\"lazy\" class=\"youtube-player\" width=\"810\" height=\"456\" src=\"https:\/\/www.youtube.com\/embed\/0oeHi8W1FE4?version=3&#038;rel=1&#038;showsearch=0&#038;showinfo=1&#038;iv_load_policy=1&#038;fs=1&#038;hl=es-ES&#038;autohide=2&#038;wmode=transparent\" allowfullscreen=\"true\" style=\"border:0;\" sandbox=\"allow-scripts allow-same-origin allow-popups allow-presentation allow-popups-to-escape-sandbox\"><\/iframe><\/span>\n<\/div><\/figure>\n","protected":false},"excerpt":{"rendered":"<p>El Dr. Horacio Mederos, director t\u00e9cnico de Biog\u00e9nesis Bag\u00f3, recomend\u00f3 tomar medidas sanitarias al realizar el diagn\u00f3stico de gestaci\u00f3n en vacas de cr\u00eda para prevenir enfermedades infecciosas y combatir parasitosis. [&hellip;]<\/p>\n","protected":false},"author":5,"featured_media":49275,"comment_status":"open","ping_status":"open","sticky":false,"template":"","format":"standard","meta":{"_price":"","_stock":"","_tribe_ticket_header":"","_tribe_default_ticket_provider":"","_tribe_ticket_capacity":"0","_ticket_start_date":"","_ticket_end_date":"","_tribe_ticket_show_description":"","_tribe_ticket_show_not_going":false,"_tribe_ticket_use_global_stock":"","_tribe_ticket_global_stock_level":"","_global_stock_mode":"","_global_stock_cap":"","_tribe_rsvp_for_event":"","_tribe_ticket_going_count":"","_tribe_ticket_not_going_count":"","_tribe_tickets_list":"[]","_tribe_ticket_has_attendee_info_fields":false,"h5ap_radio_sources":[],"_jetpack_newsletter_access":"","_jetpack_dont_email_post_to_subs":false,"_jetpack_newsletter_tier_id":0,"_jetpack_memberships_contains_paywalled_content":false,"_jetpack_memberships_contains_paid_content":false,"footnotes":""},"categories":[21,5],"tags":[],"class_list":["post-50319","post","type-post","status-publish","format-standard","has-post-thumbnail","hentry","category-actualidad","category-ganaderia"],"jetpack_featured_media_url":"https:\/\/i0.wp.com\/lahoradelcampo.com.uy\/site\/wp-content\/uploads\/2023\/03\/Biogenesis-horacio.jpg?fit=880%2C440&ssl=1","jetpack_sharing_enabled":true,"jetpack_shortlink":"https:\/\/wp.me\/p99IaT-d5B","jetpack-related-posts":[{"id":51908,"url":"https:\/\/lahoradelcampo.com.uy\/site\/manejo-del-rodeo-de-cria-enel-ultimo-tercio-de-gestacion\/","url_meta":{"origin":50319,"position":0},"title":"Manejo del rodeo de cr\u00eda enel \u00faltimo tercio de gestaci\u00f3n","author":"La Hora del Campo","date":"20 julio, 2023","format":false,"excerpt":"En el \u00e1mbito de la ganader\u00eda de cr\u00eda, el adecuado manejo del rodeo en el \u00faltimo tercio de gestaci\u00f3n es fundamental para asegurar la salud y el bienestar de las vacas y los terneros por nacer. Para comprender los aspectos esenciales de este per\u00edodo cr\u00edtico, el Dr. Rafael Carriquiry, t\u00e9cnico\u2026","rel":"","context":"En \u00abActualidad\u00bb","block_context":{"text":"Actualidad","link":"https:\/\/lahoradelcampo.com.uy\/site\/category\/actualidad\/"},"img":{"alt_text":"","src":"https:\/\/i0.wp.com\/lahoradelcampo.com.uy\/site\/wp-content\/uploads\/2023\/07\/RafaelCarriquiry.jpg?fit=880%2C440&ssl=1&resize=350%2C200","width":350,"height":200,"srcset":"https:\/\/i0.wp.com\/lahoradelcampo.com.uy\/site\/wp-content\/uploads\/2023\/07\/RafaelCarriquiry.jpg?fit=880%2C440&ssl=1&resize=350%2C200 1x, https:\/\/i0.wp.com\/lahoradelcampo.com.uy\/site\/wp-content\/uploads\/2023\/07\/RafaelCarriquiry.jpg?fit=880%2C440&ssl=1&resize=525%2C300 1.5x, https:\/\/i0.wp.com\/lahoradelcampo.com.uy\/site\/wp-content\/uploads\/2023\/07\/RafaelCarriquiry.jpg?fit=880%2C440&ssl=1&resize=700%2C400 2x"},"classes":[]},{"id":51471,"url":"https:\/\/lahoradelcampo.com.uy\/site\/en-una-misma-zona-pueden-haber-diferencias-de-30-a-40-puntos-de-prenez\/","url_meta":{"origin":50319,"position":1},"title":"En una misma zona \u00abpueden haber diferencias de 30 a 40 puntos\u00bb de pre\u00f1ez","author":"La Hora del Campo","date":"26 junio, 2023","format":false,"excerpt":"El per\u00edodo de entore 2022-2023 ha presentado desaf\u00edos importantes en el sector ganadero, especialmente en aquellas zonas donde el impacto de la sequ\u00eda fue mayor. Seg\u00fan la Ing. Graciela Quintans, del Instituto Nacional de Investigaci\u00f3n Agropecuaria (INIA), la prolongada sequ\u00eda ha dejado su huella en los resultados reproductivos del rodeo,\u2026","rel":"","context":"En \u00abActualidad\u00bb","block_context":{"text":"Actualidad","link":"https:\/\/lahoradelcampo.com.uy\/site\/category\/actualidad\/"},"img":{"alt_text":"","src":"https:\/\/i0.wp.com\/lahoradelcampo.com.uy\/site\/wp-content\/uploads\/2023\/06\/INIA-Graciela-Quintans.jpg?fit=880%2C440&ssl=1&resize=350%2C200","width":350,"height":200,"srcset":"https:\/\/i0.wp.com\/lahoradelcampo.com.uy\/site\/wp-content\/uploads\/2023\/06\/INIA-Graciela-Quintans.jpg?fit=880%2C440&ssl=1&resize=350%2C200 1x, https:\/\/i0.wp.com\/lahoradelcampo.com.uy\/site\/wp-content\/uploads\/2023\/06\/INIA-Graciela-Quintans.jpg?fit=880%2C440&ssl=1&resize=525%2C300 1.5x, https:\/\/i0.wp.com\/lahoradelcampo.com.uy\/site\/wp-content\/uploads\/2023\/06\/INIA-Graciela-Quintans.jpg?fit=880%2C440&ssl=1&resize=700%2C400 2x"},"classes":[]},{"id":50337,"url":"https:\/\/lahoradelcampo.com.uy\/site\/resultados-de-los-diagnosticos-de-gestacion-son-inferiores-a-los-de-2022\/","url_meta":{"origin":50319,"position":2},"title":"Resultados de los diagn\u00f3sticos de gestaci\u00f3n son inferiores a los de 2022","author":"La Hora del Campo","date":"15 mayo, 2023","format":false,"excerpt":"Datos de pre\u00f1ez son menores que el a\u00f1o pasado, pero contin\u00faan siendo buenos en el promedio hist\u00f3rico. La mayor\u00eda de los profesionales veterinarios se encuentran realizando diagn\u00f3sticos de gestaci\u00f3n en el ganado vacuno, teniendo en cuenta que los entores se alargaron en el tiempo, producto del impacto clim\u00e1tico durante la\u2026","rel":"","context":"En \u00abActualidad\u00bb","block_context":{"text":"Actualidad","link":"https:\/\/lahoradelcampo.com.uy\/site\/category\/actualidad\/"},"img":{"alt_text":"","src":"https:\/\/i0.wp.com\/lahoradelcampo.com.uy\/site\/wp-content\/uploads\/2023\/05\/Hereford-cria.jpg?fit=880%2C440&ssl=1&resize=350%2C200","width":350,"height":200,"srcset":"https:\/\/i0.wp.com\/lahoradelcampo.com.uy\/site\/wp-content\/uploads\/2023\/05\/Hereford-cria.jpg?fit=880%2C440&ssl=1&resize=350%2C200 1x, https:\/\/i0.wp.com\/lahoradelcampo.com.uy\/site\/wp-content\/uploads\/2023\/05\/Hereford-cria.jpg?fit=880%2C440&ssl=1&resize=525%2C300 1.5x, https:\/\/i0.wp.com\/lahoradelcampo.com.uy\/site\/wp-content\/uploads\/2023\/05\/Hereford-cria.jpg?fit=880%2C440&ssl=1&resize=700%2C400 2x"},"classes":[]},{"id":22898,"url":"https:\/\/lahoradelcampo.com.uy\/site\/retener-las-vacas-prenadas-y-no-enviarlas-a-faena-deberia-ser-premiado-segun-diputado-sanducero\/","url_meta":{"origin":50319,"position":3},"title":"Retener las vacas pre\u00f1adas y no enviarlas a faena deber\u00eda ser premiado, seg\u00fan diputado sanducero","author":"La Hora del Campo","date":"24 agosto, 2020","format":false,"excerpt":"El diputado del Partido Colorado por el departamento de Paysand\u00fa, Carlos Moreno, est\u00e1 trabajando \"en una herramienta que no intervenga el mercado pero ayude a recomponer el stock vacuno e incentive a los criadores para cuidar la vaca pre\u00f1ada\", con el objetivo de \"nivelar la faltante de ganado para la\u2026","rel":"","context":"En \u00abActualidad\u00bb","block_context":{"text":"Actualidad","link":"https:\/\/lahoradelcampo.com.uy\/site\/category\/actualidad\/"},"img":{"alt_text":"","src":"https:\/\/i0.wp.com\/lahoradelcampo.com.uy\/site\/wp-content\/uploads\/2020\/08\/carluchomoreno.jpg?fit=880%2C440&ssl=1&resize=350%2C200","width":350,"height":200,"srcset":"https:\/\/i0.wp.com\/lahoradelcampo.com.uy\/site\/wp-content\/uploads\/2020\/08\/carluchomoreno.jpg?fit=880%2C440&ssl=1&resize=350%2C200 1x, https:\/\/i0.wp.com\/lahoradelcampo.com.uy\/site\/wp-content\/uploads\/2020\/08\/carluchomoreno.jpg?fit=880%2C440&ssl=1&resize=525%2C300 1.5x, https:\/\/i0.wp.com\/lahoradelcampo.com.uy\/site\/wp-content\/uploads\/2020\/08\/carluchomoreno.jpg?fit=880%2C440&ssl=1&resize=700%2C400 2x"},"classes":[]},{"id":29458,"url":"https:\/\/lahoradelcampo.com.uy\/site\/mas-de-la-mitad-de-los-productores-preno-el-80-de-las-vacas-en-el-litoral-norte\/","url_meta":{"origin":50319,"position":4},"title":"M\u00e1s de la mitad de los productores pre\u00f1o el 80% de las vacas en el litoral norte","author":"La Hora del Campo","date":"22 abril, 2021","format":false,"excerpt":"La Regional Litoral Norte del Instituto Plan Agropecuario present\u00f3 su informe del mes de marzo y parte del mes de abril. Entre otros puntos, se destac\u00f3 los resultados del entore 2020-21, donde se observa que a finales de marzo solamente el 22% de los productores consultados ya hab\u00edan realizado el\u2026","rel":"","context":"En \u00abActualidad\u00bb","block_context":{"text":"Actualidad","link":"https:\/\/lahoradelcampo.com.uy\/site\/category\/actualidad\/"},"img":{"alt_text":"","src":"https:\/\/i0.wp.com\/lahoradelcampo.com.uy\/site\/wp-content\/uploads\/2018\/01\/prenez.jpg?fit=880%2C440&ssl=1&resize=350%2C200","width":350,"height":200,"srcset":"https:\/\/i0.wp.com\/lahoradelcampo.com.uy\/site\/wp-content\/uploads\/2018\/01\/prenez.jpg?fit=880%2C440&ssl=1&resize=350%2C200 1x, https:\/\/i0.wp.com\/lahoradelcampo.com.uy\/site\/wp-content\/uploads\/2018\/01\/prenez.jpg?fit=880%2C440&ssl=1&resize=525%2C300 1.5x, https:\/\/i0.wp.com\/lahoradelcampo.com.uy\/site\/wp-content\/uploads\/2018\/01\/prenez.jpg?fit=880%2C440&ssl=1&resize=700%2C400 2x"},"classes":[]},{"id":36831,"url":"https:\/\/lahoradelcampo.com.uy\/site\/usda-invierte-us-11-millones-para-combatir-el-hlb-en-citrus\/","url_meta":{"origin":50319,"position":5},"title":"USDA invierte US$ 11 millones para combatir el HLB en citrus","author":"La Hora del Campo","date":"23 noviembre, 2021","format":false,"excerpt":"El Instituto Nacional de Alimentaci\u00f3n y Agricultura (NIFA) del USDA anunci\u00f3 la inversi\u00f3n de casi US$ 11 millones en cinco proyectos de investigaci\u00f3n para combatir el Huanglongbing (HLB), com\u00fanmente conocido como enfermedad del enverdecimiento de los c\u00edtricos. \u201cEl HLB es la amenaza m\u00e1s grave para la producci\u00f3n mundial de c\u00edtricos\u201d\u2026","rel":"","context":"En \u00abActualidad\u00bb","block_context":{"text":"Actualidad","link":"https:\/\/lahoradelcampo.com.uy\/site\/category\/actualidad\/"},"img":{"alt_text":"","src":"https:\/\/i0.wp.com\/lahoradelcampo.com.uy\/site\/wp-content\/uploads\/2021\/11\/CitrusHLB.jpg?fit=880%2C440&ssl=1&resize=350%2C200","width":350,"height":200,"srcset":"https:\/\/i0.wp.com\/lahoradelcampo.com.uy\/site\/wp-content\/uploads\/2021\/11\/CitrusHLB.jpg?fit=880%2C440&ssl=1&resize=350%2C200 1x, https:\/\/i0.wp.com\/lahoradelcampo.com.uy\/site\/wp-content\/uploads\/2021\/11\/CitrusHLB.jpg?fit=880%2C440&ssl=1&resize=525%2C300 1.5x, https:\/\/i0.wp.com\/lahoradelcampo.com.uy\/site\/wp-content\/uploads\/2021\/11\/CitrusHLB.jpg?fit=880%2C440&ssl=1&resize=700%2C400 2x"},"classes":[]}],"jetpack_likes_enabled":true,"_links":{"self":[{"href":"https:\/\/lahoradelcampo.com.uy\/site\/wp-json\/wp\/v2\/posts\/50319","targetHints":{"allow":["GET"]}}],"collection":[{"href":"https:\/\/lahoradelcampo.com.uy\/site\/wp-json\/wp\/v2\/posts"}],"about":[{"href":"https:\/\/lahoradelcampo.com.uy\/site\/wp-json\/wp\/v2\/types\/post"}],"author":[{"embeddable":true,"href":"https:\/\/lahoradelcampo.com.uy\/site\/wp-json\/wp\/v2\/users\/5"}],"replies":[{"embeddable":true,"href":"https:\/\/lahoradelcampo.com.uy\/site\/wp-json\/wp\/v2\/comments?post=50319"}],"version-history":[{"count":1,"href":"https:\/\/lahoradelcampo.com.uy\/site\/wp-json\/wp\/v2\/posts\/50319\/revisions"}],"predecessor-version":[{"id":50321,"href":"https:\/\/lahoradelcampo.com.uy\/site\/wp-json\/wp\/v2\/posts\/50319\/revisions\/50321"}],"wp:featuredmedia":[{"embeddable":true,"href":"https:\/\/lahoradelcampo.com.uy\/site\/wp-json\/wp\/v2\/media\/49275"}],"wp:attachment":[{"href":"https:\/\/lahoradelcampo.com.uy\/site\/wp-json\/wp\/v2\/media?parent=50319"}],"wp:term":[{"taxonomy":"category","embeddable":true,"href":"https:\/\/lahoradelcampo.com.uy\/site\/wp-json\/wp\/v2\/categories?post=50319"},{"taxonomy":"post_tag","embeddable":true,"href":"https:\/\/lahoradelcampo.com.uy\/site\/wp-json\/wp\/v2\/tags?post=50319"}],"curies":[{"name":"wp","href":"https:\/\/api.w.org\/{rel}","templated":true}]}}