{"id":50316,"date":"2023-05-12T10:10:28","date_gmt":"2023-05-12T13:10:28","guid":{"rendered":"http:\/\/lahoradelcampo.com.uy\/site\/?p=50316"},"modified":"2023-05-12T10:13:48","modified_gmt":"2023-05-12T13:13:48","slug":"enamorar-el-gran-desafio-de-la-central-horticola-del-norte","status":"publish","type":"post","link":"https:\/\/lahoradelcampo.com.uy\/site\/enamorar-el-gran-desafio-de-la-central-horticola-del-norte\/","title":{"rendered":"\u00abEnamorar\u00bb: el gran desaf\u00edo de la Central Hort\u00edcola del Norte"},"content":{"rendered":"\n<figure class=\"wp-block-image size-full\"><a href=\"https:\/\/i0.wp.com\/lahoradelcampo.com.uy\/site\/wp-content\/uploads\/2023\/05\/MGAP-CentralHorticola.jpg\"><img data-recalc-dims=\"1\" loading=\"lazy\" decoding=\"async\" width=\"810\" height=\"405\" data-attachment-id=\"50300\" data-permalink=\"https:\/\/lahoradelcampo.com.uy\/site\/inia-presenta-libro-sobre-su-aporte-a-las-trayectorias-agroecologicas-en-uruguay\/mgap-centralhorticola\/\" data-orig-file=\"https:\/\/i0.wp.com\/lahoradelcampo.com.uy\/site\/wp-content\/uploads\/2023\/05\/MGAP-CentralHorticola.jpg?fit=880%2C440&amp;ssl=1\" data-orig-size=\"880,440\" data-comments-opened=\"1\" data-image-meta=\"{&quot;aperture&quot;:&quot;0&quot;,&quot;credit&quot;:&quot;&quot;,&quot;camera&quot;:&quot;&quot;,&quot;caption&quot;:&quot;&quot;,&quot;created_timestamp&quot;:&quot;0&quot;,&quot;copyright&quot;:&quot;&quot;,&quot;focal_length&quot;:&quot;0&quot;,&quot;iso&quot;:&quot;0&quot;,&quot;shutter_speed&quot;:&quot;0&quot;,&quot;title&quot;:&quot;&quot;,&quot;orientation&quot;:&quot;1&quot;}\" data-image-title=\"MGAP-CentralHort\u00edcola\" data-image-description=\"\" data-image-caption=\"\" data-large-file=\"https:\/\/i0.wp.com\/lahoradelcampo.com.uy\/site\/wp-content\/uploads\/2023\/05\/MGAP-CentralHorticola.jpg?fit=810%2C405&amp;ssl=1\" src=\"https:\/\/i0.wp.com\/lahoradelcampo.com.uy\/site\/wp-content\/uploads\/2023\/05\/MGAP-CentralHorticola.jpg?resize=810%2C405\" alt=\"\" class=\"wp-image-50300\" srcset=\"https:\/\/i0.wp.com\/lahoradelcampo.com.uy\/site\/wp-content\/uploads\/2023\/05\/MGAP-CentralHorticola.jpg?w=880&amp;ssl=1 880w, https:\/\/i0.wp.com\/lahoradelcampo.com.uy\/site\/wp-content\/uploads\/2023\/05\/MGAP-CentralHorticola.jpg?resize=300%2C150&amp;ssl=1 300w, https:\/\/i0.wp.com\/lahoradelcampo.com.uy\/site\/wp-content\/uploads\/2023\/05\/MGAP-CentralHorticola.jpg?resize=768%2C384&amp;ssl=1 768w, https:\/\/i0.wp.com\/lahoradelcampo.com.uy\/site\/wp-content\/uploads\/2023\/05\/MGAP-CentralHorticola.jpg?resize=820%2C410&amp;ssl=1 820w\" sizes=\"auto, (max-width: 810px) 100vw, 810px\" \/><\/a><\/figure>\n\n\n\n<p>La Central Hort\u00edcola del Norte, un proyecto impulsado por la Intendencia de Salto, el Ministerio de Ganader\u00eda, Agricultura y Pesca (MGAP) y Salto Hort\u00edcola, se encuentra en una etapa crucial para su puesta en marcha. A pesar de que la construcci\u00f3n del edificio est\u00e1 finalizada, se enfrenta al desaf\u00edo de lograr la comercializaci\u00f3n de al menos el 50% de los locales comerciales necesarios para su funcionamiento, a trav\u00e9s de dos llamados a adquisici\u00f3n que no han tenido el \u00e9xito esperado, incluso con la extensi\u00f3n de los plazos.<\/p>\n\n\n\n<p>El Ing. Agr. Ignacio Buffa, Ministro Interino del MGAP, destac\u00f3 la importancia estrat\u00e9gica del proyecto y el compromiso del Ejecutivo en su desarrollo. \u00abGenerar un segundo polo o enclave comercial hort\u00edfrut\u00edcola en el norte del pa\u00eds es un objetivo que debemos considerar a largo plazo, y desde el Ejecutivo estamos siguiendo de cerca la evoluci\u00f3n de este proyecto\u00bb, afirm\u00f3 Buffa.<\/p>\n\n\n\n<p>A pesar de las dificultades iniciales, se han realizado mejoras en los llamados a licitaci\u00f3n, ofreciendo condiciones m\u00e1s favorables en t\u00e9rminos de plazos y pagos.<\/p>\n\n\n\n<p>Sin embargo, es necesario seguir persuadiendo y convenciendo a los actores clave para que se sumen a esta iniciativa. En este sentido, se planifica una instancia de trabajo y di\u00e1logo con los operadores del sector, quienes desempe\u00f1ar\u00e1n un papel fundamental en la Central Hort\u00edcola.<\/p>\n\n\n\n<p>El Ministro Interino tambi\u00e9n resalt\u00f3 la importancia de la colaboraci\u00f3n con la Intendencia de Salto y otros actores involucrados en el proyecto. \u00abEstamos trabajando en conjunto para potenciar el desarrollo comercial de la familia hort\u00edcola y frut\u00edcola del norte del pa\u00eds. La infraestructura de la Central Hort\u00edcola brindar\u00e1 grandes oportunidades no solo para los productores, sino tambi\u00e9n para los trabajadores, el comercio y la log\u00edstica\u00bb, enfatiz\u00f3 Buffa. <\/p>\n\n\n\n<p>El jerarca dijo que \u00abhay que enamorar\u00bb a los operadores para que se suman a esta propuesta. <\/p>\n\n\n\n<p>El proyecto no solo beneficiar\u00e1 a Salto, sino tambi\u00e9n a otros departamentos como Paysand\u00fa y Soriano, que actualmente dependen del abastecimiento de frutas y verduras provenientes de Montevideo. \u00abExisten actores interesados en el desarrollo de esta iniciativa, lo que demuestra el potencial y las oportunidades que se presentan en el sector\u00bb dijo Buffa.<\/p>\n\n\n\n<p>En resumen, la Central Hort\u00edcola del Norte sigue siendo un proyecto estrat\u00e9gico en el que se est\u00e1 trabajando intensamente para lograr su consolidaci\u00f3n. A pesar de los desaf\u00edos, se mantiene una visi\u00f3n a largo plazo y se contin\u00faa buscando el compromiso de todos los actores involucrados. Una vez en funcionamiento, esta iniciativa generar\u00e1 un impacto significativo en el desarrollo comercial de la regi\u00f3n y fortalecer\u00e1 la cadena hort\u00edcola y frut\u00edcola del norte del pa\u00eds.<\/p>\n\n\n\n<p>Salto, 8 de mayo de 2023<\/p>\n","protected":false},"excerpt":{"rendered":"<p>La Central Hort\u00edcola del Norte, un proyecto impulsado por la Intendencia de Salto, el Ministerio de Ganader\u00eda, Agricultura y Pesca (MGAP) y Salto Hort\u00edcola, se encuentra en una etapa crucial [&hellip;]<\/p>\n","protected":false},"author":5,"featured_media":50300,"comment_status":"open","ping_status":"open","sticky":false,"template":"","format":"standard","meta":{"_price":"","_stock":"","_tribe_ticket_header":"","_tribe_default_ticket_provider":"","_tribe_ticket_capacity":"0","_ticket_start_date":"","_ticket_end_date":"","_tribe_ticket_show_description":"","_tribe_ticket_show_not_going":false,"_tribe_ticket_use_global_stock":"","_tribe_ticket_global_stock_level":"","_global_stock_mode":"","_global_stock_cap":"","_tribe_rsvp_for_event":"","_tribe_ticket_going_count":"","_tribe_ticket_not_going_count":"","_tribe_tickets_list":"[]","_tribe_ticket_has_attendee_info_fields":false,"h5ap_radio_sources":[],"_jetpack_newsletter_access":"","_jetpack_dont_email_post_to_subs":false,"_jetpack_newsletter_tier_id":0,"_jetpack_memberships_contains_paywalled_content":false,"_jetpack_memberships_contains_paid_content":false,"footnotes":""},"categories":[21,9],"tags":[1125,2309,4076,5329,1317,5333,5327,1123,5325,5331,2307],"class_list":["post-50316","post","type-post","status-publish","format-standard","has-post-thumbnail","hentry","category-actualidad","category-granja","tag-agricultura-y-pesca","tag-central-horticola-del-norte","tag-comercializacion","tag-construccion","tag-intendencia-de-salto","tag-llamados-a-adquisicion","tag-locales-comerciales","tag-ministerio-de-ganaderia","tag-proyecto","tag-puesta-en-marcha","tag-salto-horticola-2"],"jetpack_featured_media_url":"https:\/\/i0.wp.com\/lahoradelcampo.com.uy\/site\/wp-content\/uploads\/2023\/05\/MGAP-CentralHorticola.jpg?fit=880%2C440&ssl=1","jetpack_sharing_enabled":true,"jetpack_shortlink":"https:\/\/wp.me\/p99IaT-d5y","jetpack-related-posts":[{"id":10571,"url":"https:\/\/lahoradelcampo.com.uy\/site\/presentaran-los-avances-y-proximos-pasos-del-proyecto-central-horticola-del-norte\/","url_meta":{"origin":50316,"position":0},"title":"Presentar\u00e1n los avances  y pr\u00f3ximos pasos del proyecto Central Hort\u00edcola del Norte","author":"La Hora del Campo","date":"7 mayo, 2019","format":false,"excerpt":"El jueves 9 de mayo, a la hora 12:00, en el Sal\u00f3n de Actos del Instituto Nacional de Investigaci\u00f3n Agropecuaria (INIA) Salto Grande, se realizar\u00e1 la presentaci\u00f3n de \"Concreciones, desaf\u00edos y pr\u00f3ximos pasos\" del proyecto Central Hort\u00edcola del Norte, que contar\u00e1 con la presencia del Ministro de Ganader\u00eda, Agricultura y\u2026","rel":"","context":"En \u00abActualidad\u00bb","block_context":{"text":"Actualidad","link":"https:\/\/lahoradelcampo.com.uy\/site\/category\/actualidad\/"},"img":{"alt_text":"","src":"https:\/\/i0.wp.com\/lahoradelcampo.com.uy\/site\/wp-content\/uploads\/2019\/05\/Salto-Horticola.jpg?fit=880%2C440&ssl=1&resize=350%2C200","width":350,"height":200,"srcset":"https:\/\/i0.wp.com\/lahoradelcampo.com.uy\/site\/wp-content\/uploads\/2019\/05\/Salto-Horticola.jpg?fit=880%2C440&ssl=1&resize=350%2C200 1x, https:\/\/i0.wp.com\/lahoradelcampo.com.uy\/site\/wp-content\/uploads\/2019\/05\/Salto-Horticola.jpg?fit=880%2C440&ssl=1&resize=525%2C300 1.5x, https:\/\/i0.wp.com\/lahoradelcampo.com.uy\/site\/wp-content\/uploads\/2019\/05\/Salto-Horticola.jpg?fit=880%2C440&ssl=1&resize=700%2C400 2x"},"classes":[]},{"id":44085,"url":"https:\/\/lahoradelcampo.com.uy\/site\/intendencia-mgap-y-salto-horticola-trabajan-en-el-futuro-de-la-chn\/","url_meta":{"origin":50316,"position":1},"title":"Intendencia, MGAP y Salto Hort\u00edcola trabajan en el futuro de la CHN","author":"La Hora del Campo","date":"23 julio, 2022","format":false,"excerpt":"Se aprob\u00f3 recientemente la Ley de creaci\u00f3n de la Central Hort\u00edcola del Norte (CHN), que al mismo tiempo habilit\u00f3 al Ministerio de Ganader\u00eda, Agricultura y Pesca (MGAP) a realizar la transferencia de 13 millones de Unidades Indexadas desde el Fondo de la Granja hacia la Intendencia de Salto, para la\u2026","rel":"","context":"En \u00abActualidad\u00bb","block_context":{"text":"Actualidad","link":"https:\/\/lahoradelcampo.com.uy\/site\/category\/actualidad\/"},"img":{"alt_text":"","src":"https:\/\/i0.wp.com\/lahoradelcampo.com.uy\/site\/wp-content\/uploads\/2022\/07\/MGAP-CHN.jpg?fit=880%2C440&ssl=1&resize=350%2C200","width":350,"height":200,"srcset":"https:\/\/i0.wp.com\/lahoradelcampo.com.uy\/site\/wp-content\/uploads\/2022\/07\/MGAP-CHN.jpg?fit=880%2C440&ssl=1&resize=350%2C200 1x, https:\/\/i0.wp.com\/lahoradelcampo.com.uy\/site\/wp-content\/uploads\/2022\/07\/MGAP-CHN.jpg?fit=880%2C440&ssl=1&resize=525%2C300 1.5x, https:\/\/i0.wp.com\/lahoradelcampo.com.uy\/site\/wp-content\/uploads\/2022\/07\/MGAP-CHN.jpg?fit=880%2C440&ssl=1&resize=700%2C400 2x"},"classes":[]},{"id":43907,"url":"https:\/\/lahoradelcampo.com.uy\/site\/mgap-comenzo-a-transferir-los-recursos-para-la-central-horticola-del-norte\/","url_meta":{"origin":50316,"position":2},"title":"MGAP comenz\u00f3 a transferir  los recursos para la  Central Hort\u00edcola","author":"La Hora del Campo","date":"19 julio, 2022","format":false,"excerpt":"El pasado viernes, el Ministerio de Ganader\u00eda, Agricultura y Pesca (MGAP) a trav\u00e9s de la Direcci\u00f3n General de la Granja (DIGEGRA) transfiri\u00f3 parte de los recursos econ\u00f3micos que est\u00e1n previstos en la Ley de creaci\u00f3n de la Central Hort\u00edcola del Norte (CHN) recientemente aprobada por el Poder Legislativo. Dicho importe\u2026","rel":"","context":"En \u00abActualidad\u00bb","block_context":{"text":"Actualidad","link":"https:\/\/lahoradelcampo.com.uy\/site\/category\/actualidad\/"},"img":{"alt_text":"","src":"https:\/\/i0.wp.com\/lahoradelcampo.com.uy\/site\/wp-content\/uploads\/2022\/05\/Saltohorticola-chn.jpg?fit=880%2C440&ssl=1&resize=350%2C200","width":350,"height":200,"srcset":"https:\/\/i0.wp.com\/lahoradelcampo.com.uy\/site\/wp-content\/uploads\/2022\/05\/Saltohorticola-chn.jpg?fit=880%2C440&ssl=1&resize=350%2C200 1x, https:\/\/i0.wp.com\/lahoradelcampo.com.uy\/site\/wp-content\/uploads\/2022\/05\/Saltohorticola-chn.jpg?fit=880%2C440&ssl=1&resize=525%2C300 1.5x, https:\/\/i0.wp.com\/lahoradelcampo.com.uy\/site\/wp-content\/uploads\/2022\/05\/Saltohorticola-chn.jpg?fit=880%2C440&ssl=1&resize=700%2C400 2x"},"classes":[]},{"id":41521,"url":"https:\/\/lahoradelcampo.com.uy\/site\/en-octubre-finalizara-la-obra-de-la-central-horticola-de-salto\/","url_meta":{"origin":50316,"position":3},"title":"En octubre finalizar\u00e1 la obra de la Central Hort\u00edcola de Salto","author":"La Hora del Campo","date":"5 mayo, 2022","format":false,"excerpt":"El martes, el Dr. Luis Lacalle Pou, envi\u00f3 al Parlamento el Proyecto de Ley referido a la creaci\u00f3n de la persona de derecho p\u00fablico no estatal \"Central Hort\u00edcola del Norte\". En su art\u00edculo 16 el proyecto prev\u00e9 que el Poder Ejecutivo podr\u00e1 transferir, a trav\u00e9s del Ministerio de Ganader\u00eda, Agricultura\u2026","rel":"","context":"En \u00abActualidad\u00bb","block_context":{"text":"Actualidad","link":"https:\/\/lahoradelcampo.com.uy\/site\/category\/actualidad\/"},"img":{"alt_text":"","src":"https:\/\/i0.wp.com\/lahoradelcampo.com.uy\/site\/wp-content\/uploads\/2022\/05\/Saltohorticola-chn.jpg?fit=880%2C440&ssl=1&resize=350%2C200","width":350,"height":200,"srcset":"https:\/\/i0.wp.com\/lahoradelcampo.com.uy\/site\/wp-content\/uploads\/2022\/05\/Saltohorticola-chn.jpg?fit=880%2C440&ssl=1&resize=350%2C200 1x, https:\/\/i0.wp.com\/lahoradelcampo.com.uy\/site\/wp-content\/uploads\/2022\/05\/Saltohorticola-chn.jpg?fit=880%2C440&ssl=1&resize=525%2C300 1.5x, https:\/\/i0.wp.com\/lahoradelcampo.com.uy\/site\/wp-content\/uploads\/2022\/05\/Saltohorticola-chn.jpg?fit=880%2C440&ssl=1&resize=700%2C400 2x"},"classes":[]},{"id":33987,"url":"https:\/\/lahoradelcampo.com.uy\/site\/se-espera-que-el-mgap-consolide-su-compromiso-con-la-central-horticola\/","url_meta":{"origin":50316,"position":4},"title":"Se espera que el MGAP consolide su compromiso con la Central Hort\u00edcola","author":"La Hora del Campo","date":"10 septiembre, 2021","format":false,"excerpt":"La Directora de Desarrollo de la Intendencia de Salto, Soledad Marazzano, calific\u00f3 de \"muy positivo\" este intercambio entre la UAM y las agremiaciones de los productores de Salto. \"La UAM es el par de esta Central Hort\u00edcola, ellos en el sur y nosotros en el norte, por lo que es\u2026","rel":"","context":"En \u00abActualidad\u00bb","block_context":{"text":"Actualidad","link":"https:\/\/lahoradelcampo.com.uy\/site\/category\/actualidad\/"},"img":{"alt_text":"","src":"https:\/\/i0.wp.com\/lahoradelcampo.com.uy\/site\/wp-content\/uploads\/2021\/09\/Marazzano.jpg?fit=880%2C440&ssl=1&resize=350%2C200","width":350,"height":200,"srcset":"https:\/\/i0.wp.com\/lahoradelcampo.com.uy\/site\/wp-content\/uploads\/2021\/09\/Marazzano.jpg?fit=880%2C440&ssl=1&resize=350%2C200 1x, https:\/\/i0.wp.com\/lahoradelcampo.com.uy\/site\/wp-content\/uploads\/2021\/09\/Marazzano.jpg?fit=880%2C440&ssl=1&resize=525%2C300 1.5x, https:\/\/i0.wp.com\/lahoradelcampo.com.uy\/site\/wp-content\/uploads\/2021\/09\/Marazzano.jpg?fit=880%2C440&ssl=1&resize=700%2C400 2x"},"classes":[]},{"id":47401,"url":"https:\/\/lahoradelcampo.com.uy\/site\/lanzaron-el-programa-de-fortalecimiento-para-la-chn\/","url_meta":{"origin":50316,"position":5},"title":"Lanzaron el Programa de Fortalecimiento para la CHN","author":"La Hora del Campo","date":"1 diciembre, 2022","format":false,"excerpt":"La Intendencia de Salto, el Ministerio de Ganader\u00eda, Agricultura y Pesca, Inefop y LATU realizaron el lanzamiento del Programa de Fortalecimiento de Capacidades en el marco de la puesta en marcha y planificaci\u00f3n estrat\u00e9gica de la Central Hort\u00edcola del Norte (CHN). Se trata de un proceso de trabajo que se\u2026","rel":"","context":"En \u00abActualidad\u00bb","block_context":{"text":"Actualidad","link":"https:\/\/lahoradelcampo.com.uy\/site\/category\/actualidad\/"},"img":{"alt_text":"","src":"https:\/\/i0.wp.com\/lahoradelcampo.com.uy\/site\/wp-content\/uploads\/2022\/12\/CHN-LATU.jpg?fit=880%2C440&ssl=1&resize=350%2C200","width":350,"height":200,"srcset":"https:\/\/i0.wp.com\/lahoradelcampo.com.uy\/site\/wp-content\/uploads\/2022\/12\/CHN-LATU.jpg?fit=880%2C440&ssl=1&resize=350%2C200 1x, https:\/\/i0.wp.com\/lahoradelcampo.com.uy\/site\/wp-content\/uploads\/2022\/12\/CHN-LATU.jpg?fit=880%2C440&ssl=1&resize=525%2C300 1.5x, https:\/\/i0.wp.com\/lahoradelcampo.com.uy\/site\/wp-content\/uploads\/2022\/12\/CHN-LATU.jpg?fit=880%2C440&ssl=1&resize=700%2C400 2x"},"classes":[]}],"jetpack_likes_enabled":true,"_links":{"self":[{"href":"https:\/\/lahoradelcampo.com.uy\/site\/wp-json\/wp\/v2\/posts\/50316","targetHints":{"allow":["GET"]}}],"collection":[{"href":"https:\/\/lahoradelcampo.com.uy\/site\/wp-json\/wp\/v2\/posts"}],"about":[{"href":"https:\/\/lahoradelcampo.com.uy\/site\/wp-json\/wp\/v2\/types\/post"}],"author":[{"embeddable":true,"href":"https:\/\/lahoradelcampo.com.uy\/site\/wp-json\/wp\/v2\/users\/5"}],"replies":[{"embeddable":true,"href":"https:\/\/lahoradelcampo.com.uy\/site\/wp-json\/wp\/v2\/comments?post=50316"}],"version-history":[{"count":1,"href":"https:\/\/lahoradelcampo.com.uy\/site\/wp-json\/wp\/v2\/posts\/50316\/revisions"}],"predecessor-version":[{"id":50323,"href":"https:\/\/lahoradelcampo.com.uy\/site\/wp-json\/wp\/v2\/posts\/50316\/revisions\/50323"}],"wp:featuredmedia":[{"embeddable":true,"href":"https:\/\/lahoradelcampo.com.uy\/site\/wp-json\/wp\/v2\/media\/50300"}],"wp:attachment":[{"href":"https:\/\/lahoradelcampo.com.uy\/site\/wp-json\/wp\/v2\/media?parent=50316"}],"wp:term":[{"taxonomy":"category","embeddable":true,"href":"https:\/\/lahoradelcampo.com.uy\/site\/wp-json\/wp\/v2\/categories?post=50316"},{"taxonomy":"post_tag","embeddable":true,"href":"https:\/\/lahoradelcampo.com.uy\/site\/wp-json\/wp\/v2\/tags?post=50316"}],"curies":[{"name":"wp","href":"https:\/\/api.w.org\/{rel}","templated":true}]}}