{"id":50312,"date":"2023-05-08T08:49:46","date_gmt":"2023-05-08T11:49:46","guid":{"rendered":"http:\/\/lahoradelcampo.com.uy\/site\/?p=50312"},"modified":"2023-05-12T10:10:52","modified_gmt":"2023-05-12T13:10:52","slug":"primera-semana-de-mayo-cerro-con-subas-en-el-ime","status":"publish","type":"post","link":"https:\/\/lahoradelcampo.com.uy\/site\/primera-semana-de-mayo-cerro-con-subas-en-el-ime\/","title":{"rendered":"Primera semana de mayo cerr\u00f3 con subas en el IME"},"content":{"rendered":"\n<figure class=\"wp-block-image size-full\"><a href=\"https:\/\/i0.wp.com\/lahoradelcampo.com.uy\/site\/wp-content\/uploads\/2023\/02\/Lana-Australia4.jpg\"><img data-recalc-dims=\"1\" loading=\"lazy\" decoding=\"async\" width=\"810\" height=\"405\" data-attachment-id=\"48787\" data-permalink=\"https:\/\/lahoradelcampo.com.uy\/site\/se-freno-la-suba-en-australia-con-una-baja-de-31-centavos\/lana-australia4\/\" data-orig-file=\"https:\/\/i0.wp.com\/lahoradelcampo.com.uy\/site\/wp-content\/uploads\/2023\/02\/Lana-Australia4.jpg?fit=880%2C440&amp;ssl=1\" data-orig-size=\"880,440\" data-comments-opened=\"1\" data-image-meta=\"{&quot;aperture&quot;:&quot;0&quot;,&quot;credit&quot;:&quot;&quot;,&quot;camera&quot;:&quot;&quot;,&quot;caption&quot;:&quot;&quot;,&quot;created_timestamp&quot;:&quot;0&quot;,&quot;copyright&quot;:&quot;&quot;,&quot;focal_length&quot;:&quot;0&quot;,&quot;iso&quot;:&quot;0&quot;,&quot;shutter_speed&quot;:&quot;0&quot;,&quot;title&quot;:&quot;&quot;,&quot;orientation&quot;:&quot;1&quot;}\" data-image-title=\"Lana-Australia4\" data-image-description=\"\" data-image-caption=\"\" data-large-file=\"https:\/\/i0.wp.com\/lahoradelcampo.com.uy\/site\/wp-content\/uploads\/2023\/02\/Lana-Australia4.jpg?fit=810%2C405&amp;ssl=1\" src=\"https:\/\/i0.wp.com\/lahoradelcampo.com.uy\/site\/wp-content\/uploads\/2023\/02\/Lana-Australia4.jpg?resize=810%2C405\" alt=\"\" class=\"wp-image-48787\" srcset=\"https:\/\/i0.wp.com\/lahoradelcampo.com.uy\/site\/wp-content\/uploads\/2023\/02\/Lana-Australia4.jpg?w=880&amp;ssl=1 880w, https:\/\/i0.wp.com\/lahoradelcampo.com.uy\/site\/wp-content\/uploads\/2023\/02\/Lana-Australia4.jpg?resize=300%2C150&amp;ssl=1 300w, https:\/\/i0.wp.com\/lahoradelcampo.com.uy\/site\/wp-content\/uploads\/2023\/02\/Lana-Australia4.jpg?resize=768%2C384&amp;ssl=1 768w, https:\/\/i0.wp.com\/lahoradelcampo.com.uy\/site\/wp-content\/uploads\/2023\/02\/Lana-Australia4.jpg?resize=820%2C410&amp;ssl=1 820w\" sizes=\"auto, (max-width: 810px) 100vw, 810px\" \/><\/a><\/figure>\n\n\n\n<p>La semana del 1 al 4 de mayo ha sido favorable para los precios de las lanas finas de buena calidad a excelente en el Indicador de Mercados del Este (IME), que ha registrado un incremento de ocho centavos en la suma de los dos d\u00edas de ventas y un cierre en A$ 13,10 por kilogramo base limpia.<br>Asimismo, en la moneda estadounidense, el indicador ha cotizado en US$ 8,74, subiendo 14 centavos en la semana.<\/p>\n\n\n\n<p>Tras cinco semanas consecutivas de descensos en las cotizaciones, el mercado ha mostrado una demanda constante en las lanas finas catalogadas como FNF (libres o casi libres de Materia Vegetal), lo que ha provocado un aumento en las cotizaciones de estos micronajes.<\/p>\n\n\n\n<p>Por su parte, las lanas medias y gruesas han mantenido sus cotizaciones estables, con leves mejoras de precios.<\/p>\n\n\n\n<p>En las dos jornadas de comercializaci\u00f3n de la semana, se han ofertado un total de 38.838 fardos en los tres centros de ventas, con un 89,4% de colocaci\u00f3n. Este volumen ha sido un 0,9% superior a la semana pasada, aunque ha representado una disminuci\u00f3n del 3,3% respecto a la misma semana del a\u00f1o pasado.<\/p>\n\n\n\n<p>En cuanto a los compradores, las cinco principales firmas, encabezadas por Techwool Trading, han representado el 50,8% de la oferta comercializada.<\/p>\n\n\n\n<p>La pr\u00f3xima semana se prev\u00e9 una oferta de 48.643 fardos, lo que supone un aumento del 25,3% respecto a lo ofertado esta semana y un 16% sobre igual semana de 2022. Las ventas continuar\u00e1n los d\u00edas martes y mi\u00e9rcoles en los tres centros de ventas.<\/p>\n\n\n\n<p>Salto, 8 de mayo de 2023<\/p>\n","protected":false},"excerpt":{"rendered":"<p>La semana del 1 al 4 de mayo ha sido favorable para los precios de las lanas finas de buena calidad a excelente en el Indicador de Mercados del Este [&hellip;]<\/p>\n","protected":false},"author":5,"featured_media":48787,"comment_status":"open","ping_status":"open","sticky":false,"template":"","format":"standard","meta":{"_price":"","_stock":"","_tribe_ticket_header":"","_tribe_default_ticket_provider":"","_tribe_ticket_capacity":"0","_ticket_start_date":"","_ticket_end_date":"","_tribe_ticket_show_description":"","_tribe_ticket_show_not_going":false,"_tribe_ticket_use_global_stock":"","_tribe_ticket_global_stock_level":"","_global_stock_mode":"","_global_stock_cap":"","_tribe_rsvp_for_event":"","_tribe_ticket_going_count":"","_tribe_ticket_not_going_count":"","_tribe_tickets_list":"[]","_tribe_ticket_has_attendee_info_fields":false,"h5ap_radio_sources":[],"_jetpack_newsletter_access":"","_jetpack_dont_email_post_to_subs":false,"_jetpack_newsletter_tier_id":0,"_jetpack_memberships_contains_paywalled_content":false,"_jetpack_memberships_contains_paid_content":false,"footnotes":""},"categories":[21,13],"tags":[5318,5322,5316,5314,5312,2890,2219,5320,5310,5324],"class_list":["post-50312","post","type-post","status-publish","format-standard","has-post-thumbnail","hentry","category-actualidad","category-ovinos","tag-comercializacion-de-lanas","tag-compradores-de-lanas","tag-cotizaciones-de-lanas","tag-demanda-de-lanas","tag-indicador-de-mercados","tag-lanas-finas","tag-mercado-de-lanas","tag-oferta-de-lanas","tag-precios-de-lanas","tag-ventas-de-lanas"],"jetpack_featured_media_url":"https:\/\/i0.wp.com\/lahoradelcampo.com.uy\/site\/wp-content\/uploads\/2023\/02\/Lana-Australia4.jpg?fit=880%2C440&ssl=1","jetpack_sharing_enabled":true,"jetpack_shortlink":"https:\/\/wp.me\/p99IaT-d5u","jetpack-related-posts":[{"id":50773,"url":"https:\/\/lahoradelcampo.com.uy\/site\/el-ime-sufrio-una-perdida-de-39-centavos-cerrando-en-us-801\/","url_meta":{"origin":50312,"position":0},"title":"El IME sufri\u00f3 una p\u00e9rdida de 39 centavos, cerrando en US$ 8,01","author":"La Hora del Campo","date":"26 mayo, 2023","format":false,"excerpt":"En t\u00e9rminos generales, el mercado lanero australiano continu\u00f3 su tendencia a la baja, especialmente en las lanas finas, tanto en Sidney como en Melbourne. Ambos mercados experimentaron una disminuci\u00f3n generalizada en los precios debido a la baja calidad de la oferta, y se observ\u00f3 una importante retirada de lanas durante\u2026","rel":"","context":"En \u00abActualidad\u00bb","block_context":{"text":"Actualidad","link":"https:\/\/lahoradelcampo.com.uy\/site\/category\/actualidad\/"},"img":{"alt_text":"","src":"https:\/\/i0.wp.com\/lahoradelcampo.com.uy\/site\/wp-content\/uploads\/2023\/01\/Lana-Uruguay1.jpg?fit=880%2C440&ssl=1&resize=350%2C200","width":350,"height":200,"srcset":"https:\/\/i0.wp.com\/lahoradelcampo.com.uy\/site\/wp-content\/uploads\/2023\/01\/Lana-Uruguay1.jpg?fit=880%2C440&ssl=1&resize=350%2C200 1x, https:\/\/i0.wp.com\/lahoradelcampo.com.uy\/site\/wp-content\/uploads\/2023\/01\/Lana-Uruguay1.jpg?fit=880%2C440&ssl=1&resize=525%2C300 1.5x, https:\/\/i0.wp.com\/lahoradelcampo.com.uy\/site\/wp-content\/uploads\/2023\/01\/Lana-Uruguay1.jpg?fit=880%2C440&ssl=1&resize=700%2C400 2x"},"classes":[]},{"id":38645,"url":"https:\/\/lahoradelcampo.com.uy\/site\/semana-de-demanda-en-lanas-finas-y-bajas-en-el-ime\/","url_meta":{"origin":50312,"position":1},"title":"Semana de demanda en lanas finas y bajas en el IME","author":"La Hora del Campo","date":"28 enero, 2022","format":false,"excerpt":"Una semana especial del mercado lanero australiano, con ventas el martes y jueves, debido a los festejos del \"Australian Day\" el pasado mi\u00e9rcoles. En la operativa se observ\u00f3 una firmeza muy importante en los dos d\u00edas de ventas para la oferta de lanas por debajo de las 18,5 micras, con\u2026","rel":"","context":"En \u00abActualidad\u00bb","block_context":{"text":"Actualidad","link":"https:\/\/lahoradelcampo.com.uy\/site\/category\/actualidad\/"},"img":{"alt_text":"","src":"https:\/\/i0.wp.com\/lahoradelcampo.com.uy\/site\/wp-content\/uploads\/2021\/06\/lanaaustralia1.jpg?fit=880%2C440&ssl=1&resize=350%2C200","width":350,"height":200,"srcset":"https:\/\/i0.wp.com\/lahoradelcampo.com.uy\/site\/wp-content\/uploads\/2021\/06\/lanaaustralia1.jpg?fit=880%2C440&ssl=1&resize=350%2C200 1x, https:\/\/i0.wp.com\/lahoradelcampo.com.uy\/site\/wp-content\/uploads\/2021\/06\/lanaaustralia1.jpg?fit=880%2C440&ssl=1&resize=525%2C300 1.5x, https:\/\/i0.wp.com\/lahoradelcampo.com.uy\/site\/wp-content\/uploads\/2021\/06\/lanaaustralia1.jpg?fit=880%2C440&ssl=1&resize=700%2C400 2x"},"classes":[]},{"id":52232,"url":"https:\/\/lahoradelcampo.com.uy\/site\/el-ime-cayo-22-centavosy-cerro-en-us-750\/","url_meta":{"origin":50312,"position":2},"title":"El IME cay\u00f3 22 centavosy cerr\u00f3 en US$ 7,50","author":"La Hora del Campo","date":"21 agosto, 2023","format":false,"excerpt":"La semana pasada fue netamente bajista para el Indicador de Mercados del Este (IME) en la moneda local, lo que se vio amplificado por el tipo de cambio al analizar el mercado en d\u00f3lares estadounidenses. Pr\u00e1cticamente en las dos \u00faltimas semanas, el indicador retrocedi\u00f3 lo ganado en las primeras ventas\u2026","rel":"","context":"En \u00abActualidad\u00bb","block_context":{"text":"Actualidad","link":"https:\/\/lahoradelcampo.com.uy\/site\/category\/actualidad\/"},"img":{"alt_text":"","src":"https:\/\/i0.wp.com\/lahoradelcampo.com.uy\/site\/wp-content\/uploads\/2023\/02\/Lana-Australia4.jpg?fit=880%2C440&ssl=1&resize=350%2C200","width":350,"height":200,"srcset":"https:\/\/i0.wp.com\/lahoradelcampo.com.uy\/site\/wp-content\/uploads\/2023\/02\/Lana-Australia4.jpg?fit=880%2C440&ssl=1&resize=350%2C200 1x, https:\/\/i0.wp.com\/lahoradelcampo.com.uy\/site\/wp-content\/uploads\/2023\/02\/Lana-Australia4.jpg?fit=880%2C440&ssl=1&resize=525%2C300 1.5x, https:\/\/i0.wp.com\/lahoradelcampo.com.uy\/site\/wp-content\/uploads\/2023\/02\/Lana-Australia4.jpg?fit=880%2C440&ssl=1&resize=700%2C400 2x"},"classes":[]},{"id":43147,"url":"https:\/\/lahoradelcampo.com.uy\/site\/nueva-baja-semanal-en-el-ime-a-una-semana-de-cerrar-la-zafra-lanera\/","url_meta":{"origin":50312,"position":3},"title":"Nueva baja semanal en el IME a una semana de cerrar la zafra lanera","author":"La Hora del Campo","date":"24 junio, 2022","format":false,"excerpt":"La semana que est\u00e1 cerrando se ha comportado diferente a las anteriores, con movimientos dispares de acuerdo a los micronajes ofertados, cambios que van de la mano del volumen y de la calidad de la oferta, a lo cual se suma la variabilidad cambiaria. En las lanas finas, se observaron\u2026","rel":"","context":"En \u00abActualidad\u00bb","block_context":{"text":"Actualidad","link":"https:\/\/lahoradelcampo.com.uy\/site\/category\/actualidad\/"},"img":{"alt_text":"","src":"https:\/\/i0.wp.com\/lahoradelcampo.com.uy\/site\/wp-content\/uploads\/2021\/06\/lanaaustralia1.jpg?fit=880%2C440&ssl=1&resize=350%2C200","width":350,"height":200,"srcset":"https:\/\/i0.wp.com\/lahoradelcampo.com.uy\/site\/wp-content\/uploads\/2021\/06\/lanaaustralia1.jpg?fit=880%2C440&ssl=1&resize=350%2C200 1x, https:\/\/i0.wp.com\/lahoradelcampo.com.uy\/site\/wp-content\/uploads\/2021\/06\/lanaaustralia1.jpg?fit=880%2C440&ssl=1&resize=525%2C300 1.5x, https:\/\/i0.wp.com\/lahoradelcampo.com.uy\/site\/wp-content\/uploads\/2021\/06\/lanaaustralia1.jpg?fit=880%2C440&ssl=1&resize=700%2C400 2x"},"classes":[]},{"id":50248,"url":"https:\/\/lahoradelcampo.com.uy\/site\/con-subas-y-bajas-el-ime-cerro-la-semana-con-baja-de-4-centavos\/","url_meta":{"origin":50312,"position":4},"title":"Con subas y bajas, el IME cerr\u00f3 la semana con baja de 4 centavos","author":"La Hora del Campo","date":"28 abril, 2023","format":false,"excerpt":"El mercado lanero australiano comenz\u00f3 la semana experimentando una ca\u00edda en el Indicador de Mercados del Este (IME), pero luego se recuper\u00f3 en la segunda jornada debido a una menor oferta. Debido a que la suba fue menor al descenso semanal inicial, el indicador termina cerrando con bajas la semana.\u2026","rel":"","context":"En \u00abActualidad\u00bb","block_context":{"text":"Actualidad","link":"https:\/\/lahoradelcampo.com.uy\/site\/category\/actualidad\/"},"img":{"alt_text":"","src":"https:\/\/i0.wp.com\/lahoradelcampo.com.uy\/site\/wp-content\/uploads\/2023\/01\/Lana-Australia1.jpg?fit=880%2C440&ssl=1&resize=350%2C200","width":350,"height":200,"srcset":"https:\/\/i0.wp.com\/lahoradelcampo.com.uy\/site\/wp-content\/uploads\/2023\/01\/Lana-Australia1.jpg?fit=880%2C440&ssl=1&resize=350%2C200 1x, https:\/\/i0.wp.com\/lahoradelcampo.com.uy\/site\/wp-content\/uploads\/2023\/01\/Lana-Australia1.jpg?fit=880%2C440&ssl=1&resize=525%2C300 1.5x, https:\/\/i0.wp.com\/lahoradelcampo.com.uy\/site\/wp-content\/uploads\/2023\/01\/Lana-Australia1.jpg?fit=880%2C440&ssl=1&resize=700%2C400 2x"},"classes":[]},{"id":47251,"url":"https:\/\/lahoradelcampo.com.uy\/site\/entre-subas-y-bajas-de-las-monedas-el-ime-mostro-firmeza\/","url_meta":{"origin":50312,"position":5},"title":"Entre subas y bajas de las monedas, el IME mostr\u00f3 firmeza","author":"La Hora del Campo","date":"25 noviembre, 2022","format":false,"excerpt":"Dos jornadas muy distintas en el mercado lanero australiano, signadas por la variaci\u00f3n del tipo de cambio y con una demanda firme por lanas de calidad superior, non mulesed, que registraron primas destacadas, sobre el resto de la operativa. El martes, el mercado registr\u00f3 bajas en sus cotizaciones en d\u00f3lares\u2026","rel":"","context":"En \u00abActualidad\u00bb","block_context":{"text":"Actualidad","link":"https:\/\/lahoradelcampo.com.uy\/site\/category\/actualidad\/"},"img":{"alt_text":"","src":"https:\/\/i0.wp.com\/lahoradelcampo.com.uy\/site\/wp-content\/uploads\/2019\/06\/Lana-australia-1.jpg?fit=880%2C440&ssl=1&resize=350%2C200","width":350,"height":200,"srcset":"https:\/\/i0.wp.com\/lahoradelcampo.com.uy\/site\/wp-content\/uploads\/2019\/06\/Lana-australia-1.jpg?fit=880%2C440&ssl=1&resize=350%2C200 1x, https:\/\/i0.wp.com\/lahoradelcampo.com.uy\/site\/wp-content\/uploads\/2019\/06\/Lana-australia-1.jpg?fit=880%2C440&ssl=1&resize=525%2C300 1.5x, https:\/\/i0.wp.com\/lahoradelcampo.com.uy\/site\/wp-content\/uploads\/2019\/06\/Lana-australia-1.jpg?fit=880%2C440&ssl=1&resize=700%2C400 2x"},"classes":[]}],"jetpack_likes_enabled":true,"_links":{"self":[{"href":"https:\/\/lahoradelcampo.com.uy\/site\/wp-json\/wp\/v2\/posts\/50312","targetHints":{"allow":["GET"]}}],"collection":[{"href":"https:\/\/lahoradelcampo.com.uy\/site\/wp-json\/wp\/v2\/posts"}],"about":[{"href":"https:\/\/lahoradelcampo.com.uy\/site\/wp-json\/wp\/v2\/types\/post"}],"author":[{"embeddable":true,"href":"https:\/\/lahoradelcampo.com.uy\/site\/wp-json\/wp\/v2\/users\/5"}],"replies":[{"embeddable":true,"href":"https:\/\/lahoradelcampo.com.uy\/site\/wp-json\/wp\/v2\/comments?post=50312"}],"version-history":[{"count":1,"href":"https:\/\/lahoradelcampo.com.uy\/site\/wp-json\/wp\/v2\/posts\/50312\/revisions"}],"predecessor-version":[{"id":50318,"href":"https:\/\/lahoradelcampo.com.uy\/site\/wp-json\/wp\/v2\/posts\/50312\/revisions\/50318"}],"wp:featuredmedia":[{"embeddable":true,"href":"https:\/\/lahoradelcampo.com.uy\/site\/wp-json\/wp\/v2\/media\/48787"}],"wp:attachment":[{"href":"https:\/\/lahoradelcampo.com.uy\/site\/wp-json\/wp\/v2\/media?parent=50312"}],"wp:term":[{"taxonomy":"category","embeddable":true,"href":"https:\/\/lahoradelcampo.com.uy\/site\/wp-json\/wp\/v2\/categories?post=50312"},{"taxonomy":"post_tag","embeddable":true,"href":"https:\/\/lahoradelcampo.com.uy\/site\/wp-json\/wp\/v2\/tags?post=50312"}],"curies":[{"name":"wp","href":"https:\/\/api.w.org\/{rel}","templated":true}]}}