{"id":50304,"date":"2023-05-08T08:43:15","date_gmt":"2023-05-08T11:43:15","guid":{"rendered":"http:\/\/lahoradelcampo.com.uy\/site\/?p=50304"},"modified":"2023-05-08T08:43:57","modified_gmt":"2023-05-08T11:43:57","slug":"directores-del-inc-inauguran-nueva-sede-de-regional-salto","status":"publish","type":"post","link":"https:\/\/lahoradelcampo.com.uy\/site\/directores-del-inc-inauguran-nueva-sede-de-regional-salto\/","title":{"rendered":"Directores del INC inauguran nueva sede de Regional Salto"},"content":{"rendered":"\n<figure class=\"wp-block-image size-full\"><a href=\"https:\/\/i0.wp.com\/lahoradelcampo.com.uy\/site\/wp-content\/uploads\/2023\/05\/INC-SedeSalto.jpg\"><img data-recalc-dims=\"1\" loading=\"lazy\" decoding=\"async\" width=\"810\" height=\"405\" data-attachment-id=\"50298\" data-permalink=\"https:\/\/lahoradelcampo.com.uy\/site\/inia-presenta-libro-sobre-su-aporte-a-las-trayectorias-agroecologicas-en-uruguay\/inc-sedesalto\/\" data-orig-file=\"https:\/\/i0.wp.com\/lahoradelcampo.com.uy\/site\/wp-content\/uploads\/2023\/05\/INC-SedeSalto.jpg?fit=880%2C440&amp;ssl=1\" data-orig-size=\"880,440\" data-comments-opened=\"1\" data-image-meta=\"{&quot;aperture&quot;:&quot;0&quot;,&quot;credit&quot;:&quot;&quot;,&quot;camera&quot;:&quot;&quot;,&quot;caption&quot;:&quot;&quot;,&quot;created_timestamp&quot;:&quot;0&quot;,&quot;copyright&quot;:&quot;&quot;,&quot;focal_length&quot;:&quot;0&quot;,&quot;iso&quot;:&quot;0&quot;,&quot;shutter_speed&quot;:&quot;0&quot;,&quot;title&quot;:&quot;&quot;,&quot;orientation&quot;:&quot;1&quot;}\" data-image-title=\"INC-SedeSalto\" data-image-description=\"\" data-image-caption=\"\" data-large-file=\"https:\/\/i0.wp.com\/lahoradelcampo.com.uy\/site\/wp-content\/uploads\/2023\/05\/INC-SedeSalto.jpg?fit=810%2C405&amp;ssl=1\" src=\"https:\/\/i0.wp.com\/lahoradelcampo.com.uy\/site\/wp-content\/uploads\/2023\/05\/INC-SedeSalto.jpg?resize=810%2C405\" alt=\"\" class=\"wp-image-50298\" srcset=\"https:\/\/i0.wp.com\/lahoradelcampo.com.uy\/site\/wp-content\/uploads\/2023\/05\/INC-SedeSalto.jpg?w=880&amp;ssl=1 880w, https:\/\/i0.wp.com\/lahoradelcampo.com.uy\/site\/wp-content\/uploads\/2023\/05\/INC-SedeSalto.jpg?resize=300%2C150&amp;ssl=1 300w, https:\/\/i0.wp.com\/lahoradelcampo.com.uy\/site\/wp-content\/uploads\/2023\/05\/INC-SedeSalto.jpg?resize=768%2C384&amp;ssl=1 768w, https:\/\/i0.wp.com\/lahoradelcampo.com.uy\/site\/wp-content\/uploads\/2023\/05\/INC-SedeSalto.jpg?resize=820%2C410&amp;ssl=1 820w\" sizes=\"auto, (max-width: 810px) 100vw, 810px\" \/><\/a><\/figure>\n\n\n\n<p>La Regional Salto del Instituto Nacional de Colonizaci\u00f3n (INC) cuenta con una nueva sede que fue inaugurada este 4 dae mayo por el Directorio del ente. Este lugar se encarga de la gesti\u00f3n de m\u00e1s de 62 mil hect\u00e1reas, lo que representa el 12% del territorio del INC, en donde predomina la producci\u00f3n ganadera.<\/p>\n\n\n\n<p>La ceremonia cont\u00f3 con la presencia del presidente del INC, Julio Cardozo, el vicepresidente y los directores del ente, Walter Rodr\u00edguez, Jos\u00e9 Amy, Andr\u00e9s Bertereche y Rodrigo Herrero, respectivamente. Adem\u00e1s, estuvieron presentes el secretario de Directorio, Luis Lozano; el gerente Regional, H\u00e9ctor Rodr\u00edguez d\u2019 Avila y el equipo de Salto. Tambi\u00e9n se hicieron presentes las autoridades del Comit\u00e9 Agropecuario Departamental (CAD) y familias colonas.<\/p>\n\n\n\n<p>Durante la jornada, se destacaron las actividades que lleva adelante la sede Salto del INC, entre ellas, la articulaci\u00f3n con la interinstitucionalidad agropecuaria, la promoci\u00f3n y supervisi\u00f3n de la ley n.\u00ba 11 029, la tramitaci\u00f3n de propuestas, inquietudes e incumplimientos que se generan en las colonias, el acondicionamiento de fracciones libres y campos nuevos, la apertura e inscripci\u00f3n de llamados a tierras, el acompa\u00f1amiento de colonos nuevos y procesos asociativos, la redacci\u00f3n de informes t\u00e9cnicos, la gesti\u00f3n de cobro, entre otras acciones.<\/p>\n\n\n\n<p>La nueva sede de la Regional Salto del INC permitir\u00e1 a los colonos contar con un espacio m\u00e1s moderno y c\u00f3modo para llevar a cabo sus gestiones y recibir asistencia t\u00e9cnica.<\/p>\n\n\n\n<p>Salto, 8 de mayo de 2023<\/p>\n","protected":false},"excerpt":{"rendered":"<p>La Regional Salto del Instituto Nacional de Colonizaci\u00f3n (INC) cuenta con una nueva sede que fue inaugurada este 4 dae mayo por el Directorio del ente. Este lugar se encarga [&hellip;]<\/p>\n","protected":false},"author":5,"featured_media":50298,"comment_status":"open","ping_status":"open","sticky":false,"template":"","format":"standard","meta":{"_price":"","_stock":"","_tribe_ticket_header":"","_tribe_default_ticket_provider":"","_tribe_ticket_capacity":"0","_ticket_start_date":"","_ticket_end_date":"","_tribe_ticket_show_description":"","_tribe_ticket_show_not_going":false,"_tribe_ticket_use_global_stock":"","_tribe_ticket_global_stock_level":"","_global_stock_mode":"","_global_stock_cap":"","_tribe_rsvp_for_event":"","_tribe_ticket_going_count":"","_tribe_ticket_not_going_count":"","_tribe_tickets_list":"[]","_tribe_ticket_has_attendee_info_fields":false,"h5ap_radio_sources":[],"_jetpack_newsletter_access":"","_jetpack_dont_email_post_to_subs":false,"_jetpack_newsletter_tier_id":0,"_jetpack_memberships_contains_paywalled_content":false,"_jetpack_memberships_contains_paid_content":false,"footnotes":""},"categories":[21,5],"tags":[3718,1497,5274,5264,5266,5270,5276,455,5284,5282,5268,5262,5272,5012,5278,5280],"class_list":["post-50304","post","type-post","status-publish","format-standard","has-post-thumbnail","hentry","category-actualidad","category-ganaderia","tag-asistencia-tecnica","tag-colonos","tag-espacio-moderno","tag-etiqueta","tag-gestion","tag-inauguracion","tag-inc","tag-instituto-nacional-de-colonizacion","tag-interinstitucionalidad-agropecuaria","tag-julio-cardozo","tag-organico","tag-posicionamiento","tag-presidente-del-inc","tag-produccion-ganadera","tag-sede","tag-territorio"],"jetpack_featured_media_url":"https:\/\/i0.wp.com\/lahoradelcampo.com.uy\/site\/wp-content\/uploads\/2023\/05\/INC-SedeSalto.jpg?fit=880%2C440&ssl=1","jetpack_sharing_enabled":true,"jetpack_shortlink":"https:\/\/wp.me\/p99IaT-d5m","jetpack-related-posts":[{"id":53316,"url":"https:\/\/lahoradelcampo.com.uy\/site\/correo-uruguayo-celebra-los-75-anos-del-inc-con-sello-conmemorativo\/","url_meta":{"origin":50304,"position":0},"title":"Correo Uruguayo celebra los 75 a\u00f1os del INC con sello conmemorativo","author":"La Hora del Campo","date":"2 enero, 2024","format":false,"excerpt":"En una ceremonia llevada a cabo en la Sala del Directorio del Instituto Nacional de Colonizaci\u00f3n (INC), el Correo Uruguayo ha presentado un sello personalizado para conmemorar el septuag\u00e9simo quinto aniversario de esta instituci\u00f3n clave en el desarrollo agropecuario del pa\u00eds. El Dr. Vet. Julio C\u00e9sar Cardozo, presidente de Colonizaci\u00f3n,\u2026","rel":"","context":"En \u00abActualidad\u00bb","block_context":{"text":"Actualidad","link":"https:\/\/lahoradelcampo.com.uy\/site\/category\/actualidad\/"},"img":{"alt_text":"","src":"https:\/\/i0.wp.com\/lahoradelcampo.com.uy\/site\/wp-content\/uploads\/2024\/01\/Colonizacion-correo.jpg?fit=880%2C440&ssl=1&resize=350%2C200","width":350,"height":200,"srcset":"https:\/\/i0.wp.com\/lahoradelcampo.com.uy\/site\/wp-content\/uploads\/2024\/01\/Colonizacion-correo.jpg?fit=880%2C440&ssl=1&resize=350%2C200 1x, https:\/\/i0.wp.com\/lahoradelcampo.com.uy\/site\/wp-content\/uploads\/2024\/01\/Colonizacion-correo.jpg?fit=880%2C440&ssl=1&resize=525%2C300 1.5x, https:\/\/i0.wp.com\/lahoradelcampo.com.uy\/site\/wp-content\/uploads\/2024\/01\/Colonizacion-correo.jpg?fit=880%2C440&ssl=1&resize=700%2C400 2x"},"classes":[]},{"id":38171,"url":"https:\/\/lahoradelcampo.com.uy\/site\/colonizacion-adopto-medidas-de-apoyo-a-afectados-por-los-incendios\/","url_meta":{"origin":50304,"position":1},"title":"INC adopto medidas de apoyo a afectados por los incendios","author":"La Hora del Campo","date":"7 enero, 2022","format":false,"excerpt":"El Directorio del INC defini\u00f3, como primera medida, acondicionar una fracci\u00f3n de la Colonia Jos\u00e9 Batlle y Ord\u00f3\u00f1ez para comenzar a proporcionar agua, comida y sombra al ganado desplazado por el incendio que abarc\u00f3 37 mil hect\u00e1reas. La Direcci\u00f3n Nacional de Bomberos comunic\u00f3 que los incendios, que comenzaron el 29\u2026","rel":"","context":"En \u00abActualidad\u00bb","block_context":{"text":"Actualidad","link":"https:\/\/lahoradelcampo.com.uy\/site\/category\/actualidad\/"},"img":{"alt_text":"","src":"https:\/\/i0.wp.com\/lahoradelcampo.com.uy\/site\/wp-content\/uploads\/2020\/05\/Colonizacion.jpg?fit=880%2C440&ssl=1&resize=350%2C200","width":350,"height":200,"srcset":"https:\/\/i0.wp.com\/lahoradelcampo.com.uy\/site\/wp-content\/uploads\/2020\/05\/Colonizacion.jpg?fit=880%2C440&ssl=1&resize=350%2C200 1x, https:\/\/i0.wp.com\/lahoradelcampo.com.uy\/site\/wp-content\/uploads\/2020\/05\/Colonizacion.jpg?fit=880%2C440&ssl=1&resize=525%2C300 1.5x, https:\/\/i0.wp.com\/lahoradelcampo.com.uy\/site\/wp-content\/uploads\/2020\/05\/Colonizacion.jpg?fit=880%2C440&ssl=1&resize=700%2C400 2x"},"classes":[]},{"id":32882,"url":"https:\/\/lahoradelcampo.com.uy\/site\/colonizacion-rechazo-enfaticamente-las-afirmaciones-de-la-fr\/","url_meta":{"origin":50304,"position":2},"title":"Colonizaci\u00f3n rechazo enf\u00e1ticamente \u00ablas afirmaciones de la FR\u00bb","author":"La Hora del Campo","date":"9 agosto, 2021","format":false,"excerpt":"Posteriormente a que el Presidente de la Rep\u00fablica, Dr. Luis Lacalle Pou, anunciara que se destinar\u00eda parte de la recaudaci\u00f3n para el Instituto Nacional de Colonizaci\u00f3n (INC), con el fin de destinarlos a mejorar la calidad de vida de las personas ubicadas en los asentamientos irregulares, se escucharon un n\u00famero\u2026","rel":"","context":"En \u00abActualidad\u00bb","block_context":{"text":"Actualidad","link":"https:\/\/lahoradelcampo.com.uy\/site\/category\/actualidad\/"},"img":{"alt_text":"","src":"https:\/\/i0.wp.com\/lahoradelcampo.com.uy\/site\/wp-content\/uploads\/2020\/05\/Colonizacion.jpg?fit=880%2C440&ssl=1&resize=350%2C200","width":350,"height":200,"srcset":"https:\/\/i0.wp.com\/lahoradelcampo.com.uy\/site\/wp-content\/uploads\/2020\/05\/Colonizacion.jpg?fit=880%2C440&ssl=1&resize=350%2C200 1x, https:\/\/i0.wp.com\/lahoradelcampo.com.uy\/site\/wp-content\/uploads\/2020\/05\/Colonizacion.jpg?fit=880%2C440&ssl=1&resize=525%2C300 1.5x, https:\/\/i0.wp.com\/lahoradelcampo.com.uy\/site\/wp-content\/uploads\/2020\/05\/Colonizacion.jpg?fit=880%2C440&ssl=1&resize=700%2C400 2x"},"classes":[]},{"id":19776,"url":"https:\/\/lahoradelcampo.com.uy\/site\/colonizacion-realiza-inscripciones-para-arrendar-tierras-por-telefono\/","url_meta":{"origin":50304,"position":3},"title":"Colonizaci\u00f3n realiza inscripciones para arrendar tierras por tel\u00e9fono","author":"La Hora del Campo","date":"14 mayo, 2020","format":false,"excerpt":"El Directorio del Instituto Nacional de Colonizaci\u00f3n, encabezados por el recientemente asumido como presidente, Dr. Vet. Julio Cardozo, decidi\u00f3 modificar el procedimiento de inscripci\u00f3n respecto a los llamados abiertos para el arrendamiento de tierras, el cual pasar\u00e1 a realizarse v\u00eda telef\u00f3nica, debido a la emergencia sanitaria por el Covid-19. Procedimiento\u2026","rel":"","context":"En \u00abActualidad\u00bb","block_context":{"text":"Actualidad","link":"https:\/\/lahoradelcampo.com.uy\/site\/category\/actualidad\/"},"img":{"alt_text":"","src":"https:\/\/i0.wp.com\/lahoradelcampo.com.uy\/site\/wp-content\/uploads\/2018\/05\/tierras.jpg?fit=880%2C440&ssl=1&resize=350%2C200","width":350,"height":200,"srcset":"https:\/\/i0.wp.com\/lahoradelcampo.com.uy\/site\/wp-content\/uploads\/2018\/05\/tierras.jpg?fit=880%2C440&ssl=1&resize=350%2C200 1x, https:\/\/i0.wp.com\/lahoradelcampo.com.uy\/site\/wp-content\/uploads\/2018\/05\/tierras.jpg?fit=880%2C440&ssl=1&resize=525%2C300 1.5x, https:\/\/i0.wp.com\/lahoradelcampo.com.uy\/site\/wp-content\/uploads\/2018\/05\/tierras.jpg?fit=880%2C440&ssl=1&resize=700%2C400 2x"},"classes":[]},{"id":53650,"url":"https:\/\/lahoradelcampo.com.uy\/site\/colonos-avanzan-en-productividad-y-el-inc-mantiene-las-rentas\/","url_meta":{"origin":50304,"position":4},"title":"Colonos avanzan en productividad y el INC mantiene las rentas","author":"La Hora del Campo","date":"31 marzo, 2024","format":false,"excerpt":"El Instituto Nacional de Colonizaci\u00f3n (INC) contin\u00faa mostrando progresos significativos en t\u00e9rminos de productividad, sistema de riego y pol\u00edticas de mantenimiento de rentas bajo la direcci\u00f3n de su actual gesti\u00f3n, seg\u00fan inform\u00f3 el Directorio del organismo. La labor del INC en la promoci\u00f3n del desarrollo rural y mejora de la\u2026","rel":"","context":"En \u00abActualidad\u00bb","block_context":{"text":"Actualidad","link":"https:\/\/lahoradelcampo.com.uy\/site\/category\/actualidad\/"},"img":{"alt_text":"","src":"https:\/\/i0.wp.com\/lahoradelcampo.com.uy\/site\/wp-content\/uploads\/2023\/01\/colonizacion-1.jpg?fit=880%2C440&ssl=1&resize=350%2C200","width":350,"height":200,"srcset":"https:\/\/i0.wp.com\/lahoradelcampo.com.uy\/site\/wp-content\/uploads\/2023\/01\/colonizacion-1.jpg?fit=880%2C440&ssl=1&resize=350%2C200 1x, https:\/\/i0.wp.com\/lahoradelcampo.com.uy\/site\/wp-content\/uploads\/2023\/01\/colonizacion-1.jpg?fit=880%2C440&ssl=1&resize=525%2C300 1.5x, https:\/\/i0.wp.com\/lahoradelcampo.com.uy\/site\/wp-content\/uploads\/2023\/01\/colonizacion-1.jpg?fit=880%2C440&ssl=1&resize=700%2C400 2x"},"classes":[]},{"id":42857,"url":"https:\/\/lahoradelcampo.com.uy\/site\/colonizacion-y-ute-brindaran-acceso-a-luz-electrica-a-colonos\/","url_meta":{"origin":50304,"position":5},"title":"Colonizaci\u00f3n y UTE brindar\u00e1n acceso a luz el\u00e9ctrica a colonos","author":"La Hora del Campo","date":"16 junio, 2022","format":false,"excerpt":"El Instituto Nacional de Colonizaci\u00f3n y UTE, firmaron un acuerdo por el cual se brindar\u00e1 acceso a la energ\u00eda el\u00e9ctrica a 230 colonos. El acuerdo se concret\u00f3 este mi\u00e9rcoles en la sede de UTE, donde su Presidenta, Silvia Emaldi, explic\u00f3 que \"es una forma de que m\u00e1s familias se radiquen\u2026","rel":"","context":"En \u00abActualidad\u00bb","block_context":{"text":"Actualidad","link":"https:\/\/lahoradelcampo.com.uy\/site\/category\/actualidad\/"},"img":{"alt_text":"","src":"https:\/\/i0.wp.com\/lahoradelcampo.com.uy\/site\/wp-content\/uploads\/2022\/06\/UTE-Colonizaci%C3%B3n.jpg?fit=880%2C440&ssl=1&resize=350%2C200","width":350,"height":200,"srcset":"https:\/\/i0.wp.com\/lahoradelcampo.com.uy\/site\/wp-content\/uploads\/2022\/06\/UTE-Colonizaci%C3%B3n.jpg?fit=880%2C440&ssl=1&resize=350%2C200 1x, https:\/\/i0.wp.com\/lahoradelcampo.com.uy\/site\/wp-content\/uploads\/2022\/06\/UTE-Colonizaci%C3%B3n.jpg?fit=880%2C440&ssl=1&resize=525%2C300 1.5x, https:\/\/i0.wp.com\/lahoradelcampo.com.uy\/site\/wp-content\/uploads\/2022\/06\/UTE-Colonizaci%C3%B3n.jpg?fit=880%2C440&ssl=1&resize=700%2C400 2x"},"classes":[]}],"jetpack_likes_enabled":true,"_links":{"self":[{"href":"https:\/\/lahoradelcampo.com.uy\/site\/wp-json\/wp\/v2\/posts\/50304","targetHints":{"allow":["GET"]}}],"collection":[{"href":"https:\/\/lahoradelcampo.com.uy\/site\/wp-json\/wp\/v2\/posts"}],"about":[{"href":"https:\/\/lahoradelcampo.com.uy\/site\/wp-json\/wp\/v2\/types\/post"}],"author":[{"embeddable":true,"href":"https:\/\/lahoradelcampo.com.uy\/site\/wp-json\/wp\/v2\/users\/5"}],"replies":[{"embeddable":true,"href":"https:\/\/lahoradelcampo.com.uy\/site\/wp-json\/wp\/v2\/comments?post=50304"}],"version-history":[{"count":1,"href":"https:\/\/lahoradelcampo.com.uy\/site\/wp-json\/wp\/v2\/posts\/50304\/revisions"}],"predecessor-version":[{"id":50308,"href":"https:\/\/lahoradelcampo.com.uy\/site\/wp-json\/wp\/v2\/posts\/50304\/revisions\/50308"}],"wp:featuredmedia":[{"embeddable":true,"href":"https:\/\/lahoradelcampo.com.uy\/site\/wp-json\/wp\/v2\/media\/50298"}],"wp:attachment":[{"href":"https:\/\/lahoradelcampo.com.uy\/site\/wp-json\/wp\/v2\/media?parent=50304"}],"wp:term":[{"taxonomy":"category","embeddable":true,"href":"https:\/\/lahoradelcampo.com.uy\/site\/wp-json\/wp\/v2\/categories?post=50304"},{"taxonomy":"post_tag","embeddable":true,"href":"https:\/\/lahoradelcampo.com.uy\/site\/wp-json\/wp\/v2\/tags?post=50304"}],"curies":[{"name":"wp","href":"https:\/\/api.w.org\/{rel}","templated":true}]}}