{"id":50292,"date":"2023-05-08T08:39:56","date_gmt":"2023-05-08T11:39:56","guid":{"rendered":"http:\/\/lahoradelcampo.com.uy\/site\/?p=50292"},"modified":"2023-05-08T08:43:27","modified_gmt":"2023-05-08T11:43:27","slug":"inia-presenta-libro-sobre-su-aporte-a-las-trayectorias-agroecologicas-en-uruguay","status":"publish","type":"post","link":"https:\/\/lahoradelcampo.com.uy\/site\/inia-presenta-libro-sobre-su-aporte-a-las-trayectorias-agroecologicas-en-uruguay\/","title":{"rendered":"INIA presenta libro sobre su aporte a las trayectorias agroecol\u00f3gicas en Uruguay"},"content":{"rendered":"\n<figure class=\"wp-block-image size-full\"><a href=\"https:\/\/i0.wp.com\/lahoradelcampo.com.uy\/site\/wp-content\/uploads\/2023\/05\/INIA-libro.jpg\"><img data-recalc-dims=\"1\" loading=\"lazy\" decoding=\"async\" width=\"810\" height=\"405\" data-attachment-id=\"50296\" data-permalink=\"https:\/\/lahoradelcampo.com.uy\/site\/inia-presenta-libro-sobre-su-aporte-a-las-trayectorias-agroecologicas-en-uruguay\/inia-libro\/\" data-orig-file=\"https:\/\/i0.wp.com\/lahoradelcampo.com.uy\/site\/wp-content\/uploads\/2023\/05\/INIA-libro.jpg?fit=880%2C440&amp;ssl=1\" data-orig-size=\"880,440\" data-comments-opened=\"1\" data-image-meta=\"{&quot;aperture&quot;:&quot;0&quot;,&quot;credit&quot;:&quot;&quot;,&quot;camera&quot;:&quot;&quot;,&quot;caption&quot;:&quot;&quot;,&quot;created_timestamp&quot;:&quot;0&quot;,&quot;copyright&quot;:&quot;&quot;,&quot;focal_length&quot;:&quot;0&quot;,&quot;iso&quot;:&quot;0&quot;,&quot;shutter_speed&quot;:&quot;0&quot;,&quot;title&quot;:&quot;&quot;,&quot;orientation&quot;:&quot;1&quot;}\" data-image-title=\"INIA-libro\" data-image-description=\"\" data-image-caption=\"\" data-large-file=\"https:\/\/i0.wp.com\/lahoradelcampo.com.uy\/site\/wp-content\/uploads\/2023\/05\/INIA-libro.jpg?fit=810%2C405&amp;ssl=1\" src=\"https:\/\/i0.wp.com\/lahoradelcampo.com.uy\/site\/wp-content\/uploads\/2023\/05\/INIA-libro.jpg?resize=810%2C405\" alt=\"\" class=\"wp-image-50296\" srcset=\"https:\/\/i0.wp.com\/lahoradelcampo.com.uy\/site\/wp-content\/uploads\/2023\/05\/INIA-libro.jpg?w=880&amp;ssl=1 880w, https:\/\/i0.wp.com\/lahoradelcampo.com.uy\/site\/wp-content\/uploads\/2023\/05\/INIA-libro.jpg?resize=300%2C150&amp;ssl=1 300w, https:\/\/i0.wp.com\/lahoradelcampo.com.uy\/site\/wp-content\/uploads\/2023\/05\/INIA-libro.jpg?resize=768%2C384&amp;ssl=1 768w, https:\/\/i0.wp.com\/lahoradelcampo.com.uy\/site\/wp-content\/uploads\/2023\/05\/INIA-libro.jpg?resize=820%2C410&amp;ssl=1 820w\" sizes=\"auto, (max-width: 810px) 100vw, 810px\" \/><\/a><\/figure>\n\n\n\n<p>El Instituto Nacional de Investigaci\u00f3n Agropecuaria (INIA) present\u00f3 su libro \u00abAportes cient\u00edficos y tecnol\u00f3gicos del INIA de Uruguay a las trayectorias agroecol\u00f3gicas\u00bb, en el Palacio Legislativo, donde ministros, senadores, diputados y referentes acad\u00e9micos y agropecuarios del pa\u00eds se reunieron para el lanzamiento.<\/p>\n\n\n\n<p>El libro es un aporte de INIA al proyecto \u00abSistemas Agroecol\u00f3gicos y Resilientes en Uruguay\u00bb del Ministerio de Ganader\u00eda, Agricultura y Pesca y fue financiado por el Banco Mundial. El objetivo de la publicaci\u00f3n es presentar algunas de las contribuciones del instituto, junto a otras entidades, a la generaci\u00f3n de conocimiento y tecnolog\u00edas que aportan a las transiciones agroecol\u00f3gicas en distintos sistemas de producci\u00f3n nacionales, como el ganadero, el agr\u00edcola, el vegetal intensivo, el agr\u00edcola-ganadero, el forestal, el lechero, el arrocero y el familiar.<\/p>\n\n\n\n<p>La apertura del evento estuvo a cargo del presidente de INIA, Jos\u00e9 Bonica; el ministro de Ganader\u00eda Agricultura y Pesca (interino), Ignacio Buffa; la ministra de Econom\u00eda y Finanzas, Azucena Arbeleche, y el ministro de Ambiente, Robert Bouvier. Cada mandante tuvo la oportunidad de comentar la relevancia del tema para la cartera o instituci\u00f3n que lidera y las contribuciones que ha hecho en la materia y que planifica concretar a futuro.<\/p>\n\n\n\n<p>El libro presentado est\u00e1 conformado por cuatro secciones: \u00abTransitando hacia la protecci\u00f3n agroecol\u00f3gica de los cultivos\u00bb, \u00abLa agroecolog\u00eda y el manejo sustentable de los recursos naturales en los sistemas agropecuarios\u00bb, \u00abTecnolog\u00edas con enfoque en la productividad y la calidad\u00bb e \u00abInnovaci\u00f3n en agroecolog\u00eda: intercambios que generan valor\u00bb.<\/p>\n\n\n\n<p>Investigadores y autoridades de INIA, de la Universidad de la Rep\u00fablica, del Instituto de Investigaciones Biol\u00f3gicas Clemente Estable y de la Universidad de Buenos Aires, fueron los responsables de recopilar y describir las tecnolog\u00edas en cada secci\u00f3n. En todos los casos, se trata de soluciones que buscan impactar en alguna de las dimensiones asociadas a las transiciones agroecol\u00f3gicas.<\/p>\n\n\n\n<p>El presidente de INIA, Jos\u00e9 Bonica, expres\u00f3 su satisfacci\u00f3n por el lanzamiento del libro y destac\u00f3 la importancia de la agroecolog\u00eda en la producci\u00f3n y la sostenibilidad. \u00abEl libro es un compendio de tecnolog\u00edas y pr\u00e1cticas agr\u00edcolas que pueden ayudar a producir alimentos de forma m\u00e1s sostenible y a proteger el medio ambiente\u00bb, afirm\u00f3 Bonica.<\/p>\n\n\n\n<p>La presentaci\u00f3n del libro tambi\u00e9n incluy\u00f3 una mesa de reflexi\u00f3n y di\u00e1logo conformada por los presidentes de las comisiones permanentes de Ganader\u00eda, Agricultura y Pesca de las c\u00e1maras de Senadores y de Representantes, Guillermo Domenech y Gonzalo Onetto, respectivamente, y el diputado Nelson Larz\u00e1bal. Cada parlamentario reflexion\u00f3 e hizo comentarios sobre la tem\u00e1tica y de qu\u00e9 manera se est\u00e1 abordando desde la comisi\u00f3n que lidera.<\/p>\n\n\n\n<p>Salto, 8 de mayo de 2023<\/p>\n","protected":false},"excerpt":{"rendered":"<p>El Instituto Nacional de Investigaci\u00f3n Agropecuaria (INIA) present\u00f3 su libro \u00abAportes cient\u00edficos y tecnol\u00f3gicos del INIA de Uruguay a las trayectorias agroecol\u00f3gicas\u00bb, en el Palacio Legislativo, donde ministros, senadores, diputados [&hellip;]<\/p>\n","protected":false},"author":5,"featured_media":50296,"comment_status":"open","ping_status":"open","sticky":false,"template":"","format":"standard","meta":{"_price":"","_stock":"","_tribe_ticket_header":"","_tribe_default_ticket_provider":"","_tribe_ticket_capacity":"0","_ticket_start_date":"","_ticket_end_date":"","_tribe_ticket_show_description":"","_tribe_ticket_show_not_going":false,"_tribe_ticket_use_global_stock":"","_tribe_ticket_global_stock_level":"","_global_stock_mode":"","_global_stock_cap":"","_tribe_rsvp_for_event":"","_tribe_ticket_going_count":"","_tribe_ticket_not_going_count":"","_tribe_tickets_list":"[]","_tribe_ticket_has_attendee_info_fields":false,"h5ap_radio_sources":[],"_jetpack_newsletter_access":"","_jetpack_dont_email_post_to_subs":false,"_jetpack_newsletter_tier_id":0,"_jetpack_memberships_contains_paywalled_content":false,"_jetpack_memberships_contains_paid_content":false,"footnotes":""},"categories":[21,5],"tags":[5256,2265,173,4976,155,5260,3952,4516,5258,83],"class_list":["post-50292","post","type-post","status-publish","format-standard","has-post-thumbnail","hentry","category-actualidad","category-ganaderia","tag-agroecologia","tag-banco-mundial","tag-inia","tag-investigacion-2","tag-produccion","tag-recursos-naturales","tag-sostenibilidad","tag-tecnologias","tag-transiciones-agroecologicas","tag-uruguay"],"jetpack_featured_media_url":"https:\/\/i0.wp.com\/lahoradelcampo.com.uy\/site\/wp-content\/uploads\/2023\/05\/INIA-libro.jpg?fit=880%2C440&ssl=1","jetpack_sharing_enabled":true,"jetpack_shortlink":"https:\/\/wp.me\/p99IaT-d5a","jetpack-related-posts":[{"id":54914,"url":"https:\/\/lahoradelcampo.com.uy\/site\/inia-lanzo-inialog-el-catalogo-digital-queaporta-valor-al-sector-forestal-en-uruguay\/","url_meta":{"origin":50292,"position":0},"title":"INIA lanz\u00f3 INIAlog, el cat\u00e1logo digital queaporta valor al sector forestal en Uruguay","author":"La Hora del Campo","date":"19 octubre, 2024","format":false,"excerpt":"En el din\u00e1mico mundo de la gesti\u00f3n de los recursos\u00a0forestales, la informaci\u00f3n precisa y accesible es fundamental. Es en este contexto que el Instituto Nacional de Investigaci\u00f3n Agropecuaria (INIA) cre\u00f3 INIAlog, un cat\u00e1logo digital innovador que concentra una amplia gama de recursos t\u00e9cnicos y cient\u00edficos desarrollados por el instituto o\u2026","rel":"","context":"En \u00abActualidad\u00bb","block_context":{"text":"Actualidad","link":"https:\/\/lahoradelcampo.com.uy\/site\/category\/actualidad\/"},"img":{"alt_text":"","src":"https:\/\/i0.wp.com\/lahoradelcampo.com.uy\/site\/wp-content\/uploads\/2024\/10\/Forestacion1.jpg?fit=880%2C440&ssl=1&resize=350%2C200","width":350,"height":200,"srcset":"https:\/\/i0.wp.com\/lahoradelcampo.com.uy\/site\/wp-content\/uploads\/2024\/10\/Forestacion1.jpg?fit=880%2C440&ssl=1&resize=350%2C200 1x, https:\/\/i0.wp.com\/lahoradelcampo.com.uy\/site\/wp-content\/uploads\/2024\/10\/Forestacion1.jpg?fit=880%2C440&ssl=1&resize=525%2C300 1.5x, https:\/\/i0.wp.com\/lahoradelcampo.com.uy\/site\/wp-content\/uploads\/2024\/10\/Forestacion1.jpg?fit=880%2C440&ssl=1&resize=700%2C400 2x"},"classes":[]},{"id":40571,"url":"https:\/\/lahoradelcampo.com.uy\/site\/uruguay-debe-cuantificar-las-emisiones-por-cantidad-de-producto\/","url_meta":{"origin":50292,"position":1},"title":"\u00abUruguay debe cuantificar las emisiones por cantidad de producto\u00bb","author":"La Hora del Campo","date":"5 abril, 2022","format":false,"excerpt":"En el marco de la Expo Melilla, arrib\u00f3 al pa\u00eds de la mano del Instituto Nacional de Carnes (INAC) el especialista en temas ambientales Frank Mitloehner. En su visita al pa\u00eds tambi\u00e9n recorri\u00f3 las instalaciones de la Central de Pruebas de Kiy\u00fa, donde el Instituto Nacional de Investigaci\u00f3n Agropecuaria (INIA)\u2026","rel":"","context":"En \u00abActualidad\u00bb","block_context":{"text":"Actualidad","link":"https:\/\/lahoradelcampo.com.uy\/site\/category\/actualidad\/"},"img":{"alt_text":"","src":"https:\/\/i0.wp.com\/lahoradelcampo.com.uy\/site\/wp-content\/uploads\/2022\/04\/INIA-Ciappesoni.jpg?fit=880%2C440&ssl=1&resize=350%2C200","width":350,"height":200,"srcset":"https:\/\/i0.wp.com\/lahoradelcampo.com.uy\/site\/wp-content\/uploads\/2022\/04\/INIA-Ciappesoni.jpg?fit=880%2C440&ssl=1&resize=350%2C200 1x, https:\/\/i0.wp.com\/lahoradelcampo.com.uy\/site\/wp-content\/uploads\/2022\/04\/INIA-Ciappesoni.jpg?fit=880%2C440&ssl=1&resize=525%2C300 1.5x, https:\/\/i0.wp.com\/lahoradelcampo.com.uy\/site\/wp-content\/uploads\/2022\/04\/INIA-Ciappesoni.jpg?fit=880%2C440&ssl=1&resize=700%2C400 2x"},"classes":[]},{"id":46099,"url":"https:\/\/lahoradelcampo.com.uy\/site\/la-ciencia-uruguaya-en-las-lanas-finas-despertaron-el-interes-de-gucci\/","url_meta":{"origin":50292,"position":2},"title":"La ciencia uruguaya en las lanas finas despertaron el inter\u00e9s de Gucci","author":"La Hora del Campo","date":"4 octubre, 2022","format":false,"excerpt":"Lanas finas uruguayas ser\u00e1n materia prima de las prendas Gucci luego de que la productora nacional Gabriela Bordabehere recibiera el premio Acci\u00f3n Clim\u00e1tica en la Semana de la Moda Sostenible de Mil\u00e1n. Esta doble distinci\u00f3n resulta del trabajo realizado por la ingeniera agr\u00f3noma en los predios \"La Soledad\" y \"Manantiales\"\u2026","rel":"","context":"En \u00abActualidad\u00bb","block_context":{"text":"Actualidad","link":"https:\/\/lahoradelcampo.com.uy\/site\/category\/actualidad\/"},"img":{"alt_text":"","src":"https:\/\/i0.wp.com\/lahoradelcampo.com.uy\/site\/wp-content\/uploads\/2021\/11\/lana-wool.jpg?fit=880%2C440&ssl=1&resize=350%2C200","width":350,"height":200,"srcset":"https:\/\/i0.wp.com\/lahoradelcampo.com.uy\/site\/wp-content\/uploads\/2021\/11\/lana-wool.jpg?fit=880%2C440&ssl=1&resize=350%2C200 1x, https:\/\/i0.wp.com\/lahoradelcampo.com.uy\/site\/wp-content\/uploads\/2021\/11\/lana-wool.jpg?fit=880%2C440&ssl=1&resize=525%2C300 1.5x, https:\/\/i0.wp.com\/lahoradelcampo.com.uy\/site\/wp-content\/uploads\/2021\/11\/lana-wool.jpg?fit=880%2C440&ssl=1&resize=700%2C400 2x"},"classes":[]},{"id":19680,"url":"https:\/\/lahoradelcampo.com.uy\/site\/jose-bonica-asumio-como-presidente-de-inia\/","url_meta":{"origin":50292,"position":3},"title":"Jos\u00e9 Bonica asumi\u00f3 como presidente de INIA","author":"La Hora del Campo","date":"12 mayo, 2020","format":false,"excerpt":"Ante la presencia del ministro de Ganader\u00eda, Agricultura y Pesca, Ing. Agr. Carlos Mar\u00eda Uriarte, y del subsecretario, Ing. Agr. Juan Ignacio Buffa, se realiz\u00f3 el acto de asunci\u00f3n del Ing. Agr. Jos\u00e9 Bonica y el Ing. Agr. (PhD) Walter Baethgen como nuevos presidente y vicepresidente respectivamente del Instituto Nacional\u2026","rel":"","context":"En \u00abActualidad\u00bb","block_context":{"text":"Actualidad","link":"https:\/\/lahoradelcampo.com.uy\/site\/category\/actualidad\/"},"img":{"alt_text":"","src":"https:\/\/i0.wp.com\/lahoradelcampo.com.uy\/site\/wp-content\/uploads\/2020\/05\/autoridades-inia.jpg?fit=880%2C440&ssl=1&resize=350%2C200","width":350,"height":200,"srcset":"https:\/\/i0.wp.com\/lahoradelcampo.com.uy\/site\/wp-content\/uploads\/2020\/05\/autoridades-inia.jpg?fit=880%2C440&ssl=1&resize=350%2C200 1x, https:\/\/i0.wp.com\/lahoradelcampo.com.uy\/site\/wp-content\/uploads\/2020\/05\/autoridades-inia.jpg?fit=880%2C440&ssl=1&resize=525%2C300 1.5x, https:\/\/i0.wp.com\/lahoradelcampo.com.uy\/site\/wp-content\/uploads\/2020\/05\/autoridades-inia.jpg?fit=880%2C440&ssl=1&resize=700%2C400 2x"},"classes":[]},{"id":23476,"url":"https:\/\/lahoradelcampo.com.uy\/site\/inia-con-un-stand-dedicado-a-la-salud-y-al-aire-libre\/","url_meta":{"origin":50292,"position":4},"title":"INIA con un stand dedicado a la salud y al aire libre","author":"La Hora del Campo","date":"14 septiembre, 2020","format":false,"excerpt":"Este a\u00f1o el Instituto Nacional de Investigaci\u00f3n Agropecuaria (INIA) participa en la Expo Prado 2020 con un stand renovado y dedicado al concepto de Una sola salud, y el martes 15 a las 14.00 horas se realizar\u00e1 la mesa debate INIA con la participaci\u00f3n de destacados actores del sector c\u00e1rnico\u2026","rel":"","context":"En \u00abActualidad\u00bb","block_context":{"text":"Actualidad","link":"https:\/\/lahoradelcampo.com.uy\/site\/category\/actualidad\/"},"img":{"alt_text":"","src":"https:\/\/i0.wp.com\/lahoradelcampo.com.uy\/site\/wp-content\/uploads\/2020\/09\/INIA-PRADO.jpg?fit=880%2C440&ssl=1&resize=350%2C200","width":350,"height":200,"srcset":"https:\/\/i0.wp.com\/lahoradelcampo.com.uy\/site\/wp-content\/uploads\/2020\/09\/INIA-PRADO.jpg?fit=880%2C440&ssl=1&resize=350%2C200 1x, https:\/\/i0.wp.com\/lahoradelcampo.com.uy\/site\/wp-content\/uploads\/2020\/09\/INIA-PRADO.jpg?fit=880%2C440&ssl=1&resize=525%2C300 1.5x, https:\/\/i0.wp.com\/lahoradelcampo.com.uy\/site\/wp-content\/uploads\/2020\/09\/INIA-PRADO.jpg?fit=880%2C440&ssl=1&resize=700%2C400 2x"},"classes":[]},{"id":42755,"url":"https:\/\/lahoradelcampo.com.uy\/site\/avances-de-uruguay-en-su-ganaderia-son-un-distintivo-a-nivel-mundial\/","url_meta":{"origin":50292,"position":5},"title":"Avances de Uruguay en su ganader\u00eda son un distintivo a nivel mundial","author":"La Hora del Campo","date":"14 junio, 2022","format":false,"excerpt":"La visi\u00f3n integral del animal en el sistema, las evaluaciones gen\u00e9ticas de larga data y la sinergia de la investigaci\u00f3n con los productores son algunas de las cualidades que diferencian el trabajo que ha hecho Uruguay para que su ganader\u00eda progrese y sea m\u00e1s competitiva. Tambi\u00e9n son las caracter\u00edsticas que\u2026","rel":"","context":"En \u00abActualidad\u00bb","block_context":{"text":"Actualidad","link":"https:\/\/lahoradelcampo.com.uy\/site\/category\/actualidad\/"},"img":{"alt_text":"","src":"https:\/\/i0.wp.com\/lahoradelcampo.com.uy\/site\/wp-content\/uploads\/2022\/06\/INIA-ellynavajas.jpg?fit=880%2C440&ssl=1&resize=350%2C200","width":350,"height":200,"srcset":"https:\/\/i0.wp.com\/lahoradelcampo.com.uy\/site\/wp-content\/uploads\/2022\/06\/INIA-ellynavajas.jpg?fit=880%2C440&ssl=1&resize=350%2C200 1x, https:\/\/i0.wp.com\/lahoradelcampo.com.uy\/site\/wp-content\/uploads\/2022\/06\/INIA-ellynavajas.jpg?fit=880%2C440&ssl=1&resize=525%2C300 1.5x, https:\/\/i0.wp.com\/lahoradelcampo.com.uy\/site\/wp-content\/uploads\/2022\/06\/INIA-ellynavajas.jpg?fit=880%2C440&ssl=1&resize=700%2C400 2x"},"classes":[]}],"jetpack_likes_enabled":true,"_links":{"self":[{"href":"https:\/\/lahoradelcampo.com.uy\/site\/wp-json\/wp\/v2\/posts\/50292","targetHints":{"allow":["GET"]}}],"collection":[{"href":"https:\/\/lahoradelcampo.com.uy\/site\/wp-json\/wp\/v2\/posts"}],"about":[{"href":"https:\/\/lahoradelcampo.com.uy\/site\/wp-json\/wp\/v2\/types\/post"}],"author":[{"embeddable":true,"href":"https:\/\/lahoradelcampo.com.uy\/site\/wp-json\/wp\/v2\/users\/5"}],"replies":[{"embeddable":true,"href":"https:\/\/lahoradelcampo.com.uy\/site\/wp-json\/wp\/v2\/comments?post=50292"}],"version-history":[{"count":1,"href":"https:\/\/lahoradelcampo.com.uy\/site\/wp-json\/wp\/v2\/posts\/50292\/revisions"}],"predecessor-version":[{"id":50306,"href":"https:\/\/lahoradelcampo.com.uy\/site\/wp-json\/wp\/v2\/posts\/50292\/revisions\/50306"}],"wp:featuredmedia":[{"embeddable":true,"href":"https:\/\/lahoradelcampo.com.uy\/site\/wp-json\/wp\/v2\/media\/50296"}],"wp:attachment":[{"href":"https:\/\/lahoradelcampo.com.uy\/site\/wp-json\/wp\/v2\/media?parent=50292"}],"wp:term":[{"taxonomy":"category","embeddable":true,"href":"https:\/\/lahoradelcampo.com.uy\/site\/wp-json\/wp\/v2\/categories?post=50292"},{"taxonomy":"post_tag","embeddable":true,"href":"https:\/\/lahoradelcampo.com.uy\/site\/wp-json\/wp\/v2\/tags?post=50292"}],"curies":[{"name":"wp","href":"https:\/\/api.w.org\/{rel}","templated":true}]}}