{"id":50284,"date":"2023-05-08T08:24:37","date_gmt":"2023-05-08T11:24:37","guid":{"rendered":"http:\/\/lahoradelcampo.com.uy\/site\/?p=50284"},"modified":"2023-05-08T08:30:08","modified_gmt":"2023-05-08T11:30:08","slug":"julio-con-intensa-actividad-de-criollos-en-artigas","status":"publish","type":"post","link":"https:\/\/lahoradelcampo.com.uy\/site\/julio-con-intensa-actividad-de-criollos-en-artigas\/","title":{"rendered":"Julio con intensa actividad de criollos en Artigas"},"content":{"rendered":"\n<figure class=\"wp-block-image size-full\"><a href=\"https:\/\/i0.wp.com\/lahoradelcampo.com.uy\/site\/wp-content\/uploads\/2020\/08\/criolloswebpaleteadas.jpg\"><img data-recalc-dims=\"1\" loading=\"lazy\" decoding=\"async\" width=\"810\" height=\"405\" data-attachment-id=\"22336\" data-permalink=\"https:\/\/lahoradelcampo.com.uy\/site\/es-un-honor-para-salto-haber-tenido-la-clasificatoria-al-freno-de-oro\/criolloswebpaleteadas\/\" data-orig-file=\"https:\/\/i0.wp.com\/lahoradelcampo.com.uy\/site\/wp-content\/uploads\/2020\/08\/criolloswebpaleteadas.jpg?fit=880%2C440&amp;ssl=1\" data-orig-size=\"880,440\" data-comments-opened=\"1\" data-image-meta=\"{&quot;aperture&quot;:&quot;0&quot;,&quot;credit&quot;:&quot;&quot;,&quot;camera&quot;:&quot;&quot;,&quot;caption&quot;:&quot;&quot;,&quot;created_timestamp&quot;:&quot;0&quot;,&quot;copyright&quot;:&quot;&quot;,&quot;focal_length&quot;:&quot;0&quot;,&quot;iso&quot;:&quot;0&quot;,&quot;shutter_speed&quot;:&quot;0&quot;,&quot;title&quot;:&quot;&quot;,&quot;orientation&quot;:&quot;1&quot;}\" data-image-title=\"criolloswebpaleteadas\" data-image-description=\"\" data-image-caption=\"\" data-large-file=\"https:\/\/i0.wp.com\/lahoradelcampo.com.uy\/site\/wp-content\/uploads\/2020\/08\/criolloswebpaleteadas.jpg?fit=810%2C405&amp;ssl=1\" src=\"https:\/\/i0.wp.com\/lahoradelcampo.com.uy\/site\/wp-content\/uploads\/2020\/08\/criolloswebpaleteadas.jpg?resize=810%2C405\" alt=\"\" class=\"wp-image-22336\" srcset=\"https:\/\/i0.wp.com\/lahoradelcampo.com.uy\/site\/wp-content\/uploads\/2020\/08\/criolloswebpaleteadas.jpg?w=880&amp;ssl=1 880w, https:\/\/i0.wp.com\/lahoradelcampo.com.uy\/site\/wp-content\/uploads\/2020\/08\/criolloswebpaleteadas.jpg?resize=300%2C150&amp;ssl=1 300w, https:\/\/i0.wp.com\/lahoradelcampo.com.uy\/site\/wp-content\/uploads\/2020\/08\/criolloswebpaleteadas.jpg?resize=768%2C384&amp;ssl=1 768w, https:\/\/i0.wp.com\/lahoradelcampo.com.uy\/site\/wp-content\/uploads\/2020\/08\/criolloswebpaleteadas.jpg?resize=820%2C410&amp;ssl=1 820w\" sizes=\"auto, (max-width: 810px) 100vw, 810px\" \/><\/a><\/figure>\n\n\n\n<p>La Agremiaci\u00f3n de Criadores de Caballos Criollos de Artigas anuncia tres actividades destacadas para el \u00faltimo fin de semana de julio de 2023 en el Local Chiflero de la Asociaci\u00f3n Agropecuaria de Artigas.<br>El viernes 28 y el s\u00e1bado 29 de julio se llevar\u00e1 a cabo el Redom\u00f3n, una clasificatoria a la Doma de Oro. Las inscripciones ya est\u00e1n abiertas, y todos los interesados en participar pueden inscribirse.<\/p>\n\n\n\n<p>El s\u00e1bado 29 de julio tambi\u00e9n habr\u00e1 Paleteadas Brasileras, pero los cupos son limitados, as\u00ed que se recomienda inscribirse lo antes posible. El costo de la inscripci\u00f3n es de US$ 100 por yunta.<\/p>\n\n\n\n<p>Del 28 al 30 de julio se realizar\u00e1 la Marchita, otra de las actividades destacadas del fin de semana. Las inscripciones tambi\u00e9n est\u00e1n abiertas, con precios que van desde US$ 150 por un solo caballo hasta US$ 300 por tres caballos. En total, habr\u00e1 US$ 1.300 en premios.<\/p>\n\n\n\n<p>Para aquellos interesados en participar en alguna de estas actividades, se pueden contactar con Gast\u00f3n Araujo al 099771295 o con Mauro Villamor al 099773211.<\/p>\n\n\n\n<p>Salto, 8 de mayo de 2023<\/p>\n","protected":false},"excerpt":{"rendered":"<p>La Agremiaci\u00f3n de Criadores de Caballos Criollos de Artigas anuncia tres actividades destacadas para el \u00faltimo fin de semana de julio de 2023 en el Local Chiflero de la Asociaci\u00f3n [&hellip;]<\/p>\n","protected":false},"author":5,"featured_media":22336,"comment_status":"open","ping_status":"open","sticky":false,"template":"","format":"standard","meta":{"_price":"","_stock":"","_tribe_ticket_header":"","_tribe_default_ticket_provider":"","_tribe_ticket_capacity":"0","_ticket_start_date":"","_ticket_end_date":"","_tribe_ticket_show_description":"","_tribe_ticket_show_not_going":false,"_tribe_ticket_use_global_stock":"","_tribe_ticket_global_stock_level":"","_global_stock_mode":"","_global_stock_cap":"","_tribe_rsvp_for_event":"","_tribe_ticket_going_count":"","_tribe_ticket_not_going_count":"","_tribe_tickets_list":"[]","_tribe_ticket_has_attendee_info_fields":false,"h5ap_radio_sources":[],"_jetpack_newsletter_access":"","_jetpack_dont_email_post_to_subs":false,"_jetpack_newsletter_tier_id":0,"_jetpack_memberships_contains_paywalled_content":false,"_jetpack_memberships_contains_paid_content":false,"footnotes":""},"categories":[21,23],"tags":[5230,353,835,5236,3432,5232,627,5238,5240,5234],"class_list":["post-50284","post","type-post","status-publish","format-standard","has-post-thumbnail","hentry","category-actualidad","category-equinos","tag-agremiacion-de-criadores-de-caballos-criollos","tag-artigas","tag-asociacion-agropecuaria-de-artigas","tag-doma-de-oro","tag-inscripciones-abiertas","tag-local-chiflero","tag-marchita","tag-paleteadas-brasileras","tag-premios-en-efectivo","tag-redomon"],"jetpack_featured_media_url":"https:\/\/i0.wp.com\/lahoradelcampo.com.uy\/site\/wp-content\/uploads\/2020\/08\/criolloswebpaleteadas.jpg?fit=880%2C440&ssl=1","jetpack_sharing_enabled":true,"jetpack_shortlink":"https:\/\/wp.me\/p99IaT-d52","jetpack-related-posts":[{"id":51674,"url":"https:\/\/lahoradelcampo.com.uy\/site\/criollistas-de-artigas-mejoran-la-pista-y-agendan-actividades-a-fines-de-julio\/","url_meta":{"origin":50284,"position":0},"title":"Criollistas de Artigas, mejoran la pista y agendan actividades a fines de julio","author":"La Hora del Campo","date":"6 julio, 2023","format":false,"excerpt":"Mauro Villamor, presidente de la Agremiaci\u00f3n de Criadores de Caballos Criollos de Artigas, anunci\u00f3 una serie de actividades que se llevar\u00e1n a cabo en este mes de julio en la capital norte\u00f1a. Entre ellas, destaca la importante reforma que se est\u00e1 llevando adelante en la pista del local de la\u2026","rel":"","context":"En \u00abActualidad\u00bb","block_context":{"text":"Actualidad","link":"https:\/\/lahoradelcampo.com.uy\/site\/category\/actualidad\/"},"img":{"alt_text":"","src":"https:\/\/i0.wp.com\/lahoradelcampo.com.uy\/site\/wp-content\/uploads\/2023\/07\/MauroVillamor.jpg?fit=880%2C440&ssl=1&resize=350%2C200","width":350,"height":200,"srcset":"https:\/\/i0.wp.com\/lahoradelcampo.com.uy\/site\/wp-content\/uploads\/2023\/07\/MauroVillamor.jpg?fit=880%2C440&ssl=1&resize=350%2C200 1x, https:\/\/i0.wp.com\/lahoradelcampo.com.uy\/site\/wp-content\/uploads\/2023\/07\/MauroVillamor.jpg?fit=880%2C440&ssl=1&resize=525%2C300 1.5x, https:\/\/i0.wp.com\/lahoradelcampo.com.uy\/site\/wp-content\/uploads\/2023\/07\/MauroVillamor.jpg?fit=880%2C440&ssl=1&resize=700%2C400 2x"},"classes":[]},{"id":53718,"url":"https:\/\/lahoradelcampo.com.uy\/site\/el-19-de-mayo-se-larga-la-marcha-de-caballos-criollos\/","url_meta":{"origin":50284,"position":1},"title":"El 19 de mayo se larga la marcha de caballos criollos","author":"La Hora del Campo","date":"5 abril, 2024","format":false,"excerpt":"La prueba m\u00e1s importante de la Sociedad de Criadores de Caballos del Uruguay (SCCCU), la Marcha Funcional en su quincuag\u00e9simo tercera edici\u00f3n, se desarrollar\u00e1 este a\u00f1o del domingo 19 de mayo al 2 de junio en el departamento de Artigas, con el local Chiflero de la Asociaci\u00f3n Agropecuaria de Artigas,\u2026","rel":"","context":"En \u00abActualidad\u00bb","block_context":{"text":"Actualidad","link":"https:\/\/lahoradelcampo.com.uy\/site\/category\/actualidad\/"},"img":{"alt_text":"","src":"https:\/\/i0.wp.com\/lahoradelcampo.com.uy\/site\/wp-content\/uploads\/2017\/10\/Criollos-marcheros.jpg?fit=880%2C440&ssl=1&resize=350%2C200","width":350,"height":200,"srcset":"https:\/\/i0.wp.com\/lahoradelcampo.com.uy\/site\/wp-content\/uploads\/2017\/10\/Criollos-marcheros.jpg?fit=880%2C440&ssl=1&resize=350%2C200 1x, https:\/\/i0.wp.com\/lahoradelcampo.com.uy\/site\/wp-content\/uploads\/2017\/10\/Criollos-marcheros.jpg?fit=880%2C440&ssl=1&resize=525%2C300 1.5x, https:\/\/i0.wp.com\/lahoradelcampo.com.uy\/site\/wp-content\/uploads\/2017\/10\/Criollos-marcheros.jpg?fit=880%2C440&ssl=1&resize=700%2C400 2x"},"classes":[]},{"id":47295,"url":"https:\/\/lahoradelcampo.com.uy\/site\/la-final-de-domadores-de-criollos-se-realiza-en-salto\/","url_meta":{"origin":50284,"position":2},"title":"La final de Domadores de Criollos se realiza en Salto","author":"La Hora del Campo","date":"28 noviembre, 2022","format":false,"excerpt":"Durante los d\u00edas 10 y 11 de diciembre se realizar\u00e1 en Salto, la final del Campeonato Nacional de Domadores, que tendr\u00e1 lugar en el predio de la Asociaci\u00f3n Agropecuaria de Salto. En esta oportunidad se tendr\u00e1n premios tanto para las dos categor\u00edas que ir\u00e1n desde los US$ 500 para el\u2026","rel":"","context":"En \u00abActualidad\u00bb","block_context":{"text":"Actualidad","link":"https:\/\/lahoradelcampo.com.uy\/site\/category\/actualidad\/"},"img":{"alt_text":"","src":"https:\/\/i0.wp.com\/lahoradelcampo.com.uy\/site\/wp-content\/uploads\/2021\/11\/domadorescriollos.jpg?fit=880%2C440&ssl=1&resize=350%2C200","width":350,"height":200,"srcset":"https:\/\/i0.wp.com\/lahoradelcampo.com.uy\/site\/wp-content\/uploads\/2021\/11\/domadorescriollos.jpg?fit=880%2C440&ssl=1&resize=350%2C200 1x, https:\/\/i0.wp.com\/lahoradelcampo.com.uy\/site\/wp-content\/uploads\/2021\/11\/domadorescriollos.jpg?fit=880%2C440&ssl=1&resize=525%2C300 1.5x, https:\/\/i0.wp.com\/lahoradelcampo.com.uy\/site\/wp-content\/uploads\/2021\/11\/domadorescriollos.jpg?fit=880%2C440&ssl=1&resize=700%2C400 2x"},"classes":[]},{"id":55910,"url":"https:\/\/lahoradelcampo.com.uy\/site\/criollistas-cierran-el-mes-con-varias-actividades-en-salto\/","url_meta":{"origin":50284,"position":3},"title":"Criollistas cierran el mes con varias actividades en Salto","author":"La Hora del Campo","date":"18 abril, 2025","format":false,"excerpt":"La Sociedad de criadores de caballos Criollos del Uruguay y la Agremiaci\u00f3n de criadores de caballos Criollos de Salto, tienen previstas varias actividades para el cierre del mes de abril en Salto. Adem\u00e1s de las inspecciones que ya iniciaron la pasada semana, se realizar\u00e1 en el departamento la segunda fecha\u2026","rel":"","context":"En \u00abActualidad\u00bb","block_context":{"text":"Actualidad","link":"https:\/\/lahoradelcampo.com.uy\/site\/category\/actualidad\/"},"img":{"alt_text":"","src":"https:\/\/i0.wp.com\/lahoradelcampo.com.uy\/site\/wp-content\/uploads\/2025\/04\/criollos-marchas.jpg?fit=880%2C440&ssl=1&resize=350%2C200","width":350,"height":200,"srcset":"https:\/\/i0.wp.com\/lahoradelcampo.com.uy\/site\/wp-content\/uploads\/2025\/04\/criollos-marchas.jpg?fit=880%2C440&ssl=1&resize=350%2C200 1x, https:\/\/i0.wp.com\/lahoradelcampo.com.uy\/site\/wp-content\/uploads\/2025\/04\/criollos-marchas.jpg?fit=880%2C440&ssl=1&resize=525%2C300 1.5x, https:\/\/i0.wp.com\/lahoradelcampo.com.uy\/site\/wp-content\/uploads\/2025\/04\/criollos-marchas.jpg?fit=880%2C440&ssl=1&resize=700%2C400 2x"},"classes":[]},{"id":36007,"url":"https:\/\/lahoradelcampo.com.uy\/site\/intensa-actividad-del-caballo-criollo-este-fin-de-semana-en-salto\/","url_meta":{"origin":50284,"position":4},"title":"Intensa actividad del caballo criollo este fin de semana en Salto","author":"La Hora del Campo","date":"28 octubre, 2021","format":false,"excerpt":"Durante el fin de semana, viernes 29, s\u00e1bado 30 y domingo 31 de octubre, se realizar\u00e1 en el predio de la Asociaci\u00f3n Agropecuaria de Salto, una intensa actividad organizada por la Agremiaci\u00f3n de Criadores de Caballos Criollos de Salto. El viernes ingresan los animales al predio y se realiza la\u2026","rel":"","context":"En \u00abActualidad\u00bb","block_context":{"text":"Actualidad","link":"https:\/\/lahoradelcampo.com.uy\/site\/category\/actualidad\/"},"img":{"alt_text":"","src":"https:\/\/i0.wp.com\/lahoradelcampo.com.uy\/site\/wp-content\/uploads\/2020\/08\/criolloswebpaleteadas.jpg?fit=880%2C440&ssl=1&resize=350%2C200","width":350,"height":200,"srcset":"https:\/\/i0.wp.com\/lahoradelcampo.com.uy\/site\/wp-content\/uploads\/2020\/08\/criolloswebpaleteadas.jpg?fit=880%2C440&ssl=1&resize=350%2C200 1x, https:\/\/i0.wp.com\/lahoradelcampo.com.uy\/site\/wp-content\/uploads\/2020\/08\/criolloswebpaleteadas.jpg?fit=880%2C440&ssl=1&resize=525%2C300 1.5x, https:\/\/i0.wp.com\/lahoradelcampo.com.uy\/site\/wp-content\/uploads\/2020\/08\/criolloswebpaleteadas.jpg?fit=880%2C440&ssl=1&resize=700%2C400 2x"},"classes":[]},{"id":43885,"url":"https:\/\/lahoradelcampo.com.uy\/site\/2da-fecha-del-campeonato-nacional-de-enduro-se-corre-en-salto\/","url_meta":{"origin":50284,"position":5},"title":"2da Fecha del Campeonato Nacional de Enduro se corre en Salto","author":"La Hora del Campo","date":"16 julio, 2022","format":false,"excerpt":"El viernes 12 y s\u00e1bado 13 de agosto se correr\u00e1 en Salto, la segunda fecha del Campeonato Nacional de Enduro organizado por la Sociedad de Criadores de Caballos Criollos del Uruguay (SCCCU). Seg\u00fan informa la gremial, se abrieron las pre-inscripciones con descuento para los participantes hasta el 8 de agosto.\u2026","rel":"","context":"En \u00abActualidad\u00bb","block_context":{"text":"Actualidad","link":"https:\/\/lahoradelcampo.com.uy\/site\/category\/actualidad\/"},"img":{"alt_text":"","src":"https:\/\/i0.wp.com\/lahoradelcampo.com.uy\/site\/wp-content\/uploads\/2022\/07\/Criollos-Enduro.jpg?fit=880%2C440&ssl=1&resize=350%2C200","width":350,"height":200,"srcset":"https:\/\/i0.wp.com\/lahoradelcampo.com.uy\/site\/wp-content\/uploads\/2022\/07\/Criollos-Enduro.jpg?fit=880%2C440&ssl=1&resize=350%2C200 1x, https:\/\/i0.wp.com\/lahoradelcampo.com.uy\/site\/wp-content\/uploads\/2022\/07\/Criollos-Enduro.jpg?fit=880%2C440&ssl=1&resize=525%2C300 1.5x, https:\/\/i0.wp.com\/lahoradelcampo.com.uy\/site\/wp-content\/uploads\/2022\/07\/Criollos-Enduro.jpg?fit=880%2C440&ssl=1&resize=700%2C400 2x"},"classes":[]}],"jetpack_likes_enabled":true,"_links":{"self":[{"href":"https:\/\/lahoradelcampo.com.uy\/site\/wp-json\/wp\/v2\/posts\/50284","targetHints":{"allow":["GET"]}}],"collection":[{"href":"https:\/\/lahoradelcampo.com.uy\/site\/wp-json\/wp\/v2\/posts"}],"about":[{"href":"https:\/\/lahoradelcampo.com.uy\/site\/wp-json\/wp\/v2\/types\/post"}],"author":[{"embeddable":true,"href":"https:\/\/lahoradelcampo.com.uy\/site\/wp-json\/wp\/v2\/users\/5"}],"replies":[{"embeddable":true,"href":"https:\/\/lahoradelcampo.com.uy\/site\/wp-json\/wp\/v2\/comments?post=50284"}],"version-history":[{"count":1,"href":"https:\/\/lahoradelcampo.com.uy\/site\/wp-json\/wp\/v2\/posts\/50284\/revisions"}],"predecessor-version":[{"id":50288,"href":"https:\/\/lahoradelcampo.com.uy\/site\/wp-json\/wp\/v2\/posts\/50284\/revisions\/50288"}],"wp:featuredmedia":[{"embeddable":true,"href":"https:\/\/lahoradelcampo.com.uy\/site\/wp-json\/wp\/v2\/media\/22336"}],"wp:attachment":[{"href":"https:\/\/lahoradelcampo.com.uy\/site\/wp-json\/wp\/v2\/media?parent=50284"}],"wp:term":[{"taxonomy":"category","embeddable":true,"href":"https:\/\/lahoradelcampo.com.uy\/site\/wp-json\/wp\/v2\/categories?post=50284"},{"taxonomy":"post_tag","embeddable":true,"href":"https:\/\/lahoradelcampo.com.uy\/site\/wp-json\/wp\/v2\/tags?post=50284"}],"curies":[{"name":"wp","href":"https:\/\/api.w.org\/{rel}","templated":true}]}}