{"id":50280,"date":"2023-05-08T08:19:15","date_gmt":"2023-05-08T11:19:15","guid":{"rendered":"http:\/\/lahoradelcampo.com.uy\/site\/?p=50280"},"modified":"2023-05-08T08:19:43","modified_gmt":"2023-05-08T11:19:43","slug":"apicultores-accederan-a-credito-de-hasta-300-dolares-por-tanque-de-miel","status":"publish","type":"post","link":"https:\/\/lahoradelcampo.com.uy\/site\/apicultores-accederan-a-credito-de-hasta-300-dolares-por-tanque-de-miel\/","title":{"rendered":"Apicultores acceder\u00e1n a cr\u00e9dito de hasta 300 d\u00f3lares por tanque de miel"},"content":{"rendered":"\n<figure class=\"wp-block-image size-full\"><a href=\"https:\/\/i0.wp.com\/lahoradelcampo.com.uy\/site\/wp-content\/uploads\/2023\/01\/apicola1.jpg\"><img data-recalc-dims=\"1\" loading=\"lazy\" decoding=\"async\" width=\"810\" height=\"405\" data-attachment-id=\"48293\" data-permalink=\"https:\/\/lahoradelcampo.com.uy\/site\/mgap-trabaja-en-la-habilitacion-de-creditos-para-el-sector-apicola\/apicola1\/\" data-orig-file=\"https:\/\/i0.wp.com\/lahoradelcampo.com.uy\/site\/wp-content\/uploads\/2023\/01\/apicola1.jpg?fit=880%2C440&amp;ssl=1\" data-orig-size=\"880,440\" data-comments-opened=\"1\" data-image-meta=\"{&quot;aperture&quot;:&quot;0&quot;,&quot;credit&quot;:&quot;&quot;,&quot;camera&quot;:&quot;&quot;,&quot;caption&quot;:&quot;&quot;,&quot;created_timestamp&quot;:&quot;0&quot;,&quot;copyright&quot;:&quot;&quot;,&quot;focal_length&quot;:&quot;0&quot;,&quot;iso&quot;:&quot;0&quot;,&quot;shutter_speed&quot;:&quot;0&quot;,&quot;title&quot;:&quot;&quot;,&quot;orientation&quot;:&quot;1&quot;}\" data-image-title=\"apicola1\" data-image-description=\"\" data-image-caption=\"\" data-large-file=\"https:\/\/i0.wp.com\/lahoradelcampo.com.uy\/site\/wp-content\/uploads\/2023\/01\/apicola1.jpg?fit=810%2C405&amp;ssl=1\" src=\"https:\/\/i0.wp.com\/lahoradelcampo.com.uy\/site\/wp-content\/uploads\/2023\/01\/apicola1.jpg?resize=810%2C405\" alt=\"\" class=\"wp-image-48293\" srcset=\"https:\/\/i0.wp.com\/lahoradelcampo.com.uy\/site\/wp-content\/uploads\/2023\/01\/apicola1.jpg?w=880&amp;ssl=1 880w, https:\/\/i0.wp.com\/lahoradelcampo.com.uy\/site\/wp-content\/uploads\/2023\/01\/apicola1.jpg?resize=300%2C150&amp;ssl=1 300w, https:\/\/i0.wp.com\/lahoradelcampo.com.uy\/site\/wp-content\/uploads\/2023\/01\/apicola1.jpg?resize=768%2C384&amp;ssl=1 768w, https:\/\/i0.wp.com\/lahoradelcampo.com.uy\/site\/wp-content\/uploads\/2023\/01\/apicola1.jpg?resize=820%2C410&amp;ssl=1 820w\" sizes=\"auto, (max-width: 810px) 100vw, 810px\" \/><\/a><\/figure>\n\n\n\n<p>La Sociedad Ap\u00edcola Uruguaya (SAU) ha gestionado una l\u00ednea de cr\u00e9dito especial dirigida a los apicultores que a\u00fan no han podido vender su miel y que necesiten fondos para realizar curas, alimentaci\u00f3n, entre otras cosas. La Comisi\u00f3n Directiva realiz\u00f3 las gestiones ante autoridades del Banco Rep\u00fablica (BROU) y la Direcci\u00f3n General de la Granja (DIGEGRA), y la propuesta ya fue presentada y aprobada en la sesi\u00f3n del 25 de abril.<\/p>\n\n\n\n<p>El plan est\u00e1 dirigido a apicultores que posean hasta 1.000 colmenas, y una vez que se haya realizado el planteo a DIGEGRA, se puede implementar un cr\u00e9dito con un tope m\u00e1ximo de US$ 300 (equivalente en pesos uruguayos) por tanque de miel, ya extra\u00edda y en dep\u00f3sito del apicultor hasta su venta. La operativa estar\u00eda a cargo de la Sociedad Ap\u00edcola Uruguaya (SAU) en colaboraci\u00f3n con la DIGEGRA, y la tasa de inter\u00e9s del cr\u00e9dito ser\u00e1 del 0%, siendo la devoluci\u00f3n del cr\u00e9dito realizada cuando el productor venda su miel.<\/p>\n\n\n\n<p>SAU informar\u00e1 en los pr\u00f3ximos d\u00edas c\u00f3mo deben comunicarse los apicultores para integrar la lista de beneficiarios. La operativa log\u00edstica se armar\u00e1 en los pr\u00f3ximos d\u00edas para dar inicio al plan cuanto antes.<br>Este cr\u00e9dito es una ampliaci\u00f3n de la emergencia agropecuaria y ser\u00e1 gestionado a trav\u00e9s de Microfinanzas Rep\u00fablica, con el objetivo de ayudar a los apicultores a enfrentar la crisis que atraviesa el sector.<\/p>\n\n\n\n<p>Salto, 8 de mayo de 2023<\/p>\n","protected":false},"excerpt":{"rendered":"<p>La Sociedad Ap\u00edcola Uruguaya (SAU) ha gestionado una l\u00ednea de cr\u00e9dito especial dirigida a los apicultores que a\u00fan no han podido vender su miel y que necesiten fondos para realizar [&hellip;]<\/p>\n","protected":false},"author":5,"featured_media":48293,"comment_status":"open","ping_status":"open","sticky":false,"template":"","format":"standard","meta":{"_price":"","_stock":"","_tribe_ticket_header":"","_tribe_default_ticket_provider":"","_tribe_ticket_capacity":"0","_ticket_start_date":"","_ticket_end_date":"","_tribe_ticket_show_description":"","_tribe_ticket_show_not_going":false,"_tribe_ticket_use_global_stock":"","_tribe_ticket_global_stock_level":"","_global_stock_mode":"","_global_stock_cap":"","_tribe_rsvp_for_event":"","_tribe_ticket_going_count":"","_tribe_ticket_not_going_count":"","_tribe_tickets_list":"[]","_tribe_ticket_has_attendee_info_fields":false,"h5ap_radio_sources":[],"_jetpack_newsletter_access":"","_jetpack_dont_email_post_to_subs":false,"_jetpack_newsletter_tier_id":0,"_jetpack_memberships_contains_paywalled_content":false,"_jetpack_memberships_contains_paid_content":false,"footnotes":""},"categories":[21,9],"tags":[4018,101,4762,5222,2606,5204,5206,5228,5198,5216,5220,529,681,2474,5194,5226,5224,5212,5202,693,1755,4224,5200,5196,5214,5218,5208,5210,5192],"class_list":["post-50280","post","type-post","status-publish","format-standard","has-post-thumbnail","hentry","category-actualidad","category-granja","tag-alimentacion-2","tag-apicultores","tag-banco-republica","tag-beneficiarios","tag-brou","tag-colmenas","tag-credito","tag-crisis","tag-curas","tag-deposito","tag-devolucion-del-credito","tag-digegra","tag-direccion-general-de-la-granja","tag-emergencia-agropecuaria","tag-linea-de-credito-especial","tag-microfinanzas-republica","tag-operativa-logistica","tag-pesos-uruguayos","tag-plan","tag-productor","tag-sau","tag-sector-apicola","tag-sesion-del-25-de-abril","tag-sociedad-apicola-uruguaya","tag-tanque-de-miel","tag-tasa-de-interes-del-0","tag-tope-maximo","tag-us-300","tag-venta-de-miel"],"jetpack_featured_media_url":"https:\/\/i0.wp.com\/lahoradelcampo.com.uy\/site\/wp-content\/uploads\/2023\/01\/apicola1.jpg?fit=880%2C440&ssl=1","jetpack_sharing_enabled":true,"jetpack_shortlink":"https:\/\/wp.me\/p99IaT-d4Y","jetpack-related-posts":[{"id":46203,"url":"https:\/\/lahoradelcampo.com.uy\/site\/apicultores-podran-adquirir-campo-con-linea-de-credito-del-brou\/","url_meta":{"origin":50280,"position":0},"title":"Apicultores podr\u00e1n adquirir campo con l\u00ednea de cr\u00e9dito del BROU","author":"La Hora del Campo","date":"10 octubre, 2022","format":false,"excerpt":"El Ministerio de Ganader\u00eda, Agricultura y Pesca (MGAP) a trav\u00e9s de la Direcci\u00f3n General de la Granja (DIGEGRA) firmaron un acuerdo con el Banco Rep\u00fablica y Microfinanzas para habilitar l\u00edneas de cr\u00e9dito destinadas al sector ap\u00edcola. En este sentido una comisi\u00f3n formada por las instituciones mencionadas, a las que se\u2026","rel":"","context":"En \u00abActualidad\u00bb","block_context":{"text":"Actualidad","link":"https:\/\/lahoradelcampo.com.uy\/site\/category\/actualidad\/"},"img":{"alt_text":"","src":"https:\/\/i0.wp.com\/lahoradelcampo.com.uy\/site\/wp-content\/uploads\/2020\/08\/apicolasweb.jpg?fit=880%2C440&ssl=1&resize=350%2C200","width":350,"height":200,"srcset":"https:\/\/i0.wp.com\/lahoradelcampo.com.uy\/site\/wp-content\/uploads\/2020\/08\/apicolasweb.jpg?fit=880%2C440&ssl=1&resize=350%2C200 1x, https:\/\/i0.wp.com\/lahoradelcampo.com.uy\/site\/wp-content\/uploads\/2020\/08\/apicolasweb.jpg?fit=880%2C440&ssl=1&resize=525%2C300 1.5x, https:\/\/i0.wp.com\/lahoradelcampo.com.uy\/site\/wp-content\/uploads\/2020\/08\/apicolasweb.jpg?fit=880%2C440&ssl=1&resize=700%2C400 2x"},"classes":[]},{"id":54687,"url":"https:\/\/lahoradelcampo.com.uy\/site\/digegra-lanzo-dos-convocatorias-de-desarrollo-para-el-sector-apicola\/","url_meta":{"origin":50280,"position":1},"title":"DIGEGRA lanz\u00f3 dos convocatorias de desarrollo para el sector ap\u00edcola","author":"La Hora del Campo","date":"26 septiembre, 2024","format":false,"excerpt":"La Direcci\u00f3n General de la Granja (DIGEGRA) y la Comisi\u00f3n Honoraria de Desarrollo Ap\u00edcola (CHDA) lanzaron dos nuevas convocatorias este 25 de septiembre de 2024, con el objetivo de promover la innovaci\u00f3n y mejorar las condiciones de los apicultores locales. Estas iniciativas se enfocan en el desarrollo de infraestructura y\u2026","rel":"","context":"En \u00abActualidad\u00bb","block_context":{"text":"Actualidad","link":"https:\/\/lahoradelcampo.com.uy\/site\/category\/actualidad\/"},"img":{"alt_text":"","src":"https:\/\/i0.wp.com\/lahoradelcampo.com.uy\/site\/wp-content\/uploads\/2024\/09\/salademiel.jpg?fit=880%2C440&ssl=1&resize=350%2C200","width":350,"height":200,"srcset":"https:\/\/i0.wp.com\/lahoradelcampo.com.uy\/site\/wp-content\/uploads\/2024\/09\/salademiel.jpg?fit=880%2C440&ssl=1&resize=350%2C200 1x, https:\/\/i0.wp.com\/lahoradelcampo.com.uy\/site\/wp-content\/uploads\/2024\/09\/salademiel.jpg?fit=880%2C440&ssl=1&resize=525%2C300 1.5x, https:\/\/i0.wp.com\/lahoradelcampo.com.uy\/site\/wp-content\/uploads\/2024\/09\/salademiel.jpg?fit=880%2C440&ssl=1&resize=700%2C400 2x"},"classes":[]},{"id":52885,"url":"https:\/\/lahoradelcampo.com.uy\/site\/lacalle-pour-expreso-su-apoyo-al-sector-apicola-en-la-inauguracion-de-la-zafra\/","url_meta":{"origin":50280,"position":2},"title":"Lacalle Pour expres\u00f3 su apoyo al sector ap\u00edcola en la inauguraci\u00f3n de la zafra","author":"La Hora del Campo","date":"24 octubre, 2023","format":false,"excerpt":"Las autoridades nacionales se reunieron en la sede de la Cooperativa Agraria de Young, en R\u00edo Negro, para marcar el comienzo de la zafra de miel 2023, un evento que cont\u00f3 con la presencia del ministro de Ganader\u00eda, Agricultura y Pesca, Fernando Mattos, y el presidente de la Rep\u00fablica, Dr.\u2026","rel":"","context":"En \u00abActualidad\u00bb","block_context":{"text":"Actualidad","link":"https:\/\/lahoradelcampo.com.uy\/site\/category\/actualidad\/"},"img":{"alt_text":"","src":"https:\/\/i0.wp.com\/lahoradelcampo.com.uy\/site\/wp-content\/uploads\/2023\/10\/zafrademiel.jpg?fit=880%2C440&ssl=1&resize=350%2C200","width":350,"height":200,"srcset":"https:\/\/i0.wp.com\/lahoradelcampo.com.uy\/site\/wp-content\/uploads\/2023\/10\/zafrademiel.jpg?fit=880%2C440&ssl=1&resize=350%2C200 1x, https:\/\/i0.wp.com\/lahoradelcampo.com.uy\/site\/wp-content\/uploads\/2023\/10\/zafrademiel.jpg?fit=880%2C440&ssl=1&resize=525%2C300 1.5x, https:\/\/i0.wp.com\/lahoradelcampo.com.uy\/site\/wp-content\/uploads\/2023\/10\/zafrademiel.jpg?fit=880%2C440&ssl=1&resize=700%2C400 2x"},"classes":[]},{"id":55496,"url":"https:\/\/lahoradelcampo.com.uy\/site\/el-46-de-la-produccion-de-miel-proviene-de-la-agricultura-familiar\/","url_meta":{"origin":50280,"position":3},"title":"El 46% de la producci\u00f3n de miel proviene de la agricultura familiar","author":"La Hora del Campo","date":"14 enero, 2025","format":false,"excerpt":"Entre 2018 y 2022, la producci\u00f3n familiar aport\u00f3 entre el 40 % y el 46 % del valor total generado en la apicultura nacional, seg\u00fan un an\u00e1lisis de la Oficina de Programaci\u00f3n y Pol\u00edtica Agropecuaria (OPYPA), presentado en su anuario 2024. Este sector, integrado principalmente por peque\u00f1os apicultores registrados en\u2026","rel":"","context":"En \u00abActualidad\u00bb","block_context":{"text":"Actualidad","link":"https:\/\/lahoradelcampo.com.uy\/site\/category\/actualidad\/"},"img":{"alt_text":"","src":"https:\/\/i0.wp.com\/lahoradelcampo.com.uy\/site\/wp-content\/uploads\/2025\/01\/Apicultura-1.jpg?fit=880%2C440&ssl=1&resize=350%2C200","width":350,"height":200,"srcset":"https:\/\/i0.wp.com\/lahoradelcampo.com.uy\/site\/wp-content\/uploads\/2025\/01\/Apicultura-1.jpg?fit=880%2C440&ssl=1&resize=350%2C200 1x, https:\/\/i0.wp.com\/lahoradelcampo.com.uy\/site\/wp-content\/uploads\/2025\/01\/Apicultura-1.jpg?fit=880%2C440&ssl=1&resize=525%2C300 1.5x, https:\/\/i0.wp.com\/lahoradelcampo.com.uy\/site\/wp-content\/uploads\/2025\/01\/Apicultura-1.jpg?fit=880%2C440&ssl=1&resize=700%2C400 2x"},"classes":[]},{"id":46835,"url":"https:\/\/lahoradelcampo.com.uy\/site\/lacalle-pou-inauguro-la-zafra-apicola-2022-en-lavalleja\/","url_meta":{"origin":50280,"position":4},"title":"Lacalle Pou inaugur\u00f3 la zafra ap\u00edcola 2022 en Lavalleja","author":"La Hora del Campo","date":"7 noviembre, 2022","format":false,"excerpt":"Durante la inauguraci\u00f3n de la zafra mielera 2022-2022, celebrada en la sala de extracci\u00f3n Los Corrales de la localidad Jos\u00e9 Pedro Varela, Lavalleja, el presidente Lacalle Pou valor\u00f3 el desarrollo logrado por el sector desde 2020. El jerarca enfatiz\u00f3 la calidad de la producci\u00f3n, la diversificaci\u00f3n y la necesidad de\u2026","rel":"","context":"En \u00abActualidad\u00bb","block_context":{"text":"Actualidad","link":"https:\/\/lahoradelcampo.com.uy\/site\/category\/actualidad\/"},"img":{"alt_text":"","src":"https:\/\/i0.wp.com\/lahoradelcampo.com.uy\/site\/wp-content\/uploads\/2022\/11\/ZafraMiel.jpg?fit=880%2C440&ssl=1&resize=350%2C200","width":350,"height":200,"srcset":"https:\/\/i0.wp.com\/lahoradelcampo.com.uy\/site\/wp-content\/uploads\/2022\/11\/ZafraMiel.jpg?fit=880%2C440&ssl=1&resize=350%2C200 1x, https:\/\/i0.wp.com\/lahoradelcampo.com.uy\/site\/wp-content\/uploads\/2022\/11\/ZafraMiel.jpg?fit=880%2C440&ssl=1&resize=525%2C300 1.5x, https:\/\/i0.wp.com\/lahoradelcampo.com.uy\/site\/wp-content\/uploads\/2022\/11\/ZafraMiel.jpg?fit=880%2C440&ssl=1&resize=700%2C400 2x"},"classes":[]},{"id":6349,"url":"https:\/\/lahoradelcampo.com.uy\/site\/uruguay-sera-sede-del-xiii-congreso-latinoamericano-de-apicultura\/","url_meta":{"origin":50280,"position":5},"title":"Uruguay ser\u00e1 sede del XIII Congreso Latinoamericano de Apicultura","author":"La Hora del Campo","date":"4 abril, 2018","format":false,"excerpt":"Del 2 al 5 de agosto en Montevideo, se llevar\u00e1 a cabo el XIII Congreso Latinoamericano de Apicultura, organizado por la Federaci\u00f3n Internacional Latinoamericana de Apicultura (FILAPI). El mismo tendr\u00e1 como epicentro el predio de la Rural del Prado y se desarrollar\u00e1 en un contexto gremial, t\u00e9cnico, cient\u00edfico , comercial\u2026","rel":"","context":"En \u00abActualidad\u00bb","block_context":{"text":"Actualidad","link":"https:\/\/lahoradelcampo.com.uy\/site\/category\/actualidad\/"},"img":{"alt_text":"","src":"https:\/\/i0.wp.com\/lahoradelcampo.com.uy\/site\/wp-content\/uploads\/2018\/04\/abeja-web.jpg?fit=880%2C440&ssl=1&resize=350%2C200","width":350,"height":200,"srcset":"https:\/\/i0.wp.com\/lahoradelcampo.com.uy\/site\/wp-content\/uploads\/2018\/04\/abeja-web.jpg?fit=880%2C440&ssl=1&resize=350%2C200 1x, https:\/\/i0.wp.com\/lahoradelcampo.com.uy\/site\/wp-content\/uploads\/2018\/04\/abeja-web.jpg?fit=880%2C440&ssl=1&resize=525%2C300 1.5x, https:\/\/i0.wp.com\/lahoradelcampo.com.uy\/site\/wp-content\/uploads\/2018\/04\/abeja-web.jpg?fit=880%2C440&ssl=1&resize=700%2C400 2x"},"classes":[]}],"jetpack_likes_enabled":true,"_links":{"self":[{"href":"https:\/\/lahoradelcampo.com.uy\/site\/wp-json\/wp\/v2\/posts\/50280","targetHints":{"allow":["GET"]}}],"collection":[{"href":"https:\/\/lahoradelcampo.com.uy\/site\/wp-json\/wp\/v2\/posts"}],"about":[{"href":"https:\/\/lahoradelcampo.com.uy\/site\/wp-json\/wp\/v2\/types\/post"}],"author":[{"embeddable":true,"href":"https:\/\/lahoradelcampo.com.uy\/site\/wp-json\/wp\/v2\/users\/5"}],"replies":[{"embeddable":true,"href":"https:\/\/lahoradelcampo.com.uy\/site\/wp-json\/wp\/v2\/comments?post=50280"}],"version-history":[{"count":1,"href":"https:\/\/lahoradelcampo.com.uy\/site\/wp-json\/wp\/v2\/posts\/50280\/revisions"}],"predecessor-version":[{"id":50282,"href":"https:\/\/lahoradelcampo.com.uy\/site\/wp-json\/wp\/v2\/posts\/50280\/revisions\/50282"}],"wp:featuredmedia":[{"embeddable":true,"href":"https:\/\/lahoradelcampo.com.uy\/site\/wp-json\/wp\/v2\/media\/48293"}],"wp:attachment":[{"href":"https:\/\/lahoradelcampo.com.uy\/site\/wp-json\/wp\/v2\/media?parent=50280"}],"wp:term":[{"taxonomy":"category","embeddable":true,"href":"https:\/\/lahoradelcampo.com.uy\/site\/wp-json\/wp\/v2\/categories?post=50280"},{"taxonomy":"post_tag","embeddable":true,"href":"https:\/\/lahoradelcampo.com.uy\/site\/wp-json\/wp\/v2\/tags?post=50280"}],"curies":[{"name":"wp","href":"https:\/\/api.w.org\/{rel}","templated":true}]}}