{"id":48285,"date":"2023-01-23T05:50:42","date_gmt":"2023-01-23T08:50:42","guid":{"rendered":"http:\/\/lahoradelcampo.com.uy\/site\/?p=48285"},"modified":"2023-01-22T09:33:59","modified_gmt":"2023-01-22T12:33:59","slug":"crece-la-oferta-de-durazno-en-la-uam","status":"publish","type":"post","link":"https:\/\/lahoradelcampo.com.uy\/site\/crece-la-oferta-de-durazno-en-la-uam\/","title":{"rendered":"Crece la oferta de durazno en la UAM"},"content":{"rendered":"\n<figure class=\"wp-block-image\"><img data-recalc-dims=\"1\" loading=\"lazy\" decoding=\"async\" width=\"810\" height=\"405\" data-attachment-id=\"48287\" data-permalink=\"https:\/\/lahoradelcampo.com.uy\/site\/crece-la-oferta-de-durazno-en-la-uam\/uam-duraznos\/\" data-orig-file=\"https:\/\/i0.wp.com\/lahoradelcampo.com.uy\/site\/wp-content\/uploads\/2023\/01\/UAM-duraznos.jpg?fit=880%2C440&amp;ssl=1\" data-orig-size=\"880,440\" data-comments-opened=\"1\" data-image-meta=\"{&quot;aperture&quot;:&quot;0&quot;,&quot;credit&quot;:&quot;&quot;,&quot;camera&quot;:&quot;&quot;,&quot;caption&quot;:&quot;&quot;,&quot;created_timestamp&quot;:&quot;0&quot;,&quot;copyright&quot;:&quot;&quot;,&quot;focal_length&quot;:&quot;0&quot;,&quot;iso&quot;:&quot;0&quot;,&quot;shutter_speed&quot;:&quot;0&quot;,&quot;title&quot;:&quot;&quot;,&quot;orientation&quot;:&quot;1&quot;}\" data-image-title=\"UAM-duraznos\" data-image-description=\"\" data-image-caption=\"\" data-large-file=\"https:\/\/i0.wp.com\/lahoradelcampo.com.uy\/site\/wp-content\/uploads\/2023\/01\/UAM-duraznos.jpg?fit=810%2C405&amp;ssl=1\" src=\"https:\/\/i0.wp.com\/lahoradelcampo.com.uy\/site\/wp-content\/uploads\/2023\/01\/UAM-duraznos.jpg?resize=810%2C405\" alt=\"\" class=\"wp-image-48287\" srcset=\"https:\/\/i0.wp.com\/lahoradelcampo.com.uy\/site\/wp-content\/uploads\/2023\/01\/UAM-duraznos.jpg?w=880&amp;ssl=1 880w, https:\/\/i0.wp.com\/lahoradelcampo.com.uy\/site\/wp-content\/uploads\/2023\/01\/UAM-duraznos.jpg?resize=300%2C150&amp;ssl=1 300w, https:\/\/i0.wp.com\/lahoradelcampo.com.uy\/site\/wp-content\/uploads\/2023\/01\/UAM-duraznos.jpg?resize=768%2C384&amp;ssl=1 768w, https:\/\/i0.wp.com\/lahoradelcampo.com.uy\/site\/wp-content\/uploads\/2023\/01\/UAM-duraznos.jpg?resize=820%2C410&amp;ssl=1 820w\" sizes=\"auto, (max-width: 810px) 100vw, 810px\" \/><\/figure>\n\n\n\n<p>La oferta de durazno se hace m\u00e1s visible en la plaza comercial de la Unidad Agroalimentaria Metropolitana (UAM), pudiendo observarse mayor n\u00famero de operadores con estos productos. <\/p>\n\n\n\n<p>De acuerdo a los operadores, a mayor\u00eda de las partidas corresponde a calibres medianos y chicos que, si bien este a\u00f1o poseen excelente sanidad y caracter\u00edsticas organol\u00e9pticas no son los calibres preferidos por los consumidores, ya que muestran una clara inclinaci\u00f3n hacia los calibres m\u00e1s grandes que, concomitantemente, son los que alcanzan mayores cotizaciones y facilidad de colocaci\u00f3n. <\/p>\n\n\n\n<p>En la \u00faltima semana ingresaron a la plaza 325 toneladas de durazno, lo que implica una suba del 24% en el volumen ofertado entre semanas. Por su parte le precio se posiciona en $ 61 por kilogramo en promedio, lo que marca una ca\u00edda del 2% en la semana. <\/p>\n\n\n\n<p>Salto, lunes 23 de enero de 2023<\/p>\n","protected":false},"excerpt":{"rendered":"<p>La oferta de durazno se hace m\u00e1s visible en la plaza comercial de la Unidad Agroalimentaria Metropolitana (UAM), pudiendo observarse mayor n\u00famero de operadores con estos productos. De acuerdo a [&hellip;]<\/p>\n","protected":false},"author":5,"featured_media":48287,"comment_status":"open","ping_status":"open","sticky":false,"template":"","format":"standard","meta":{"_price":"","_stock":"","_tribe_ticket_header":"","_tribe_default_ticket_provider":"","_tribe_ticket_capacity":"0","_ticket_start_date":"","_ticket_end_date":"","_tribe_ticket_show_description":"","_tribe_ticket_show_not_going":false,"_tribe_ticket_use_global_stock":"","_tribe_ticket_global_stock_level":"","_global_stock_mode":"","_global_stock_cap":"","_tribe_rsvp_for_event":"","_tribe_ticket_going_count":"","_tribe_ticket_not_going_count":"","_tribe_tickets_list":"[]","_tribe_ticket_has_attendee_info_fields":false,"h5ap_radio_sources":[],"_jetpack_newsletter_access":"","_jetpack_dont_email_post_to_subs":false,"_jetpack_newsletter_tier_id":0,"_jetpack_memberships_contains_paywalled_content":false,"_jetpack_memberships_contains_paid_content":false,"footnotes":""},"categories":[21,9],"tags":[],"class_list":["post-48285","post","type-post","status-publish","format-standard","has-post-thumbnail","hentry","category-actualidad","category-granja"],"jetpack_featured_media_url":"https:\/\/i0.wp.com\/lahoradelcampo.com.uy\/site\/wp-content\/uploads\/2023\/01\/UAM-duraznos.jpg?fit=880%2C440&ssl=1","jetpack_sharing_enabled":true,"jetpack_shortlink":"https:\/\/wp.me\/p99IaT-cyN","jetpack-related-posts":[{"id":46703,"url":"https:\/\/lahoradelcampo.com.uy\/site\/se-incrementa-la-oferta-de-frutas-con-las-altas-temperaturas\/","url_meta":{"origin":48285,"position":0},"title":"Se incrementa la oferta de frutas  con las altas temperaturas","author":"La Hora del Campo","date":"31 octubre, 2022","format":false,"excerpt":"Las temperaturas en aumento, ha generado un incremento en la oferta de frutas de estaci\u00f3n, principalmente en la llegada de nuevas partidas de diferentes frutas, en la Unidad Agroalimentaria Metropolitana (UAM) como puede ser el caso de la frutilla, el durazno, el mel\u00f3n y la sand\u00eda. La zafra de frutillas\u2026","rel":"","context":"En \u00abActualidad\u00bb","block_context":{"text":"Actualidad","link":"https:\/\/lahoradelcampo.com.uy\/site\/category\/actualidad\/"},"img":{"alt_text":"","src":"https:\/\/i0.wp.com\/lahoradelcampo.com.uy\/site\/wp-content\/uploads\/2019\/04\/Frutillas.jpg?fit=880%2C440&ssl=1&resize=350%2C200","width":350,"height":200,"srcset":"https:\/\/i0.wp.com\/lahoradelcampo.com.uy\/site\/wp-content\/uploads\/2019\/04\/Frutillas.jpg?fit=880%2C440&ssl=1&resize=350%2C200 1x, https:\/\/i0.wp.com\/lahoradelcampo.com.uy\/site\/wp-content\/uploads\/2019\/04\/Frutillas.jpg?fit=880%2C440&ssl=1&resize=525%2C300 1.5x, https:\/\/i0.wp.com\/lahoradelcampo.com.uy\/site\/wp-content\/uploads\/2019\/04\/Frutillas.jpg?fit=880%2C440&ssl=1&resize=700%2C400 2x"},"classes":[]},{"id":53107,"url":"https:\/\/lahoradelcampo.com.uy\/site\/aumenta-la-ofertade-frutas-de-temporada-la-uam\/","url_meta":{"origin":48285,"position":1},"title":"Aumenta la ofertade frutas de temporada la UAM","author":"La Hora del Campo","date":"16 noviembre, 2023","format":false,"excerpt":"En una destacada tendencia, la Unidad Agroalimentaria Metropolitana (UAM) ha experimentado un notable aumento en la disponibilidad de frutas de carozo y de huerta, generando un impacto significativo en la reducci\u00f3n de los precios de estos productos. Frutas de Huerta: En el segmento de frutas de huerta, se ha observado\u2026","rel":"","context":"En \u00abActualidad\u00bb","block_context":{"text":"Actualidad","link":"https:\/\/lahoradelcampo.com.uy\/site\/category\/actualidad\/"},"img":{"alt_text":"","src":"https:\/\/i0.wp.com\/lahoradelcampo.com.uy\/site\/wp-content\/uploads\/2023\/11\/UAM-duraznoysandia.jpg?fit=880%2C440&ssl=1&resize=350%2C200","width":350,"height":200,"srcset":"https:\/\/i0.wp.com\/lahoradelcampo.com.uy\/site\/wp-content\/uploads\/2023\/11\/UAM-duraznoysandia.jpg?fit=880%2C440&ssl=1&resize=350%2C200 1x, https:\/\/i0.wp.com\/lahoradelcampo.com.uy\/site\/wp-content\/uploads\/2023\/11\/UAM-duraznoysandia.jpg?fit=880%2C440&ssl=1&resize=525%2C300 1.5x, https:\/\/i0.wp.com\/lahoradelcampo.com.uy\/site\/wp-content\/uploads\/2023\/11\/UAM-duraznoysandia.jpg?fit=880%2C440&ssl=1&resize=700%2C400 2x"},"classes":[]},{"id":14981,"url":"https:\/\/lahoradelcampo.com.uy\/site\/preocupacion-en-el-mercado-granjero-local-por-bajas-ventas\/","url_meta":{"origin":48285,"position":2},"title":"Preocupaci\u00f3n en el mercado granjero local por bajas ventas","author":"La Hora del Campo","date":"14 octubre, 2019","format":false,"excerpt":"Salto Hort\u00edcola comenz\u00f3 en la jornada de ayer a emitir un informe sobre el mercado granjero a nivel local. En este sentido se realiza un relevamiento en las principales plazas de venta mayorista para brindar la informaci\u00f3n, que seg\u00fan se inform\u00f3 ser\u00e1 semanal. El informe a continuaci\u00f3n pertenece a la\u2026","rel":"","context":"En \u00abActualidad\u00bb","block_context":{"text":"Actualidad","link":"https:\/\/lahoradelcampo.com.uy\/site\/category\/actualidad\/"},"img":{"alt_text":"","src":"https:\/\/i0.wp.com\/lahoradelcampo.com.uy\/site\/wp-content\/uploads\/2017\/11\/Morr%C3%B3n.jpg?fit=880%2C440&ssl=1&resize=350%2C200","width":350,"height":200,"srcset":"https:\/\/i0.wp.com\/lahoradelcampo.com.uy\/site\/wp-content\/uploads\/2017\/11\/Morr%C3%B3n.jpg?fit=880%2C440&ssl=1&resize=350%2C200 1x, https:\/\/i0.wp.com\/lahoradelcampo.com.uy\/site\/wp-content\/uploads\/2017\/11\/Morr%C3%B3n.jpg?fit=880%2C440&ssl=1&resize=525%2C300 1.5x, https:\/\/i0.wp.com\/lahoradelcampo.com.uy\/site\/wp-content\/uploads\/2017\/11\/Morr%C3%B3n.jpg?fit=880%2C440&ssl=1&resize=700%2C400 2x"},"classes":[]},{"id":44901,"url":"https:\/\/lahoradelcampo.com.uy\/site\/alta-oferta-de-papa-de-buena-calidad-y-precios-a-la-baja\/","url_meta":{"origin":48285,"position":3},"title":"Alta oferta de papa de buena calidad y precios a la baja","author":"La Hora del Campo","date":"22 agosto, 2022","format":false,"excerpt":"La oferta de papa en la Unidad Agroalimentaria Metropolitana (UAM), tanto blanca como rosada, es abundante en la actualidad, de acuerdo a los principales operadores referentes, que son encuestados todas las semanas. En la \u00faltima semana ingresaron a la unidad comercial un total de 1.294 toneladas, que representan el 19,4%\u2026","rel":"","context":"En \u00abActualidad\u00bb","block_context":{"text":"Actualidad","link":"https:\/\/lahoradelcampo.com.uy\/site\/category\/actualidad\/"},"img":{"alt_text":"","src":"https:\/\/i0.wp.com\/lahoradelcampo.com.uy\/site\/wp-content\/uploads\/2018\/04\/Papa.jpg?fit=880%2C440&ssl=1&resize=350%2C200","width":350,"height":200,"srcset":"https:\/\/i0.wp.com\/lahoradelcampo.com.uy\/site\/wp-content\/uploads\/2018\/04\/Papa.jpg?fit=880%2C440&ssl=1&resize=350%2C200 1x, https:\/\/i0.wp.com\/lahoradelcampo.com.uy\/site\/wp-content\/uploads\/2018\/04\/Papa.jpg?fit=880%2C440&ssl=1&resize=525%2C300 1.5x, https:\/\/i0.wp.com\/lahoradelcampo.com.uy\/site\/wp-content\/uploads\/2018\/04\/Papa.jpg?fit=880%2C440&ssl=1&resize=700%2C400 2x"},"classes":[]},{"id":47455,"url":"https:\/\/lahoradelcampo.com.uy\/site\/en-su-recta-final-de-zafra-las-frutas-citricas-cotizan-al-alza\/","url_meta":{"origin":48285,"position":4},"title":"En su recta final de zafra, las frutas c\u00edtricas cotizan al alza","author":"La Hora del Campo","date":"6 diciembre, 2022","format":false,"excerpt":"La zafra de frutas c\u00edtricas se acerca a su final y todos los productos de este grupo presionan al alza, seg\u00fan inform\u00f3 la Unidad Agroalimentaria Metropolitana (UAM) en su bolet\u00edn semanal. En naranja se observan numerosas podredumbres y calibres medianos. Las que mantienen su nivel de calidad, sin defectos en\u2026","rel":"","context":"En \u00abActualidad\u00bb","block_context":{"text":"Actualidad","link":"https:\/\/lahoradelcampo.com.uy\/site\/category\/actualidad\/"},"img":{"alt_text":"","src":"https:\/\/i0.wp.com\/lahoradelcampo.com.uy\/site\/wp-content\/uploads\/2022\/12\/Mandarinas2.jpg?fit=880%2C440&ssl=1&resize=350%2C200","width":350,"height":200,"srcset":"https:\/\/i0.wp.com\/lahoradelcampo.com.uy\/site\/wp-content\/uploads\/2022\/12\/Mandarinas2.jpg?fit=880%2C440&ssl=1&resize=350%2C200 1x, https:\/\/i0.wp.com\/lahoradelcampo.com.uy\/site\/wp-content\/uploads\/2022\/12\/Mandarinas2.jpg?fit=880%2C440&ssl=1&resize=525%2C300 1.5x, https:\/\/i0.wp.com\/lahoradelcampo.com.uy\/site\/wp-content\/uploads\/2022\/12\/Mandarinas2.jpg?fit=880%2C440&ssl=1&resize=700%2C400 2x"},"classes":[]},{"id":55401,"url":"https:\/\/lahoradelcampo.com.uy\/site\/bajan-los-precios-del-durazno\/","url_meta":{"origin":48285,"position":5},"title":"Bajan los precios del durazno","author":"La Hora del Campo","date":"7 enero, 2025","format":false,"excerpt":"De acuerdo con el informe de la UAM, al principio de la semana se verificaron reducciones de precios para duraznos, en un escenario de oferta abundante que se evidenci\u00f3 a su vez en la aparici\u00f3n de las primeras partidas con problemas de calidad asociados con per\u00edodos relativamente largos de conservaci\u00f3n\u2026","rel":"","context":"En \u00abActualidad\u00bb","block_context":{"text":"Actualidad","link":"https:\/\/lahoradelcampo.com.uy\/site\/category\/actualidad\/"},"img":{"alt_text":"","src":"https:\/\/i0.wp.com\/lahoradelcampo.com.uy\/site\/wp-content\/uploads\/2023\/01\/UAM-duraznos.jpg?fit=880%2C440&ssl=1&resize=350%2C200","width":350,"height":200,"srcset":"https:\/\/i0.wp.com\/lahoradelcampo.com.uy\/site\/wp-content\/uploads\/2023\/01\/UAM-duraznos.jpg?fit=880%2C440&ssl=1&resize=350%2C200 1x, https:\/\/i0.wp.com\/lahoradelcampo.com.uy\/site\/wp-content\/uploads\/2023\/01\/UAM-duraznos.jpg?fit=880%2C440&ssl=1&resize=525%2C300 1.5x, https:\/\/i0.wp.com\/lahoradelcampo.com.uy\/site\/wp-content\/uploads\/2023\/01\/UAM-duraznos.jpg?fit=880%2C440&ssl=1&resize=700%2C400 2x"},"classes":[]}],"jetpack_likes_enabled":true,"_links":{"self":[{"href":"https:\/\/lahoradelcampo.com.uy\/site\/wp-json\/wp\/v2\/posts\/48285","targetHints":{"allow":["GET"]}}],"collection":[{"href":"https:\/\/lahoradelcampo.com.uy\/site\/wp-json\/wp\/v2\/posts"}],"about":[{"href":"https:\/\/lahoradelcampo.com.uy\/site\/wp-json\/wp\/v2\/types\/post"}],"author":[{"embeddable":true,"href":"https:\/\/lahoradelcampo.com.uy\/site\/wp-json\/wp\/v2\/users\/5"}],"replies":[{"embeddable":true,"href":"https:\/\/lahoradelcampo.com.uy\/site\/wp-json\/wp\/v2\/comments?post=48285"}],"version-history":[{"count":1,"href":"https:\/\/lahoradelcampo.com.uy\/site\/wp-json\/wp\/v2\/posts\/48285\/revisions"}],"predecessor-version":[{"id":48289,"href":"https:\/\/lahoradelcampo.com.uy\/site\/wp-json\/wp\/v2\/posts\/48285\/revisions\/48289"}],"wp:featuredmedia":[{"embeddable":true,"href":"https:\/\/lahoradelcampo.com.uy\/site\/wp-json\/wp\/v2\/media\/48287"}],"wp:attachment":[{"href":"https:\/\/lahoradelcampo.com.uy\/site\/wp-json\/wp\/v2\/media?parent=48285"}],"wp:term":[{"taxonomy":"category","embeddable":true,"href":"https:\/\/lahoradelcampo.com.uy\/site\/wp-json\/wp\/v2\/categories?post=48285"},{"taxonomy":"post_tag","embeddable":true,"href":"https:\/\/lahoradelcampo.com.uy\/site\/wp-json\/wp\/v2\/tags?post=48285"}],"curies":[{"name":"wp","href":"https:\/\/api.w.org\/{rel}","templated":true}]}}