{"id":48279,"date":"2023-01-22T09:30:11","date_gmt":"2023-01-22T12:30:11","guid":{"rendered":"http:\/\/lahoradelcampo.com.uy\/site\/?p=48279"},"modified":"2023-01-22T09:30:17","modified_gmt":"2023-01-22T12:30:17","slug":"medidas-del-inc-frente-a-la-emergencia-agropecuaria","status":"publish","type":"post","link":"https:\/\/lahoradelcampo.com.uy\/site\/medidas-del-inc-frente-a-la-emergencia-agropecuaria\/","title":{"rendered":"Medidas del INC frente a la emergencia agropecuaria"},"content":{"rendered":"\n<figure class=\"wp-block-image\"><img data-recalc-dims=\"1\" loading=\"lazy\" decoding=\"async\" width=\"810\" height=\"405\" data-attachment-id=\"48281\" data-permalink=\"https:\/\/lahoradelcampo.com.uy\/site\/medidas-del-inc-frente-a-la-emergencia-agropecuaria\/colonizacion-1\/\" data-orig-file=\"https:\/\/i0.wp.com\/lahoradelcampo.com.uy\/site\/wp-content\/uploads\/2023\/01\/colonizacion-1.jpg?fit=880%2C440&amp;ssl=1\" data-orig-size=\"880,440\" data-comments-opened=\"1\" data-image-meta=\"{&quot;aperture&quot;:&quot;0&quot;,&quot;credit&quot;:&quot;&quot;,&quot;camera&quot;:&quot;&quot;,&quot;caption&quot;:&quot;&quot;,&quot;created_timestamp&quot;:&quot;0&quot;,&quot;copyright&quot;:&quot;&quot;,&quot;focal_length&quot;:&quot;0&quot;,&quot;iso&quot;:&quot;0&quot;,&quot;shutter_speed&quot;:&quot;0&quot;,&quot;title&quot;:&quot;&quot;,&quot;orientation&quot;:&quot;1&quot;}\" data-image-title=\"colonizacion-1\" data-image-description=\"\" data-image-caption=\"\" data-large-file=\"https:\/\/i0.wp.com\/lahoradelcampo.com.uy\/site\/wp-content\/uploads\/2023\/01\/colonizacion-1.jpg?fit=810%2C405&amp;ssl=1\" src=\"https:\/\/i0.wp.com\/lahoradelcampo.com.uy\/site\/wp-content\/uploads\/2023\/01\/colonizacion-1.jpg?resize=810%2C405\" alt=\"\" class=\"wp-image-48281\" srcset=\"https:\/\/i0.wp.com\/lahoradelcampo.com.uy\/site\/wp-content\/uploads\/2023\/01\/colonizacion-1.jpg?w=880&amp;ssl=1 880w, https:\/\/i0.wp.com\/lahoradelcampo.com.uy\/site\/wp-content\/uploads\/2023\/01\/colonizacion-1.jpg?resize=300%2C150&amp;ssl=1 300w, https:\/\/i0.wp.com\/lahoradelcampo.com.uy\/site\/wp-content\/uploads\/2023\/01\/colonizacion-1.jpg?resize=768%2C384&amp;ssl=1 768w, https:\/\/i0.wp.com\/lahoradelcampo.com.uy\/site\/wp-content\/uploads\/2023\/01\/colonizacion-1.jpg?resize=820%2C410&amp;ssl=1 820w\" sizes=\"auto, (max-width: 810px) 100vw, 810px\" \/><\/figure>\n\n\n\n<p>El Directorio de lNC dispuso un l\u00ednea de cr\u00e9dito para suplementaci\u00f3n del ganado lechero y ganadero en el marco de la emergencia agropecuaria. Asimismo, se habilitaron plazos especiales en el pago de la renta y bonificaciones para pago en fecha.<br><\/p>\n\n\n\n<p>Tras la declaraci\u00f3n de emergencia agropecuaria, realizada el 25 de octubre de 2022 por el Ministerio de Ganader\u00eda, Agricultura y Pesca, el Directorio del INC tomo medidas, tales como:<br><\/p>\n\n\n\n<p>L\u00ednea de cr\u00e9dito para suplementaci\u00f3n del ganado lechero y ganadero en el marco de la emergencia agropecuaria<br><\/p>\n\n\n\n<p>Con el objetivo responder a la falta de forraje provocada por la ausencia de lluvias en todo el pa\u00eds y brindar una herramienta que permita una r\u00e1pida asistencia a la poblaci\u00f3n colona se aprob\u00f3 una l\u00ednea de cr\u00e9dito para suplementaci\u00f3n del ganado lechero y ganadero.<br><\/p>\n\n\n\n<p>La l\u00ednea de cr\u00e9dito est\u00e1 orientada a colonos arrendatarios lecheros o ganaderos, cualquiera sea el tipo de adjudicaci\u00f3n, que se encuentren al d\u00eda con sus obligaciones con el INC.<br><\/p>\n\n\n\n<p>El destino es la compra de suplementos para alimentaci\u00f3n de ganado para carne o leche (fardos, afrechillo, raciones y otros).<br><\/p>\n\n\n\n<p>El cr\u00e9dito se otorgar\u00e1 en d\u00f3lares con los siguientes criterios:<\/p>\n\n\n\n<ul class=\"wp-block-list\"><li>Sistemas de producci\u00f3n lechera: U$S 80 por UG declarada en DICOSE (declaraci\u00f3n de DICOSE vigente) hasta un m\u00e1ximo de U$S 10.000.<\/li><li>Sistemas de producci\u00f3n ganadera: U$S 50 por UG declarada en DICOSE (declaraci\u00f3n de DICOSE vigente) hasta un m\u00e1ximo de U$S 10.000.<\/li><li><\/li><\/ul>\n\n\n\n<p>El plazo para la amortizaci\u00f3n ser\u00e1 de hasta dos a\u00f1os, con vencimientos semestrales, iguales y consecutivos, y un inter\u00e9s del 5% anual sobre saldos.<br><\/p>\n\n\n\n<p>Cr\u00e9ditos existentes en el INC para servicios b\u00e1sicos y soluciones a mediano plazo<br><\/p>\n\n\n\n<p>-Acceso a servicios b\u00e1sicos (pozos semisurgentes)<br><\/p>\n\n\n\n<p>-Construcci\u00f3n o refacci\u00f3n de infraestructura productiva (sistemas de distribuci\u00f3n y acopio de agua, tajamares, represas y otros)<br><\/p>\n\n\n\n<p>-Construcci\u00f3n y refacci\u00f3n de viviendas<br><\/p>\n\n\n\n<p>-Construcci\u00f3n y refacci\u00f3n de salas de orde\u00f1e<br><\/p>\n\n\n\n<p>-Compra de vaquillonas lecheras<br><\/p>\n\n\n\n<p>-Compra de vaquillonas ganaderas<br><\/p>\n\n\n\n<p>No aumento de los valores de renta tanto semestrales como anuales<br><\/p>\n\n\n\n<p>Como medida excepcional la renta mantendr\u00e1 su valor: para el vencimiento de abril del 2023 ser\u00e1 igual que el de abril del 2022, en tanto, el valor de mayo 2023 ser\u00e1 igual que el vencimiento noviembre del 2022<br><\/p>\n\n\n\n<p>Plazos especiales y beneficios para el pago de renta del INC<br><\/p>\n\n\n\n<p>Quienes tengan contrato de arrendamiento con el INC, tendr\u00e1n la posibilidad de solicitar el pago de la renta de octubre-noviembre de 2022 en tres cuotas fraccionadas de la siguiente manera: el 30% se pagar\u00e1 al 31 de diciembre de 2022, en tanto, se abonar\u00e1 el 35% al 31 de marzo de 2023 y, el restante, 35% se har\u00e1 efectivo al 31 de agosto de 2023. Para ampararse a este beneficio deber\u00e1n comunicarlo a la oficina regional que corresponda. <\/p>\n\n\n\n<p>Salto, domingo 22 de enero de 2023<\/p>\n","protected":false},"excerpt":{"rendered":"<p>El Directorio de lNC dispuso un l\u00ednea de cr\u00e9dito para suplementaci\u00f3n del ganado lechero y ganadero en el marco de la emergencia agropecuaria. Asimismo, se habilitaron plazos especiales en el [&hellip;]<\/p>\n","protected":false},"author":5,"featured_media":48281,"comment_status":"open","ping_status":"open","sticky":false,"template":"","format":"standard","meta":{"_price":"","_stock":"","_tribe_ticket_header":"","_tribe_default_ticket_provider":"","_tribe_ticket_capacity":"0","_ticket_start_date":"","_ticket_end_date":"","_tribe_ticket_show_description":"","_tribe_ticket_show_not_going":false,"_tribe_ticket_use_global_stock":"","_tribe_ticket_global_stock_level":"","_global_stock_mode":"","_global_stock_cap":"","_tribe_rsvp_for_event":"","_tribe_ticket_going_count":"","_tribe_ticket_not_going_count":"","_tribe_tickets_list":"[]","_tribe_ticket_has_attendee_info_fields":false,"h5ap_radio_sources":[],"_jetpack_newsletter_access":"","_jetpack_dont_email_post_to_subs":false,"_jetpack_newsletter_tier_id":0,"_jetpack_memberships_contains_paywalled_content":false,"_jetpack_memberships_contains_paid_content":false,"footnotes":""},"categories":[21,5],"tags":[],"class_list":["post-48279","post","type-post","status-publish","format-standard","has-post-thumbnail","hentry","category-actualidad","category-ganaderia"],"jetpack_featured_media_url":"https:\/\/i0.wp.com\/lahoradelcampo.com.uy\/site\/wp-content\/uploads\/2023\/01\/colonizacion-1.jpg?fit=880%2C440&ssl=1","jetpack_sharing_enabled":true,"jetpack_shortlink":"https:\/\/wp.me\/p99IaT-cyH","jetpack-related-posts":[{"id":50244,"url":"https:\/\/lahoradelcampo.com.uy\/site\/colonizacion-prorroga-vencimiento-de-creditos-para-suplementacion\/","url_meta":{"origin":48279,"position":0},"title":"Colonizaci\u00f3n prorroga vencimiento de cr\u00e9ditos para suplementaci\u00f3n","author":"La Hora del Campo","date":"28 abril, 2023","format":false,"excerpt":"El Directorio del Instituto Nacional de Colonizaci\u00f3n (INC) ha tomado una decisi\u00f3n en pro del mantenimiento del capital productivo de las familias y grupos colonos. En la sesi\u00f3n del 29 de marzo, el INC prorrog\u00f3 el plazo de vencimiento de los cr\u00e9ditos de suplementaci\u00f3n de ganado durante seis meses en\u2026","rel":"","context":"En \u00abActualidad\u00bb","block_context":{"text":"Actualidad","link":"https:\/\/lahoradelcampo.com.uy\/site\/category\/actualidad\/"},"img":{"alt_text":"","src":"https:\/\/i0.wp.com\/lahoradelcampo.com.uy\/site\/wp-content\/uploads\/2023\/01\/colonizacion-1.jpg?fit=880%2C440&ssl=1&resize=350%2C200","width":350,"height":200,"srcset":"https:\/\/i0.wp.com\/lahoradelcampo.com.uy\/site\/wp-content\/uploads\/2023\/01\/colonizacion-1.jpg?fit=880%2C440&ssl=1&resize=350%2C200 1x, https:\/\/i0.wp.com\/lahoradelcampo.com.uy\/site\/wp-content\/uploads\/2023\/01\/colonizacion-1.jpg?fit=880%2C440&ssl=1&resize=525%2C300 1.5x, https:\/\/i0.wp.com\/lahoradelcampo.com.uy\/site\/wp-content\/uploads\/2023\/01\/colonizacion-1.jpg?fit=880%2C440&ssl=1&resize=700%2C400 2x"},"classes":[]},{"id":46743,"url":"https:\/\/lahoradelcampo.com.uy\/site\/emergencia-agropecuaria-dispuso-beneficios-para-colonos\/","url_meta":{"origin":48279,"position":1},"title":"Emergencia agropecuaria dispuso beneficios para colonos","author":"La Hora del Campo","date":"3 noviembre, 2022","format":false,"excerpt":"Tras la declaraci\u00f3n de emergencia agropecuaria del MGAP, el directorio del Instituto Nacional de Colonizaci\u00f3n (INC) dispuso medidas que permiten a los arrendatarios a cumplir con sus obligaciones econ\u00f3micas con la instituci\u00f3n y al mismo tiempo reconocer el esfuerzo de quienes cumplan dentro de los plazos establecidos. De acuerdo al\u2026","rel":"","context":"En \u00abActualidad\u00bb","block_context":{"text":"Actualidad","link":"https:\/\/lahoradelcampo.com.uy\/site\/category\/actualidad\/"},"img":{"alt_text":"","src":"https:\/\/i0.wp.com\/lahoradelcampo.com.uy\/site\/wp-content\/uploads\/2022\/11\/campos.jpg?fit=880%2C440&ssl=1&resize=350%2C200","width":350,"height":200,"srcset":"https:\/\/i0.wp.com\/lahoradelcampo.com.uy\/site\/wp-content\/uploads\/2022\/11\/campos.jpg?fit=880%2C440&ssl=1&resize=350%2C200 1x, https:\/\/i0.wp.com\/lahoradelcampo.com.uy\/site\/wp-content\/uploads\/2022\/11\/campos.jpg?fit=880%2C440&ssl=1&resize=525%2C300 1.5x, https:\/\/i0.wp.com\/lahoradelcampo.com.uy\/site\/wp-content\/uploads\/2022\/11\/campos.jpg?fit=880%2C440&ssl=1&resize=700%2C400 2x"},"classes":[]},{"id":50385,"url":"https:\/\/lahoradelcampo.com.uy\/site\/colonizacion-ha-entregado-112-prestamos-a-colonos-por-700-mil-dolares\/","url_meta":{"origin":48279,"position":2},"title":"Colonizaci\u00f3n ha entregado 112 pr\u00e9stamos a colonos por 700 mil d\u00f3lares","author":"La Hora del Campo","date":"16 mayo, 2023","format":false,"excerpt":"El Instituto Nacional de Colonizaci\u00f3n (INC) ha implementado una serie de medidas para apoyar a los colonos en medio de la emergencia agropecuaria causada por la prolongada sequ\u00eda en el pa\u00eds.Una de estas medidas consiste en la entrega de cr\u00e9ditos destinados a la suplementaci\u00f3n de ganado y mejoramiento de forraje.\u2026","rel":"","context":"En \u00abActualidad\u00bb","block_context":{"text":"Actualidad","link":"https:\/\/lahoradelcampo.com.uy\/site\/category\/actualidad\/"},"img":{"alt_text":"","src":"https:\/\/i0.wp.com\/lahoradelcampo.com.uy\/site\/wp-content\/uploads\/2023\/01\/colonizacion-1.jpg?fit=880%2C440&ssl=1&resize=350%2C200","width":350,"height":200,"srcset":"https:\/\/i0.wp.com\/lahoradelcampo.com.uy\/site\/wp-content\/uploads\/2023\/01\/colonizacion-1.jpg?fit=880%2C440&ssl=1&resize=350%2C200 1x, https:\/\/i0.wp.com\/lahoradelcampo.com.uy\/site\/wp-content\/uploads\/2023\/01\/colonizacion-1.jpg?fit=880%2C440&ssl=1&resize=525%2C300 1.5x, https:\/\/i0.wp.com\/lahoradelcampo.com.uy\/site\/wp-content\/uploads\/2023\/01\/colonizacion-1.jpg?fit=880%2C440&ssl=1&resize=700%2C400 2x"},"classes":[]},{"id":18382,"url":"https:\/\/lahoradelcampo.com.uy\/site\/valores-de-las-rentas-de-colonizacion-se-mantienen-sin-cambios\/","url_meta":{"origin":48279,"position":3},"title":"Valores de las rentas de colonizaci\u00f3n se mantienen sin cambios","author":"La Hora del Campo","date":"26 marzo, 2020","format":false,"excerpt":"El Directorio del INC decidi\u00f3 mantener los valores de renta para el vencimiento de abril y mayo de 2020 estipulados para octubre y noviembre de 2019. La medida que pretende amortiguar la situaci\u00f3n que enfrenta el sector implica que el ente resigne el 9,4 % de la recaudaci\u00f3n estimada para\u2026","rel":"","context":"En \u00abActualidad\u00bb","block_context":{"text":"Actualidad","link":"https:\/\/lahoradelcampo.com.uy\/site\/category\/actualidad\/"},"img":{"alt_text":"","src":"https:\/\/i0.wp.com\/lahoradelcampo.com.uy\/site\/wp-content\/uploads\/2020\/03\/INC.jpg?fit=880%2C440&ssl=1&resize=350%2C200","width":350,"height":200,"srcset":"https:\/\/i0.wp.com\/lahoradelcampo.com.uy\/site\/wp-content\/uploads\/2020\/03\/INC.jpg?fit=880%2C440&ssl=1&resize=350%2C200 1x, https:\/\/i0.wp.com\/lahoradelcampo.com.uy\/site\/wp-content\/uploads\/2020\/03\/INC.jpg?fit=880%2C440&ssl=1&resize=525%2C300 1.5x, https:\/\/i0.wp.com\/lahoradelcampo.com.uy\/site\/wp-content\/uploads\/2020\/03\/INC.jpg?fit=880%2C440&ssl=1&resize=700%2C400 2x"},"classes":[]},{"id":27924,"url":"https:\/\/lahoradelcampo.com.uy\/site\/el-9-de-marzo-vence-la-emergencia-agropecuaria-y-el-plazo-para-solicitar-apoyo-financiero-al-mgap\/","url_meta":{"origin":48279,"position":4},"title":"El 9 de marzo vence la emergencia agropecuaria y el plazo para solicitar apoyo financiero al MGAP","author":"La Hora del Campo","date":"23 febrero, 2021","format":false,"excerpt":"Si bien las precipitaciones en el \u00faltimo mes le han cambiado la cara al norte del pa\u00eds, tambi\u00e9n es claro que cada emergencia agropecuaria deja heridas econ\u00f3micas en las empresas ganaderas que llevan, como los procesos de la propia producci\u00f3n ganadera, un tiempo largo para sanar. El 9 de diciembre\u2026","rel":"","context":"En \u00abActualidad\u00bb","block_context":{"text":"Actualidad","link":"https:\/\/lahoradelcampo.com.uy\/site\/category\/actualidad\/"},"img":{"alt_text":"","src":"https:\/\/i0.wp.com\/lahoradelcampo.com.uy\/site\/wp-content\/uploads\/2021\/02\/emergencia.jpg?fit=880%2C440&ssl=1&resize=350%2C200","width":350,"height":200,"srcset":"https:\/\/i0.wp.com\/lahoradelcampo.com.uy\/site\/wp-content\/uploads\/2021\/02\/emergencia.jpg?fit=880%2C440&ssl=1&resize=350%2C200 1x, https:\/\/i0.wp.com\/lahoradelcampo.com.uy\/site\/wp-content\/uploads\/2021\/02\/emergencia.jpg?fit=880%2C440&ssl=1&resize=525%2C300 1.5x, https:\/\/i0.wp.com\/lahoradelcampo.com.uy\/site\/wp-content\/uploads\/2021\/02\/emergencia.jpg?fit=880%2C440&ssl=1&resize=700%2C400 2x"},"classes":[]},{"id":37935,"url":"https:\/\/lahoradelcampo.com.uy\/site\/ganaderia-declara-este-jueves-la-emergencia-agropecuaria\/","url_meta":{"origin":48279,"position":5},"title":"Ganader\u00eda declara este jueves la emergencia agropecuaria","author":"La Hora del Campo","date":"29 diciembre, 2021","format":false,"excerpt":"\"Es un hecho que se declarar\u00e1 ma\u00f1ana la emergencia agropecuaria\", anunci\u00f3 el ministro de Ganader\u00eda, Agricultura y Pesca, Fernando Mattos, tras el Consejo de Ministros del mi\u00e9rcoles 29. A\u00fan no se encuentran definidas las seccionales que comprender\u00e1 el decreto, pero se incluir\u00eda a unos cinco departamentos afectados. Se prev\u00e9n transferencias\u2026","rel":"","context":"En \u00abActualidad\u00bb","block_context":{"text":"Actualidad","link":"https:\/\/lahoradelcampo.com.uy\/site\/category\/actualidad\/"},"img":{"alt_text":"","src":"https:\/\/i0.wp.com\/lahoradelcampo.com.uy\/site\/wp-content\/uploads\/2021\/12\/MGAP-Emergencia.jpg?fit=880%2C440&ssl=1&resize=350%2C200","width":350,"height":200,"srcset":"https:\/\/i0.wp.com\/lahoradelcampo.com.uy\/site\/wp-content\/uploads\/2021\/12\/MGAP-Emergencia.jpg?fit=880%2C440&ssl=1&resize=350%2C200 1x, https:\/\/i0.wp.com\/lahoradelcampo.com.uy\/site\/wp-content\/uploads\/2021\/12\/MGAP-Emergencia.jpg?fit=880%2C440&ssl=1&resize=525%2C300 1.5x, https:\/\/i0.wp.com\/lahoradelcampo.com.uy\/site\/wp-content\/uploads\/2021\/12\/MGAP-Emergencia.jpg?fit=880%2C440&ssl=1&resize=700%2C400 2x"},"classes":[]}],"jetpack_likes_enabled":true,"_links":{"self":[{"href":"https:\/\/lahoradelcampo.com.uy\/site\/wp-json\/wp\/v2\/posts\/48279","targetHints":{"allow":["GET"]}}],"collection":[{"href":"https:\/\/lahoradelcampo.com.uy\/site\/wp-json\/wp\/v2\/posts"}],"about":[{"href":"https:\/\/lahoradelcampo.com.uy\/site\/wp-json\/wp\/v2\/types\/post"}],"author":[{"embeddable":true,"href":"https:\/\/lahoradelcampo.com.uy\/site\/wp-json\/wp\/v2\/users\/5"}],"replies":[{"embeddable":true,"href":"https:\/\/lahoradelcampo.com.uy\/site\/wp-json\/wp\/v2\/comments?post=48279"}],"version-history":[{"count":1,"href":"https:\/\/lahoradelcampo.com.uy\/site\/wp-json\/wp\/v2\/posts\/48279\/revisions"}],"predecessor-version":[{"id":48283,"href":"https:\/\/lahoradelcampo.com.uy\/site\/wp-json\/wp\/v2\/posts\/48279\/revisions\/48283"}],"wp:featuredmedia":[{"embeddable":true,"href":"https:\/\/lahoradelcampo.com.uy\/site\/wp-json\/wp\/v2\/media\/48281"}],"wp:attachment":[{"href":"https:\/\/lahoradelcampo.com.uy\/site\/wp-json\/wp\/v2\/media?parent=48279"}],"wp:term":[{"taxonomy":"category","embeddable":true,"href":"https:\/\/lahoradelcampo.com.uy\/site\/wp-json\/wp\/v2\/categories?post=48279"},{"taxonomy":"post_tag","embeddable":true,"href":"https:\/\/lahoradelcampo.com.uy\/site\/wp-json\/wp\/v2\/tags?post=48279"}],"curies":[{"name":"wp","href":"https:\/\/api.w.org\/{rel}","templated":true}]}}