{"id":48275,"date":"2023-01-22T09:24:51","date_gmt":"2023-01-22T12:24:51","guid":{"rendered":"http:\/\/lahoradelcampo.com.uy\/site\/?p=48275"},"modified":"2023-01-22T09:24:55","modified_gmt":"2023-01-22T12:24:55","slug":"el-clima-trae-buenas-noticias-para-el-trimestre-febrero-marzo-y-abril","status":"publish","type":"post","link":"https:\/\/lahoradelcampo.com.uy\/site\/el-clima-trae-buenas-noticias-para-el-trimestre-febrero-marzo-y-abril\/","title":{"rendered":"El clima trae buenas noticias para el trimestre febrero, marzo y abril"},"content":{"rendered":"\n<figure class=\"wp-block-image\"><img data-recalc-dims=\"1\" loading=\"lazy\" decoding=\"async\" width=\"810\" height=\"405\" data-attachment-id=\"11215\" data-permalink=\"https:\/\/lahoradelcampo.com.uy\/site\/informe-de-jose-maria-rodriguez-27-05-2019\/josema-3\/\" data-orig-file=\"https:\/\/i0.wp.com\/lahoradelcampo.com.uy\/site\/wp-content\/uploads\/2019\/05\/Josema.jpg?fit=880%2C440&amp;ssl=1\" data-orig-size=\"880,440\" data-comments-opened=\"1\" data-image-meta=\"{&quot;aperture&quot;:&quot;0&quot;,&quot;credit&quot;:&quot;&quot;,&quot;camera&quot;:&quot;&quot;,&quot;caption&quot;:&quot;&quot;,&quot;created_timestamp&quot;:&quot;0&quot;,&quot;copyright&quot;:&quot;&quot;,&quot;focal_length&quot;:&quot;0&quot;,&quot;iso&quot;:&quot;0&quot;,&quot;shutter_speed&quot;:&quot;0&quot;,&quot;title&quot;:&quot;&quot;,&quot;orientation&quot;:&quot;1&quot;}\" data-image-title=\"Josema\" data-image-description=\"\" data-image-caption=\"\" data-large-file=\"https:\/\/i0.wp.com\/lahoradelcampo.com.uy\/site\/wp-content\/uploads\/2019\/05\/Josema.jpg?fit=810%2C405&amp;ssl=1\" src=\"https:\/\/i0.wp.com\/lahoradelcampo.com.uy\/site\/wp-content\/uploads\/2019\/05\/Josema.jpg?resize=810%2C405\" alt=\"\" class=\"wp-image-11215\" srcset=\"https:\/\/i0.wp.com\/lahoradelcampo.com.uy\/site\/wp-content\/uploads\/2019\/05\/Josema.jpg?w=880&amp;ssl=1 880w, https:\/\/i0.wp.com\/lahoradelcampo.com.uy\/site\/wp-content\/uploads\/2019\/05\/Josema.jpg?resize=300%2C150&amp;ssl=1 300w, https:\/\/i0.wp.com\/lahoradelcampo.com.uy\/site\/wp-content\/uploads\/2019\/05\/Josema.jpg?resize=768%2C384&amp;ssl=1 768w, https:\/\/i0.wp.com\/lahoradelcampo.com.uy\/site\/wp-content\/uploads\/2019\/05\/Josema.jpg?resize=820%2C410&amp;ssl=1 820w\" sizes=\"auto, (max-width: 810px) 100vw, 810px\" \/><\/figure>\n\n\n\n<p>El meteor\u00f3logo privado, Jos\u00e9 Mar\u00eda Rodr\u00edguez, dio a conocer en la jornada de ayer su proyecci\u00f3n para los meses de febrero, marzo y abril, en cuanto a la situaci\u00f3n del tiempo y que es dable esperar tanto a nivel de precipitaciones como de temperaturas en el territorio nacional. <br><\/p>\n\n\n\n<p>El profesional se\u00f1al\u00f3 que \u00abel fen\u00f3meno de La Ni\u00f1a va disminuyendo su intensidad, el enfriamiento del oc\u00e9ano Pac\u00edfico que caracteriza este fen\u00f3meno, va empezando a disminuir, a calentarse las aguas, lo que hace pensar que a partir de las pr\u00f3ximas semanas empecemos a estar en un estado de neutralidad, sin El Ni\u00f1o o La Ni\u00f1a\u00bb. <\/p>\n\n\n\n<p>Agreg\u00f3 que esta neutralidad \u00abpodr\u00eda extenderse hasta el invierno que viene, as\u00ed que tendr\u00edamos un oto\u00f1o e invierno, bajo un estado de neutralidad en el oc\u00e9ano pac\u00edfico\u00bb. <br><\/p>\n\n\n\n<p>Teniendo en cuenta que no existen otras variables, que actualmente afecten el tiempo en la regi\u00f3n, \u00aben los pr\u00f3ximos meses, seg\u00fan estudios y an\u00e1lisis que hemos hecho en esta \u00faltima semana, es probable que el mes de febrero tenga lluvias normales o levemente deficitarias al norte del Rio Negro y lluvias normales en el sur del pa\u00eds\u00bb. <\/p>\n\n\n\n<p>Aclar\u00f3 que \u00abeste leve d\u00e9ficit est\u00e1 lejos de lo que fue el d\u00e9ficit de diciembre de 2022 y lo que va de enero 2023, si bien podr\u00eda estar levemente por debajo de lo normal, no ser\u00eda tan marcado el d\u00e9ficit como en los meses anteriores, en el norte del R\u00edo Negro\u00bb.<br><\/p>\n\n\n\n<p>Febrero ser\u00eda el \u00fanico mes, del trimestre, donde existe una diferenciaci\u00f3n entre el norte y el sur del pa\u00eds en cuanto a precipitaciones. Para el mes de marzo \u00ablas lluvias estar\u00edan dentro de los valores normales de la climatolog\u00eda, o sea dentro de lo esperado para el mes de marzo\u00bb dijo el meteor\u00f3logo. <br><\/p>\n\n\n\n<p>En tanto que para el mes de abril indic\u00f3 que existe probabilidades que las precipitaciones \u00abest\u00e9n dentro de la climatolog\u00eda con una tendencia a estar levemente por encima de la media, por lo que podr\u00eda llover por encima de lo normal en el mes de abril en todo el territorio nacional\u00bb. <br><\/p>\n\n\n\n<p>Jos\u00e9 Mar\u00eda Rodr\u00edguez aclar\u00f3 que para el mes de febrero, la climatolog\u00eda implica que se registren en promedio 100 mil\u00edmetros, en tanto que en marzo 120 mil\u00edmetros y en abril entre 120 y 130 mil\u00edmetros. <br><\/p>\n\n\n\n<p>Temperaturas <br><\/p>\n\n\n\n<p>Sobre las temperaturas esperadas para este trimestre, indic\u00f3 que \u00abno hay anomal\u00edas marcadas, ni hacia valores positivo o negativos\u00bb por lo que se esperan temperaturas dentro de lo normal para todo el territorio nacional. <br><\/p>\n\n\n\n<p>Es v\u00e1lido aclarar que en marzo y abril las temperaturas ir\u00e1n descendiendo como es esperable debido a la finalizaci\u00f3n del verano y el comienzo del oto\u00f1o. <\/p>\n\n\n\n<p>Salto, domingo 22 de enero de 2023<\/p>\n","protected":false},"excerpt":{"rendered":"<p>El meteor\u00f3logo privado, Jos\u00e9 Mar\u00eda Rodr\u00edguez, dio a conocer en la jornada de ayer su proyecci\u00f3n para los meses de febrero, marzo y abril, en cuanto a la situaci\u00f3n del [&hellip;]<\/p>\n","protected":false},"author":5,"featured_media":11215,"comment_status":"open","ping_status":"open","sticky":false,"template":"","format":"standard","meta":{"_price":"","_stock":"","_tribe_ticket_header":"","_tribe_default_ticket_provider":"","_tribe_ticket_capacity":"0","_ticket_start_date":"","_ticket_end_date":"","_tribe_ticket_show_description":"","_tribe_ticket_show_not_going":false,"_tribe_ticket_use_global_stock":"","_tribe_ticket_global_stock_level":"","_global_stock_mode":"","_global_stock_cap":"","_tribe_rsvp_for_event":"","_tribe_ticket_going_count":"","_tribe_ticket_not_going_count":"","_tribe_tickets_list":"[]","_tribe_ticket_has_attendee_info_fields":false,"h5ap_radio_sources":[],"_jetpack_newsletter_access":"","_jetpack_dont_email_post_to_subs":false,"_jetpack_newsletter_tier_id":0,"_jetpack_memberships_contains_paywalled_content":false,"_jetpack_memberships_contains_paid_content":false,"footnotes":""},"categories":[21,5],"tags":[],"class_list":["post-48275","post","type-post","status-publish","format-standard","has-post-thumbnail","hentry","category-actualidad","category-ganaderia"],"jetpack_featured_media_url":"https:\/\/i0.wp.com\/lahoradelcampo.com.uy\/site\/wp-content\/uploads\/2019\/05\/Josema.jpg?fit=880%2C440&ssl=1","jetpack_sharing_enabled":true,"jetpack_shortlink":"https:\/\/wp.me\/p99IaT-cyD","jetpack-related-posts":[{"id":38269,"url":"https:\/\/lahoradelcampo.com.uy\/site\/comienza-la-ola-de-calor-y-el-debilitamiento-de-la-nina\/","url_meta":{"origin":48275,"position":0},"title":"Comienza la ola de calor y el debilitamiento de \u00abLa Ni\u00f1a\u00bb","author":"La Hora del Campo","date":"11 enero, 2022","format":false,"excerpt":"Jos\u00e9 Mar\u00eda Rodr\u00edguez dijo a La Hora del Campo que la ola de calor que se registrar\u00e1 esta semana, entre mi\u00e9rcoles y s\u00e1bado, alcanzar\u00e1 valores de temperatura r\u00e9cords pero que se estima estar\u00e1n por debajo del registro hist\u00f3rico de 44 grados que se observ\u00f3 el 20 de enero de 1943\u2026","rel":"","context":"En \u00abActualidad\u00bb","block_context":{"text":"Actualidad","link":"https:\/\/lahoradelcampo.com.uy\/site\/category\/actualidad\/"},"img":{"alt_text":"","src":"https:\/\/i0.wp.com\/lahoradelcampo.com.uy\/site\/wp-content\/uploads\/2019\/05\/Josema.jpg?fit=880%2C440&ssl=1&resize=350%2C200","width":350,"height":200,"srcset":"https:\/\/i0.wp.com\/lahoradelcampo.com.uy\/site\/wp-content\/uploads\/2019\/05\/Josema.jpg?fit=880%2C440&ssl=1&resize=350%2C200 1x, https:\/\/i0.wp.com\/lahoradelcampo.com.uy\/site\/wp-content\/uploads\/2019\/05\/Josema.jpg?fit=880%2C440&ssl=1&resize=525%2C300 1.5x, https:\/\/i0.wp.com\/lahoradelcampo.com.uy\/site\/wp-content\/uploads\/2019\/05\/Josema.jpg?fit=880%2C440&ssl=1&resize=700%2C400 2x"},"classes":[]},{"id":17596,"url":"https:\/\/lahoradelcampo.com.uy\/site\/queda-atras-el-nino-y-vuelven-condiciones-de-neutralidad\/","url_meta":{"origin":48275,"position":1},"title":"Queda atr\u00e1s El Ni\u00f1o y vuelven condiciones de neutralidad","author":"La Hora del Campo","date":"22 febrero, 2020","format":false,"excerpt":"Los Servicios meteorol\u00f3gicos estadounidenses afirman que se aleja el fen\u00f3meno El Ni\u00f1o y vuelven condiciones de normalidad a partir de la primavera del hemisferio norte (oto\u00f1o del hemisferio sur). De acuerdo a la \u00faltima actualizaci\u00f3n del Centro de Predicciones Clim\u00e1ticas de la Administraci\u00f3n Nacional Oce\u00e1nica y Atmosf\u00e9rica (NOAA) hay un\u2026","rel":"","context":"En \u00abActualidad\u00bb","block_context":{"text":"Actualidad","link":"https:\/\/lahoradelcampo.com.uy\/site\/category\/actualidad\/"},"img":{"alt_text":"","src":"https:\/\/i0.wp.com\/lahoradelcampo.com.uy\/site\/wp-content\/uploads\/2017\/10\/clima.jpg?fit=880%2C440&ssl=1&resize=350%2C200","width":350,"height":200,"srcset":"https:\/\/i0.wp.com\/lahoradelcampo.com.uy\/site\/wp-content\/uploads\/2017\/10\/clima.jpg?fit=880%2C440&ssl=1&resize=350%2C200 1x, https:\/\/i0.wp.com\/lahoradelcampo.com.uy\/site\/wp-content\/uploads\/2017\/10\/clima.jpg?fit=880%2C440&ssl=1&resize=525%2C300 1.5x, https:\/\/i0.wp.com\/lahoradelcampo.com.uy\/site\/wp-content\/uploads\/2017\/10\/clima.jpg?fit=880%2C440&ssl=1&resize=700%2C400 2x"},"classes":[]},{"id":40833,"url":"https:\/\/lahoradelcampo.com.uy\/site\/la-nina-el-evento-continuara-vigente-durante-el-invierno\/","url_meta":{"origin":48275,"position":2},"title":"\u00abLa Ni\u00f1a\u00bb el evento continuar\u00e1 vigente durante el invierno","author":"La Hora del Campo","date":"18 abril, 2022","format":false,"excerpt":"De acuerdo al informe del Instituto Internacional de Investigaci\u00f3n para el Clima y la Sociedad de la Universidad de Columbia (IRI por sus siglas en ingl\u00e9s), en Estados Unidos, publicado este mes, las condicionantes clim\u00e1ticas prev\u00e9n las un escenario favorable para el sostenimiento del fen\u00f3meno de \"La Ni\u00f1a\" durante el\u2026","rel":"","context":"En \u00abActualidad\u00bb","block_context":{"text":"Actualidad","link":"https:\/\/lahoradelcampo.com.uy\/site\/category\/actualidad\/"},"img":{"alt_text":"","src":"https:\/\/i0.wp.com\/lahoradelcampo.com.uy\/site\/wp-content\/uploads\/2017\/10\/clima.jpg?fit=880%2C440&ssl=1&resize=350%2C200","width":350,"height":200,"srcset":"https:\/\/i0.wp.com\/lahoradelcampo.com.uy\/site\/wp-content\/uploads\/2017\/10\/clima.jpg?fit=880%2C440&ssl=1&resize=350%2C200 1x, https:\/\/i0.wp.com\/lahoradelcampo.com.uy\/site\/wp-content\/uploads\/2017\/10\/clima.jpg?fit=880%2C440&ssl=1&resize=525%2C300 1.5x, https:\/\/i0.wp.com\/lahoradelcampo.com.uy\/site\/wp-content\/uploads\/2017\/10\/clima.jpg?fit=880%2C440&ssl=1&resize=700%2C400 2x"},"classes":[]},{"id":2751,"url":"https:\/\/lahoradelcampo.com.uy\/site\/aumenta-probabilidad-de-fenomeno-la-nina\/","url_meta":{"origin":48275,"position":3},"title":"Aumenta probabilidad de fen\u00f3meno La Ni\u00f1a","author":"La Hora del Campo","date":"16 octubre, 2017","format":false,"excerpt":"Los servicios meteorol\u00f3gicos de la Administraci\u00f3n Nacional de Oc\u00e9anos y Atm\u00f3sfera de EEUU (NOAA) aument\u00f3 el porcentaje de probabilidad de que condiciones de La Ni\u00f1a durante el invierno del Hemisferio Norte. De acuerdo a su \u00faltimo reporte, actualizado este jueves, las probabilidades de que esto ocurra son de alrededor del\u2026","rel":"","context":"En \u00abActualidad\u00bb","block_context":{"text":"Actualidad","link":"https:\/\/lahoradelcampo.com.uy\/site\/category\/actualidad\/"},"img":{"alt_text":"","src":"https:\/\/i0.wp.com\/lahoradelcampo.com.uy\/site\/wp-content\/uploads\/2017\/10\/clima.jpg?fit=880%2C440&ssl=1&resize=350%2C200","width":350,"height":200,"srcset":"https:\/\/i0.wp.com\/lahoradelcampo.com.uy\/site\/wp-content\/uploads\/2017\/10\/clima.jpg?fit=880%2C440&ssl=1&resize=350%2C200 1x, https:\/\/i0.wp.com\/lahoradelcampo.com.uy\/site\/wp-content\/uploads\/2017\/10\/clima.jpg?fit=880%2C440&ssl=1&resize=525%2C300 1.5x, https:\/\/i0.wp.com\/lahoradelcampo.com.uy\/site\/wp-content\/uploads\/2017\/10\/clima.jpg?fit=880%2C440&ssl=1&resize=700%2C400 2x"},"classes":[]},{"id":39341,"url":"https:\/\/lahoradelcampo.com.uy\/site\/en-marzo-las-lluvias-seran-por-debajo-de-lo-normal-en-el-norte\/","url_meta":{"origin":48275,"position":4},"title":"En marzo las lluvias ser\u00e1n por debajo de lo normal en el norte","author":"La Hora del Campo","date":"22 febrero, 2022","format":false,"excerpt":"El meteor\u00f3logo privado, Jos\u00e9 Mar\u00eda Rodr\u00edguez, emiti\u00f3 en la jornada de ayer sus proyecciones para el trimestre marzo, abril, mayo de 2022. En su informe indic\u00f3 que si bien las temperaturas estar\u00e1n dentro de los registros esperados en todo el pa\u00eds para el mes de marzo, las precipitaciones sobre los\u2026","rel":"","context":"En \u00abActualidad\u00bb","block_context":{"text":"Actualidad","link":"https:\/\/lahoradelcampo.com.uy\/site\/category\/actualidad\/"},"img":{"alt_text":"","src":"https:\/\/i0.wp.com\/lahoradelcampo.com.uy\/site\/wp-content\/uploads\/2019\/05\/Josema.jpg?fit=880%2C440&ssl=1&resize=350%2C200","width":350,"height":200,"srcset":"https:\/\/i0.wp.com\/lahoradelcampo.com.uy\/site\/wp-content\/uploads\/2019\/05\/Josema.jpg?fit=880%2C440&ssl=1&resize=350%2C200 1x, https:\/\/i0.wp.com\/lahoradelcampo.com.uy\/site\/wp-content\/uploads\/2019\/05\/Josema.jpg?fit=880%2C440&ssl=1&resize=525%2C300 1.5x, https:\/\/i0.wp.com\/lahoradelcampo.com.uy\/site\/wp-content\/uploads\/2019\/05\/Josema.jpg?fit=880%2C440&ssl=1&resize=700%2C400 2x"},"classes":[]},{"id":55033,"url":"https:\/\/lahoradelcampo.com.uy\/site\/los-pronosticos-cambiaron-ahora-se-espera-una-nina-debil-para-el-verano\/","url_meta":{"origin":48275,"position":5},"title":"Los pron\u00f3sticos cambiaron, ahora se espera una \u00abNi\u00f1a\u00bb d\u00e9bil para el verano","author":"La Hora del Campo","date":"6 noviembre, 2024","format":false,"excerpt":"Los \u00faltimos datos que se conocen respecto al clima son alentadores para el sector agropecuario. La proyecci\u00f3n del International Research Institute for Climate and Society (IRI), predice que el evento clim\u00e1tico conocido como La Ni\u00f1a, caracterizado por la escasez de lluvias, ser\u00e1 \u201cd\u00e9bil y de corta duraci\u00f3n\u201d, en el pr\u00f3ximo\u2026","rel":"","context":"En \u00abActualidad\u00bb","block_context":{"text":"Actualidad","link":"https:\/\/lahoradelcampo.com.uy\/site\/category\/actualidad\/"},"img":{"alt_text":"","src":"https:\/\/i0.wp.com\/lahoradelcampo.com.uy\/site\/wp-content\/uploads\/2024\/11\/lanina.jpg?fit=880%2C440&ssl=1&resize=350%2C200","width":350,"height":200,"srcset":"https:\/\/i0.wp.com\/lahoradelcampo.com.uy\/site\/wp-content\/uploads\/2024\/11\/lanina.jpg?fit=880%2C440&ssl=1&resize=350%2C200 1x, https:\/\/i0.wp.com\/lahoradelcampo.com.uy\/site\/wp-content\/uploads\/2024\/11\/lanina.jpg?fit=880%2C440&ssl=1&resize=525%2C300 1.5x, https:\/\/i0.wp.com\/lahoradelcampo.com.uy\/site\/wp-content\/uploads\/2024\/11\/lanina.jpg?fit=880%2C440&ssl=1&resize=700%2C400 2x"},"classes":[]}],"jetpack_likes_enabled":true,"_links":{"self":[{"href":"https:\/\/lahoradelcampo.com.uy\/site\/wp-json\/wp\/v2\/posts\/48275","targetHints":{"allow":["GET"]}}],"collection":[{"href":"https:\/\/lahoradelcampo.com.uy\/site\/wp-json\/wp\/v2\/posts"}],"about":[{"href":"https:\/\/lahoradelcampo.com.uy\/site\/wp-json\/wp\/v2\/types\/post"}],"author":[{"embeddable":true,"href":"https:\/\/lahoradelcampo.com.uy\/site\/wp-json\/wp\/v2\/users\/5"}],"replies":[{"embeddable":true,"href":"https:\/\/lahoradelcampo.com.uy\/site\/wp-json\/wp\/v2\/comments?post=48275"}],"version-history":[{"count":1,"href":"https:\/\/lahoradelcampo.com.uy\/site\/wp-json\/wp\/v2\/posts\/48275\/revisions"}],"predecessor-version":[{"id":48277,"href":"https:\/\/lahoradelcampo.com.uy\/site\/wp-json\/wp\/v2\/posts\/48275\/revisions\/48277"}],"wp:featuredmedia":[{"embeddable":true,"href":"https:\/\/lahoradelcampo.com.uy\/site\/wp-json\/wp\/v2\/media\/11215"}],"wp:attachment":[{"href":"https:\/\/lahoradelcampo.com.uy\/site\/wp-json\/wp\/v2\/media?parent=48275"}],"wp:term":[{"taxonomy":"category","embeddable":true,"href":"https:\/\/lahoradelcampo.com.uy\/site\/wp-json\/wp\/v2\/categories?post=48275"},{"taxonomy":"post_tag","embeddable":true,"href":"https:\/\/lahoradelcampo.com.uy\/site\/wp-json\/wp\/v2\/tags?post=48275"}],"curies":[{"name":"wp","href":"https:\/\/api.w.org\/{rel}","templated":true}]}}