{"id":48269,"date":"2023-01-22T09:22:00","date_gmt":"2023-01-22T12:22:00","guid":{"rendered":"http:\/\/lahoradelcampo.com.uy\/site\/?p=48269"},"modified":"2023-01-22T09:22:05","modified_gmt":"2023-01-22T12:22:05","slug":"morrones-subas-para-el-rojo-y-bajas-para-el-verde","status":"publish","type":"post","link":"https:\/\/lahoradelcampo.com.uy\/site\/morrones-subas-para-el-rojo-y-bajas-para-el-verde\/","title":{"rendered":"Morrones: subas para el rojo y bajas para el verde"},"content":{"rendered":"\n<figure class=\"wp-block-image\"><img data-recalc-dims=\"1\" loading=\"lazy\" decoding=\"async\" width=\"810\" height=\"405\" data-attachment-id=\"48271\" data-permalink=\"https:\/\/lahoradelcampo.com.uy\/site\/morrones-subas-para-el-rojo-y-bajas-para-el-verde\/uam-morronesrojoyverde\/\" data-orig-file=\"https:\/\/i0.wp.com\/lahoradelcampo.com.uy\/site\/wp-content\/uploads\/2023\/01\/UAM-Morronesrojoyverde.jpg?fit=880%2C440&amp;ssl=1\" data-orig-size=\"880,440\" data-comments-opened=\"1\" data-image-meta=\"{&quot;aperture&quot;:&quot;0&quot;,&quot;credit&quot;:&quot;&quot;,&quot;camera&quot;:&quot;&quot;,&quot;caption&quot;:&quot;&quot;,&quot;created_timestamp&quot;:&quot;0&quot;,&quot;copyright&quot;:&quot;&quot;,&quot;focal_length&quot;:&quot;0&quot;,&quot;iso&quot;:&quot;0&quot;,&quot;shutter_speed&quot;:&quot;0&quot;,&quot;title&quot;:&quot;&quot;,&quot;orientation&quot;:&quot;1&quot;}\" data-image-title=\"UAM-Morronesrojoyverde\" data-image-description=\"\" data-image-caption=\"\" data-large-file=\"https:\/\/i0.wp.com\/lahoradelcampo.com.uy\/site\/wp-content\/uploads\/2023\/01\/UAM-Morronesrojoyverde.jpg?fit=810%2C405&amp;ssl=1\" src=\"https:\/\/i0.wp.com\/lahoradelcampo.com.uy\/site\/wp-content\/uploads\/2023\/01\/UAM-Morronesrojoyverde.jpg?resize=810%2C405\" alt=\"\" class=\"wp-image-48271\" srcset=\"https:\/\/i0.wp.com\/lahoradelcampo.com.uy\/site\/wp-content\/uploads\/2023\/01\/UAM-Morronesrojoyverde.jpg?w=880&amp;ssl=1 880w, https:\/\/i0.wp.com\/lahoradelcampo.com.uy\/site\/wp-content\/uploads\/2023\/01\/UAM-Morronesrojoyverde.jpg?resize=300%2C150&amp;ssl=1 300w, https:\/\/i0.wp.com\/lahoradelcampo.com.uy\/site\/wp-content\/uploads\/2023\/01\/UAM-Morronesrojoyverde.jpg?resize=768%2C384&amp;ssl=1 768w, https:\/\/i0.wp.com\/lahoradelcampo.com.uy\/site\/wp-content\/uploads\/2023\/01\/UAM-Morronesrojoyverde.jpg?resize=820%2C410&amp;ssl=1 820w\" sizes=\"auto, (max-width: 810px) 100vw, 810px\" \/><\/figure>\n\n\n\n<p>En la UAM; esta semana las cotizaciones para el morr\u00f3n Rojo registraron subas, en tanto que en el verde, el cierre semanal fue bajista. <\/p>\n\n\n\n<p>En el caso del morr\u00f3n rojo, se observa excelente calidad en la oferta mayorista que alcanzan las cotizaciones m\u00e1ximas de venta. Por otro lado, las partidas con defectos de deshidrataci\u00f3n, quemado o ablandamiento son menos frecuentes ya que las provenientes del litoral Norte disminuyeron considerablemente. <\/p>\n\n\n\n<p>El volumen ofertado retrocedi\u00f3 un 16% esta semana, a 106 toneladas, en tanto que el precio subi\u00f3 un 41% a $ 83 el kilogramo promedio al mayorista. <\/p>\n\n\n\n<p>En el caso de Verde, la oferta es mayor y los precios se mantienen bajos. En efecto, esta semana ingresaron 76 toneladas, un 18% m\u00e1s que la semana anterior. <\/p>\n\n\n\n<p>Por su parte los precios pasaron de $ 41 a $ 42 en promedio, entre la pasada semana y la presente. <\/p>\n\n\n\n<p>Salto, domingo 22 de enero de 2023<\/p>\n","protected":false},"excerpt":{"rendered":"<p>En la UAM; esta semana las cotizaciones para el morr\u00f3n Rojo registraron subas, en tanto que en el verde, el cierre semanal fue bajista. En el caso del morr\u00f3n rojo, [&hellip;]<\/p>\n","protected":false},"author":5,"featured_media":48271,"comment_status":"open","ping_status":"open","sticky":false,"template":"","format":"standard","meta":{"_price":"","_stock":"","_tribe_ticket_header":"","_tribe_default_ticket_provider":"","_tribe_ticket_capacity":"0","_ticket_start_date":"","_ticket_end_date":"","_tribe_ticket_show_description":"","_tribe_ticket_show_not_going":false,"_tribe_ticket_use_global_stock":"","_tribe_ticket_global_stock_level":"","_global_stock_mode":"","_global_stock_cap":"","_tribe_rsvp_for_event":"","_tribe_ticket_going_count":"","_tribe_ticket_not_going_count":"","_tribe_tickets_list":"[]","_tribe_ticket_has_attendee_info_fields":false,"h5ap_radio_sources":[],"_jetpack_newsletter_access":"","_jetpack_dont_email_post_to_subs":false,"_jetpack_newsletter_tier_id":0,"_jetpack_memberships_contains_paywalled_content":false,"_jetpack_memberships_contains_paid_content":false,"footnotes":""},"categories":[21,9],"tags":[],"class_list":["post-48269","post","type-post","status-publish","format-standard","has-post-thumbnail","hentry","category-actualidad","category-granja"],"jetpack_featured_media_url":"https:\/\/i0.wp.com\/lahoradelcampo.com.uy\/site\/wp-content\/uploads\/2023\/01\/UAM-Morronesrojoyverde.jpg?fit=880%2C440&ssl=1","jetpack_sharing_enabled":true,"jetpack_shortlink":"https:\/\/wp.me\/p99IaT-cyx","jetpack-related-posts":[{"id":32210,"url":"https:\/\/lahoradelcampo.com.uy\/site\/el-veranillo-de-junio-aumento-la-oferta-de-tomate\/","url_meta":{"origin":48269,"position":0},"title":"El veranillo de junio aumento la oferta de Tomate","author":"La Hora del Campo","date":"19 julio, 2021","format":false,"excerpt":"Las cotizaciones de tomate Redondo disminuyeron esta semana, sin embargo el veranillo a finales de junio gener\u00f3 una r\u00e1pida maduraci\u00f3n e increment\u00f3 el volumen de ingreso desde el litoral Norte. Esta situaci\u00f3n tambi\u00e9n se vio en las variedades Perita y Cherry. En este contexto la oferta de tomate redondo, tipo\u2026","rel":"","context":"En \u00abActualidad\u00bb","block_context":{"text":"Actualidad","link":"https:\/\/lahoradelcampo.com.uy\/site\/category\/actualidad\/"},"img":{"alt_text":"","src":"https:\/\/i0.wp.com\/lahoradelcampo.com.uy\/site\/wp-content\/uploads\/2019\/11\/Tomate.jpg?fit=880%2C440&ssl=1&resize=350%2C200","width":350,"height":200,"srcset":"https:\/\/i0.wp.com\/lahoradelcampo.com.uy\/site\/wp-content\/uploads\/2019\/11\/Tomate.jpg?fit=880%2C440&ssl=1&resize=350%2C200 1x, https:\/\/i0.wp.com\/lahoradelcampo.com.uy\/site\/wp-content\/uploads\/2019\/11\/Tomate.jpg?fit=880%2C440&ssl=1&resize=525%2C300 1.5x, https:\/\/i0.wp.com\/lahoradelcampo.com.uy\/site\/wp-content\/uploads\/2019\/11\/Tomate.jpg?fit=880%2C440&ssl=1&resize=700%2C400 2x"},"classes":[]},{"id":38707,"url":"https:\/\/lahoradelcampo.com.uy\/site\/el-clima-genera-cambios-en-la-oferta-de-los-morrones\/","url_meta":{"origin":48269,"position":1},"title":"El clima genera cambios en la oferta de los morrones","author":"La Hora del Campo","date":"31 enero, 2022","format":false,"excerpt":"Las condiciones atmosf\u00e9ricas cambiantes han generado un escenario incierto para las hortalizas de fruto, llevando a que las cotizaciones para la mayor\u00eda de los rubros presentes cambios, principalmente para los productos de calidad superior. La mayor parte de la mercader\u00eda presenta defectos derivados de las malas condiciones clim\u00e1ticas, generando mayor\u2026","rel":"","context":"En \u00abGranja\u00bb","block_context":{"text":"Granja","link":"https:\/\/lahoradelcampo.com.uy\/site\/category\/granja\/"},"img":{"alt_text":"","src":"https:\/\/i0.wp.com\/lahoradelcampo.com.uy\/site\/wp-content\/uploads\/2021\/11\/Morrones.jpg?fit=880%2C440&ssl=1&resize=350%2C200","width":350,"height":200,"srcset":"https:\/\/i0.wp.com\/lahoradelcampo.com.uy\/site\/wp-content\/uploads\/2021\/11\/Morrones.jpg?fit=880%2C440&ssl=1&resize=350%2C200 1x, https:\/\/i0.wp.com\/lahoradelcampo.com.uy\/site\/wp-content\/uploads\/2021\/11\/Morrones.jpg?fit=880%2C440&ssl=1&resize=525%2C300 1.5x, https:\/\/i0.wp.com\/lahoradelcampo.com.uy\/site\/wp-content\/uploads\/2021\/11\/Morrones.jpg?fit=880%2C440&ssl=1&resize=700%2C400 2x"},"classes":[]},{"id":56602,"url":"https:\/\/lahoradelcampo.com.uy\/site\/menor-oferta-de-morrones-impacta-en-precios-al-alza\/","url_meta":{"origin":48269,"position":2},"title":"Menor oferta de morrones impacta en precios al alza","author":"La Hora del Campo","date":"19 agosto, 2025","format":false,"excerpt":"La Unidad Agroalimentaria Metropolitana (UAM) inform\u00f3 que en la \u00faltima semana se verificaron problemas de calidad en las hortalizas de fruto, como consecuencia del retorno de las temperaturas fr\u00edas. Estos factores incidieron en la maduraci\u00f3n, el crecimiento y el desarrollo de los frutos, lo que deriv\u00f3 en una reducci\u00f3n tanto\u2026","rel":"","context":"En \u00abActualidad\u00bb","block_context":{"text":"Actualidad","link":"https:\/\/lahoradelcampo.com.uy\/site\/category\/actualidad\/"},"img":{"alt_text":"","src":"https:\/\/i0.wp.com\/lahoradelcampo.com.uy\/site\/wp-content\/uploads\/2023\/01\/UAM-Morronesrojoyverde.jpg?fit=880%2C440&ssl=1&resize=350%2C200","width":350,"height":200,"srcset":"https:\/\/i0.wp.com\/lahoradelcampo.com.uy\/site\/wp-content\/uploads\/2023\/01\/UAM-Morronesrojoyverde.jpg?fit=880%2C440&ssl=1&resize=350%2C200 1x, https:\/\/i0.wp.com\/lahoradelcampo.com.uy\/site\/wp-content\/uploads\/2023\/01\/UAM-Morronesrojoyverde.jpg?fit=880%2C440&ssl=1&resize=525%2C300 1.5x, https:\/\/i0.wp.com\/lahoradelcampo.com.uy\/site\/wp-content\/uploads\/2023\/01\/UAM-Morronesrojoyverde.jpg?fit=880%2C440&ssl=1&resize=700%2C400 2x"},"classes":[]},{"id":30132,"url":"https:\/\/lahoradelcampo.com.uy\/site\/uam-precio-del-morron-rojo-crecio-un-63-en-el-mes\/","url_meta":{"origin":48269,"position":3},"title":"UAM: precio del morr\u00f3n Rojo creci\u00f3 un 63% en el mes","author":"La Hora del Campo","date":"15 mayo, 2021","format":false,"excerpt":"El morr\u00f3n es uno de los productores que ha tenido un fuerte incremento en las \u00faltimas semanas a nivel mayorista, de acuerdo a los datos que proporciona semanalmente la Unidad Agroalimentaria (UAM). En este sentido el jueves, uno de los d\u00edas de mayor nivel de comercializaci\u00f3n, marc\u00f3 referencias de $\u2026","rel":"","context":"En \u00abActualidad\u00bb","block_context":{"text":"Actualidad","link":"https:\/\/lahoradelcampo.com.uy\/site\/category\/actualidad\/"},"img":{"alt_text":"","src":"https:\/\/i0.wp.com\/lahoradelcampo.com.uy\/site\/wp-content\/uploads\/2017\/11\/Morr%C3%B3n.jpg?fit=880%2C440&ssl=1&resize=350%2C200","width":350,"height":200,"srcset":"https:\/\/i0.wp.com\/lahoradelcampo.com.uy\/site\/wp-content\/uploads\/2017\/11\/Morr%C3%B3n.jpg?fit=880%2C440&ssl=1&resize=350%2C200 1x, https:\/\/i0.wp.com\/lahoradelcampo.com.uy\/site\/wp-content\/uploads\/2017\/11\/Morr%C3%B3n.jpg?fit=880%2C440&ssl=1&resize=525%2C300 1.5x, https:\/\/i0.wp.com\/lahoradelcampo.com.uy\/site\/wp-content\/uploads\/2017\/11\/Morr%C3%B3n.jpg?fit=880%2C440&ssl=1&resize=700%2C400 2x"},"classes":[]},{"id":43653,"url":"https:\/\/lahoradelcampo.com.uy\/site\/alta-oferta-de-tomate-presiona-precios-a-la-baja\/","url_meta":{"origin":48269,"position":4},"title":"Alta oferta de tomate presiona precios a la baja","author":"La Hora del Campo","date":"11 julio, 2022","format":false,"excerpt":"Las bajas temperaturas y la alta humedad impiden que los frutos alcancen una adecuada maduraci\u00f3n y coloraci\u00f3n, generando sobrantes al finalizar las jornadas comerciales. Las partidas de tomates en su mayor\u00eda presentan defectos por inmadurez, ablandamiento y pudriciones. Las cotizaciones m\u00e1s altas las consiguen aquellos que alcanzan una correcta maduraci\u00f3n,\u2026","rel":"","context":"En \u00abActualidad\u00bb","block_context":{"text":"Actualidad","link":"https:\/\/lahoradelcampo.com.uy\/site\/category\/actualidad\/"},"img":{"alt_text":"","src":"https:\/\/i0.wp.com\/lahoradelcampo.com.uy\/site\/wp-content\/uploads\/2022\/07\/UAM-Tomate.jpg?fit=880%2C440&ssl=1&resize=350%2C200","width":350,"height":200,"srcset":"https:\/\/i0.wp.com\/lahoradelcampo.com.uy\/site\/wp-content\/uploads\/2022\/07\/UAM-Tomate.jpg?fit=880%2C440&ssl=1&resize=350%2C200 1x, https:\/\/i0.wp.com\/lahoradelcampo.com.uy\/site\/wp-content\/uploads\/2022\/07\/UAM-Tomate.jpg?fit=880%2C440&ssl=1&resize=525%2C300 1.5x, https:\/\/i0.wp.com\/lahoradelcampo.com.uy\/site\/wp-content\/uploads\/2022\/07\/UAM-Tomate.jpg?fit=880%2C440&ssl=1&resize=700%2C400 2x"},"classes":[]},{"id":36305,"url":"https:\/\/lahoradelcampo.com.uy\/site\/el-morron-rojo-sigue-en-alza-el-verde-bajo\/","url_meta":{"origin":48269,"position":5},"title":"El morr\u00f3n rojo sigue en alza, el verde baj\u00f3","author":"La Hora del Campo","date":"8 noviembre, 2021","format":false,"excerpt":"La semana en el mercado granjero cerr\u00f3 nuevamente con precios altos para el morr\u00f3n rojo y amarillo, mientras que el morr\u00f3n verde registr\u00f3 descensos en sus valores. El morr\u00f3n Rojo se observ\u00f3 un escenario de precios altos, pese a que es dif\u00edcil encontrar partidas de color completamente rojo brillante y\u2026","rel":"","context":"En \u00abActualidad\u00bb","block_context":{"text":"Actualidad","link":"https:\/\/lahoradelcampo.com.uy\/site\/category\/actualidad\/"},"img":{"alt_text":"","src":"https:\/\/i0.wp.com\/lahoradelcampo.com.uy\/site\/wp-content\/uploads\/2021\/11\/Morrones.jpg?fit=880%2C440&ssl=1&resize=350%2C200","width":350,"height":200,"srcset":"https:\/\/i0.wp.com\/lahoradelcampo.com.uy\/site\/wp-content\/uploads\/2021\/11\/Morrones.jpg?fit=880%2C440&ssl=1&resize=350%2C200 1x, https:\/\/i0.wp.com\/lahoradelcampo.com.uy\/site\/wp-content\/uploads\/2021\/11\/Morrones.jpg?fit=880%2C440&ssl=1&resize=525%2C300 1.5x, https:\/\/i0.wp.com\/lahoradelcampo.com.uy\/site\/wp-content\/uploads\/2021\/11\/Morrones.jpg?fit=880%2C440&ssl=1&resize=700%2C400 2x"},"classes":[]}],"jetpack_likes_enabled":true,"_links":{"self":[{"href":"https:\/\/lahoradelcampo.com.uy\/site\/wp-json\/wp\/v2\/posts\/48269","targetHints":{"allow":["GET"]}}],"collection":[{"href":"https:\/\/lahoradelcampo.com.uy\/site\/wp-json\/wp\/v2\/posts"}],"about":[{"href":"https:\/\/lahoradelcampo.com.uy\/site\/wp-json\/wp\/v2\/types\/post"}],"author":[{"embeddable":true,"href":"https:\/\/lahoradelcampo.com.uy\/site\/wp-json\/wp\/v2\/users\/5"}],"replies":[{"embeddable":true,"href":"https:\/\/lahoradelcampo.com.uy\/site\/wp-json\/wp\/v2\/comments?post=48269"}],"version-history":[{"count":1,"href":"https:\/\/lahoradelcampo.com.uy\/site\/wp-json\/wp\/v2\/posts\/48269\/revisions"}],"predecessor-version":[{"id":48273,"href":"https:\/\/lahoradelcampo.com.uy\/site\/wp-json\/wp\/v2\/posts\/48269\/revisions\/48273"}],"wp:featuredmedia":[{"embeddable":true,"href":"https:\/\/lahoradelcampo.com.uy\/site\/wp-json\/wp\/v2\/media\/48271"}],"wp:attachment":[{"href":"https:\/\/lahoradelcampo.com.uy\/site\/wp-json\/wp\/v2\/media?parent=48269"}],"wp:term":[{"taxonomy":"category","embeddable":true,"href":"https:\/\/lahoradelcampo.com.uy\/site\/wp-json\/wp\/v2\/categories?post=48269"},{"taxonomy":"post_tag","embeddable":true,"href":"https:\/\/lahoradelcampo.com.uy\/site\/wp-json\/wp\/v2\/tags?post=48269"}],"curies":[{"name":"wp","href":"https:\/\/api.w.org\/{rel}","templated":true}]}}