{"id":48263,"date":"2023-01-22T09:15:03","date_gmt":"2023-01-22T12:15:03","guid":{"rendered":"http:\/\/lahoradelcampo.com.uy\/site\/?p=48263"},"modified":"2023-01-22T09:15:07","modified_gmt":"2023-01-22T12:15:07","slug":"mercado-interno-cierra-negocios-puntuales-con-una-demanda-cautelosa","status":"publish","type":"post","link":"https:\/\/lahoradelcampo.com.uy\/site\/mercado-interno-cierra-negocios-puntuales-con-una-demanda-cautelosa\/","title":{"rendered":"Mercado interno cierra negocios puntuales, con una demanda cautelosa"},"content":{"rendered":"\n<figure class=\"wp-block-image\"><img data-recalc-dims=\"1\" loading=\"lazy\" decoding=\"async\" width=\"810\" height=\"405\" data-attachment-id=\"48265\" data-permalink=\"https:\/\/lahoradelcampo.com.uy\/site\/mercado-interno-cierra-negocios-puntuales-con-una-demanda-cautelosa\/lana-uruguay1\/\" data-orig-file=\"https:\/\/i0.wp.com\/lahoradelcampo.com.uy\/site\/wp-content\/uploads\/2023\/01\/Lana-Uruguay1.jpg?fit=880%2C440&amp;ssl=1\" data-orig-size=\"880,440\" data-comments-opened=\"1\" data-image-meta=\"{&quot;aperture&quot;:&quot;0&quot;,&quot;credit&quot;:&quot;&quot;,&quot;camera&quot;:&quot;&quot;,&quot;caption&quot;:&quot;&quot;,&quot;created_timestamp&quot;:&quot;0&quot;,&quot;copyright&quot;:&quot;&quot;,&quot;focal_length&quot;:&quot;0&quot;,&quot;iso&quot;:&quot;0&quot;,&quot;shutter_speed&quot;:&quot;0&quot;,&quot;title&quot;:&quot;&quot;,&quot;orientation&quot;:&quot;1&quot;}\" data-image-title=\"Lana-Uruguay1\" data-image-description=\"\" data-image-caption=\"\" data-large-file=\"https:\/\/i0.wp.com\/lahoradelcampo.com.uy\/site\/wp-content\/uploads\/2023\/01\/Lana-Uruguay1.jpg?fit=810%2C405&amp;ssl=1\" src=\"https:\/\/i0.wp.com\/lahoradelcampo.com.uy\/site\/wp-content\/uploads\/2023\/01\/Lana-Uruguay1.jpg?resize=810%2C405\" alt=\"\" class=\"wp-image-48265\" srcset=\"https:\/\/i0.wp.com\/lahoradelcampo.com.uy\/site\/wp-content\/uploads\/2023\/01\/Lana-Uruguay1.jpg?w=880&amp;ssl=1 880w, https:\/\/i0.wp.com\/lahoradelcampo.com.uy\/site\/wp-content\/uploads\/2023\/01\/Lana-Uruguay1.jpg?resize=300%2C150&amp;ssl=1 300w, https:\/\/i0.wp.com\/lahoradelcampo.com.uy\/site\/wp-content\/uploads\/2023\/01\/Lana-Uruguay1.jpg?resize=768%2C384&amp;ssl=1 768w, https:\/\/i0.wp.com\/lahoradelcampo.com.uy\/site\/wp-content\/uploads\/2023\/01\/Lana-Uruguay1.jpg?resize=820%2C410&amp;ssl=1 820w\" sizes=\"auto, (max-width: 810px) 100vw, 810px\" \/><\/figure>\n\n\n\n<p>La corriente de negocios que cerr\u00f3 el a\u00f1o 2022, gener\u00f3 expectativas de mejores valores a nivel de los productores, y el comienzo de la segunda mitad de la zafra lanera en Australia con subas consecutivas, ha distanciado las puntas a\u00fan con la demanda intentando acercarse cautelosamente. <br><\/p>\n\n\n\n<p>Se han concretado una serie de negocios puntuales, en su mayor\u00eda en lanas merinas, con valores corrientes, seg\u00fan un integrante de la industria. Al mismo tiempo, en la recorrida realizada entre los diferentes operadores, se ha se\u00f1alado que \u00abel mercado est\u00e1 muy quieto, aun no se activ\u00f3 desde que arranco Australia\u00bb, \u00abhe trabajado algunos lotes importantes, pero no pude juntar las puntas\u00bb, \u00abmucha consulta, con la suba los productores se corrieron un poquito de c\u00f3mo se ven\u00edan manejando los valores, mucho negocio planteado pero esperando la semana que viene\u00bb. <br><\/p>\n\n\n\n<p>Los negocios informados a La Hora del Campo, son los siguientes:<br><\/p>\n\n\n\n<p>5.000 kilos de 20,1 micras, con un 77,2% de rendimiento al lavado, cotiz\u00f3 a US$ 6,00 el vell\u00f3n, en tanto que 3.000 kilos de 19,7 micras, con 78% de rinde, se concret\u00f3 a US$ 6,50 y 2.000 kilos de 18,9 micras, con 76,5% de rendimiento a US$ 7,00. Son tres lotes acondicionados grifa verde, sin certificaciones. <br><\/p>\n\n\n\n<p>Tambi\u00e9n se inform\u00f3 un negocio de 24.000 kilos de lana merino de 20 micras, a US$ 7,00 el vell\u00f3n y US$ 1,00 los subproductos y el mismo representante de una industria lanera en Salto realiz\u00f3 tambi\u00e9n la compra de un lote de 8.000 kilos de 17,5 micras a US$ 9,50 el vell\u00f3n. Ambos negocios cuentan con todas las certificaciones, mencion\u00f3 el comprador. <br><\/p>\n\n\n\n<p>Esta semana tambi\u00e9n se realizaron dos negocios de \u00abpoco volumen\u00bb seg\u00fan el consignatario, pero con buenos valores. Un lote de 18,9 micras cotiz\u00f3 a US$ 7,00 y otro de 19,7 micras a US$ 6,50, ambas lanas con acondicionamiento grifa verde pero sin certificaciones. <br><\/p>\n\n\n\n<p>Por otro lado la Uni\u00f3n de Consignatarios y Rematadores de Lana del Uruguay (UCRLU) dieron a conocer su planilla semanal de precios, con varios de los valores correspondientes a negocios concretados la pasada semana, seg\u00fan coment\u00f3 un integrante de la gremial. <\/p>\n\n\n\n<p>Salto, domingo 22 de enero de 2023<\/p>\n","protected":false},"excerpt":{"rendered":"<p>La corriente de negocios que cerr\u00f3 el a\u00f1o 2022, gener\u00f3 expectativas de mejores valores a nivel de los productores, y el comienzo de la segunda mitad de la zafra lanera [&hellip;]<\/p>\n","protected":false},"author":5,"featured_media":48265,"comment_status":"open","ping_status":"open","sticky":false,"template":"","format":"standard","meta":{"_price":"","_stock":"","_tribe_ticket_header":"","_tribe_default_ticket_provider":"","_tribe_ticket_capacity":"0","_ticket_start_date":"","_ticket_end_date":"","_tribe_ticket_show_description":"","_tribe_ticket_show_not_going":false,"_tribe_ticket_use_global_stock":"","_tribe_ticket_global_stock_level":"","_global_stock_mode":"","_global_stock_cap":"","_tribe_rsvp_for_event":"","_tribe_ticket_going_count":"","_tribe_ticket_not_going_count":"","_tribe_tickets_list":"[]","_tribe_ticket_has_attendee_info_fields":false,"h5ap_radio_sources":[],"_jetpack_newsletter_access":"","_jetpack_dont_email_post_to_subs":false,"_jetpack_newsletter_tier_id":0,"_jetpack_memberships_contains_paywalled_content":false,"_jetpack_memberships_contains_paid_content":false,"footnotes":""},"categories":[21,13],"tags":[],"class_list":["post-48263","post","type-post","status-publish","format-standard","has-post-thumbnail","hentry","category-actualidad","category-ovinos"],"jetpack_featured_media_url":"https:\/\/i0.wp.com\/lahoradelcampo.com.uy\/site\/wp-content\/uploads\/2023\/01\/Lana-Uruguay1.jpg?fit=880%2C440&ssl=1","jetpack_sharing_enabled":true,"jetpack_shortlink":"https:\/\/wp.me\/p99IaT-cyr","jetpack-related-posts":[{"id":28254,"url":"https:\/\/lahoradelcampo.com.uy\/site\/los-negocios-siguen-siendo-puntuales-y-por-lanas-finas\/","url_meta":{"origin":48263,"position":0},"title":"Los negocios siguen siendo puntuales y por lanas finas","author":"La Hora del Campo","date":"5 marzo, 2021","format":false,"excerpt":"En el mercado lanero uruguayo contin\u00faa con negocios puntuales, y para muchos productores sin reflejar el empuje que ha tenido el mercado lanero australiano en los valores internos. Para las lanas medias, contin\u00faa la dificultad de encontrar las puntas, si bien hay referencias de precios en el mercado, est\u00e1s distan\u2026","rel":"","context":"En \u00abActualidad\u00bb","block_context":{"text":"Actualidad","link":"https:\/\/lahoradelcampo.com.uy\/site\/category\/actualidad\/"},"img":{"alt_text":"","src":"https:\/\/i0.wp.com\/lahoradelcampo.com.uy\/site\/wp-content\/uploads\/2020\/10\/lanascamion.jpg?fit=880%2C440&ssl=1&resize=350%2C200","width":350,"height":200,"srcset":"https:\/\/i0.wp.com\/lahoradelcampo.com.uy\/site\/wp-content\/uploads\/2020\/10\/lanascamion.jpg?fit=880%2C440&ssl=1&resize=350%2C200 1x, https:\/\/i0.wp.com\/lahoradelcampo.com.uy\/site\/wp-content\/uploads\/2020\/10\/lanascamion.jpg?fit=880%2C440&ssl=1&resize=525%2C300 1.5x, https:\/\/i0.wp.com\/lahoradelcampo.com.uy\/site\/wp-content\/uploads\/2020\/10\/lanascamion.jpg?fit=880%2C440&ssl=1&resize=700%2C400 2x"},"classes":[]},{"id":16904,"url":"https:\/\/lahoradelcampo.com.uy\/site\/en-uruguay-el-mercado-continua-retraido-con-negocios-puntuales\/","url_meta":{"origin":48263,"position":1},"title":"En Uruguay el mercado contin\u00faa retra\u00eddo, con negocios puntuales","author":"La Hora del Campo","date":"17 enero, 2020","format":false,"excerpt":"A nivel del mercado interno en Uruguay no se ha logrado a\u00fan captar el comienzo alcista del mercado lanero en Australia, con un sector productivo que contin\u00faa sin presionar a una demanda que tambi\u00e9n est\u00e1 a la espera de negocios en el exterior que permitan una escala de precios que\u2026","rel":"","context":"En \u00abActualidad\u00bb","block_context":{"text":"Actualidad","link":"https:\/\/lahoradelcampo.com.uy\/site\/category\/actualidad\/"},"img":{"alt_text":"","src":"https:\/\/i0.wp.com\/lahoradelcampo.com.uy\/site\/wp-content\/uploads\/2017\/09\/Lanas-a.jpg?fit=880%2C440&ssl=1&resize=350%2C200","width":350,"height":200,"srcset":"https:\/\/i0.wp.com\/lahoradelcampo.com.uy\/site\/wp-content\/uploads\/2017\/09\/Lanas-a.jpg?fit=880%2C440&ssl=1&resize=350%2C200 1x, https:\/\/i0.wp.com\/lahoradelcampo.com.uy\/site\/wp-content\/uploads\/2017\/09\/Lanas-a.jpg?fit=880%2C440&ssl=1&resize=525%2C300 1.5x, https:\/\/i0.wp.com\/lahoradelcampo.com.uy\/site\/wp-content\/uploads\/2017\/09\/Lanas-a.jpg?fit=880%2C440&ssl=1&resize=700%2C400 2x"},"classes":[]},{"id":32124,"url":"https:\/\/lahoradelcampo.com.uy\/site\/mercado-lanero-uruguayo-con-poca-operativa\/","url_meta":{"origin":48263,"position":2},"title":"Mercado lanero uruguayo con poca operativa","author":"La Hora del Campo","date":"16 julio, 2021","format":false,"excerpt":"A nivel del mercado interno, la operativa comercial contin\u00faa siendo escasa, con un productor que aspira a mejores valores por su producci\u00f3n y una demanda que est\u00e1 muy cautelosa, sin lograr convalidar en negocios con el exterior los incrementos que se han registrado en Australia durante las \u00faltimas semanas. Si\u2026","rel":"","context":"En \u00abActualidad\u00bb","block_context":{"text":"Actualidad","link":"https:\/\/lahoradelcampo.com.uy\/site\/category\/actualidad\/"},"img":{"alt_text":"","src":"https:\/\/i0.wp.com\/lahoradelcampo.com.uy\/site\/wp-content\/uploads\/2019\/06\/lana-australia.jpg?fit=880%2C440&ssl=1&resize=350%2C200","width":350,"height":200,"srcset":"https:\/\/i0.wp.com\/lahoradelcampo.com.uy\/site\/wp-content\/uploads\/2019\/06\/lana-australia.jpg?fit=880%2C440&ssl=1&resize=350%2C200 1x, https:\/\/i0.wp.com\/lahoradelcampo.com.uy\/site\/wp-content\/uploads\/2019\/06\/lana-australia.jpg?fit=880%2C440&ssl=1&resize=525%2C300 1.5x, https:\/\/i0.wp.com\/lahoradelcampo.com.uy\/site\/wp-content\/uploads\/2019\/06\/lana-australia.jpg?fit=880%2C440&ssl=1&resize=700%2C400 2x"},"classes":[]},{"id":16146,"url":"https:\/\/lahoradelcampo.com.uy\/site\/luego-de-una-pequena-corriente-comercial-en-lanas-medias-el-mercado-volvio-a-aquietarse\/","url_meta":{"origin":48263,"position":3},"title":"Luego de una peque\u00f1a corriente comercial el mercado se aquiet\u00f3","author":"La Hora del Campo","date":"29 noviembre, 2019","format":false,"excerpt":"El mercado lanero uruguayo registr\u00f3 hace dos semanas una corriente de negocios en lanas medias principalmente, donde se lograron comercializar varios lotes, sin embargo algunos consignatarios entienden que la oferta tens\u00f3 fuertemente una cuerda que no estaba firme y ello llevo a que la demanda se retirara de la operativa.\u2026","rel":"","context":"En \u00abActualidad\u00bb","block_context":{"text":"Actualidad","link":"https:\/\/lahoradelcampo.com.uy\/site\/category\/actualidad\/"},"img":{"alt_text":"","src":"https:\/\/i0.wp.com\/lahoradelcampo.com.uy\/site\/wp-content\/uploads\/2017\/12\/Lanas-uruguay.jpg?fit=880%2C440&ssl=1&resize=350%2C200","width":350,"height":200,"srcset":"https:\/\/i0.wp.com\/lahoradelcampo.com.uy\/site\/wp-content\/uploads\/2017\/12\/Lanas-uruguay.jpg?fit=880%2C440&ssl=1&resize=350%2C200 1x, https:\/\/i0.wp.com\/lahoradelcampo.com.uy\/site\/wp-content\/uploads\/2017\/12\/Lanas-uruguay.jpg?fit=880%2C440&ssl=1&resize=525%2C300 1.5x, https:\/\/i0.wp.com\/lahoradelcampo.com.uy\/site\/wp-content\/uploads\/2017\/12\/Lanas-uruguay.jpg?fit=880%2C440&ssl=1&resize=700%2C400 2x"},"classes":[]},{"id":15990,"url":"https:\/\/lahoradelcampo.com.uy\/site\/mercado-lanero-pocos-negocios-y-los-valores-lejos-de-las-expectativas\/","url_meta":{"origin":48263,"position":4},"title":"Mercado lanero: Pocos negocios y los valores lejos de las expectativas","author":"La Hora del Campo","date":"24 noviembre, 2019","format":false,"excerpt":"El mercado interno se movi\u00f3 lentamente en algunos negocios sobre el pasado fin de semana para luego volver a aquietarse. Como es tradicional al acercarse al cierre del a\u00f1o, algunos productores buscan vender su lana, sin embargo a\u00fan da la sensaci\u00f3n que lejos est\u00e1 de conformarse un mercado fluido en\u2026","rel":"","context":"En \u00abActualidad\u00bb","block_context":{"text":"Actualidad","link":"https:\/\/lahoradelcampo.com.uy\/site\/category\/actualidad\/"},"img":{"alt_text":"","src":"https:\/\/i0.wp.com\/lahoradelcampo.com.uy\/site\/wp-content\/uploads\/2017\/10\/Lanas-2.jpg?fit=880%2C440&ssl=1&resize=350%2C200","width":350,"height":200,"srcset":"https:\/\/i0.wp.com\/lahoradelcampo.com.uy\/site\/wp-content\/uploads\/2017\/10\/Lanas-2.jpg?fit=880%2C440&ssl=1&resize=350%2C200 1x, https:\/\/i0.wp.com\/lahoradelcampo.com.uy\/site\/wp-content\/uploads\/2017\/10\/Lanas-2.jpg?fit=880%2C440&ssl=1&resize=525%2C300 1.5x, https:\/\/i0.wp.com\/lahoradelcampo.com.uy\/site\/wp-content\/uploads\/2017\/10\/Lanas-2.jpg?fit=880%2C440&ssl=1&resize=700%2C400 2x"},"classes":[]},{"id":40227,"url":"https:\/\/lahoradelcampo.com.uy\/site\/a-nivel-interno-se-concretan-negocios-puntuales-y-en-lanas-finas\/","url_meta":{"origin":48263,"position":5},"title":"A nivel interno se concretan negocios puntuales y en lanas finas","author":"La Hora del Campo","date":"25 marzo, 2022","format":false,"excerpt":"La operativa en el mercado interno se encuentra enlentecida en las \u00faltimas semanas y con mayor cautela. \"Hay luces amarillas en Europa\" dijo un operador del mercado esta semana, y se\u00f1al\u00f3 que si bien se concretan negocios, la demanda no est\u00e1 fluida como las semanas previas. Los negocios est\u00e1n siendo\u2026","rel":"","context":"En \u00abActualidad\u00bb","block_context":{"text":"Actualidad","link":"https:\/\/lahoradelcampo.com.uy\/site\/category\/actualidad\/"},"img":{"alt_text":"","src":"https:\/\/i0.wp.com\/lahoradelcampo.com.uy\/site\/wp-content\/uploads\/2019\/06\/Lanas-1.jpg?fit=880%2C440&ssl=1&resize=350%2C200","width":350,"height":200,"srcset":"https:\/\/i0.wp.com\/lahoradelcampo.com.uy\/site\/wp-content\/uploads\/2019\/06\/Lanas-1.jpg?fit=880%2C440&ssl=1&resize=350%2C200 1x, https:\/\/i0.wp.com\/lahoradelcampo.com.uy\/site\/wp-content\/uploads\/2019\/06\/Lanas-1.jpg?fit=880%2C440&ssl=1&resize=525%2C300 1.5x, https:\/\/i0.wp.com\/lahoradelcampo.com.uy\/site\/wp-content\/uploads\/2019\/06\/Lanas-1.jpg?fit=880%2C440&ssl=1&resize=700%2C400 2x"},"classes":[]}],"jetpack_likes_enabled":true,"_links":{"self":[{"href":"https:\/\/lahoradelcampo.com.uy\/site\/wp-json\/wp\/v2\/posts\/48263","targetHints":{"allow":["GET"]}}],"collection":[{"href":"https:\/\/lahoradelcampo.com.uy\/site\/wp-json\/wp\/v2\/posts"}],"about":[{"href":"https:\/\/lahoradelcampo.com.uy\/site\/wp-json\/wp\/v2\/types\/post"}],"author":[{"embeddable":true,"href":"https:\/\/lahoradelcampo.com.uy\/site\/wp-json\/wp\/v2\/users\/5"}],"replies":[{"embeddable":true,"href":"https:\/\/lahoradelcampo.com.uy\/site\/wp-json\/wp\/v2\/comments?post=48263"}],"version-history":[{"count":1,"href":"https:\/\/lahoradelcampo.com.uy\/site\/wp-json\/wp\/v2\/posts\/48263\/revisions"}],"predecessor-version":[{"id":48267,"href":"https:\/\/lahoradelcampo.com.uy\/site\/wp-json\/wp\/v2\/posts\/48263\/revisions\/48267"}],"wp:featuredmedia":[{"embeddable":true,"href":"https:\/\/lahoradelcampo.com.uy\/site\/wp-json\/wp\/v2\/media\/48265"}],"wp:attachment":[{"href":"https:\/\/lahoradelcampo.com.uy\/site\/wp-json\/wp\/v2\/media?parent=48263"}],"wp:term":[{"taxonomy":"category","embeddable":true,"href":"https:\/\/lahoradelcampo.com.uy\/site\/wp-json\/wp\/v2\/categories?post=48263"},{"taxonomy":"post_tag","embeddable":true,"href":"https:\/\/lahoradelcampo.com.uy\/site\/wp-json\/wp\/v2\/tags?post=48263"}],"curies":[{"name":"wp","href":"https:\/\/api.w.org\/{rel}","templated":true}]}}