{"id":48257,"date":"2023-01-22T09:10:42","date_gmt":"2023-01-22T12:10:42","guid":{"rendered":"http:\/\/lahoradelcampo.com.uy\/site\/?p=48257"},"modified":"2023-01-22T09:10:47","modified_gmt":"2023-01-22T12:10:47","slug":"semana-con-subas-y-bajas-importantes-en-el-mercado-lanero-australiano","status":"publish","type":"post","link":"https:\/\/lahoradelcampo.com.uy\/site\/semana-con-subas-y-bajas-importantes-en-el-mercado-lanero-australiano\/","title":{"rendered":"Semana con subas y bajas importantes en el mercado lanero australiano"},"content":{"rendered":"\n<figure class=\"wp-block-image\"><img data-recalc-dims=\"1\" loading=\"lazy\" decoding=\"async\" width=\"810\" height=\"405\" data-attachment-id=\"48259\" data-permalink=\"https:\/\/lahoradelcampo.com.uy\/site\/semana-con-subas-y-bajas-importantes-en-el-mercado-lanero-australiano\/lana-australia1-2\/\" data-orig-file=\"https:\/\/i0.wp.com\/lahoradelcampo.com.uy\/site\/wp-content\/uploads\/2023\/01\/Lana-Australia1.jpg?fit=880%2C440&amp;ssl=1\" data-orig-size=\"880,440\" data-comments-opened=\"1\" data-image-meta=\"{&quot;aperture&quot;:&quot;0&quot;,&quot;credit&quot;:&quot;&quot;,&quot;camera&quot;:&quot;&quot;,&quot;caption&quot;:&quot;&quot;,&quot;created_timestamp&quot;:&quot;0&quot;,&quot;copyright&quot;:&quot;&quot;,&quot;focal_length&quot;:&quot;0&quot;,&quot;iso&quot;:&quot;0&quot;,&quot;shutter_speed&quot;:&quot;0&quot;,&quot;title&quot;:&quot;&quot;,&quot;orientation&quot;:&quot;1&quot;}\" data-image-title=\"Lana-Australia1\" data-image-description=\"\" data-image-caption=\"\" data-large-file=\"https:\/\/i0.wp.com\/lahoradelcampo.com.uy\/site\/wp-content\/uploads\/2023\/01\/Lana-Australia1.jpg?fit=810%2C405&amp;ssl=1\" src=\"https:\/\/i0.wp.com\/lahoradelcampo.com.uy\/site\/wp-content\/uploads\/2023\/01\/Lana-Australia1.jpg?resize=810%2C405\" alt=\"\" class=\"wp-image-48259\" srcset=\"https:\/\/i0.wp.com\/lahoradelcampo.com.uy\/site\/wp-content\/uploads\/2023\/01\/Lana-Australia1.jpg?w=880&amp;ssl=1 880w, https:\/\/i0.wp.com\/lahoradelcampo.com.uy\/site\/wp-content\/uploads\/2023\/01\/Lana-Australia1.jpg?resize=300%2C150&amp;ssl=1 300w, https:\/\/i0.wp.com\/lahoradelcampo.com.uy\/site\/wp-content\/uploads\/2023\/01\/Lana-Australia1.jpg?resize=768%2C384&amp;ssl=1 768w, https:\/\/i0.wp.com\/lahoradelcampo.com.uy\/site\/wp-content\/uploads\/2023\/01\/Lana-Australia1.jpg?resize=820%2C410&amp;ssl=1 820w\" sizes=\"auto, (max-width: 810px) 100vw, 810px\" \/><\/figure>\n\n\n\n<p>El martes la operativa del mercado lanero australiano comenz\u00f3 con subas importantes en la primera jornada de ventas, emulando lo sucedido en la semana anterior, con una mayor demanda en lanas finas, por debajo de las 18 micras, sin embargo el mi\u00e9rcoles ese aumento ya fue m\u00e1s moderado y este jueves, el mercado termin\u00f3 retrocediendo, dejando por el camino casi todo lo ganado en la primera jornada de ventas. <br><\/p>\n\n\n\n<p>Tres grandes factores incidieron negativamente en la \u00faltima jornada de comercializaci\u00f3n. Por un lado el alto volumen de oferta y la calidad de la misma, fueron un componente importante en los negocios, por otro lado comenzaron los festejos en China del a\u00f1o nuevo, retrayendo la demanda desde el gigante asi\u00e1tico, a modo de ejemplo la firma Tianyu Wool, principal comprador chino en Australia, no aparece entre las 10 primeras firmas compradoras ese d\u00eda. <br><\/p>\n\n\n\n<p>Por \u00faltimo, pero no menos importante, es la fluctuaci\u00f3n cambiaria que ha generado un golpe de tim\u00f3n importante respecto al comportamiento de semanas anteriores, con bajas en la moneda australiana, luego que se dieron a conocer los datos de empleo, y al mismo tiempo el fortalecimiento del d\u00f3lar estadounidense a nivel global, ante la b\u00fasqueda de un refugio seguro por parte de los inversores. <br><\/p>\n\n\n\n<p>En este escenario, el Indicador de Mercados del Este (IME) cerr\u00f3 la semana en A$ 13,41 por kilogramo base limpia, cerrando con una ganancia semanal de ocho centavos. En tanto que en la moneda estadounidense, cotiz\u00f3 a US$ 9,26, perdiendo 12 centavos en la \u00faltima jornada, reduciendo fuertemente sus ganancias semanales a cinco centavos.<br><\/p>\n\n\n\n<p>En la suma de las tres jornadas de ventas el volumen ofertado asciende a los 47.343 fardos, con un 94,3% de venta.<br><\/p>\n\n\n\n<p>La operativa del mercado lanero australiano retoma sus actividades la pr\u00f3xima semana, con una oferta que contin\u00faa siendo alta. De acuerdo a AWEX, durante los d\u00edas martes 24 y mi\u00e9rcoles 25 de enero se realizaran las ventas en los tres mercados con una oferta de 46.535 fardos inscriptos. De confirmarse este volumen en las subastas, la oferta se posicionar\u00eda un 5,5% por encima de la misma semana de la zafra pasada.<\/p>\n\n\n\n<p>Salto, domingo 22 de enero de 2023<\/p>\n","protected":false},"excerpt":{"rendered":"<p>El martes la operativa del mercado lanero australiano comenz\u00f3 con subas importantes en la primera jornada de ventas, emulando lo sucedido en la semana anterior, con una mayor demanda en [&hellip;]<\/p>\n","protected":false},"author":5,"featured_media":48259,"comment_status":"open","ping_status":"open","sticky":false,"template":"","format":"standard","meta":{"_price":"","_stock":"","_tribe_ticket_header":"","_tribe_default_ticket_provider":"","_tribe_ticket_capacity":"0","_ticket_start_date":"","_ticket_end_date":"","_tribe_ticket_show_description":"","_tribe_ticket_show_not_going":false,"_tribe_ticket_use_global_stock":"","_tribe_ticket_global_stock_level":"","_global_stock_mode":"","_global_stock_cap":"","_tribe_rsvp_for_event":"","_tribe_ticket_going_count":"","_tribe_ticket_not_going_count":"","_tribe_tickets_list":"[]","_tribe_ticket_has_attendee_info_fields":false,"h5ap_radio_sources":[],"_jetpack_newsletter_access":"","_jetpack_dont_email_post_to_subs":false,"_jetpack_newsletter_tier_id":0,"_jetpack_memberships_contains_paywalled_content":false,"_jetpack_memberships_contains_paid_content":false,"footnotes":""},"categories":[21,13],"tags":[],"class_list":["post-48257","post","type-post","status-publish","format-standard","has-post-thumbnail","hentry","category-actualidad","category-ovinos"],"jetpack_featured_media_url":"https:\/\/i0.wp.com\/lahoradelcampo.com.uy\/site\/wp-content\/uploads\/2023\/01\/Lana-Australia1.jpg?fit=880%2C440&ssl=1","jetpack_sharing_enabled":true,"jetpack_shortlink":"https:\/\/wp.me\/p99IaT-cyl","jetpack-related-posts":[{"id":33939,"url":"https:\/\/lahoradelcampo.com.uy\/site\/semana-de-subas-para-el-mercado-lanero-en-australia\/","url_meta":{"origin":48257,"position":0},"title":"Semana de subas para el  mercado lanero en Australia","author":"La Hora del Campo","date":"9 septiembre, 2021","format":false,"excerpt":"El mercado lanero australiano cerr\u00f3 dos jornadas de ventas esta semana, con subas en el Indicador de Mercados del Este (IME) que terminaron posicion\u00e1ndolo nuevamente por encima de los 10 d\u00f3lares norteamericanos. Seg\u00fan los datos de Australian Wool Exchange (AWEX), la primera jornada de ventas registr\u00f3 un aumento explosivo en\u2026","rel":"","context":"En \u00abActualidad\u00bb","block_context":{"text":"Actualidad","link":"https:\/\/lahoradelcampo.com.uy\/site\/category\/actualidad\/"},"img":{"alt_text":"","src":"https:\/\/i0.wp.com\/lahoradelcampo.com.uy\/site\/wp-content\/uploads\/2021\/06\/lanaaustralia1.jpg?fit=880%2C440&ssl=1&resize=350%2C200","width":350,"height":200,"srcset":"https:\/\/i0.wp.com\/lahoradelcampo.com.uy\/site\/wp-content\/uploads\/2021\/06\/lanaaustralia1.jpg?fit=880%2C440&ssl=1&resize=350%2C200 1x, https:\/\/i0.wp.com\/lahoradelcampo.com.uy\/site\/wp-content\/uploads\/2021\/06\/lanaaustralia1.jpg?fit=880%2C440&ssl=1&resize=525%2C300 1.5x, https:\/\/i0.wp.com\/lahoradelcampo.com.uy\/site\/wp-content\/uploads\/2021\/06\/lanaaustralia1.jpg?fit=880%2C440&ssl=1&resize=700%2C400 2x"},"classes":[]},{"id":53082,"url":"https:\/\/lahoradelcampo.com.uy\/site\/semana-positiva-para-el-mercado-lanero-australiano-el-ime-subio-8-centavos\/","url_meta":{"origin":48257,"position":1},"title":"Semana positiva para el mercado lanero australiano, el IME subi\u00f3 8 centavos","author":"La Hora del Campo","date":"10 noviembre, 2023","format":false,"excerpt":"Luego de la baja de la pasada semana, en la presente el mercado lanero australiano recuper\u00f3 varios centavos en el Indicador de Mercados del Este (IME). La operativa en los dos d\u00edas de ventas se vio influenciada por la propuesta de lanas superfinas en el centro de Sidney, que normalmente\u2026","rel":"","context":"En \u00abActualidad\u00bb","block_context":{"text":"Actualidad","link":"https:\/\/lahoradelcampo.com.uy\/site\/category\/actualidad\/"},"img":{"alt_text":"","src":"https:\/\/i0.wp.com\/lahoradelcampo.com.uy\/site\/wp-content\/uploads\/2018\/03\/Lanaa.jpg?fit=880%2C440&ssl=1&resize=350%2C200","width":350,"height":200,"srcset":"https:\/\/i0.wp.com\/lahoradelcampo.com.uy\/site\/wp-content\/uploads\/2018\/03\/Lanaa.jpg?fit=880%2C440&ssl=1&resize=350%2C200 1x, https:\/\/i0.wp.com\/lahoradelcampo.com.uy\/site\/wp-content\/uploads\/2018\/03\/Lanaa.jpg?fit=880%2C440&ssl=1&resize=525%2C300 1.5x, https:\/\/i0.wp.com\/lahoradelcampo.com.uy\/site\/wp-content\/uploads\/2018\/03\/Lanaa.jpg?fit=880%2C440&ssl=1&resize=700%2C400 2x"},"classes":[]},{"id":53455,"url":"https:\/\/lahoradelcampo.com.uy\/site\/mercado-lanero-australiano-cerro-nueva-semana-con-subas-en-el-ime\/","url_meta":{"origin":48257,"position":2},"title":"Mercado australiano cerr\u00f3 nueva semana con subas en el IME","author":"La Hora del Campo","date":"23 febrero, 2024","format":false,"excerpt":"En una semana de tres jornadas de ventas, el mercado lanero australiano marc\u00f3 subas en el Indicador de Mercados del Este (IME) en las dos primeras jornadas de actividad, ya que el jueves se ofertaron exclusivamente lanas de Nueva Zelanda, lo que no incide en la formaci\u00f3n de los distintos\u2026","rel":"","context":"En \u00abActualidad\u00bb","block_context":{"text":"Actualidad","link":"https:\/\/lahoradelcampo.com.uy\/site\/category\/actualidad\/"},"img":{"alt_text":"","src":"https:\/\/i0.wp.com\/lahoradelcampo.com.uy\/site\/wp-content\/uploads\/2019\/04\/Lanas-Australia.jpg?fit=880%2C440&ssl=1&resize=350%2C200","width":350,"height":200,"srcset":"https:\/\/i0.wp.com\/lahoradelcampo.com.uy\/site\/wp-content\/uploads\/2019\/04\/Lanas-Australia.jpg?fit=880%2C440&ssl=1&resize=350%2C200 1x, https:\/\/i0.wp.com\/lahoradelcampo.com.uy\/site\/wp-content\/uploads\/2019\/04\/Lanas-Australia.jpg?fit=880%2C440&ssl=1&resize=525%2C300 1.5x, https:\/\/i0.wp.com\/lahoradelcampo.com.uy\/site\/wp-content\/uploads\/2019\/04\/Lanas-Australia.jpg?fit=880%2C440&ssl=1&resize=700%2C400 2x"},"classes":[]},{"id":52937,"url":"https:\/\/lahoradelcampo.com.uy\/site\/la-semana-pasada-el-mercado-lanero-australiano-cerro-estable-con-suba-de-un-centavo\/","url_meta":{"origin":48257,"position":3},"title":"La semana pasada el mercado lanero australiano cerr\u00f3 estable, con suba de un centavo","author":"La Hora del Campo","date":"30 octubre, 2023","format":false,"excerpt":"En una semana, con leves bajas en la primera jornada y subas tambi\u00e9n reducidas en el segundo d\u00eda, el mercado termin\u00f3 estable, sin grandes variaciones el pasado mi\u00e9rcoles. En este escenario, s\u00ed se observ\u00f3 un mercado m\u00e1s interesante para las lanas por debajo de las 17,5 micras. En ese rango\u2026","rel":"","context":"En \u00abActualidad\u00bb","block_context":{"text":"Actualidad","link":"https:\/\/lahoradelcampo.com.uy\/site\/category\/actualidad\/"},"img":{"alt_text":"","src":"https:\/\/i0.wp.com\/lahoradelcampo.com.uy\/site\/wp-content\/uploads\/2019\/04\/Lanas-Australia.jpg?fit=880%2C440&ssl=1&resize=350%2C200","width":350,"height":200,"srcset":"https:\/\/i0.wp.com\/lahoradelcampo.com.uy\/site\/wp-content\/uploads\/2019\/04\/Lanas-Australia.jpg?fit=880%2C440&ssl=1&resize=350%2C200 1x, https:\/\/i0.wp.com\/lahoradelcampo.com.uy\/site\/wp-content\/uploads\/2019\/04\/Lanas-Australia.jpg?fit=880%2C440&ssl=1&resize=525%2C300 1.5x, https:\/\/i0.wp.com\/lahoradelcampo.com.uy\/site\/wp-content\/uploads\/2019\/04\/Lanas-Australia.jpg?fit=880%2C440&ssl=1&resize=700%2C400 2x"},"classes":[]},{"id":24886,"url":"https:\/\/lahoradelcampo.com.uy\/site\/excepcionales-ganancias-registro-el-mercado-lanero-australiano-esta-semana\/","url_meta":{"origin":48257,"position":4},"title":"Excepcionales ganancias registr\u00f3 el mercado lanero australiano esta semana","author":"La Hora del Campo","date":"22 octubre, 2020","format":false,"excerpt":"El comienzo de la semana en el mercado lanero australiano, el d\u00eda martes, fue excepcional y registr\u00f3 la mayor suba diaria desde el comienzo de la zafra y hay que retornar a mediados de marzo para ver el Indicador de Mercados del Este (IME) ubicarse en el actual nivel de\u2026","rel":"","context":"En \u00abActualidad\u00bb","block_context":{"text":"Actualidad","link":"https:\/\/lahoradelcampo.com.uy\/site\/category\/actualidad\/"},"img":{"alt_text":"","src":"https:\/\/i0.wp.com\/lahoradelcampo.com.uy\/site\/wp-content\/uploads\/2018\/02\/Lanas.jpg?fit=880%2C440&ssl=1&resize=350%2C200","width":350,"height":200,"srcset":"https:\/\/i0.wp.com\/lahoradelcampo.com.uy\/site\/wp-content\/uploads\/2018\/02\/Lanas.jpg?fit=880%2C440&ssl=1&resize=350%2C200 1x, https:\/\/i0.wp.com\/lahoradelcampo.com.uy\/site\/wp-content\/uploads\/2018\/02\/Lanas.jpg?fit=880%2C440&ssl=1&resize=525%2C300 1.5x, https:\/\/i0.wp.com\/lahoradelcampo.com.uy\/site\/wp-content\/uploads\/2018\/02\/Lanas.jpg?fit=880%2C440&ssl=1&resize=700%2C400 2x"},"classes":[]},{"id":47251,"url":"https:\/\/lahoradelcampo.com.uy\/site\/entre-subas-y-bajas-de-las-monedas-el-ime-mostro-firmeza\/","url_meta":{"origin":48257,"position":5},"title":"Entre subas y bajas de las monedas, el IME mostr\u00f3 firmeza","author":"La Hora del Campo","date":"25 noviembre, 2022","format":false,"excerpt":"Dos jornadas muy distintas en el mercado lanero australiano, signadas por la variaci\u00f3n del tipo de cambio y con una demanda firme por lanas de calidad superior, non mulesed, que registraron primas destacadas, sobre el resto de la operativa. El martes, el mercado registr\u00f3 bajas en sus cotizaciones en d\u00f3lares\u2026","rel":"","context":"En \u00abActualidad\u00bb","block_context":{"text":"Actualidad","link":"https:\/\/lahoradelcampo.com.uy\/site\/category\/actualidad\/"},"img":{"alt_text":"","src":"https:\/\/i0.wp.com\/lahoradelcampo.com.uy\/site\/wp-content\/uploads\/2019\/06\/Lana-australia-1.jpg?fit=880%2C440&ssl=1&resize=350%2C200","width":350,"height":200,"srcset":"https:\/\/i0.wp.com\/lahoradelcampo.com.uy\/site\/wp-content\/uploads\/2019\/06\/Lana-australia-1.jpg?fit=880%2C440&ssl=1&resize=350%2C200 1x, https:\/\/i0.wp.com\/lahoradelcampo.com.uy\/site\/wp-content\/uploads\/2019\/06\/Lana-australia-1.jpg?fit=880%2C440&ssl=1&resize=525%2C300 1.5x, https:\/\/i0.wp.com\/lahoradelcampo.com.uy\/site\/wp-content\/uploads\/2019\/06\/Lana-australia-1.jpg?fit=880%2C440&ssl=1&resize=700%2C400 2x"},"classes":[]}],"jetpack_likes_enabled":true,"_links":{"self":[{"href":"https:\/\/lahoradelcampo.com.uy\/site\/wp-json\/wp\/v2\/posts\/48257","targetHints":{"allow":["GET"]}}],"collection":[{"href":"https:\/\/lahoradelcampo.com.uy\/site\/wp-json\/wp\/v2\/posts"}],"about":[{"href":"https:\/\/lahoradelcampo.com.uy\/site\/wp-json\/wp\/v2\/types\/post"}],"author":[{"embeddable":true,"href":"https:\/\/lahoradelcampo.com.uy\/site\/wp-json\/wp\/v2\/users\/5"}],"replies":[{"embeddable":true,"href":"https:\/\/lahoradelcampo.com.uy\/site\/wp-json\/wp\/v2\/comments?post=48257"}],"version-history":[{"count":1,"href":"https:\/\/lahoradelcampo.com.uy\/site\/wp-json\/wp\/v2\/posts\/48257\/revisions"}],"predecessor-version":[{"id":48261,"href":"https:\/\/lahoradelcampo.com.uy\/site\/wp-json\/wp\/v2\/posts\/48257\/revisions\/48261"}],"wp:featuredmedia":[{"embeddable":true,"href":"https:\/\/lahoradelcampo.com.uy\/site\/wp-json\/wp\/v2\/media\/48259"}],"wp:attachment":[{"href":"https:\/\/lahoradelcampo.com.uy\/site\/wp-json\/wp\/v2\/media?parent=48257"}],"wp:term":[{"taxonomy":"category","embeddable":true,"href":"https:\/\/lahoradelcampo.com.uy\/site\/wp-json\/wp\/v2\/categories?post=48257"},{"taxonomy":"post_tag","embeddable":true,"href":"https:\/\/lahoradelcampo.com.uy\/site\/wp-json\/wp\/v2\/tags?post=48257"}],"curies":[{"name":"wp","href":"https:\/\/api.w.org\/{rel}","templated":true}]}}