{"id":48251,"date":"2023-01-22T09:07:27","date_gmt":"2023-01-22T12:07:27","guid":{"rendered":"http:\/\/lahoradelcampo.com.uy\/site\/?p=48251"},"modified":"2023-01-22T09:07:36","modified_gmt":"2023-01-22T12:07:36","slug":"un-canon-aspersor-y-a-regar-el-campo-natural","status":"publish","type":"post","link":"https:\/\/lahoradelcampo.com.uy\/site\/un-canon-aspersor-y-a-regar-el-campo-natural\/","title":{"rendered":"Un ca\u00f1\u00f3n aspersor y a regar el campo natural"},"content":{"rendered":"\n<figure class=\"wp-block-image\"><img data-recalc-dims=\"1\" loading=\"lazy\" decoding=\"async\" width=\"810\" height=\"405\" data-attachment-id=\"48253\" data-permalink=\"https:\/\/lahoradelcampo.com.uy\/site\/un-canon-aspersor-y-a-regar-el-campo-natural\/canonaspersor\/\" data-orig-file=\"https:\/\/i0.wp.com\/lahoradelcampo.com.uy\/site\/wp-content\/uploads\/2023\/01\/Ca%C3%B1onaspersor.jpg?fit=880%2C440&amp;ssl=1\" data-orig-size=\"880,440\" data-comments-opened=\"1\" data-image-meta=\"{&quot;aperture&quot;:&quot;0&quot;,&quot;credit&quot;:&quot;&quot;,&quot;camera&quot;:&quot;&quot;,&quot;caption&quot;:&quot;&quot;,&quot;created_timestamp&quot;:&quot;0&quot;,&quot;copyright&quot;:&quot;&quot;,&quot;focal_length&quot;:&quot;0&quot;,&quot;iso&quot;:&quot;0&quot;,&quot;shutter_speed&quot;:&quot;0&quot;,&quot;title&quot;:&quot;&quot;,&quot;orientation&quot;:&quot;1&quot;}\" data-image-title=\"Ca\u00f1onaspersor\" data-image-description=\"\" data-image-caption=\"\" data-large-file=\"https:\/\/i0.wp.com\/lahoradelcampo.com.uy\/site\/wp-content\/uploads\/2023\/01\/Ca%C3%B1onaspersor.jpg?fit=810%2C405&amp;ssl=1\" src=\"https:\/\/i0.wp.com\/lahoradelcampo.com.uy\/site\/wp-content\/uploads\/2023\/01\/Ca%C3%B1onaspersor.jpg?resize=810%2C405\" alt=\"\" class=\"wp-image-48253\" srcset=\"https:\/\/i0.wp.com\/lahoradelcampo.com.uy\/site\/wp-content\/uploads\/2023\/01\/Ca%C3%B1onaspersor.jpg?w=880&amp;ssl=1 880w, https:\/\/i0.wp.com\/lahoradelcampo.com.uy\/site\/wp-content\/uploads\/2023\/01\/Ca%C3%B1onaspersor.jpg?resize=300%2C150&amp;ssl=1 300w, https:\/\/i0.wp.com\/lahoradelcampo.com.uy\/site\/wp-content\/uploads\/2023\/01\/Ca%C3%B1onaspersor.jpg?resize=768%2C384&amp;ssl=1 768w, https:\/\/i0.wp.com\/lahoradelcampo.com.uy\/site\/wp-content\/uploads\/2023\/01\/Ca%C3%B1onaspersor.jpg?resize=820%2C410&amp;ssl=1 820w\" sizes=\"auto, (max-width: 810px) 100vw, 810px\" \/><\/figure>\n\n\n\n<p>La falta de precipitaciones y la situaci\u00f3n de sequ\u00eda generada en el norte, en su tercer verano consecutivo, generan preocupaci\u00f3n en los productores y al mismo tiempo agudiza la inventiva de aquellos que est\u00e1n buscando continuamente salidas a los problemas que se presentan d\u00eda a d\u00eda. Es as\u00ed que con pocos recursos, en su gran mayor\u00eda disponibles en el predio, un productor chico de la zona de Valent\u00edn decidi\u00f3 regar cuatro hect\u00e1reas de campo natural, de un \u00e1rea total de 180 hect\u00e1reas. <br><\/p>\n\n\n\n<p>Se trata del T\u00e9cnico Agropecuario Gerardo Sierra, qui\u00e9n explic\u00f3 que \u00aben situaciones totalmente extremas como estamos en este momento, se habla mucho de riego pero el principal problema es el agua y justamente lo que todos estamos viviendo es la deficiencia de agua\u00bb. El productor dijo que en su caso tiene \u00abun tanque australiano alimentado por molino, de unos 80.000 litros y con una bomba 220 con un generador estoy probando cuanto \u00e1rea puedo ir regando\u00bb. <br><\/p>\n\n\n\n<p>Sierra dijo que \u00aben los campos superficiales como los de Valent\u00edn, campos de basalto, superficiales medios, no tan profundos, con menos mil\u00edmetros podemos tener un mayor impacto. Capaz que no necesitamos ocho o diez mil\u00edmetros, quiz\u00e1s con cuatro o cinco mil\u00edmetros regando cada dos d\u00edas tenemos alg\u00fan impacto\u00bb. <br><\/p>\n\n\n\n<p>La intenci\u00f3n del productor es ver la respuesta que puede llegar a tener sobre el campo natural, la operativa y el \u00e1rea que alcanzar\u00eda con este sistema para planificar un \u00e1rea de forrajes para el a\u00f1o que viene. <br><\/p>\n\n\n\n<p>Si bien se puede pensar que estar en el medio de un campo, con un aspersor regando 35 metros a la redonda durante dos horas, es como poner \u00abuna gota de agua en un desierto\u00bb en la actualidad de falta de precipitaciones y con el estr\u00e9s que atraviesan las plantas en el campo, Sierra dijo que \u00abse puede pensar de esa manera\u00bb pero advirti\u00f3 que \u00abes la gota de agua en el desierto\u00bb. <br><\/p>\n\n\n\n<p>Explic\u00f3 que su sistema de riego, partiendo del tanque australiano, una bomba de agua y un ca\u00f1\u00f3n aspersor, est\u00e1 pensado para dispersar agua en un \u00e1rea de cuatro hect\u00e1reas, ubicada frente a las instalaciones del creep feeding, por lo que las ca\u00f1er\u00edas que se utilizan son las del sistema de bebederos, de manera de bajar los costos de inversi\u00f3n.<br><\/p>\n\n\n\n<p>Si bien el sistema se ha instalado hace pocas semanas y se est\u00e1 en fase de experimentaci\u00f3n, de prueba y error, Sierra dijo que el efecto que se observa en estos d\u00edas \u00abes igual al del jard\u00edn de la casa, aquellos pastitos que est\u00e1n pidiendo agua y reciben cuatro o cinco mil\u00edmetros cada dos d\u00edas, ya se ha notado un reverdecimiento y al clavar la pala de posear note que el agua tras los dos primeros d\u00edas de riego estaba en la ra\u00edz de las plantas, porque los campos son muy superficiales\u00bb.<br><\/p>\n\n\n\n<p>Explic\u00f3 que el volumen de agua que se riega est\u00e1 limitado por la capacidad del tanque australiano, sin afectar la disponibilidad de agua en los bebederos que es el objetivo principal de la fuente de agua. <\/p>\n\n\n\n<p>Salto, domingo 22 de enero de 2023<\/p>\n","protected":false},"excerpt":{"rendered":"<p>La falta de precipitaciones y la situaci\u00f3n de sequ\u00eda generada en el norte, en su tercer verano consecutivo, generan preocupaci\u00f3n en los productores y al mismo tiempo agudiza la inventiva [&hellip;]<\/p>\n","protected":false},"author":5,"featured_media":48253,"comment_status":"open","ping_status":"open","sticky":false,"template":"","format":"standard","meta":{"_price":"","_stock":"","_tribe_ticket_header":"","_tribe_default_ticket_provider":"","_tribe_ticket_capacity":"0","_ticket_start_date":"","_ticket_end_date":"","_tribe_ticket_show_description":"","_tribe_ticket_show_not_going":false,"_tribe_ticket_use_global_stock":"","_tribe_ticket_global_stock_level":"","_global_stock_mode":"","_global_stock_cap":"","_tribe_rsvp_for_event":"","_tribe_ticket_going_count":"","_tribe_ticket_not_going_count":"","_tribe_tickets_list":"[]","_tribe_ticket_has_attendee_info_fields":false,"h5ap_radio_sources":[],"_jetpack_newsletter_access":"","_jetpack_dont_email_post_to_subs":false,"_jetpack_newsletter_tier_id":0,"_jetpack_memberships_contains_paywalled_content":false,"_jetpack_memberships_contains_paid_content":false,"footnotes":""},"categories":[21,5],"tags":[],"class_list":["post-48251","post","type-post","status-publish","format-standard","has-post-thumbnail","hentry","category-actualidad","category-ganaderia"],"jetpack_featured_media_url":"https:\/\/i0.wp.com\/lahoradelcampo.com.uy\/site\/wp-content\/uploads\/2023\/01\/Ca%C3%B1onaspersor.jpg?fit=880%2C440&ssl=1","jetpack_sharing_enabled":true,"jetpack_shortlink":"https:\/\/wp.me\/p99IaT-cyf","jetpack-related-posts":[{"id":48137,"url":"https:\/\/lahoradelcampo.com.uy\/site\/el-arroz-en-el-norte-viene-bien-pero-cuidando-para-que-no-falte-el-agua\/","url_meta":{"origin":48251,"position":0},"title":"El arroz en el norte viene bien, pero cuidando para que no falte el agua","author":"La Hora del Campo","date":"17 enero, 2023","format":false,"excerpt":"Entre los departamentos de Artigas y Salto se volvi\u00f3 a sembrar aproximadamente 28.000 hect\u00e1reas, pr\u00e1cticamente que manteni\u00e9ndose el \u00e1rea del cultivo respecto a la zafra anterior, a diferencia de lo acontecido a nivel nacional, donde se registra un descenso aproximado del 2,5%, situ\u00e1ndose entorno de las 159.840 hect\u00e1reas. La diferencia\u2026","rel":"","context":"En \u00abActualidad\u00bb","block_context":{"text":"Actualidad","link":"https:\/\/lahoradelcampo.com.uy\/site\/category\/actualidad\/"},"img":{"alt_text":"","src":"https:\/\/i0.wp.com\/lahoradelcampo.com.uy\/site\/wp-content\/uploads\/2023\/01\/Guillermo-Obrien-1.jpg?fit=880%2C440&ssl=1&resize=350%2C200","width":350,"height":200,"srcset":"https:\/\/i0.wp.com\/lahoradelcampo.com.uy\/site\/wp-content\/uploads\/2023\/01\/Guillermo-Obrien-1.jpg?fit=880%2C440&ssl=1&resize=350%2C200 1x, https:\/\/i0.wp.com\/lahoradelcampo.com.uy\/site\/wp-content\/uploads\/2023\/01\/Guillermo-Obrien-1.jpg?fit=880%2C440&ssl=1&resize=525%2C300 1.5x, https:\/\/i0.wp.com\/lahoradelcampo.com.uy\/site\/wp-content\/uploads\/2023\/01\/Guillermo-Obrien-1.jpg?fit=880%2C440&ssl=1&resize=700%2C400 2x"},"classes":[]},{"id":48117,"url":"https:\/\/lahoradelcampo.com.uy\/site\/produccion-mundial-de-trigo-2022-23-sera-record\/","url_meta":{"origin":48251,"position":1},"title":"Producci\u00f3n mundial de trigo 2022\/23, ser\u00e1 r\u00e9cord","author":"La Hora del Campo","date":"17 enero, 2023","format":false,"excerpt":"Entre los departamentos de Artigas y Salto se volvi\u00f3 a sembrar aproximadamente 28.000 hect\u00e1reas, pr\u00e1cticamente que manteni\u00e9ndose el \u00e1rea del cultivo respecto a la zafra anterior, a diferencia de lo acontecido a nivel nacional, donde se registra un descenso aproximado del 2,5%, situ\u00e1ndose entorno de las 159.840 hect\u00e1reas. La diferencia\u2026","rel":"","context":"En \u00abActualidad\u00bb","block_context":{"text":"Actualidad","link":"https:\/\/lahoradelcampo.com.uy\/site\/category\/actualidad\/"},"img":{"alt_text":"","src":"https:\/\/i0.wp.com\/lahoradelcampo.com.uy\/site\/wp-content\/uploads\/2017\/10\/Trigos-3.jpg?fit=880%2C440&ssl=1&resize=350%2C200","width":350,"height":200,"srcset":"https:\/\/i0.wp.com\/lahoradelcampo.com.uy\/site\/wp-content\/uploads\/2017\/10\/Trigos-3.jpg?fit=880%2C440&ssl=1&resize=350%2C200 1x, https:\/\/i0.wp.com\/lahoradelcampo.com.uy\/site\/wp-content\/uploads\/2017\/10\/Trigos-3.jpg?fit=880%2C440&ssl=1&resize=525%2C300 1.5x, https:\/\/i0.wp.com\/lahoradelcampo.com.uy\/site\/wp-content\/uploads\/2017\/10\/Trigos-3.jpg?fit=880%2C440&ssl=1&resize=700%2C400 2x"},"classes":[]},{"id":49996,"url":"https:\/\/lahoradelcampo.com.uy\/site\/inia-realizo-actividad-sobre-fertirriego-en-la-colonia-gestido\/","url_meta":{"origin":48251,"position":2},"title":"INIA realiz\u00f3 actividad sobre Fertirriego en la Colonia Gestido","author":"La Hora del Campo","date":"16 abril, 2023","format":false,"excerpt":"INIA Salto Grande organiz\u00f3 una actividad sobre \"Fertirriego en Cultivos Hort\u00edcolas: Manejo del agua y nutrientes basado en herramientas de monitoreo a campo\". El evento se llev\u00f3 a cabo en el predio de la Familia Gallino, en la Colonia Gestido, departamento de Salto, Uruguay. Durante la actividad, se discuti\u00f3 la\u2026","rel":"","context":"En \u00abActualidad\u00bb","block_context":{"text":"Actualidad","link":"https:\/\/lahoradelcampo.com.uy\/site\/category\/actualidad\/"},"img":{"alt_text":"","src":"https:\/\/i0.wp.com\/lahoradelcampo.com.uy\/site\/wp-content\/uploads\/2023\/04\/INIA-fertirriego.jpg?fit=880%2C440&ssl=1&resize=350%2C200","width":350,"height":200,"srcset":"https:\/\/i0.wp.com\/lahoradelcampo.com.uy\/site\/wp-content\/uploads\/2023\/04\/INIA-fertirriego.jpg?fit=880%2C440&ssl=1&resize=350%2C200 1x, https:\/\/i0.wp.com\/lahoradelcampo.com.uy\/site\/wp-content\/uploads\/2023\/04\/INIA-fertirriego.jpg?fit=880%2C440&ssl=1&resize=525%2C300 1.5x, https:\/\/i0.wp.com\/lahoradelcampo.com.uy\/site\/wp-content\/uploads\/2023\/04\/INIA-fertirriego.jpg?fit=880%2C440&ssl=1&resize=700%2C400 2x"},"classes":[]},{"id":3997,"url":"https:\/\/lahoradelcampo.com.uy\/site\/semana-proxima-comenzaran-las-obras-para-riego-en-la-liber-seregni\/","url_meta":{"origin":48251,"position":3},"title":"Semana pr\u00f3xima comenzaran las obras para riego en la Liber Seregni","author":"La Hora del Campo","date":"16 noviembre, 2017","format":false,"excerpt":"La Sociedad de Fomento Rural de la Industria L\u00e1ctea Salte\u00f1a (Sofrils) ha recibido la primera remesa de materiales para comenzar a desarrollar las obras del proyecto de riego, con el objetivo de regar un \u00e1rea de cultivos gran\u00edferos y mejoramientos forrajeros. Luis Enrique Azanza, directivo de la gremial, confirm\u00f3 el\u2026","rel":"","context":"En \u00abActualidad\u00bb","block_context":{"text":"Actualidad","link":"https:\/\/lahoradelcampo.com.uy\/site\/category\/actualidad\/"},"img":{"alt_text":"","src":"https:\/\/i0.wp.com\/lahoradelcampo.com.uy\/site\/wp-content\/uploads\/2017\/11\/sofrils.jpg?fit=880%2C440&ssl=1&resize=350%2C200","width":350,"height":200,"srcset":"https:\/\/i0.wp.com\/lahoradelcampo.com.uy\/site\/wp-content\/uploads\/2017\/11\/sofrils.jpg?fit=880%2C440&ssl=1&resize=350%2C200 1x, https:\/\/i0.wp.com\/lahoradelcampo.com.uy\/site\/wp-content\/uploads\/2017\/11\/sofrils.jpg?fit=880%2C440&ssl=1&resize=525%2C300 1.5x, https:\/\/i0.wp.com\/lahoradelcampo.com.uy\/site\/wp-content\/uploads\/2017\/11\/sofrils.jpg?fit=880%2C440&ssl=1&resize=700%2C400 2x"},"classes":[]},{"id":47479,"url":"https:\/\/lahoradelcampo.com.uy\/site\/destacada-jornada-sobre-riego-en-sistemas-ganaderos-se-realizo-en-artigas\/","url_meta":{"origin":48251,"position":4},"title":"Destacada jornada sobre riego en sistemas ganaderos se realiz\u00f3 en Artigas","author":"La Hora del Campo","date":"6 diciembre, 2022","format":false,"excerpt":"Con la presencia del Ministro de Ganader\u00eda, Agricultura y Pesca, Ing. Agr. Fernando Mattos, entre los 106 participantes, se realiz\u00f3 en la jornada de ayer la segunda reuni\u00f3n del proyecto Regando la Ganader\u00eda del Norte. Recordemos que la primera se realiz\u00f3 a mediados de a\u00f1o en el predio de la\u2026","rel":"","context":"En \u00abActualidad\u00bb","block_context":{"text":"Actualidad","link":"https:\/\/lahoradelcampo.com.uy\/site\/category\/actualidad\/"},"img":{"alt_text":"","src":"https:\/\/i0.wp.com\/lahoradelcampo.com.uy\/site\/wp-content\/uploads\/2022\/12\/riegoenartigas.jpg?fit=880%2C440&ssl=1&resize=350%2C200","width":350,"height":200,"srcset":"https:\/\/i0.wp.com\/lahoradelcampo.com.uy\/site\/wp-content\/uploads\/2022\/12\/riegoenartigas.jpg?fit=880%2C440&ssl=1&resize=350%2C200 1x, https:\/\/i0.wp.com\/lahoradelcampo.com.uy\/site\/wp-content\/uploads\/2022\/12\/riegoenartigas.jpg?fit=880%2C440&ssl=1&resize=525%2C300 1.5x, https:\/\/i0.wp.com\/lahoradelcampo.com.uy\/site\/wp-content\/uploads\/2022\/12\/riegoenartigas.jpg?fit=880%2C440&ssl=1&resize=700%2C400 2x"},"classes":[]},{"id":54492,"url":"https:\/\/lahoradelcampo.com.uy\/site\/uruguay-riega-unicamente-el-2-del-area-productiva-del-pais\/","url_meta":{"origin":48251,"position":5},"title":"Uruguay riega \u00fanicamente el 2% del \u00e1rea productiva del pa\u00eds","author":"La Hora del Campo","date":"16 septiembre, 2024","format":false,"excerpt":"El ministro de Ganader\u00eda, Agricultura y Pesca, Ing. Agr. Fernando Mattos, se\u00f1al\u00f3 desde la Rural del Prado, que, en materia de pol\u00edticas de riego, \"faltan otras patas importantes en una construcci\u00f3n coordinada de una pol\u00edtica que l\u00f3gicamente vamos a dejar el trabajo hecho, hacia la pr\u00f3xima administraci\u00f3n\". Aclar\u00f3 que esto\u2026","rel":"","context":"En \u00abActualidad\u00bb","block_context":{"text":"Actualidad","link":"https:\/\/lahoradelcampo.com.uy\/site\/category\/actualidad\/"},"img":{"alt_text":"","src":"https:\/\/i0.wp.com\/lahoradelcampo.com.uy\/site\/wp-content\/uploads\/2024\/09\/Mattos-expoprado.jpg?fit=880%2C440&ssl=1&resize=350%2C200","width":350,"height":200,"srcset":"https:\/\/i0.wp.com\/lahoradelcampo.com.uy\/site\/wp-content\/uploads\/2024\/09\/Mattos-expoprado.jpg?fit=880%2C440&ssl=1&resize=350%2C200 1x, https:\/\/i0.wp.com\/lahoradelcampo.com.uy\/site\/wp-content\/uploads\/2024\/09\/Mattos-expoprado.jpg?fit=880%2C440&ssl=1&resize=525%2C300 1.5x, https:\/\/i0.wp.com\/lahoradelcampo.com.uy\/site\/wp-content\/uploads\/2024\/09\/Mattos-expoprado.jpg?fit=880%2C440&ssl=1&resize=700%2C400 2x"},"classes":[]}],"jetpack_likes_enabled":true,"_links":{"self":[{"href":"https:\/\/lahoradelcampo.com.uy\/site\/wp-json\/wp\/v2\/posts\/48251","targetHints":{"allow":["GET"]}}],"collection":[{"href":"https:\/\/lahoradelcampo.com.uy\/site\/wp-json\/wp\/v2\/posts"}],"about":[{"href":"https:\/\/lahoradelcampo.com.uy\/site\/wp-json\/wp\/v2\/types\/post"}],"author":[{"embeddable":true,"href":"https:\/\/lahoradelcampo.com.uy\/site\/wp-json\/wp\/v2\/users\/5"}],"replies":[{"embeddable":true,"href":"https:\/\/lahoradelcampo.com.uy\/site\/wp-json\/wp\/v2\/comments?post=48251"}],"version-history":[{"count":1,"href":"https:\/\/lahoradelcampo.com.uy\/site\/wp-json\/wp\/v2\/posts\/48251\/revisions"}],"predecessor-version":[{"id":48255,"href":"https:\/\/lahoradelcampo.com.uy\/site\/wp-json\/wp\/v2\/posts\/48251\/revisions\/48255"}],"wp:featuredmedia":[{"embeddable":true,"href":"https:\/\/lahoradelcampo.com.uy\/site\/wp-json\/wp\/v2\/media\/48253"}],"wp:attachment":[{"href":"https:\/\/lahoradelcampo.com.uy\/site\/wp-json\/wp\/v2\/media?parent=48251"}],"wp:term":[{"taxonomy":"category","embeddable":true,"href":"https:\/\/lahoradelcampo.com.uy\/site\/wp-json\/wp\/v2\/categories?post=48251"},{"taxonomy":"post_tag","embeddable":true,"href":"https:\/\/lahoradelcampo.com.uy\/site\/wp-json\/wp\/v2\/tags?post=48251"}],"curies":[{"name":"wp","href":"https:\/\/api.w.org\/{rel}","templated":true}]}}