{"id":48241,"date":"2023-01-22T08:55:54","date_gmt":"2023-01-22T11:55:54","guid":{"rendered":"http:\/\/lahoradelcampo.com.uy\/site\/?p=48241"},"modified":"2023-01-22T08:55:58","modified_gmt":"2023-01-22T11:55:58","slug":"mattos-se-reunio-con-productores-de-bella-union-ante-la-presencia-de-hlb","status":"publish","type":"post","link":"https:\/\/lahoradelcampo.com.uy\/site\/mattos-se-reunio-con-productores-de-bella-union-ante-la-presencia-de-hlb\/","title":{"rendered":"Mattos se reuni\u00f3 con  productores de Bella Uni\u00f3n ante la presencia de HLB"},"content":{"rendered":"\n<figure class=\"wp-block-image\"><img data-recalc-dims=\"1\" loading=\"lazy\" decoding=\"async\" width=\"810\" height=\"405\" data-attachment-id=\"48243\" data-permalink=\"https:\/\/lahoradelcampo.com.uy\/site\/mattos-se-reunio-con-productores-de-bella-union-ante-la-presencia-de-hlb\/mgap-hlb\/\" data-orig-file=\"https:\/\/i0.wp.com\/lahoradelcampo.com.uy\/site\/wp-content\/uploads\/2023\/01\/MGAP-HLB.jpg?fit=880%2C440&amp;ssl=1\" data-orig-size=\"880,440\" data-comments-opened=\"1\" data-image-meta=\"{&quot;aperture&quot;:&quot;0&quot;,&quot;credit&quot;:&quot;&quot;,&quot;camera&quot;:&quot;&quot;,&quot;caption&quot;:&quot;&quot;,&quot;created_timestamp&quot;:&quot;0&quot;,&quot;copyright&quot;:&quot;&quot;,&quot;focal_length&quot;:&quot;0&quot;,&quot;iso&quot;:&quot;0&quot;,&quot;shutter_speed&quot;:&quot;0&quot;,&quot;title&quot;:&quot;&quot;,&quot;orientation&quot;:&quot;1&quot;}\" data-image-title=\"MGAP-HLB\" data-image-description=\"\" data-image-caption=\"\" data-large-file=\"https:\/\/i0.wp.com\/lahoradelcampo.com.uy\/site\/wp-content\/uploads\/2023\/01\/MGAP-HLB.jpg?fit=810%2C405&amp;ssl=1\" src=\"https:\/\/i0.wp.com\/lahoradelcampo.com.uy\/site\/wp-content\/uploads\/2023\/01\/MGAP-HLB.jpg?resize=810%2C405\" alt=\"\" class=\"wp-image-48243\" srcset=\"https:\/\/i0.wp.com\/lahoradelcampo.com.uy\/site\/wp-content\/uploads\/2023\/01\/MGAP-HLB.jpg?w=880&amp;ssl=1 880w, https:\/\/i0.wp.com\/lahoradelcampo.com.uy\/site\/wp-content\/uploads\/2023\/01\/MGAP-HLB.jpg?resize=300%2C150&amp;ssl=1 300w, https:\/\/i0.wp.com\/lahoradelcampo.com.uy\/site\/wp-content\/uploads\/2023\/01\/MGAP-HLB.jpg?resize=768%2C384&amp;ssl=1 768w, https:\/\/i0.wp.com\/lahoradelcampo.com.uy\/site\/wp-content\/uploads\/2023\/01\/MGAP-HLB.jpg?resize=820%2C410&amp;ssl=1 820w\" sizes=\"auto, (max-width: 810px) 100vw, 810px\" \/><\/figure>\n\n\n\n<p>En el marco de la recorrida que autoridades del MGAP est\u00e1n realizando por diferentes puntos del pa\u00eds en apoyo a los productores ante el grave nivel de sequ\u00eda imperante, el ministro Mattos recibi\u00f3 a trabajadores del sector en Bella Uni\u00f3n. Adem\u00e1s del titular del ministerio participaron el subsecretario Ignacio Buffa, el director de Descentralizaci\u00f3n, Luis Carresse y el director de los Servicios Agr\u00edcolas, Leonardo Olivera, quienes fueron recibidos por la intendenta (i) de Artigas, Elita Volpi y la alcaldesa Fabiana Garc\u00eda.<br><\/p>\n\n\n\n<p>El encuentro cont\u00f3 con la participaci\u00f3n activa pobladores de la zona que le manifestaron al ministro su preocupaci\u00f3n frente a la situaci\u00f3n de seca en sus predios. Carresse explic\u00f3 que se est\u00e1 articulando y coordinando junto a toda la institucionalidad para buscar soluciones y ofrecer una pronta respuesta a los vecinos.<br><\/p>\n\n\n\n<p>Sumado a este tema, en Bella Uni\u00f3n adem\u00e1s se constat\u00f3 un caso de Huanglongbing de los c\u00edtricos (HLB) por lo que se declar\u00f3 la emergencia sanitaria. Las autoridades trabajan sobre la implementaci\u00f3n de esta y otras medidas para el eficiente control de la situaci\u00f3n.<br><\/p>\n\n\n\n<p>Mattos detall\u00f3 la situaci\u00f3n constatada en donde se detectaron 3 plantas en 2 traspatios linderos portadoras de la enfermedad. <\/p>\n\n\n\n<p>De acuerdo a la Resoluci\u00f3n ministerial, la Emergencia Sanitaria abarca 10 km a la redonda desde la zona afectada. El ministro hizo un llamado a la responsabilidad ciudadana y destac\u00f3 la importancia de la articulaci\u00f3n p\u00fablico privada para la respuesta eficaz.<\/p>\n\n\n\n<p>Salto, domingo 22 de enero de 2023<\/p>\n","protected":false},"excerpt":{"rendered":"<p>En el marco de la recorrida que autoridades del MGAP est\u00e1n realizando por diferentes puntos del pa\u00eds en apoyo a los productores ante el grave nivel de sequ\u00eda imperante, el [&hellip;]<\/p>\n","protected":false},"author":5,"featured_media":48243,"comment_status":"open","ping_status":"open","sticky":false,"template":"","format":"standard","meta":{"_price":"","_stock":"","_tribe_ticket_header":"","_tribe_default_ticket_provider":"","_tribe_ticket_capacity":"0","_ticket_start_date":"","_ticket_end_date":"","_tribe_ticket_show_description":"","_tribe_ticket_show_not_going":false,"_tribe_ticket_use_global_stock":"","_tribe_ticket_global_stock_level":"","_global_stock_mode":"","_global_stock_cap":"","_tribe_rsvp_for_event":"","_tribe_ticket_going_count":"","_tribe_ticket_not_going_count":"","_tribe_tickets_list":"[]","_tribe_ticket_has_attendee_info_fields":false,"h5ap_radio_sources":[],"_jetpack_newsletter_access":"","_jetpack_dont_email_post_to_subs":false,"_jetpack_newsletter_tier_id":0,"_jetpack_memberships_contains_paywalled_content":false,"_jetpack_memberships_contains_paid_content":false,"footnotes":""},"categories":[21,9],"tags":[],"class_list":["post-48241","post","type-post","status-publish","format-standard","has-post-thumbnail","hentry","category-actualidad","category-granja"],"jetpack_featured_media_url":"https:\/\/i0.wp.com\/lahoradelcampo.com.uy\/site\/wp-content\/uploads\/2023\/01\/MGAP-HLB.jpg?fit=880%2C440&ssl=1","jetpack_sharing_enabled":true,"jetpack_shortlink":"https:\/\/wp.me\/p99IaT-cy5","jetpack-related-posts":[{"id":38093,"url":"https:\/\/lahoradelcampo.com.uy\/site\/mattos-anuncio-que-area-incendiada-se-declarara-en-emergencia-agropecuaria\/","url_meta":{"origin":48241,"position":0},"title":"Mattos anunci\u00f3 que \u00e1rea incendiada se declarar\u00e1 en Emergencia Agropecuaria","author":"La Hora del Campo","date":"4 enero, 2022","format":false,"excerpt":"El ministro de Ganader\u00eda, Agricultura y Pesca, Ing. Agr. Fernando Mattos, realiz\u00f3 una recorrida y dialog\u00f3 con los productores de la zona afectada por los incendios forestales en Paysand\u00fa y R\u00edo Negro. En di\u00e1logo con los productores, indic\u00f3 que se declarar\u00e1 en \"Emergencia agropecuaria\" las dos seccionales policiales que se\u2026","rel":"","context":"En \u00abActualidad\u00bb","block_context":{"text":"Actualidad","link":"https:\/\/lahoradelcampo.com.uy\/site\/category\/actualidad\/"},"img":{"alt_text":"","src":"https:\/\/i0.wp.com\/lahoradelcampo.com.uy\/site\/wp-content\/uploads\/2022\/01\/MGAP-Mattos.jpg?fit=880%2C440&ssl=1&resize=350%2C200","width":350,"height":200,"srcset":"https:\/\/i0.wp.com\/lahoradelcampo.com.uy\/site\/wp-content\/uploads\/2022\/01\/MGAP-Mattos.jpg?fit=880%2C440&ssl=1&resize=350%2C200 1x, https:\/\/i0.wp.com\/lahoradelcampo.com.uy\/site\/wp-content\/uploads\/2022\/01\/MGAP-Mattos.jpg?fit=880%2C440&ssl=1&resize=525%2C300 1.5x, https:\/\/i0.wp.com\/lahoradelcampo.com.uy\/site\/wp-content\/uploads\/2022\/01\/MGAP-Mattos.jpg?fit=880%2C440&ssl=1&resize=700%2C400 2x"},"classes":[]},{"id":42245,"url":"https:\/\/lahoradelcampo.com.uy\/site\/asumio-andres-treglia-como-director-departamental-de-salto\/","url_meta":{"origin":48241,"position":1},"title":"Asumi\u00f3 Andr\u00e9s Treglia como Director Departamental de Salto","author":"La Hora del Campo","date":"30 mayo, 2022","format":false,"excerpt":"El viernes se realiz\u00f3 la asunci\u00f3n formal del Director Departamental del Ministerio de Ganader\u00eda, Agricultura y Pesca (MGAP), Ing. Agr. Andr\u00e9s Treglia, con la presencia del Ministro Ing. Agr. Fernando Mattos, el Subsecretario Ing. Agr. Ignacio Buffa y el Director de Descentralizaci\u00f3n Luis Mar\u00eda Carresse, a los que se sumaron\u2026","rel":"","context":"En \u00abActualidad\u00bb","block_context":{"text":"Actualidad","link":"https:\/\/lahoradelcampo.com.uy\/site\/category\/actualidad\/"},"img":{"alt_text":"","src":"https:\/\/i0.wp.com\/lahoradelcampo.com.uy\/site\/wp-content\/uploads\/2022\/05\/MGAP-treglia-1.jpg?fit=880%2C440&ssl=1&resize=350%2C200","width":350,"height":200,"srcset":"https:\/\/i0.wp.com\/lahoradelcampo.com.uy\/site\/wp-content\/uploads\/2022\/05\/MGAP-treglia-1.jpg?fit=880%2C440&ssl=1&resize=350%2C200 1x, https:\/\/i0.wp.com\/lahoradelcampo.com.uy\/site\/wp-content\/uploads\/2022\/05\/MGAP-treglia-1.jpg?fit=880%2C440&ssl=1&resize=525%2C300 1.5x, https:\/\/i0.wp.com\/lahoradelcampo.com.uy\/site\/wp-content\/uploads\/2022\/05\/MGAP-treglia-1.jpg?fit=880%2C440&ssl=1&resize=700%2C400 2x"},"classes":[]},{"id":48039,"url":"https:\/\/lahoradelcampo.com.uy\/site\/mgap-analiza-la-extension-de-la-emergencia-agropecuaria\/","url_meta":{"origin":48241,"position":2},"title":"MGAP analiza la extensi\u00f3n de la emergencia agropecuaria","author":"La Hora del Campo","date":"11 enero, 2023","format":false,"excerpt":"El Ministro Fernando Mattos, dijo que el pr\u00f3ximo lunes se reunir\u00e1 con el Comit\u00e9 Asesor de Emergencia para analizar la extensi\u00f3n de la medida presente desde octubre del 2022. Explic\u00f3 que, seguramente, se reiterar\u00e1 la aplicaci\u00f3n de la emergencia agropecuaria en base a los actuales informes de d\u00e9ficit h\u00eddrico. Respecto\u2026","rel":"","context":"En \u00abActualidad\u00bb","block_context":{"text":"Actualidad","link":"https:\/\/lahoradelcampo.com.uy\/site\/category\/actualidad\/"},"img":{"alt_text":"","src":"https:\/\/i0.wp.com\/lahoradelcampo.com.uy\/site\/wp-content\/uploads\/2020\/03\/Fernando-Mattos.jpg?fit=880%2C440&ssl=1&resize=350%2C200","width":350,"height":200,"srcset":"https:\/\/i0.wp.com\/lahoradelcampo.com.uy\/site\/wp-content\/uploads\/2020\/03\/Fernando-Mattos.jpg?fit=880%2C440&ssl=1&resize=350%2C200 1x, https:\/\/i0.wp.com\/lahoradelcampo.com.uy\/site\/wp-content\/uploads\/2020\/03\/Fernando-Mattos.jpg?fit=880%2C440&ssl=1&resize=525%2C300 1.5x, https:\/\/i0.wp.com\/lahoradelcampo.com.uy\/site\/wp-content\/uploads\/2020\/03\/Fernando-Mattos.jpg?fit=880%2C440&ssl=1&resize=700%2C400 2x"},"classes":[]},{"id":45331,"url":"https:\/\/lahoradelcampo.com.uy\/site\/200-productores-solicitaron-fardos-para-los-ganados-en-el-mgap\/","url_meta":{"origin":48241,"position":3},"title":"200 productores solicitaron fardos para los ganados en el MGAP","author":"La Hora del Campo","date":"7 septiembre, 2022","format":false,"excerpt":"El director de la Unidad de Descentralizaci\u00f3n del MGAP, Luis Mar\u00eda Carresse inform\u00f3 que a la fecha son m\u00e1s de 200 los productores familiares que se postularon para recibir asistencia directa forrajera para alimento del ganado. Record\u00f3 adem\u00e1s, que el beneficio incluye a productores ganaderos y\/o lecheros que se encuentren\u2026","rel":"","context":"En \u00abGanader\u00eda\u00bb","block_context":{"text":"Ganader\u00eda","link":"https:\/\/lahoradelcampo.com.uy\/site\/category\/ganaderia\/"},"img":{"alt_text":"","src":"https:\/\/i0.wp.com\/lahoradelcampo.com.uy\/site\/wp-content\/uploads\/2022\/09\/Fardos.jpg?fit=880%2C440&ssl=1&resize=350%2C200","width":350,"height":200,"srcset":"https:\/\/i0.wp.com\/lahoradelcampo.com.uy\/site\/wp-content\/uploads\/2022\/09\/Fardos.jpg?fit=880%2C440&ssl=1&resize=350%2C200 1x, https:\/\/i0.wp.com\/lahoradelcampo.com.uy\/site\/wp-content\/uploads\/2022\/09\/Fardos.jpg?fit=880%2C440&ssl=1&resize=525%2C300 1.5x, https:\/\/i0.wp.com\/lahoradelcampo.com.uy\/site\/wp-content\/uploads\/2022\/09\/Fardos.jpg?fit=880%2C440&ssl=1&resize=700%2C400 2x"},"classes":[]},{"id":54124,"url":"https:\/\/lahoradelcampo.com.uy\/site\/mattos-solicito-a-la-ue-evaluar-el-ingreso-de-la-carne-ovina-con-hueso\/","url_meta":{"origin":48241,"position":4},"title":"Mattos solicito a la UE evaluar el ingreso de la carne ovina con hueso","author":"La Hora del Campo","date":"6 agosto, 2024","format":false,"excerpt":"El lanzamiento de la zafra ovina 2024-25 fue la ocasi\u00f3n para que el ministro de Ganader\u00eda, Agricultura y Pesca, Fernando Mattos, destacara la capacidad productiva de Uruguay en el sector ovino, con un enfoque en la capacitaci\u00f3n de productores y la apertura de mercados para la lana y la carne,\u2026","rel":"","context":"En \u00abActualidad\u00bb","block_context":{"text":"Actualidad","link":"https:\/\/lahoradelcampo.com.uy\/site\/category\/actualidad\/"},"img":{"alt_text":"","src":"https:\/\/i0.wp.com\/lahoradelcampo.com.uy\/site\/wp-content\/uploads\/2024\/08\/zafraovina24-2.jpg?fit=880%2C440&ssl=1&resize=350%2C200","width":350,"height":200,"srcset":"https:\/\/i0.wp.com\/lahoradelcampo.com.uy\/site\/wp-content\/uploads\/2024\/08\/zafraovina24-2.jpg?fit=880%2C440&ssl=1&resize=350%2C200 1x, https:\/\/i0.wp.com\/lahoradelcampo.com.uy\/site\/wp-content\/uploads\/2024\/08\/zafraovina24-2.jpg?fit=880%2C440&ssl=1&resize=525%2C300 1.5x, https:\/\/i0.wp.com\/lahoradelcampo.com.uy\/site\/wp-content\/uploads\/2024\/08\/zafraovina24-2.jpg?fit=880%2C440&ssl=1&resize=700%2C400 2x"},"classes":[]},{"id":41233,"url":"https:\/\/lahoradelcampo.com.uy\/site\/el-lunes-designaron-a-los-19-directores-departamentales-del-mgap\/","url_meta":{"origin":48241,"position":5},"title":"El lunes designaron a los 19 directores departamentales del MGAP","author":"La Hora del Campo","date":"27 abril, 2022","format":false,"excerpt":"Tras un largo proceso de selecci\u00f3n, que se dilat\u00f3 en el tiempo, este lunes 25 de abril se designaron los nuevos directores departamentales del MGAP; quienes fueron recibidos por el Ministro Fernando Mattos, el Subsecretario Ignacio Buffa, la Directora General Fernanda Maldonado y el Director de Descentralizaci\u00f3n Luis Carresse. Mattos\u2026","rel":"","context":"En \u00abActualidad\u00bb","block_context":{"text":"Actualidad","link":"https:\/\/lahoradelcampo.com.uy\/site\/category\/actualidad\/"},"img":{"alt_text":"","src":"https:\/\/i0.wp.com\/lahoradelcampo.com.uy\/site\/wp-content\/uploads\/2022\/04\/MGAP-Departamentales.jpg?fit=880%2C440&ssl=1&resize=350%2C200","width":350,"height":200,"srcset":"https:\/\/i0.wp.com\/lahoradelcampo.com.uy\/site\/wp-content\/uploads\/2022\/04\/MGAP-Departamentales.jpg?fit=880%2C440&ssl=1&resize=350%2C200 1x, https:\/\/i0.wp.com\/lahoradelcampo.com.uy\/site\/wp-content\/uploads\/2022\/04\/MGAP-Departamentales.jpg?fit=880%2C440&ssl=1&resize=525%2C300 1.5x, https:\/\/i0.wp.com\/lahoradelcampo.com.uy\/site\/wp-content\/uploads\/2022\/04\/MGAP-Departamentales.jpg?fit=880%2C440&ssl=1&resize=700%2C400 2x"},"classes":[]}],"jetpack_likes_enabled":true,"_links":{"self":[{"href":"https:\/\/lahoradelcampo.com.uy\/site\/wp-json\/wp\/v2\/posts\/48241","targetHints":{"allow":["GET"]}}],"collection":[{"href":"https:\/\/lahoradelcampo.com.uy\/site\/wp-json\/wp\/v2\/posts"}],"about":[{"href":"https:\/\/lahoradelcampo.com.uy\/site\/wp-json\/wp\/v2\/types\/post"}],"author":[{"embeddable":true,"href":"https:\/\/lahoradelcampo.com.uy\/site\/wp-json\/wp\/v2\/users\/5"}],"replies":[{"embeddable":true,"href":"https:\/\/lahoradelcampo.com.uy\/site\/wp-json\/wp\/v2\/comments?post=48241"}],"version-history":[{"count":1,"href":"https:\/\/lahoradelcampo.com.uy\/site\/wp-json\/wp\/v2\/posts\/48241\/revisions"}],"predecessor-version":[{"id":48245,"href":"https:\/\/lahoradelcampo.com.uy\/site\/wp-json\/wp\/v2\/posts\/48241\/revisions\/48245"}],"wp:featuredmedia":[{"embeddable":true,"href":"https:\/\/lahoradelcampo.com.uy\/site\/wp-json\/wp\/v2\/media\/48243"}],"wp:attachment":[{"href":"https:\/\/lahoradelcampo.com.uy\/site\/wp-json\/wp\/v2\/media?parent=48241"}],"wp:term":[{"taxonomy":"category","embeddable":true,"href":"https:\/\/lahoradelcampo.com.uy\/site\/wp-json\/wp\/v2\/categories?post=48241"},{"taxonomy":"post_tag","embeddable":true,"href":"https:\/\/lahoradelcampo.com.uy\/site\/wp-json\/wp\/v2\/tags?post=48241"}],"curies":[{"name":"wp","href":"https:\/\/api.w.org\/{rel}","templated":true}]}}