{"id":48219,"date":"2023-01-18T09:36:43","date_gmt":"2023-01-18T12:36:43","guid":{"rendered":"http:\/\/lahoradelcampo.com.uy\/site\/?p=48219"},"modified":"2023-01-18T09:36:50","modified_gmt":"2023-01-18T12:36:50","slug":"segunda-licitacion-de-lacteos-con-subas-y-bajas-en-enero","status":"publish","type":"post","link":"https:\/\/lahoradelcampo.com.uy\/site\/segunda-licitacion-de-lacteos-con-subas-y-bajas-en-enero\/","title":{"rendered":"Segunda licitaci\u00f3n de l\u00e1cteos con subas y bajas en enero"},"content":{"rendered":"\n<figure class=\"wp-block-image\"><img data-recalc-dims=\"1\" loading=\"lazy\" decoding=\"async\" width=\"810\" height=\"405\" data-attachment-id=\"2845\" data-permalink=\"https:\/\/lahoradelcampo.com.uy\/site\/bajo-nuevamente-el-indicador-de-fonterra\/fonterra-4\/\" data-orig-file=\"https:\/\/i0.wp.com\/lahoradelcampo.com.uy\/site\/wp-content\/uploads\/2017\/10\/Fonterra-1.jpg?fit=880%2C440&amp;ssl=1\" data-orig-size=\"880,440\" data-comments-opened=\"1\" data-image-meta=\"{&quot;aperture&quot;:&quot;0&quot;,&quot;credit&quot;:&quot;Vicente-Manuel-Tort&quot;,&quot;camera&quot;:&quot;&quot;,&quot;caption&quot;:&quot;&quot;,&quot;created_timestamp&quot;:&quot;0&quot;,&quot;copyright&quot;:&quot;Presidencia de la Republica - Sec.Com.Inst.&quot;,&quot;focal_length&quot;:&quot;0&quot;,&quot;iso&quot;:&quot;0&quot;,&quot;shutter_speed&quot;:&quot;0&quot;,&quot;title&quot;:&quot;&quot;,&quot;orientation&quot;:&quot;1&quot;}\" data-image-title=\"Fonterra\" data-image-description=\"\" data-image-caption=\"\" data-large-file=\"https:\/\/i0.wp.com\/lahoradelcampo.com.uy\/site\/wp-content\/uploads\/2017\/10\/Fonterra-1.jpg?fit=810%2C405&amp;ssl=1\" src=\"https:\/\/i0.wp.com\/lahoradelcampo.com.uy\/site\/wp-content\/uploads\/2017\/10\/Fonterra-1.jpg?resize=810%2C405\" alt=\"\" class=\"wp-image-2845\" srcset=\"https:\/\/i0.wp.com\/lahoradelcampo.com.uy\/site\/wp-content\/uploads\/2017\/10\/Fonterra-1.jpg?w=880&amp;ssl=1 880w, https:\/\/i0.wp.com\/lahoradelcampo.com.uy\/site\/wp-content\/uploads\/2017\/10\/Fonterra-1.jpg?resize=300%2C150&amp;ssl=1 300w, https:\/\/i0.wp.com\/lahoradelcampo.com.uy\/site\/wp-content\/uploads\/2017\/10\/Fonterra-1.jpg?resize=768%2C384&amp;ssl=1 768w, https:\/\/i0.wp.com\/lahoradelcampo.com.uy\/site\/wp-content\/uploads\/2017\/10\/Fonterra-1.jpg?resize=820%2C410&amp;ssl=1 820w\" sizes=\"auto, (max-width: 810px) 100vw, 810px\" \/><\/figure>\n\n\n\n<p>En la jornada de ayer se realiz\u00f3 la segunda licitaci\u00f3n del mes de enero de la plataforma electr\u00f3nica Global Dairy Trade, donde se observ\u00f3 una leve baja en el promedio general, con cierre dispar para las leches en polvo. El promedio del evento 324, fue de US$ 3.393 por tonelada de productos l\u00e1cteos, con una baja del 0,1% respecto a la venta anterior. <br><\/p>\n\n\n\n<p>En esta oportunidad se ofertaron 31.872 toneladas, 4,8% por debajo del volumen propuesto en la licitaci\u00f3n anterior. Sumado a la primera venta del mes, se ofert\u00f3 en enero un total de 65.350 toneladas de productos l\u00e1cteos, que significan un 6,6% m\u00e1s que igual mes del a\u00f1o pasado, en tanto que el promedio de las dos ventas del mes, ubicado en US$ 3.379 por tonelada, cae un 22% respecto a enero de 2022. <br><\/p>\n\n\n\n<p>Seg\u00fan informa Global Dairy Trade, la leche en polvo entera cerr\u00f3 en US$ 3.218 por tonelada, lo que represent\u00f3 una suba del 0,1% respecto a la venta previa del 3 de enero. Esta referencia se posiciona levemente por encima de los US$ 3.210 que se registraban en la segunda licitaci\u00f3n de diciembre de 2020. <br><\/p>\n\n\n\n<p>En el caso de la leche en polvo descremada, el valor promedio registrado se ubic\u00f3 en US$ 2.842 por tonelada, lo que signific\u00f3 una baja del 0,3% respecto a la venta previa. Al igual que en la entera, se debe retroceder a 2020 encontrar estas referencias de precios. En este caso se vuelve a la segunda licitaci\u00f3n de noviembre de ese a\u00f1o, donde la leche en polvo descremada se ubicaba en US$ 2.799 por tonelada. <br><\/p>\n\n\n\n<p>En el caso del Cheddar y la Manteca, tambi\u00e9n se registraron subas y bajas. El primero subi\u00f3 un 4% tras posicionarse en US$ 4.871 por tonelada, mientras que la segunda cay\u00f3 0,6% y se ubic\u00f3 en US$ 4.449 por tonelada. <\/p>\n\n\n\n<p>Salto, mi\u00e9rcoles 18 de enero de 2023<\/p>\n","protected":false},"excerpt":{"rendered":"<p>En la jornada de ayer se realiz\u00f3 la segunda licitaci\u00f3n del mes de enero de la plataforma electr\u00f3nica Global Dairy Trade, donde se observ\u00f3 una leve baja en el promedio [&hellip;]<\/p>\n","protected":false},"author":5,"featured_media":2845,"comment_status":"open","ping_status":"open","sticky":false,"template":"","format":"standard","meta":{"_price":"","_stock":"","_tribe_ticket_header":"","_tribe_default_ticket_provider":"","_tribe_ticket_capacity":"0","_ticket_start_date":"","_ticket_end_date":"","_tribe_ticket_show_description":"","_tribe_ticket_show_not_going":false,"_tribe_ticket_use_global_stock":"","_tribe_ticket_global_stock_level":"","_global_stock_mode":"","_global_stock_cap":"","_tribe_rsvp_for_event":"","_tribe_ticket_going_count":"","_tribe_ticket_not_going_count":"","_tribe_tickets_list":"[]","_tribe_ticket_has_attendee_info_fields":false,"h5ap_radio_sources":[],"_jetpack_newsletter_access":"","_jetpack_dont_email_post_to_subs":false,"_jetpack_newsletter_tier_id":0,"_jetpack_memberships_contains_paywalled_content":false,"_jetpack_memberships_contains_paid_content":false,"footnotes":""},"categories":[21,11],"tags":[],"class_list":["post-48219","post","type-post","status-publish","format-standard","has-post-thumbnail","hentry","category-actualidad","category-lecheria"],"jetpack_featured_media_url":"https:\/\/i0.wp.com\/lahoradelcampo.com.uy\/site\/wp-content\/uploads\/2017\/10\/Fonterra-1.jpg?fit=880%2C440&ssl=1","jetpack_sharing_enabled":true,"jetpack_shortlink":"https:\/\/wp.me\/p99IaT-cxJ","jetpack-related-posts":[{"id":47869,"url":"https:\/\/lahoradelcampo.com.uy\/site\/primera-licitacion-de-lacteos-del-2023-cerro-con-una-baja-del-28\/","url_meta":{"origin":48219,"position":0},"title":"Primera licitaci\u00f3n de l\u00e1cteos del 2023 cerr\u00f3 con una baja del 2,8%","author":"La Hora del Campo","date":"4 enero, 2023","format":false,"excerpt":"La plataforma electr\u00f3nica Global Dairy Trade (GDT) realiz\u00f3 este martes su primera licitaci\u00f3n de productos l\u00e1cteos del mes de enero, la n\u00famero 323, es decir la primer venta del a\u00f1o. El promedio de los productos l\u00e1cteos descendi\u00f3 un 2,8%, frente a una mayor oferta y una demanda m\u00e1s retra\u00edda. En\u2026","rel":"","context":"En \u00abActualidad\u00bb","block_context":{"text":"Actualidad","link":"https:\/\/lahoradelcampo.com.uy\/site\/category\/actualidad\/"},"img":{"alt_text":"","src":"https:\/\/i0.wp.com\/lahoradelcampo.com.uy\/site\/wp-content\/uploads\/2019\/07\/Fonterra-1.jpg?fit=880%2C440&ssl=1&resize=350%2C200","width":350,"height":200,"srcset":"https:\/\/i0.wp.com\/lahoradelcampo.com.uy\/site\/wp-content\/uploads\/2019\/07\/Fonterra-1.jpg?fit=880%2C440&ssl=1&resize=350%2C200 1x, https:\/\/i0.wp.com\/lahoradelcampo.com.uy\/site\/wp-content\/uploads\/2019\/07\/Fonterra-1.jpg?fit=880%2C440&ssl=1&resize=525%2C300 1.5x, https:\/\/i0.wp.com\/lahoradelcampo.com.uy\/site\/wp-content\/uploads\/2019\/07\/Fonterra-1.jpg?fit=880%2C440&ssl=1&resize=700%2C400 2x"},"classes":[]},{"id":55141,"url":"https:\/\/lahoradelcampo.com.uy\/site\/promedio-de-lacteos-supero-los-us-4-000-por-tonelada\/","url_meta":{"origin":48219,"position":1},"title":"Promedio de l\u00e1cteos super\u00f3 los US$ 4.000 por tonelada","author":"La Hora del Campo","date":"20 noviembre, 2024","format":false,"excerpt":"La licitaci\u00f3n 368 de la plataforma electr\u00f3nica Global Dairy Trade (GDT), la segunda del mes de noviembre cerr\u00f3 con nuevas subas en el promedio general de todos los l\u00e1cteos, as\u00ed como tambi\u00e9n para los principales productos de exportaci\u00f3n de Uruguay, salvo en los quesos. El promedio ponderado para todos los\u2026","rel":"","context":"En \u00abActualidad\u00bb","block_context":{"text":"Actualidad","link":"https:\/\/lahoradelcampo.com.uy\/site\/category\/actualidad\/"},"img":{"alt_text":"","src":"https:\/\/i0.wp.com\/lahoradelcampo.com.uy\/site\/wp-content\/uploads\/2024\/11\/GDT-368-Fonterra.jpg?fit=880%2C440&ssl=1&resize=350%2C200","width":350,"height":200,"srcset":"https:\/\/i0.wp.com\/lahoradelcampo.com.uy\/site\/wp-content\/uploads\/2024\/11\/GDT-368-Fonterra.jpg?fit=880%2C440&ssl=1&resize=350%2C200 1x, https:\/\/i0.wp.com\/lahoradelcampo.com.uy\/site\/wp-content\/uploads\/2024\/11\/GDT-368-Fonterra.jpg?fit=880%2C440&ssl=1&resize=525%2C300 1.5x, https:\/\/i0.wp.com\/lahoradelcampo.com.uy\/site\/wp-content\/uploads\/2024\/11\/GDT-368-Fonterra.jpg?fit=880%2C440&ssl=1&resize=700%2C400 2x"},"classes":[]},{"id":31874,"url":"https:\/\/lahoradelcampo.com.uy\/site\/nueva-baja-en-el-promedio-de-los-lacteos-en-fonterra\/","url_meta":{"origin":48219,"position":2},"title":"Nueva baja en el promedio de los l\u00e1cteos en Fonterra","author":"La Hora del Campo","date":"7 julio, 2021","format":false,"excerpt":"Luego de seis bajas consecutivas y a pesar de que las cinco anteriores fueron leves, se consolida una tendencia bajista en el mercado de los l\u00e1cteos a nivel internacional. Ayer, en su primera licitaci\u00f3n de julio, el promedio de los productos comercializados en la plataforma electr\u00f3nica GlobalDairyTrade, donde comercializa mayormente\u2026","rel":"","context":"En \u00abActualidad\u00bb","block_context":{"text":"Actualidad","link":"https:\/\/lahoradelcampo.com.uy\/site\/category\/actualidad\/"},"img":{"alt_text":"","src":"https:\/\/i0.wp.com\/lahoradelcampo.com.uy\/site\/wp-content\/uploads\/2019\/04\/Fonterra.jpg?fit=880%2C440&ssl=1&resize=350%2C200","width":350,"height":200,"srcset":"https:\/\/i0.wp.com\/lahoradelcampo.com.uy\/site\/wp-content\/uploads\/2019\/04\/Fonterra.jpg?fit=880%2C440&ssl=1&resize=350%2C200 1x, https:\/\/i0.wp.com\/lahoradelcampo.com.uy\/site\/wp-content\/uploads\/2019\/04\/Fonterra.jpg?fit=880%2C440&ssl=1&resize=525%2C300 1.5x, https:\/\/i0.wp.com\/lahoradelcampo.com.uy\/site\/wp-content\/uploads\/2019\/04\/Fonterra.jpg?fit=880%2C440&ssl=1&resize=700%2C400 2x"},"classes":[]},{"id":56488,"url":"https:\/\/lahoradelcampo.com.uy\/site\/sube-07-el-promedio-de-los-lacteos-en-la-primera-licitacion-de-agosto\/","url_meta":{"origin":48219,"position":3},"title":"Sube 0,7% el promedio de los l\u00e1cteos en la primera licitaci\u00f3n de agosto","author":"La Hora del Campo","date":"7 agosto, 2025","format":false,"excerpt":"La licitaci\u00f3n N.\u00ba 385 de la plataforma electr\u00f3nica Global Dairy Trade (GDT), correspondiente a la primera subasta del mes de agosto, mantuvo la tendencia alcista iniciada en la venta anterior. El promedio ponderado para todos los productos l\u00e1cteos alcanz\u00f3 los US$ 4.249 por tonelada, lo que represent\u00f3 una suba del\u2026","rel":"","context":"En \u00abActualidad\u00bb","block_context":{"text":"Actualidad","link":"https:\/\/lahoradelcampo.com.uy\/site\/category\/actualidad\/"},"img":{"alt_text":"","src":"https:\/\/i0.wp.com\/lahoradelcampo.com.uy\/site\/wp-content\/uploads\/2025\/08\/Fonterra-agosto1.jpg?fit=880%2C440&ssl=1&resize=350%2C200","width":350,"height":200,"srcset":"https:\/\/i0.wp.com\/lahoradelcampo.com.uy\/site\/wp-content\/uploads\/2025\/08\/Fonterra-agosto1.jpg?fit=880%2C440&ssl=1&resize=350%2C200 1x, https:\/\/i0.wp.com\/lahoradelcampo.com.uy\/site\/wp-content\/uploads\/2025\/08\/Fonterra-agosto1.jpg?fit=880%2C440&ssl=1&resize=525%2C300 1.5x, https:\/\/i0.wp.com\/lahoradelcampo.com.uy\/site\/wp-content\/uploads\/2025\/08\/Fonterra-agosto1.jpg?fit=880%2C440&ssl=1&resize=700%2C400 2x"},"classes":[]},{"id":55419,"url":"https:\/\/lahoradelcampo.com.uy\/site\/el-ano-inicia-con-baja-en-los-lacteos-a-nivel-internacional\/","url_meta":{"origin":48219,"position":4},"title":"El a\u00f1o inicia con baja en los l\u00e1cteos a nivel internacional","author":"La Hora del Campo","date":"8 enero, 2025","format":false,"excerpt":"La licitaci\u00f3n 371 de la plataforma electr\u00f3nica Global Dairy Trade (GDT), la primera del 2025 cerr\u00f3 con nuevos descensos en el promedio general de todos los l\u00e1cteos, as\u00ed como tambi\u00e9n para los principales productos de exportaci\u00f3n de Uruguay, salvo en los quesos. Recordemos que luego de varias licitaciones con subas\u2026","rel":"","context":"En \u00abActualidad\u00bb","block_context":{"text":"Actualidad","link":"https:\/\/lahoradelcampo.com.uy\/site\/category\/actualidad\/"},"img":{"alt_text":"","src":"https:\/\/i0.wp.com\/lahoradelcampo.com.uy\/site\/wp-content\/uploads\/2025\/01\/fonterra-1radenenero.jpg?fit=880%2C440&ssl=1&resize=350%2C200","width":350,"height":200,"srcset":"https:\/\/i0.wp.com\/lahoradelcampo.com.uy\/site\/wp-content\/uploads\/2025\/01\/fonterra-1radenenero.jpg?fit=880%2C440&ssl=1&resize=350%2C200 1x, https:\/\/i0.wp.com\/lahoradelcampo.com.uy\/site\/wp-content\/uploads\/2025\/01\/fonterra-1radenenero.jpg?fit=880%2C440&ssl=1&resize=525%2C300 1.5x, https:\/\/i0.wp.com\/lahoradelcampo.com.uy\/site\/wp-content\/uploads\/2025\/01\/fonterra-1radenenero.jpg?fit=880%2C440&ssl=1&resize=700%2C400 2x"},"classes":[]},{"id":54889,"url":"https:\/\/lahoradelcampo.com.uy\/site\/promedio-de-los-lacteos-cayo-03-en-globaldairytrade\/","url_meta":{"origin":48219,"position":5},"title":"Promedio de los l\u00e1cteos cay\u00f3 0,3% en GlobalDairyTrade","author":"La Hora del Campo","date":"16 octubre, 2024","format":false,"excerpt":"La licitaci\u00f3n 366 de la plataforma electr\u00f3nica Global Dairy Trade (GDT), la segunda del mes de octubre cerr\u00f3 con una baja de 0,3% respecto a la venta anterior. El resultado para los principales productos de exportaci\u00f3n de Uruguay, muestran bajas para la leche en polvo descremada, la manteca y el\u2026","rel":"","context":"En \u00abActualidad\u00bb","block_context":{"text":"Actualidad","link":"https:\/\/lahoradelcampo.com.uy\/site\/category\/actualidad\/"},"img":{"alt_text":"","src":"https:\/\/i0.wp.com\/lahoradelcampo.com.uy\/site\/wp-content\/uploads\/2024\/10\/LPE-fonterra15-10.jpg?fit=880%2C440&ssl=1&resize=350%2C200","width":350,"height":200,"srcset":"https:\/\/i0.wp.com\/lahoradelcampo.com.uy\/site\/wp-content\/uploads\/2024\/10\/LPE-fonterra15-10.jpg?fit=880%2C440&ssl=1&resize=350%2C200 1x, https:\/\/i0.wp.com\/lahoradelcampo.com.uy\/site\/wp-content\/uploads\/2024\/10\/LPE-fonterra15-10.jpg?fit=880%2C440&ssl=1&resize=525%2C300 1.5x, https:\/\/i0.wp.com\/lahoradelcampo.com.uy\/site\/wp-content\/uploads\/2024\/10\/LPE-fonterra15-10.jpg?fit=880%2C440&ssl=1&resize=700%2C400 2x"},"classes":[]}],"jetpack_likes_enabled":true,"_links":{"self":[{"href":"https:\/\/lahoradelcampo.com.uy\/site\/wp-json\/wp\/v2\/posts\/48219","targetHints":{"allow":["GET"]}}],"collection":[{"href":"https:\/\/lahoradelcampo.com.uy\/site\/wp-json\/wp\/v2\/posts"}],"about":[{"href":"https:\/\/lahoradelcampo.com.uy\/site\/wp-json\/wp\/v2\/types\/post"}],"author":[{"embeddable":true,"href":"https:\/\/lahoradelcampo.com.uy\/site\/wp-json\/wp\/v2\/users\/5"}],"replies":[{"embeddable":true,"href":"https:\/\/lahoradelcampo.com.uy\/site\/wp-json\/wp\/v2\/comments?post=48219"}],"version-history":[{"count":1,"href":"https:\/\/lahoradelcampo.com.uy\/site\/wp-json\/wp\/v2\/posts\/48219\/revisions"}],"predecessor-version":[{"id":48221,"href":"https:\/\/lahoradelcampo.com.uy\/site\/wp-json\/wp\/v2\/posts\/48219\/revisions\/48221"}],"wp:featuredmedia":[{"embeddable":true,"href":"https:\/\/lahoradelcampo.com.uy\/site\/wp-json\/wp\/v2\/media\/2845"}],"wp:attachment":[{"href":"https:\/\/lahoradelcampo.com.uy\/site\/wp-json\/wp\/v2\/media?parent=48219"}],"wp:term":[{"taxonomy":"category","embeddable":true,"href":"https:\/\/lahoradelcampo.com.uy\/site\/wp-json\/wp\/v2\/categories?post=48219"},{"taxonomy":"post_tag","embeddable":true,"href":"https:\/\/lahoradelcampo.com.uy\/site\/wp-json\/wp\/v2\/tags?post=48219"}],"curies":[{"name":"wp","href":"https:\/\/api.w.org\/{rel}","templated":true}]}}