{"id":48213,"date":"2023-01-18T09:33:38","date_gmt":"2023-01-18T12:33:38","guid":{"rendered":"http:\/\/lahoradelcampo.com.uy\/site\/?p=48213"},"modified":"2023-01-18T09:33:42","modified_gmt":"2023-01-18T12:33:42","slug":"mgap-extendio-la-emergencia-agropecuaria-por-90-dias","status":"publish","type":"post","link":"https:\/\/lahoradelcampo.com.uy\/site\/mgap-extendio-la-emergencia-agropecuaria-por-90-dias\/","title":{"rendered":"MGAP extendi\u00f3 la emergencia agropecuaria por 90 d\u00edas"},"content":{"rendered":"\n<figure class=\"wp-block-image\"><img data-recalc-dims=\"1\" loading=\"lazy\" decoding=\"async\" width=\"810\" height=\"405\" data-attachment-id=\"48215\" data-permalink=\"https:\/\/lahoradelcampo.com.uy\/site\/mgap-extendio-la-emergencia-agropecuaria-por-90-dias\/emergenciaagropecuaria\/\" data-orig-file=\"https:\/\/i0.wp.com\/lahoradelcampo.com.uy\/site\/wp-content\/uploads\/2023\/01\/Emergenciaagropecuaria.jpg?fit=880%2C440&amp;ssl=1\" data-orig-size=\"880,440\" data-comments-opened=\"1\" data-image-meta=\"{&quot;aperture&quot;:&quot;0&quot;,&quot;credit&quot;:&quot;&quot;,&quot;camera&quot;:&quot;&quot;,&quot;caption&quot;:&quot;&quot;,&quot;created_timestamp&quot;:&quot;0&quot;,&quot;copyright&quot;:&quot;&quot;,&quot;focal_length&quot;:&quot;0&quot;,&quot;iso&quot;:&quot;0&quot;,&quot;shutter_speed&quot;:&quot;0&quot;,&quot;title&quot;:&quot;&quot;,&quot;orientation&quot;:&quot;1&quot;}\" data-image-title=\"Emergenciaagropecuaria\" data-image-description=\"\" data-image-caption=\"\" data-large-file=\"https:\/\/i0.wp.com\/lahoradelcampo.com.uy\/site\/wp-content\/uploads\/2023\/01\/Emergenciaagropecuaria.jpg?fit=810%2C405&amp;ssl=1\" src=\"https:\/\/i0.wp.com\/lahoradelcampo.com.uy\/site\/wp-content\/uploads\/2023\/01\/Emergenciaagropecuaria.jpg?resize=810%2C405\" alt=\"\" class=\"wp-image-48215\" srcset=\"https:\/\/i0.wp.com\/lahoradelcampo.com.uy\/site\/wp-content\/uploads\/2023\/01\/Emergenciaagropecuaria.jpg?w=880&amp;ssl=1 880w, https:\/\/i0.wp.com\/lahoradelcampo.com.uy\/site\/wp-content\/uploads\/2023\/01\/Emergenciaagropecuaria.jpg?resize=300%2C150&amp;ssl=1 300w, https:\/\/i0.wp.com\/lahoradelcampo.com.uy\/site\/wp-content\/uploads\/2023\/01\/Emergenciaagropecuaria.jpg?resize=768%2C384&amp;ssl=1 768w, https:\/\/i0.wp.com\/lahoradelcampo.com.uy\/site\/wp-content\/uploads\/2023\/01\/Emergenciaagropecuaria.jpg?resize=820%2C410&amp;ssl=1 820w\" sizes=\"auto, (max-width: 810px) 100vw, 810px\" \/><\/figure>\n\n\n\n<p>Adem\u00e1s de la ganader\u00eda, lecher\u00eda, hortifruticultura y agricultura, la resoluci\u00f3n que declara una nueva Emergencia Agropecuaria, incluy\u00f3 a los rubros av\u00edcola, ap\u00edcola y forestal. <br><\/p>\n\n\n\n<p>Mattos inform\u00f3 en rueda de prensa luego de finalizada la reuni\u00f3n del Comit\u00e9 de Emergencia Agropecuaria, que hasta la fecha se han inscripto 1300 productores para hacer uso del beneficio del Fondo Agropecuario de Emergencia.<br><\/p>\n\n\n\n<p>En cuanto a la oferta frutihort\u00edcola, el mandatario dijo que no se tiene previsto importar fruta desde el exterior porque hay oferta nacional para cubrir el mercado. \u00abDebido a la falta de agua se ve afectado su tama\u00f1o pero no su sabor, por lo que a\u00fan tenemos fruta fresca de buena calidad. En cuanto al ganado si bien hay una remisi\u00f3n de faena, tambi\u00e9n hay buen abastecimiento\u00bb. <br><\/p>\n\n\n\n<p>Mattos record\u00f3 que este martes comienza una gira por el interior, inicialmente por cinco departamentos, para apoyar a los productores,  seguir de cerca la situaci\u00f3n y para evaluar posibles nuevas medidas u opciones, en caso de mantenerse las escasez de lluvias.<\/p>\n\n\n\n<p>Salto, mi\u00e9rcoles 18 de enero de 2023<\/p>\n","protected":false},"excerpt":{"rendered":"<p>Adem\u00e1s de la ganader\u00eda, lecher\u00eda, hortifruticultura y agricultura, la resoluci\u00f3n que declara una nueva Emergencia Agropecuaria, incluy\u00f3 a los rubros av\u00edcola, ap\u00edcola y forestal. Mattos inform\u00f3 en rueda de prensa [&hellip;]<\/p>\n","protected":false},"author":5,"featured_media":48215,"comment_status":"open","ping_status":"open","sticky":false,"template":"","format":"standard","meta":{"_price":"","_stock":"","_tribe_ticket_header":"","_tribe_default_ticket_provider":"","_tribe_ticket_capacity":"0","_ticket_start_date":"","_ticket_end_date":"","_tribe_ticket_show_description":"","_tribe_ticket_show_not_going":false,"_tribe_ticket_use_global_stock":"","_tribe_ticket_global_stock_level":"","_global_stock_mode":"","_global_stock_cap":"","_tribe_rsvp_for_event":"","_tribe_ticket_going_count":"","_tribe_ticket_not_going_count":"","_tribe_tickets_list":"[]","_tribe_ticket_has_attendee_info_fields":false,"h5ap_radio_sources":[],"_jetpack_newsletter_access":"","_jetpack_dont_email_post_to_subs":false,"_jetpack_newsletter_tier_id":0,"_jetpack_memberships_contains_paywalled_content":false,"_jetpack_memberships_contains_paid_content":false,"footnotes":""},"categories":[21,5],"tags":[],"class_list":["post-48213","post","type-post","status-publish","format-standard","has-post-thumbnail","hentry","category-actualidad","category-ganaderia"],"jetpack_featured_media_url":"https:\/\/i0.wp.com\/lahoradelcampo.com.uy\/site\/wp-content\/uploads\/2023\/01\/Emergenciaagropecuaria.jpg?fit=880%2C440&ssl=1","jetpack_sharing_enabled":true,"jetpack_shortlink":"https:\/\/wp.me\/p99IaT-cxD","jetpack-related-posts":[{"id":19572,"url":"https:\/\/lahoradelcampo.com.uy\/site\/mgap-analiza-extender-la-zona-de-emergencia-agropecuaria\/","url_meta":{"origin":48213,"position":0},"title":"MGAP analiza extender la zona de emergencia agropecuaria","author":"La Hora del Campo","date":"8 mayo, 2020","format":false,"excerpt":"El Ministro Carlos Mar\u00eda Uriarte dijo que se analiza una nueva extensi\u00f3n de la emergencia agropecuaria en zonas que se han agravado y est\u00e1n siendo monitoreadas continuamente. En este sentido Carlos Rydstrom, Director de la Unidad de Descentralizaci\u00f3n, reconoci\u00f3 que la zona este del departamento de Salto se encuentra con\u2026","rel":"","context":"En \u00abActualidad\u00bb","block_context":{"text":"Actualidad","link":"https:\/\/lahoradelcampo.com.uy\/site\/category\/actualidad\/"},"img":{"alt_text":"","src":"https:\/\/i0.wp.com\/lahoradelcampo.com.uy\/site\/wp-content\/uploads\/2017\/10\/Mgap.jpg?fit=880%2C440&ssl=1&resize=350%2C200","width":350,"height":200,"srcset":"https:\/\/i0.wp.com\/lahoradelcampo.com.uy\/site\/wp-content\/uploads\/2017\/10\/Mgap.jpg?fit=880%2C440&ssl=1&resize=350%2C200 1x, https:\/\/i0.wp.com\/lahoradelcampo.com.uy\/site\/wp-content\/uploads\/2017\/10\/Mgap.jpg?fit=880%2C440&ssl=1&resize=525%2C300 1.5x, https:\/\/i0.wp.com\/lahoradelcampo.com.uy\/site\/wp-content\/uploads\/2017\/10\/Mgap.jpg?fit=880%2C440&ssl=1&resize=700%2C400 2x"},"classes":[]},{"id":44219,"url":"https:\/\/lahoradelcampo.com.uy\/site\/mgap-publico-la-declaracion-de-emergencia-agropecuaria\/","url_meta":{"origin":48213,"position":1},"title":"MGAP public\u00f3 la Declaraci\u00f3n de Emergencia Agropecuaria","author":"La Hora del Campo","date":"27 julio, 2022","format":false,"excerpt":"Tal cual como se adelant\u00f3 por parte del Ministro de Ganader\u00eda, Agricultura y Pesca (MGAP), Ing. Agr. Fernando Mattos, en su reciente recorrida por la zona afectada por la turbanada registrada en las zonas hort\u00edcolas cercanas a la capital sanducera y posteriormente reuni\u00e9ndose con productores afectados por una granizada en\u2026","rel":"","context":"En \u00abActualidad\u00bb","block_context":{"text":"Actualidad","link":"https:\/\/lahoradelcampo.com.uy\/site\/category\/actualidad\/"},"img":{"alt_text":"","src":"https:\/\/i0.wp.com\/lahoradelcampo.com.uy\/site\/wp-content\/uploads\/2022\/07\/mgap-paysandu.jpg?fit=880%2C440&ssl=1&resize=350%2C200","width":350,"height":200,"srcset":"https:\/\/i0.wp.com\/lahoradelcampo.com.uy\/site\/wp-content\/uploads\/2022\/07\/mgap-paysandu.jpg?fit=880%2C440&ssl=1&resize=350%2C200 1x, https:\/\/i0.wp.com\/lahoradelcampo.com.uy\/site\/wp-content\/uploads\/2022\/07\/mgap-paysandu.jpg?fit=880%2C440&ssl=1&resize=525%2C300 1.5x, https:\/\/i0.wp.com\/lahoradelcampo.com.uy\/site\/wp-content\/uploads\/2022\/07\/mgap-paysandu.jpg?fit=880%2C440&ssl=1&resize=700%2C400 2x"},"classes":[]},{"id":20210,"url":"https:\/\/lahoradelcampo.com.uy\/site\/se-declaro-zona-de-emergencia-agropecuaria-en-la-seccional-11a-de-salto\/","url_meta":{"origin":48213,"position":2},"title":"Se declar\u00f3 zona de Emergencia Agropecuaria en la Seccional 11\u00aa de Salto","author":"La Hora del Campo","date":"27 mayo, 2020","format":false,"excerpt":"El Ministro de Ganader\u00eda, Agricultura y Pesca, Ing. Carlos Mar\u00eda Uriarte, dijo en la conferencia de prensa realizada en Salto la pasada semana, que en la reuni\u00f3n de Comit\u00e9 Nacional de Emergencia se analizar\u00eda la situaci\u00f3n de las seccionales que presentan mayores impactos del d\u00e9ficit h\u00eddrico de finales del verano\u2026","rel":"","context":"En \u00abActualidad\u00bb","block_context":{"text":"Actualidad","link":"https:\/\/lahoradelcampo.com.uy\/site\/category\/actualidad\/"},"img":{"alt_text":"","src":"https:\/\/i0.wp.com\/lahoradelcampo.com.uy\/site\/wp-content\/uploads\/2020\/05\/Sequias.jpg?fit=880%2C440&ssl=1&resize=350%2C200","width":350,"height":200,"srcset":"https:\/\/i0.wp.com\/lahoradelcampo.com.uy\/site\/wp-content\/uploads\/2020\/05\/Sequias.jpg?fit=880%2C440&ssl=1&resize=350%2C200 1x, https:\/\/i0.wp.com\/lahoradelcampo.com.uy\/site\/wp-content\/uploads\/2020\/05\/Sequias.jpg?fit=880%2C440&ssl=1&resize=525%2C300 1.5x, https:\/\/i0.wp.com\/lahoradelcampo.com.uy\/site\/wp-content\/uploads\/2020\/05\/Sequias.jpg?fit=880%2C440&ssl=1&resize=700%2C400 2x"},"classes":[]},{"id":38913,"url":"https:\/\/lahoradelcampo.com.uy\/site\/se-incluyo-a-los-horticultores-en-la-emergencia-agropecuaria\/","url_meta":{"origin":48213,"position":3},"title":"Se incluyo  a los horticultores en la Emergencia Agropecuaria","author":"La Hora del Campo","date":"7 febrero, 2022","format":false,"excerpt":"Tal como se informara por La Hora del Campo, el pasado viernes, luego que el jueves 3 se reuniera la Comisi\u00f3n de Emergencia se identificaron 15 nuevas seccionales policiales afectadas por d\u00e9ficit h\u00eddrico, de 5 departamentos que abarcan 1.946.573 ha. El mencionado territorio comprende las siguientes zonas de: \u2022 Artigas:\u2026","rel":"","context":"En \u00abActualidad\u00bb","block_context":{"text":"Actualidad","link":"https:\/\/lahoradelcampo.com.uy\/site\/category\/actualidad\/"},"img":{"alt_text":"","src":"https:\/\/i0.wp.com\/lahoradelcampo.com.uy\/site\/wp-content\/uploads\/2021\/02\/IDSInvernaculos.jpg?fit=880%2C440&ssl=1&resize=350%2C200","width":350,"height":200,"srcset":"https:\/\/i0.wp.com\/lahoradelcampo.com.uy\/site\/wp-content\/uploads\/2021\/02\/IDSInvernaculos.jpg?fit=880%2C440&ssl=1&resize=350%2C200 1x, https:\/\/i0.wp.com\/lahoradelcampo.com.uy\/site\/wp-content\/uploads\/2021\/02\/IDSInvernaculos.jpg?fit=880%2C440&ssl=1&resize=525%2C300 1.5x, https:\/\/i0.wp.com\/lahoradelcampo.com.uy\/site\/wp-content\/uploads\/2021\/02\/IDSInvernaculos.jpg?fit=880%2C440&ssl=1&resize=700%2C400 2x"},"classes":[]},{"id":37935,"url":"https:\/\/lahoradelcampo.com.uy\/site\/ganaderia-declara-este-jueves-la-emergencia-agropecuaria\/","url_meta":{"origin":48213,"position":4},"title":"Ganader\u00eda declara este jueves la emergencia agropecuaria","author":"La Hora del Campo","date":"29 diciembre, 2021","format":false,"excerpt":"\"Es un hecho que se declarar\u00e1 ma\u00f1ana la emergencia agropecuaria\", anunci\u00f3 el ministro de Ganader\u00eda, Agricultura y Pesca, Fernando Mattos, tras el Consejo de Ministros del mi\u00e9rcoles 29. A\u00fan no se encuentran definidas las seccionales que comprender\u00e1 el decreto, pero se incluir\u00eda a unos cinco departamentos afectados. Se prev\u00e9n transferencias\u2026","rel":"","context":"En \u00abActualidad\u00bb","block_context":{"text":"Actualidad","link":"https:\/\/lahoradelcampo.com.uy\/site\/category\/actualidad\/"},"img":{"alt_text":"","src":"https:\/\/i0.wp.com\/lahoradelcampo.com.uy\/site\/wp-content\/uploads\/2021\/12\/MGAP-Emergencia.jpg?fit=880%2C440&ssl=1&resize=350%2C200","width":350,"height":200,"srcset":"https:\/\/i0.wp.com\/lahoradelcampo.com.uy\/site\/wp-content\/uploads\/2021\/12\/MGAP-Emergencia.jpg?fit=880%2C440&ssl=1&resize=350%2C200 1x, https:\/\/i0.wp.com\/lahoradelcampo.com.uy\/site\/wp-content\/uploads\/2021\/12\/MGAP-Emergencia.jpg?fit=880%2C440&ssl=1&resize=525%2C300 1.5x, https:\/\/i0.wp.com\/lahoradelcampo.com.uy\/site\/wp-content\/uploads\/2021\/12\/MGAP-Emergencia.jpg?fit=880%2C440&ssl=1&resize=700%2C400 2x"},"classes":[]},{"id":48039,"url":"https:\/\/lahoradelcampo.com.uy\/site\/mgap-analiza-la-extension-de-la-emergencia-agropecuaria\/","url_meta":{"origin":48213,"position":5},"title":"MGAP analiza la extensi\u00f3n de la emergencia agropecuaria","author":"La Hora del Campo","date":"11 enero, 2023","format":false,"excerpt":"El Ministro Fernando Mattos, dijo que el pr\u00f3ximo lunes se reunir\u00e1 con el Comit\u00e9 Asesor de Emergencia para analizar la extensi\u00f3n de la medida presente desde octubre del 2022. Explic\u00f3 que, seguramente, se reiterar\u00e1 la aplicaci\u00f3n de la emergencia agropecuaria en base a los actuales informes de d\u00e9ficit h\u00eddrico. Respecto\u2026","rel":"","context":"En \u00abActualidad\u00bb","block_context":{"text":"Actualidad","link":"https:\/\/lahoradelcampo.com.uy\/site\/category\/actualidad\/"},"img":{"alt_text":"","src":"https:\/\/i0.wp.com\/lahoradelcampo.com.uy\/site\/wp-content\/uploads\/2020\/03\/Fernando-Mattos.jpg?fit=880%2C440&ssl=1&resize=350%2C200","width":350,"height":200,"srcset":"https:\/\/i0.wp.com\/lahoradelcampo.com.uy\/site\/wp-content\/uploads\/2020\/03\/Fernando-Mattos.jpg?fit=880%2C440&ssl=1&resize=350%2C200 1x, https:\/\/i0.wp.com\/lahoradelcampo.com.uy\/site\/wp-content\/uploads\/2020\/03\/Fernando-Mattos.jpg?fit=880%2C440&ssl=1&resize=525%2C300 1.5x, https:\/\/i0.wp.com\/lahoradelcampo.com.uy\/site\/wp-content\/uploads\/2020\/03\/Fernando-Mattos.jpg?fit=880%2C440&ssl=1&resize=700%2C400 2x"},"classes":[]}],"jetpack_likes_enabled":true,"_links":{"self":[{"href":"https:\/\/lahoradelcampo.com.uy\/site\/wp-json\/wp\/v2\/posts\/48213","targetHints":{"allow":["GET"]}}],"collection":[{"href":"https:\/\/lahoradelcampo.com.uy\/site\/wp-json\/wp\/v2\/posts"}],"about":[{"href":"https:\/\/lahoradelcampo.com.uy\/site\/wp-json\/wp\/v2\/types\/post"}],"author":[{"embeddable":true,"href":"https:\/\/lahoradelcampo.com.uy\/site\/wp-json\/wp\/v2\/users\/5"}],"replies":[{"embeddable":true,"href":"https:\/\/lahoradelcampo.com.uy\/site\/wp-json\/wp\/v2\/comments?post=48213"}],"version-history":[{"count":1,"href":"https:\/\/lahoradelcampo.com.uy\/site\/wp-json\/wp\/v2\/posts\/48213\/revisions"}],"predecessor-version":[{"id":48217,"href":"https:\/\/lahoradelcampo.com.uy\/site\/wp-json\/wp\/v2\/posts\/48213\/revisions\/48217"}],"wp:featuredmedia":[{"embeddable":true,"href":"https:\/\/lahoradelcampo.com.uy\/site\/wp-json\/wp\/v2\/media\/48215"}],"wp:attachment":[{"href":"https:\/\/lahoradelcampo.com.uy\/site\/wp-json\/wp\/v2\/media?parent=48213"}],"wp:term":[{"taxonomy":"category","embeddable":true,"href":"https:\/\/lahoradelcampo.com.uy\/site\/wp-json\/wp\/v2\/categories?post=48213"},{"taxonomy":"post_tag","embeddable":true,"href":"https:\/\/lahoradelcampo.com.uy\/site\/wp-json\/wp\/v2\/tags?post=48213"}],"curies":[{"name":"wp","href":"https:\/\/api.w.org\/{rel}","templated":true}]}}