{"id":48149,"date":"2023-01-19T05:10:30","date_gmt":"2023-01-19T08:10:30","guid":{"rendered":"http:\/\/lahoradelcampo.com.uy\/site\/?p=48149"},"modified":"2023-01-17T11:56:59","modified_gmt":"2023-01-17T14:56:59","slug":"chile-sera-la-sede-del-blueberry-south-convention","status":"publish","type":"post","link":"https:\/\/lahoradelcampo.com.uy\/site\/chile-sera-la-sede-del-blueberry-south-convention\/","title":{"rendered":"Chile ser\u00e1  la sede del Blueberry South Convention"},"content":{"rendered":"\n<figure class=\"wp-block-image\"><img data-recalc-dims=\"1\" loading=\"lazy\" decoding=\"async\" width=\"810\" height=\"405\" data-attachment-id=\"15708\" data-permalink=\"https:\/\/lahoradelcampo.com.uy\/site\/primer-embarque-de-arandanos-de-gamorel-llego-a-china\/arandanos\/\" data-orig-file=\"https:\/\/i0.wp.com\/lahoradelcampo.com.uy\/site\/wp-content\/uploads\/2019\/11\/arandanos.jpg?fit=880%2C440&amp;ssl=1\" data-orig-size=\"880,440\" data-comments-opened=\"1\" data-image-meta=\"{&quot;aperture&quot;:&quot;0&quot;,&quot;credit&quot;:&quot;&quot;,&quot;camera&quot;:&quot;&quot;,&quot;caption&quot;:&quot;&quot;,&quot;created_timestamp&quot;:&quot;0&quot;,&quot;copyright&quot;:&quot;&quot;,&quot;focal_length&quot;:&quot;0&quot;,&quot;iso&quot;:&quot;0&quot;,&quot;shutter_speed&quot;:&quot;0&quot;,&quot;title&quot;:&quot;&quot;,&quot;orientation&quot;:&quot;1&quot;}\" data-image-title=\"arandanos\" data-image-description=\"\" data-image-caption=\"\" data-large-file=\"https:\/\/i0.wp.com\/lahoradelcampo.com.uy\/site\/wp-content\/uploads\/2019\/11\/arandanos.jpg?fit=810%2C405&amp;ssl=1\" src=\"https:\/\/i0.wp.com\/lahoradelcampo.com.uy\/site\/wp-content\/uploads\/2019\/11\/arandanos.jpg?resize=810%2C405\" alt=\"\" class=\"wp-image-15708\" srcset=\"https:\/\/i0.wp.com\/lahoradelcampo.com.uy\/site\/wp-content\/uploads\/2019\/11\/arandanos.jpg?w=880&amp;ssl=1 880w, https:\/\/i0.wp.com\/lahoradelcampo.com.uy\/site\/wp-content\/uploads\/2019\/11\/arandanos.jpg?resize=300%2C150&amp;ssl=1 300w, https:\/\/i0.wp.com\/lahoradelcampo.com.uy\/site\/wp-content\/uploads\/2019\/11\/arandanos.jpg?resize=768%2C384&amp;ssl=1 768w, https:\/\/i0.wp.com\/lahoradelcampo.com.uy\/site\/wp-content\/uploads\/2019\/11\/arandanos.jpg?resize=820%2C410&amp;ssl=1 820w\" sizes=\"auto, (max-width: 810px) 100vw, 810px\" \/><\/figure>\n\n\n\n<p>\u00bfC\u00f3mo impulsar efectivamente los desaf\u00edos y detectar a tiempo las oportunidades que presenta la producci\u00f3n de ar\u00e1ndanos en la regi\u00f3n? ser\u00e1 la gran interrogante que congregar\u00e1 a las empresas, productores y t\u00e9cnicos de la producci\u00f3n de ar\u00e1ndanos de Am\u00e9rica del Sur en Chile, este a\u00f1o. <br><\/p>\n\n\n\n<p>La II versi\u00f3n del South American Blueberry Convention se llevar\u00e1 a cabo el pr\u00f3ximo 18 de abril de 2023 en el Centro de Conferencias del Hotel Sun Monticello, en San Francisco de Mostazal, Chile.<br><\/p>\n\n\n\n<p>La instancia, congregar\u00e1 a expertos mundiales y a miembros de la industria global del ar\u00e1ndano con enfoque en Argentina, Chile, Per\u00fa, Uruguay y ahora tambi\u00e9n M\u00e9xico. <br><\/p>\n\n\n\n<p>La misma es organizada en forma conjunta entre Yenzten Group y el Comit\u00e9 de Ar\u00e1ndanos de Chile, constituyendo as\u00ed, un evento \u00fanico para reunir informaci\u00f3n sobre el mercado, profundizar en los nuevos aspectos de la producci\u00f3n y exportaci\u00f3n y, por supuesto, compartir experiencias clave de este fruto azul, cuyo origen proviene en un 60% del cono sur y ha crecido de manera exponencial en la \u00faltima d\u00e9cada.<\/p>\n\n\n\n<p>Salto, jueves 19 de enero de 2023<\/p>\n","protected":false},"excerpt":{"rendered":"<p>\u00bfC\u00f3mo impulsar efectivamente los desaf\u00edos y detectar a tiempo las oportunidades que presenta la producci\u00f3n de ar\u00e1ndanos en la regi\u00f3n? ser\u00e1 la gran interrogante que congregar\u00e1 a las empresas, productores [&hellip;]<\/p>\n","protected":false},"author":5,"featured_media":15708,"comment_status":"open","ping_status":"open","sticky":false,"template":"","format":"standard","meta":{"_price":"","_stock":"","_tribe_ticket_header":"","_tribe_default_ticket_provider":"","_tribe_ticket_capacity":"0","_ticket_start_date":"","_ticket_end_date":"","_tribe_ticket_show_description":"","_tribe_ticket_show_not_going":false,"_tribe_ticket_use_global_stock":"","_tribe_ticket_global_stock_level":"","_global_stock_mode":"","_global_stock_cap":"","_tribe_rsvp_for_event":"","_tribe_ticket_going_count":"","_tribe_ticket_not_going_count":"","_tribe_tickets_list":"[]","_tribe_ticket_has_attendee_info_fields":false,"h5ap_radio_sources":[],"_jetpack_newsletter_access":"","_jetpack_dont_email_post_to_subs":false,"_jetpack_newsletter_tier_id":0,"_jetpack_memberships_contains_paywalled_content":false,"_jetpack_memberships_contains_paid_content":false,"footnotes":""},"categories":[21,9],"tags":[],"class_list":["post-48149","post","type-post","status-publish","format-standard","has-post-thumbnail","hentry","category-actualidad","category-granja"],"jetpack_featured_media_url":"https:\/\/i0.wp.com\/lahoradelcampo.com.uy\/site\/wp-content\/uploads\/2019\/11\/arandanos.jpg?fit=880%2C440&ssl=1","jetpack_sharing_enabled":true,"jetpack_shortlink":"https:\/\/wp.me\/p99IaT-cwB","jetpack-related-posts":[{"id":37251,"url":"https:\/\/lahoradelcampo.com.uy\/site\/chile-sera-el-punto-de-encuentro-del-arandano-en-2022\/","url_meta":{"origin":48149,"position":0},"title":"Chile ser\u00e1 el punto de encuentro del ar\u00e1ndano en 2022","author":"La Hora del Campo","date":"7 diciembre, 2021","format":false,"excerpt":"Chile ser\u00e1 el centro de atenci\u00f3n de la producci\u00f3n sudamericana del ar\u00e1ndano en 2022, debido a que se realizar\u00e1 el 21 de abril, en en el Centro de Conferencias Sun Monticello, al sur de Santiago, el primer evento centrado en la industria del ar\u00e1ndano. El South American Blueberry Convention reunir\u00e1\u2026","rel":"","context":"En \u00abActualidad\u00bb","block_context":{"text":"Actualidad","link":"https:\/\/lahoradelcampo.com.uy\/site\/category\/actualidad\/"},"img":{"alt_text":"","src":"https:\/\/i0.wp.com\/lahoradelcampo.com.uy\/site\/wp-content\/uploads\/2021\/03\/ar%C3%A1ndanos.jpg?fit=880%2C440&ssl=1&resize=350%2C200","width":350,"height":200,"srcset":"https:\/\/i0.wp.com\/lahoradelcampo.com.uy\/site\/wp-content\/uploads\/2021\/03\/ar%C3%A1ndanos.jpg?fit=880%2C440&ssl=1&resize=350%2C200 1x, https:\/\/i0.wp.com\/lahoradelcampo.com.uy\/site\/wp-content\/uploads\/2021\/03\/ar%C3%A1ndanos.jpg?fit=880%2C440&ssl=1&resize=525%2C300 1.5x, https:\/\/i0.wp.com\/lahoradelcampo.com.uy\/site\/wp-content\/uploads\/2021\/03\/ar%C3%A1ndanos.jpg?fit=880%2C440&ssl=1&resize=700%2C400 2x"},"classes":[]},{"id":45037,"url":"https:\/\/lahoradelcampo.com.uy\/site\/esperan-una-produccion-record-de-arandanos-en-ee-uu\/","url_meta":{"origin":48149,"position":1},"title":"Esperan una producci\u00f3n r\u00e9cord de ar\u00e1ndanos en EE.UU.","author":"La Hora del Campo","date":"29 agosto, 2022","format":false,"excerpt":"El estado de Washington en Estados Unidos, es el mayor productor de ar\u00e1ndanos del pa\u00eds, el 40% para consumo de fruta fresca y 60% como congelado, para su consumo durante todo el a\u00f1o. Para la presente zafra, la Comisi\u00f3n de Ar\u00e1ndanos de Washington prev\u00e9 la mayor cosecha que jam\u00e1s haya\u2026","rel":"","context":"En \u00abActualidad\u00bb","block_context":{"text":"Actualidad","link":"https:\/\/lahoradelcampo.com.uy\/site\/category\/actualidad\/"},"img":{"alt_text":"","src":"https:\/\/i0.wp.com\/lahoradelcampo.com.uy\/site\/wp-content\/uploads\/2021\/03\/ar%C3%A1ndanos.jpg?fit=880%2C440&ssl=1&resize=350%2C200","width":350,"height":200,"srcset":"https:\/\/i0.wp.com\/lahoradelcampo.com.uy\/site\/wp-content\/uploads\/2021\/03\/ar%C3%A1ndanos.jpg?fit=880%2C440&ssl=1&resize=350%2C200 1x, https:\/\/i0.wp.com\/lahoradelcampo.com.uy\/site\/wp-content\/uploads\/2021\/03\/ar%C3%A1ndanos.jpg?fit=880%2C440&ssl=1&resize=525%2C300 1.5x, https:\/\/i0.wp.com\/lahoradelcampo.com.uy\/site\/wp-content\/uploads\/2021\/03\/ar%C3%A1ndanos.jpg?fit=880%2C440&ssl=1&resize=700%2C400 2x"},"classes":[]},{"id":15706,"url":"https:\/\/lahoradelcampo.com.uy\/site\/primer-embarque-de-arandanos-de-gamorel-llego-a-china\/","url_meta":{"origin":48149,"position":2},"title":"Primer embarque de ar\u00e1ndanos de Gamorel  lleg\u00f3 a China","author":"La Hora del Campo","date":"8 noviembre, 2019","format":false,"excerpt":"Lleg\u00f3 a China el primer embarque de 675 kilogramos de ar\u00e1ndanos uruguayos, que reafirma el objetivo estrat\u00e9gico de la inserci\u00f3n internacional como pa\u00eds productor de alimentos de calidad con inocuidad, dijo el director de Servicios Agr\u00edcolas, Federico Montes, quien agreg\u00f3 que, a pedido del sector privado, se realiz\u00f3 un acuerdo\u2026","rel":"","context":"En \u00abActualidad\u00bb","block_context":{"text":"Actualidad","link":"https:\/\/lahoradelcampo.com.uy\/site\/category\/actualidad\/"},"img":{"alt_text":"","src":"https:\/\/i0.wp.com\/lahoradelcampo.com.uy\/site\/wp-content\/uploads\/2019\/11\/arandanos.jpg?fit=880%2C440&ssl=1&resize=350%2C200","width":350,"height":200,"srcset":"https:\/\/i0.wp.com\/lahoradelcampo.com.uy\/site\/wp-content\/uploads\/2019\/11\/arandanos.jpg?fit=880%2C440&ssl=1&resize=350%2C200 1x, https:\/\/i0.wp.com\/lahoradelcampo.com.uy\/site\/wp-content\/uploads\/2019\/11\/arandanos.jpg?fit=880%2C440&ssl=1&resize=525%2C300 1.5x, https:\/\/i0.wp.com\/lahoradelcampo.com.uy\/site\/wp-content\/uploads\/2019\/11\/arandanos.jpg?fit=880%2C440&ssl=1&resize=700%2C400 2x"},"classes":[]},{"id":43711,"url":"https:\/\/lahoradelcampo.com.uy\/site\/se-abrio-un-nuevo-mercado-para-el-arandano-uruguayo\/","url_meta":{"origin":48149,"position":3},"title":"Se abri\u00f3 un nuevo mercado para el ar\u00e1ndano uruguayo","author":"La Hora del Campo","date":"11 julio, 2022","format":false,"excerpt":"La producci\u00f3n de ar\u00e1ndanos ha encontrado un nuevo canal de comercializaci\u00f3n en la pasada semana, con la apertura de Israel, como un destino de alto poder adquisitivo y al mismo tiempo muy exigente. De acuerdo al Ministerio de Relaciones Exteriores, dicho mercado ha quedado habilitado para la comercializaci\u00f3n de ar\u00e1ndanos\u2026","rel":"","context":"En \u00abActualidad\u00bb","block_context":{"text":"Actualidad","link":"https:\/\/lahoradelcampo.com.uy\/site\/category\/actualidad\/"},"img":{"alt_text":"","src":"https:\/\/i0.wp.com\/lahoradelcampo.com.uy\/site\/wp-content\/uploads\/2022\/07\/Arandanos-gamorel.jpg?fit=880%2C440&ssl=1&resize=350%2C200","width":350,"height":200,"srcset":"https:\/\/i0.wp.com\/lahoradelcampo.com.uy\/site\/wp-content\/uploads\/2022\/07\/Arandanos-gamorel.jpg?fit=880%2C440&ssl=1&resize=350%2C200 1x, https:\/\/i0.wp.com\/lahoradelcampo.com.uy\/site\/wp-content\/uploads\/2022\/07\/Arandanos-gamorel.jpg?fit=880%2C440&ssl=1&resize=525%2C300 1.5x, https:\/\/i0.wp.com\/lahoradelcampo.com.uy\/site\/wp-content\/uploads\/2022\/07\/Arandanos-gamorel.jpg?fit=880%2C440&ssl=1&resize=700%2C400 2x"},"classes":[]},{"id":2693,"url":"https:\/\/lahoradelcampo.com.uy\/site\/productores-familiares-de-cerro-largo-exportan-mani-a-chile\/","url_meta":{"origin":48149,"position":4},"title":"Productores familiares de Cerro Largo exportan man\u00ed a Chile","author":"La Hora del Campo","date":"15 octubre, 2017","format":false,"excerpt":"Como resultado del planteo de productores de man\u00ed de Noblia y Sarand\u00ed de Barcelo en el Consejo de Ministros de Julio 2017, ante dificultades de comercializaci\u00f3n, se logr\u00f3 generar un proceso de articulaci\u00f3n institucional que concluy\u00f3 en la primera exportaci\u00f3n de 20 toneladas de man\u00ed uruguayo de productores familiares de\u2026","rel":"","context":"En \u00abGranja\u00bb","block_context":{"text":"Granja","link":"https:\/\/lahoradelcampo.com.uy\/site\/category\/granja\/"},"img":{"alt_text":"","src":"https:\/\/i0.wp.com\/lahoradelcampo.com.uy\/site\/wp-content\/uploads\/2017\/10\/Venta-de-Mani.jpg?fit=880%2C440&ssl=1&resize=350%2C200","width":350,"height":200,"srcset":"https:\/\/i0.wp.com\/lahoradelcampo.com.uy\/site\/wp-content\/uploads\/2017\/10\/Venta-de-Mani.jpg?fit=880%2C440&ssl=1&resize=350%2C200 1x, https:\/\/i0.wp.com\/lahoradelcampo.com.uy\/site\/wp-content\/uploads\/2017\/10\/Venta-de-Mani.jpg?fit=880%2C440&ssl=1&resize=525%2C300 1.5x, https:\/\/i0.wp.com\/lahoradelcampo.com.uy\/site\/wp-content\/uploads\/2017\/10\/Venta-de-Mani.jpg?fit=880%2C440&ssl=1&resize=700%2C400 2x"},"classes":[]},{"id":54226,"url":"https:\/\/lahoradelcampo.com.uy\/site\/peru-exportaciones-de-arandano-cayeron-en-el-segundo-trimestre-de-2024\/","url_meta":{"origin":48149,"position":5},"title":"Per\u00fa: Exportaciones de ar\u00e1ndano cayeron en el segundo trimestre de 2024","author":"La Hora del Campo","date":"15 agosto, 2024","format":false,"excerpt":"Las exportaciones de ar\u00e1ndano peruano registraron un descenso durante el segundo trimestre de 2024, con 5.329 toneladas exportadas por un valor de US$ 29.7 millones. Esto representa una disminuci\u00f3n del 42% en volumen y del 25% en valor en comparaci\u00f3n con el mismo per\u00edodo del a\u00f1o anterior. A pesar de\u2026","rel":"","context":"En \u00abActualidad\u00bb","block_context":{"text":"Actualidad","link":"https:\/\/lahoradelcampo.com.uy\/site\/category\/actualidad\/"},"img":{"alt_text":"","src":"https:\/\/i0.wp.com\/lahoradelcampo.com.uy\/site\/wp-content\/uploads\/2019\/11\/arandanos.jpg?fit=880%2C440&ssl=1&resize=350%2C200","width":350,"height":200,"srcset":"https:\/\/i0.wp.com\/lahoradelcampo.com.uy\/site\/wp-content\/uploads\/2019\/11\/arandanos.jpg?fit=880%2C440&ssl=1&resize=350%2C200 1x, https:\/\/i0.wp.com\/lahoradelcampo.com.uy\/site\/wp-content\/uploads\/2019\/11\/arandanos.jpg?fit=880%2C440&ssl=1&resize=525%2C300 1.5x, https:\/\/i0.wp.com\/lahoradelcampo.com.uy\/site\/wp-content\/uploads\/2019\/11\/arandanos.jpg?fit=880%2C440&ssl=1&resize=700%2C400 2x"},"classes":[]}],"jetpack_likes_enabled":true,"_links":{"self":[{"href":"https:\/\/lahoradelcampo.com.uy\/site\/wp-json\/wp\/v2\/posts\/48149","targetHints":{"allow":["GET"]}}],"collection":[{"href":"https:\/\/lahoradelcampo.com.uy\/site\/wp-json\/wp\/v2\/posts"}],"about":[{"href":"https:\/\/lahoradelcampo.com.uy\/site\/wp-json\/wp\/v2\/types\/post"}],"author":[{"embeddable":true,"href":"https:\/\/lahoradelcampo.com.uy\/site\/wp-json\/wp\/v2\/users\/5"}],"replies":[{"embeddable":true,"href":"https:\/\/lahoradelcampo.com.uy\/site\/wp-json\/wp\/v2\/comments?post=48149"}],"version-history":[{"count":2,"href":"https:\/\/lahoradelcampo.com.uy\/site\/wp-json\/wp\/v2\/posts\/48149\/revisions"}],"predecessor-version":[{"id":48163,"href":"https:\/\/lahoradelcampo.com.uy\/site\/wp-json\/wp\/v2\/posts\/48149\/revisions\/48163"}],"wp:featuredmedia":[{"embeddable":true,"href":"https:\/\/lahoradelcampo.com.uy\/site\/wp-json\/wp\/v2\/media\/15708"}],"wp:attachment":[{"href":"https:\/\/lahoradelcampo.com.uy\/site\/wp-json\/wp\/v2\/media?parent=48149"}],"wp:term":[{"taxonomy":"category","embeddable":true,"href":"https:\/\/lahoradelcampo.com.uy\/site\/wp-json\/wp\/v2\/categories?post=48149"},{"taxonomy":"post_tag","embeddable":true,"href":"https:\/\/lahoradelcampo.com.uy\/site\/wp-json\/wp\/v2\/tags?post=48149"}],"curies":[{"name":"wp","href":"https:\/\/api.w.org\/{rel}","templated":true}]}}