{"id":48117,"date":"2023-01-17T11:20:24","date_gmt":"2023-01-17T14:20:24","guid":{"rendered":"http:\/\/lahoradelcampo.com.uy\/site\/?p=48117"},"modified":"2023-01-17T11:20:29","modified_gmt":"2023-01-17T14:20:29","slug":"produccion-mundial-de-trigo-2022-23-sera-record","status":"publish","type":"post","link":"https:\/\/lahoradelcampo.com.uy\/site\/produccion-mundial-de-trigo-2022-23-sera-record\/","title":{"rendered":"Producci\u00f3n mundial de trigo 2022\/23, ser\u00e1 r\u00e9cord"},"content":{"rendered":"\n<figure class=\"wp-block-image\"><img data-recalc-dims=\"1\" loading=\"lazy\" decoding=\"async\" width=\"810\" height=\"405\" data-attachment-id=\"2389\" data-permalink=\"https:\/\/lahoradelcampo.com.uy\/site\/fao-elevo-nuevamente-su-estimacion-de-produccion-de-trigo\/trigos-3\/\" data-orig-file=\"https:\/\/i0.wp.com\/lahoradelcampo.com.uy\/site\/wp-content\/uploads\/2017\/10\/Trigos-3.jpg?fit=880%2C440&amp;ssl=1\" data-orig-size=\"880,440\" data-comments-opened=\"1\" data-image-meta=\"{&quot;aperture&quot;:&quot;0&quot;,&quot;credit&quot;:&quot;Vicente-Manuel-Tort&quot;,&quot;camera&quot;:&quot;&quot;,&quot;caption&quot;:&quot;&quot;,&quot;created_timestamp&quot;:&quot;0&quot;,&quot;copyright&quot;:&quot;Presidencia de la Republica - Sec.Com.Inst.&quot;,&quot;focal_length&quot;:&quot;0&quot;,&quot;iso&quot;:&quot;0&quot;,&quot;shutter_speed&quot;:&quot;0&quot;,&quot;title&quot;:&quot;&quot;,&quot;orientation&quot;:&quot;1&quot;}\" data-image-title=\"Trigos 3\" data-image-description=\"\" data-image-caption=\"\" data-large-file=\"https:\/\/i0.wp.com\/lahoradelcampo.com.uy\/site\/wp-content\/uploads\/2017\/10\/Trigos-3.jpg?fit=810%2C405&amp;ssl=1\" src=\"https:\/\/i0.wp.com\/lahoradelcampo.com.uy\/site\/wp-content\/uploads\/2017\/10\/Trigos-3.jpg?resize=810%2C405\" alt=\"\" class=\"wp-image-2389\" srcset=\"https:\/\/i0.wp.com\/lahoradelcampo.com.uy\/site\/wp-content\/uploads\/2017\/10\/Trigos-3.jpg?w=880&amp;ssl=1 880w, https:\/\/i0.wp.com\/lahoradelcampo.com.uy\/site\/wp-content\/uploads\/2017\/10\/Trigos-3.jpg?resize=300%2C150&amp;ssl=1 300w, https:\/\/i0.wp.com\/lahoradelcampo.com.uy\/site\/wp-content\/uploads\/2017\/10\/Trigos-3.jpg?resize=768%2C384&amp;ssl=1 768w, https:\/\/i0.wp.com\/lahoradelcampo.com.uy\/site\/wp-content\/uploads\/2017\/10\/Trigos-3.jpg?resize=820%2C410&amp;ssl=1 820w\" sizes=\"auto, (max-width: 810px) 100vw, 810px\" \/><\/figure>\n\n\n\n<p>Entre los departamentos de Artigas y Salto se volvi\u00f3 a sembrar aproximadamente 28.000 hect\u00e1reas, pr\u00e1cticamente que manteni\u00e9ndose el \u00e1rea del cultivo respecto a la zafra anterior, a diferencia de lo acontecido a nivel nacional, donde se registra un descenso aproximado del 2,5%, situ\u00e1ndose entorno de las 159.840 hect\u00e1reas. <br><\/p>\n\n\n\n<p>La diferencia en el norte se genera a raz\u00f3n de una buena captaci\u00f3n de agua en los reservorios entre zafras, lo que permite un buen riego durante el per\u00edodo a\u00fan con los productores tomando mayores recaudos ante el alto nivel de evapotranspiraci\u00f3n y demanda de agua que registr\u00f3 el cultivo el a\u00f1o pasado. <br><\/p>\n\n\n\n<p>El productor arrocero Guillermo O&#8217;Brien, dijo que la siembra del cultivo tambi\u00e9n se logr\u00f3 concretar dentro de la ventana \u00f3ptima recomendada, \u00abdentro del mes de octubre, hubieron  lluvias en general para los nacimientos y han tenido un desarrollo excepcionalmente bueno debido a que teniendo el riego despu\u00e9s de los 20 a 25 d\u00edas de nacido, el arroz lo que precisa es sol y buenas temperaturas y vaya que las ha habido esta primavera verano\u00bb.<br><\/p>\n\n\n\n<p>Explic\u00f3 que el cereal necesita, luego de nacer, estar con riego permanente durante 100 d\u00edas \u00aby ya han transcurrido 70, con lo cual quedan 30 en la que tenemos que hacer esa administraci\u00f3n diaria, fundamentalmente en el norte, que es administrar la represa, que es una alcanc\u00eda que hay que ir dando gota a gota\u00bb. O&#8217;brien dijo que este pr\u00f3ximo mes \u00abno va a ser f\u00e1cil, porque nos queda menos agua de la que nos gustar\u00eda tener\u00bb. <br><\/p>\n\n\n\n<p>Al igual que el a\u00f1o pasado, la evapotranspiraci\u00f3n es muy alta y la demanda del cultivo tambi\u00e9n. \u00abLos consumos est\u00e1n siendo un 20% por encima de los consumos promedios, te dir\u00eda que estamos en el tercer a\u00f1o de seca en el norte y con consumos por encima de lo normal\u00bb. Al mismo tiempo agreg\u00f3 que \u00aba treinta d\u00edas de terminar los riegos, no hay \u00e1reas abandonadas, si \u00e1reas muy justas de riego que eso implica quiz\u00e1s regar \u00abx\u00bb horas por d\u00edas para mantener las chacras y eso implica que las orillas pueden empezar a flaquear en agua\u00bb. <\/p>\n\n\n\n<p>Salto, martes 17 de enero de 2023<\/p>\n","protected":false},"excerpt":{"rendered":"<p>Entre los departamentos de Artigas y Salto se volvi\u00f3 a sembrar aproximadamente 28.000 hect\u00e1reas, pr\u00e1cticamente que manteni\u00e9ndose el \u00e1rea del cultivo respecto a la zafra anterior, a diferencia de lo [&hellip;]<\/p>\n","protected":false},"author":5,"featured_media":2389,"comment_status":"open","ping_status":"open","sticky":false,"template":"","format":"standard","meta":{"_price":"","_stock":"","_tribe_ticket_header":"","_tribe_default_ticket_provider":"","_tribe_ticket_capacity":"0","_ticket_start_date":"","_ticket_end_date":"","_tribe_ticket_show_description":"","_tribe_ticket_show_not_going":false,"_tribe_ticket_use_global_stock":"","_tribe_ticket_global_stock_level":"","_global_stock_mode":"","_global_stock_cap":"","_tribe_rsvp_for_event":"","_tribe_ticket_going_count":"","_tribe_ticket_not_going_count":"","_tribe_tickets_list":"[]","_tribe_ticket_has_attendee_info_fields":false,"h5ap_radio_sources":[],"_jetpack_newsletter_access":"","_jetpack_dont_email_post_to_subs":false,"_jetpack_newsletter_tier_id":0,"_jetpack_memberships_contains_paywalled_content":false,"_jetpack_memberships_contains_paid_content":false,"footnotes":""},"categories":[21,15],"tags":[],"class_list":["post-48117","post","type-post","status-publish","format-standard","has-post-thumbnail","hentry","category-actualidad","category-columnistas"],"jetpack_featured_media_url":"https:\/\/i0.wp.com\/lahoradelcampo.com.uy\/site\/wp-content\/uploads\/2017\/10\/Trigos-3.jpg?fit=880%2C440&ssl=1","jetpack_sharing_enabled":true,"jetpack_shortlink":"https:\/\/wp.me\/p99IaT-cw5","jetpack-related-posts":[{"id":48137,"url":"https:\/\/lahoradelcampo.com.uy\/site\/el-arroz-en-el-norte-viene-bien-pero-cuidando-para-que-no-falte-el-agua\/","url_meta":{"origin":48117,"position":0},"title":"El arroz en el norte viene bien, pero cuidando para que no falte el agua","author":"La Hora del Campo","date":"17 enero, 2023","format":false,"excerpt":"Entre los departamentos de Artigas y Salto se volvi\u00f3 a sembrar aproximadamente 28.000 hect\u00e1reas, pr\u00e1cticamente que manteni\u00e9ndose el \u00e1rea del cultivo respecto a la zafra anterior, a diferencia de lo acontecido a nivel nacional, donde se registra un descenso aproximado del 2,5%, situ\u00e1ndose entorno de las 159.840 hect\u00e1reas. La diferencia\u2026","rel":"","context":"En \u00abActualidad\u00bb","block_context":{"text":"Actualidad","link":"https:\/\/lahoradelcampo.com.uy\/site\/category\/actualidad\/"},"img":{"alt_text":"","src":"https:\/\/i0.wp.com\/lahoradelcampo.com.uy\/site\/wp-content\/uploads\/2023\/01\/Guillermo-Obrien-1.jpg?fit=880%2C440&ssl=1&resize=350%2C200","width":350,"height":200,"srcset":"https:\/\/i0.wp.com\/lahoradelcampo.com.uy\/site\/wp-content\/uploads\/2023\/01\/Guillermo-Obrien-1.jpg?fit=880%2C440&ssl=1&resize=350%2C200 1x, https:\/\/i0.wp.com\/lahoradelcampo.com.uy\/site\/wp-content\/uploads\/2023\/01\/Guillermo-Obrien-1.jpg?fit=880%2C440&ssl=1&resize=525%2C300 1.5x, https:\/\/i0.wp.com\/lahoradelcampo.com.uy\/site\/wp-content\/uploads\/2023\/01\/Guillermo-Obrien-1.jpg?fit=880%2C440&ssl=1&resize=700%2C400 2x"},"classes":[]},{"id":42975,"url":"https:\/\/lahoradelcampo.com.uy\/site\/area-de-colza-crecio-un-636-y-es-el-principal-cultivo-de-invierno\/","url_meta":{"origin":48117,"position":1},"title":"\u00c1rea de colza creci\u00f3 un 63,6% y es el principal cultivo de invierno","author":"La Hora del Campo","date":"20 junio, 2022","format":false,"excerpt":"El buen momento de valores para los cultivos oleaginosos y el aceite en el mundo, ha determinado un importante incremento del \u00e1rea del cultivo de Colza-Carinata, convirti\u00e9ndolo en el primer cultivo de invierno y el segundo tras la soja a nivel anual. En una reciente reuni\u00f3n de integrantes del sector\u2026","rel":"","context":"En \u00abActualidad\u00bb","block_context":{"text":"Actualidad","link":"https:\/\/lahoradelcampo.com.uy\/site\/category\/actualidad\/"},"img":{"alt_text":"","src":"https:\/\/i0.wp.com\/lahoradelcampo.com.uy\/site\/wp-content\/uploads\/2021\/06\/colza.jpg?fit=880%2C440&ssl=1&resize=350%2C200","width":350,"height":200,"srcset":"https:\/\/i0.wp.com\/lahoradelcampo.com.uy\/site\/wp-content\/uploads\/2021\/06\/colza.jpg?fit=880%2C440&ssl=1&resize=350%2C200 1x, https:\/\/i0.wp.com\/lahoradelcampo.com.uy\/site\/wp-content\/uploads\/2021\/06\/colza.jpg?fit=880%2C440&ssl=1&resize=525%2C300 1.5x, https:\/\/i0.wp.com\/lahoradelcampo.com.uy\/site\/wp-content\/uploads\/2021\/06\/colza.jpg?fit=880%2C440&ssl=1&resize=700%2C400 2x"},"classes":[]},{"id":38637,"url":"https:\/\/lahoradelcampo.com.uy\/site\/existen-3-500-hectareas-de-arroz-comprometidas-con-el-riego-en-el-norte-del-pais\/","url_meta":{"origin":48117,"position":2},"title":"Existen 3.500 hect\u00e1reas de arroz comprometidas con el riego en el norte del pa\u00eds","author":"La Hora del Campo","date":"27 enero, 2022","format":false,"excerpt":"En los a\u00f1os de \"La Ni\u00f1a\", el sector arrocero ha tenido rendimientos hist\u00f3ricamente altos, sin embargo esta zafra 2021-2022 est\u00e1 registrando un consumo de agua superior a a\u00f1os anteriores, donde tambi\u00e9n se dio este fen\u00f3meno clim\u00e1tico. Esta situaci\u00f3n y la falta de precipitaciones que permitan recomponer algunas represas, lleva a\u2026","rel":"","context":"En \u00abActualidad\u00bb","block_context":{"text":"Actualidad","link":"https:\/\/lahoradelcampo.com.uy\/site\/category\/actualidad\/"},"img":{"alt_text":"","src":"https:\/\/i0.wp.com\/lahoradelcampo.com.uy\/site\/wp-content\/uploads\/2021\/05\/arroz1.jpg?fit=880%2C440&ssl=1&resize=350%2C200","width":350,"height":200,"srcset":"https:\/\/i0.wp.com\/lahoradelcampo.com.uy\/site\/wp-content\/uploads\/2021\/05\/arroz1.jpg?fit=880%2C440&ssl=1&resize=350%2C200 1x, https:\/\/i0.wp.com\/lahoradelcampo.com.uy\/site\/wp-content\/uploads\/2021\/05\/arroz1.jpg?fit=880%2C440&ssl=1&resize=525%2C300 1.5x, https:\/\/i0.wp.com\/lahoradelcampo.com.uy\/site\/wp-content\/uploads\/2021\/05\/arroz1.jpg?fit=880%2C440&ssl=1&resize=700%2C400 2x"},"classes":[]},{"id":19584,"url":"https:\/\/lahoradelcampo.com.uy\/site\/mgap-proyecta-mas-de-220-mil-hectareas-de-trigo\/","url_meta":{"origin":48117,"position":3},"title":"MGAP proyecta  m\u00e1s de 220 mil hect\u00e1reas de trigo","author":"La Hora del Campo","date":"8 mayo, 2020","format":false,"excerpt":"La Direcci\u00f3n Nacional de Servicios Agr\u00edcola, dependiente del Ministerio de Ganader\u00eda, Agricultura y Pesca, proyecta un \u00e1rea de siembra de trigo entre 220.000- 225.000 hect\u00e1reas y una ca\u00edda del \u00e1rea de cebada a 160.000 hect\u00e1reas. As\u00ed lo inform\u00f3 su director, Leonardo Olivera, en conferencia de prensa esta semana. \u201cSabemos que\u2026","rel":"","context":"En \u00abActualidad\u00bb","block_context":{"text":"Actualidad","link":"https:\/\/lahoradelcampo.com.uy\/site\/category\/actualidad\/"},"img":{"alt_text":"","src":"https:\/\/i0.wp.com\/lahoradelcampo.com.uy\/site\/wp-content\/uploads\/2017\/09\/Trigo.jpg?fit=880%2C440&ssl=1&resize=350%2C200","width":350,"height":200,"srcset":"https:\/\/i0.wp.com\/lahoradelcampo.com.uy\/site\/wp-content\/uploads\/2017\/09\/Trigo.jpg?fit=880%2C440&ssl=1&resize=350%2C200 1x, https:\/\/i0.wp.com\/lahoradelcampo.com.uy\/site\/wp-content\/uploads\/2017\/09\/Trigo.jpg?fit=880%2C440&ssl=1&resize=525%2C300 1.5x, https:\/\/i0.wp.com\/lahoradelcampo.com.uy\/site\/wp-content\/uploads\/2017\/09\/Trigo.jpg?fit=880%2C440&ssl=1&resize=700%2C400 2x"},"classes":[]},{"id":16332,"url":"https:\/\/lahoradelcampo.com.uy\/site\/con-una-menor-siembra-de-arroz-en-la-region-los-precios-suben-en-brasil\/","url_meta":{"origin":48117,"position":4},"title":"Con una menor siembra de arroz en la regi\u00f3n, los precios suben en Brasil","author":"La Hora del Campo","date":"9 diciembre, 2019","format":false,"excerpt":"El sector arrocero en la regi\u00f3n atraves\u00f3 un periodo de siembra dif\u00edcil este a\u00f1o con el clima y el \u00e1rea de del cultivo ha ca\u00eddo por debajo de las expectativas, lo que ha hecho que las cotizaciones del cereal en Brasil, el principal consumidor del Mercosur, comiencen a subir, llegando\u2026","rel":"","context":"En \u00abActualidad\u00bb","block_context":{"text":"Actualidad","link":"https:\/\/lahoradelcampo.com.uy\/site\/category\/actualidad\/"},"img":{"alt_text":"","src":"https:\/\/i0.wp.com\/lahoradelcampo.com.uy\/site\/wp-content\/uploads\/2017\/12\/Arroceros.jpg?fit=880%2C440&ssl=1&resize=350%2C200","width":350,"height":200,"srcset":"https:\/\/i0.wp.com\/lahoradelcampo.com.uy\/site\/wp-content\/uploads\/2017\/12\/Arroceros.jpg?fit=880%2C440&ssl=1&resize=350%2C200 1x, https:\/\/i0.wp.com\/lahoradelcampo.com.uy\/site\/wp-content\/uploads\/2017\/12\/Arroceros.jpg?fit=880%2C440&ssl=1&resize=525%2C300 1.5x, https:\/\/i0.wp.com\/lahoradelcampo.com.uy\/site\/wp-content\/uploads\/2017\/12\/Arroceros.jpg?fit=880%2C440&ssl=1&resize=700%2C400 2x"},"classes":[]},{"id":38855,"url":"https:\/\/lahoradelcampo.com.uy\/site\/se-han-perdido-1-500-hectareas-de-arroz-en-el-norte-del-pais\/","url_meta":{"origin":48117,"position":5},"title":"Se han perdido 1.500 hect\u00e1reas de arroz en el norte del pa\u00eds","author":"La Hora del Campo","date":"3 febrero, 2022","format":false,"excerpt":"La falta de precipitaciones y el alto nivel de evapotranspiraci\u00f3n en el norte del pa\u00eds ha determinado que el sector arrocero tambi\u00e9n sea afectado por menores rendimientos y muchas chacras y el abandono de algunas debido a la falta de agua en las represas. Entre los departamentos de Salto y\u2026","rel":"","context":"En \u00abActualidad\u00bb","block_context":{"text":"Actualidad","link":"https:\/\/lahoradelcampo.com.uy\/site\/category\/actualidad\/"},"img":{"alt_text":"","src":"https:\/\/i0.wp.com\/lahoradelcampo.com.uy\/site\/wp-content\/uploads\/2019\/05\/arroz-2.jpg?fit=880%2C440&ssl=1&resize=350%2C200","width":350,"height":200,"srcset":"https:\/\/i0.wp.com\/lahoradelcampo.com.uy\/site\/wp-content\/uploads\/2019\/05\/arroz-2.jpg?fit=880%2C440&ssl=1&resize=350%2C200 1x, https:\/\/i0.wp.com\/lahoradelcampo.com.uy\/site\/wp-content\/uploads\/2019\/05\/arroz-2.jpg?fit=880%2C440&ssl=1&resize=525%2C300 1.5x, https:\/\/i0.wp.com\/lahoradelcampo.com.uy\/site\/wp-content\/uploads\/2019\/05\/arroz-2.jpg?fit=880%2C440&ssl=1&resize=700%2C400 2x"},"classes":[]}],"jetpack_likes_enabled":true,"_links":{"self":[{"href":"https:\/\/lahoradelcampo.com.uy\/site\/wp-json\/wp\/v2\/posts\/48117","targetHints":{"allow":["GET"]}}],"collection":[{"href":"https:\/\/lahoradelcampo.com.uy\/site\/wp-json\/wp\/v2\/posts"}],"about":[{"href":"https:\/\/lahoradelcampo.com.uy\/site\/wp-json\/wp\/v2\/types\/post"}],"author":[{"embeddable":true,"href":"https:\/\/lahoradelcampo.com.uy\/site\/wp-json\/wp\/v2\/users\/5"}],"replies":[{"embeddable":true,"href":"https:\/\/lahoradelcampo.com.uy\/site\/wp-json\/wp\/v2\/comments?post=48117"}],"version-history":[{"count":1,"href":"https:\/\/lahoradelcampo.com.uy\/site\/wp-json\/wp\/v2\/posts\/48117\/revisions"}],"predecessor-version":[{"id":48121,"href":"https:\/\/lahoradelcampo.com.uy\/site\/wp-json\/wp\/v2\/posts\/48117\/revisions\/48121"}],"wp:featuredmedia":[{"embeddable":true,"href":"https:\/\/lahoradelcampo.com.uy\/site\/wp-json\/wp\/v2\/media\/2389"}],"wp:attachment":[{"href":"https:\/\/lahoradelcampo.com.uy\/site\/wp-json\/wp\/v2\/media?parent=48117"}],"wp:term":[{"taxonomy":"category","embeddable":true,"href":"https:\/\/lahoradelcampo.com.uy\/site\/wp-json\/wp\/v2\/categories?post=48117"},{"taxonomy":"post_tag","embeddable":true,"href":"https:\/\/lahoradelcampo.com.uy\/site\/wp-json\/wp\/v2\/tags?post=48117"}],"curies":[{"name":"wp","href":"https:\/\/api.w.org\/{rel}","templated":true}]}}